{"id":2139,"date":"2014-08-19T08:52:47","date_gmt":"2014-08-19T08:52:47","guid":{"rendered":"https:\/\/www.bondvigilantes.com\/deutsch\/?p=2139"},"modified":"2014-08-19T08:52:47","modified_gmt":"2014-08-19T08:52:47","slug":"die-franzoesische-regierung-sollte-schleunigst-weitere-steuer-und-arbeitsmarktreformen-angriff-nehmen","status":"publish","type":"post","link":"https:\/\/bondvigilantes.com\/deutsch\/2014\/08\/die-franzoesische-regierung-sollte-schleunigst-weitere-steuer-und-arbeitsmarktreformen-angriff-nehmen\/","title":{"rendered":"Die franz\u00f6sische Regierung sollte schleunigst weitere Steuer- und Arbeitsmarktreformen in Angriff nehmen"},"content":{"rendered":"<p>Frankreich verf\u00fcgt \u00fcber ein wirklich einzigartiges Sozialsystem. Es stammt aus der Zeit nach dem Ende des Zweiten Weltkrieges, als der Nationale Widerstandsrat (CNR) in aller Eile einen Plan entwickeln musste, um das Land nach f\u00fcnf Jahren Besatzung durch Nazi-Deutschland wieder aufzubauen. Obwohl der CNR offiziell keinem bestimmten politischen Lager angeh\u00f6rte, stand das Gremium unter dem Einfluss linksgerichteter Personen sowie der kommunistischen Partei \u201eNationale Front\u201c. Der \u201eAktionsplan\u201c des CNR trug ma\u00dfgeblich zur Gestaltung des Nachkriegs-Frankreich bei und ist einer der Gr\u00fcnde daf\u00fcr, dass die Gewerkschaften in Frankreich auch heute noch eine so bedeutende gesellschaftliche Rolle spielen und die Franzosen so viel Wert auf ihre \u201everb\u00fcrgten sozialen Rechte\u201c legen.<\/p>\n<p>Seitdem hat es sich stets als schwierige Aufgabe erwiesen, in Frankreich Reformen umzusetzen. Nachdem in der vergangenen Woche aber vermeldet wurde, dass die Wirtschaft dieses Landes im nunmehr zweiten Quartal in Folge stagniert hat, scheint zumindest an einer \u201egewissen\u201c Ver\u00e4nderung nun offenbar kein Weg mehr vorbeizuf\u00fchren. Im letzten Jahr hat Frankreich ein Wachstum von lediglich 0,1 Prozent vorgelegt. Dar\u00fcber hinaus weist der Staatshaushalt trotz extrem niedriger Zinsen und einer Versch\u00e4rfung der Fiskalpolitik immer noch ein strukturelles Defizit auf, w\u00e4hrend die Verschuldung im Vergleich zum BIP von vormals 77 Prozent zuletzt auf 93 Prozent angestiegen ist. Noch beunruhigender aber ist der Umstand, dass die Zahl der Arbeitssuchenden trotz des sehr lautstark ge\u00e4u\u00dferten Versprechens des franz\u00f6sischen Staatspr\u00e4sidenten Hollande, \u201ebei der Arbeitslosenquote eine Trendwende herbeizuf\u00fchren\u201c, momentan alarmierend rasant ansteigt. Dadurch werden sowohl das Verbrauchervertrauen als auch die Investitionsausgaben der Unternehmen belastet.<\/p>\n<p><a href=\"https:\/\/bondvigilantes.com\/deutsch\/wp-content\/uploads\/sites\/3\/2021\/12\/Slide11.png\" data-rel=\"lightbox-image-0\" data-rl_title=\"\" data-rl_caption=\"\" title=\"\"><img loading=\"lazy\" decoding=\"async\" class=\"aligncenter size-full wp-image-2148\" src=\"https:\/\/bondvigilantes.com\/deutsch\/wp-content\/uploads\/sites\/3\/2021\/12\/Slide11.png\" alt=\"Slide1\" width=\"960\" height=\"720\" \/><\/a><\/p>\n<p>Was aber kann die Regierung Hollande in einem Land, in dem Reformen so schwer umzusetzen sind und in dem der Spielraum bei den Staatsausgaben so begrenzt ist, \u00fcberhaupt tun?<\/p>\n<p>Zuallererst sollte er versuchen, das \u00e4u\u00dferst komplizierte Steuersystem in Frankreich, das im Laufe der Jahre fast unverst\u00e4ndlich geworden ist, wieder zu vereinfachen. Auch die franz\u00f6sische Wirtschaft wird durch dieses Hin und Her beim Steuerrecht nach wie vor beeintr\u00e4chtigt, weil dadurch eine Unsicherheit entsteht, welche die Unternehmen auch bei ihren Investitionspl\u00e4nen hemmt. So hat der franz\u00f6sische Gesetzgeber allein in den vergangenen zwei Jahren 84 neue Steuern eingef\u00fchrt, mit denen insgesamt 60 Mrd. Euro eingenommen wurden.<\/p>\n<p>Dar\u00fcber hinaus muss die Regierung die Belastung des Unternehmenssektors durch die Sozialversicherungsbeitr\u00e4ge reduzieren. Derzeit entfallen 17 Prozent des franz\u00f6sischen BIP auf Sozialversicherungsbeitr\u00e4ge. Damit ist dieser Anteil so hoch wie in keinem anderen der 28 EU-Staaten. Obwohl dies nach Meinung vieler Franzosen der Preis ist, den man f\u00fcr die Finanzierung von Frankreichs gro\u00dfz\u00fcgigem Sozialsystem nun einmal bezahlen muss, verl\u00e4sst man sich dabei aber in zu hohem Ma\u00dfe auf die Unternehmen. In den anderen europ\u00e4ischen L\u00e4ndern werden die Sozialversicherungsbeitr\u00e4ge in der Regel zu gleichen Teilen von Arbeitgebern und Arbeitnehmern getragen. In Frankreich hingegen haben die Arbeitgeber fast 70 Prozent dieser Beitr\u00e4ge zu entrichten. Dies aber hat auch unmittelbare Auswirkungen auf die Lohnkosten und beeintr\u00e4chtigt so die Wettbewerbsf\u00e4higkeit der Unternehmen angesichts einer immer st\u00e4rker globalisierten Welt. Die franz\u00f6sische Regierung hat dieses Problem zwar bereits in Angriff genommen, indem sie den franz\u00f6sischen Firmen in ihrer Gesamtheit Steuernachl\u00e4sse in H\u00f6he von insgesamt 20 Mrd. Euro einger\u00e4umt hat, es muss aber noch wesentlich mehr getan werden. So m\u00fcssten die Sozialversicherungsbeitr\u00e4ge der Arbeitgeber eigentlich sogar um weitere 80 Mrd. Euro pro Jahr gesenkt werden, damit Frankreich in dieser Hinsicht mit seinem Nachbarn Deutschland konkurrieren kann.<\/p>\n<p><a href=\"https:\/\/bondvigilantes.com\/deutsch\/wp-content\/uploads\/sites\/3\/2021\/12\/Slide21.png\" data-rel=\"lightbox-image-1\" data-rl_title=\"\" data-rl_caption=\"\" title=\"\"><img loading=\"lazy\" decoding=\"async\" class=\"aligncenter size-full wp-image-2149\" src=\"https:\/\/bondvigilantes.com\/deutsch\/wp-content\/uploads\/sites\/3\/2021\/12\/Slide21.png\" alt=\"Slide2\" width=\"960\" height=\"720\" \/><\/a><\/p>\n<p>Schlie\u00dflich sollte sich die Regierung auch um die \u00fcbertriebene B\u00fcrokratie am Arbeitsmarkt k\u00fcmmern. So weigern sich viele kleinere Firmen beispielsweise, \u00fcber eine Mitarbeiterzahl von 50 Arbeitnehmern hinaus zu wachsen, weil dann eine Reihe regulatorischer und rechtlicher Verpflichtungen auf sie zukommen w\u00fcrden. An dieser Stelle w\u00e4re es sinnvoll, diese Grenze auf 250 Mitarbeiter zu erh\u00f6hen, um diese franz\u00f6sischen Vorgaben an europ\u00e4ische Normen anzupassen. Dar\u00fcber hinaus umfasst das franz\u00f6sische Arbeitsgesetzbuch stolze 3.500 Seiten und wiegt 1,5 Kilo, w\u00e4hrend sein schweizerisches Pendant (wo die Arbeitslosenquote derzeit bei 3 Prozent liegt), gerade einmal 130 Seiten lang ist und nur 150 Gramm auf die Waage bringt (nebenbei bemerkt k\u00f6nnte ein Vergleich der Arbeitslosenquoten diverser L\u00e4nder mit dem Seitenumfang der entsprechenden Arbeitsgesetzb\u00fccher auch einmal ein Thema f\u00fcr einen zuk\u00fcnftigen Blog-Beitrag sein). Dieses \u00dcberma\u00df an B\u00fcrokratie ist auch ein Grund daf\u00fcr, dass die Wettbewerbsf\u00e4higkeit Frankreichs in den letzten Jahren gesunken ist. In dem j\u00fcngsten Bericht des Weltwirtschaftsforums zur globalen Wettbewerbsf\u00e4higkeit rangierte Frankreich zuletzt auf dem 23. Platz, w\u00e4hrend es 2013 noch auf Rang 21 und 2012 sogar noch auf Rang 18 gelegen hatte. Noch beunruhigender jedoch ist, dass das Land von insgesamt 148 Staaten beim Faktor \u201eEffizienz des Arbeitsmarktes\u201c auf Platz 116, beim Aspekt \u201eZusammenarbeit zwischen Arbeitgebern und Arbeitnehmern\u201c auf Rang 135 und beim Kriterium \u201eEinstellungs- und Entlassungspolitik\u201c sogar abgeschlagen auf Platz 144 landete. Auf die Frage, wodurch Unternehmen die Gesch\u00e4ftst\u00e4tigkeit in Frankreich besonders erschwert wird, nannten die meisten Firmen als gr\u00f6\u00dfte Belastung die \u201erestriktiven Arbeitsmarktbestimmungen\u201c.<\/p>\n<p>Da Frankreich momentan am Rande einer Rezession taumelt, befindet sich Hollande in einer sehr schwierigen Lage. Das franz\u00f6sische Sozialsystem komplett umzukrempeln w\u00fcrde bei der Bev\u00f6lkerung wohl viele Unruhen ausl\u00f6sen und k\u00f6nnte Frankreich sogar in die Rezession treiben. Andererseits d\u00fcrfte es genau denselben Effekt haben, wenn man einfach nichts tut, weil die Wettbewerbsf\u00e4higkeit Frankreichs dann auf globaler Ebene noch weiter in Mitleidenschaft gezogen werden w\u00fcrde. In einer aktuellen <a href=\"http:\/\/www.lemonde.fr\/economie\/article\/2021\/12\/18\/le-modele-social-francais-a-nu_4420849_3234.html\" target=\"_blank\">Studie<\/a>, die in der Zeitung \u201eLe Monde\u201c ver\u00f6ffentlich wurde, gaben 60 Prozent der Befragten an, mit dem franz\u00f6sischen Sozialsystem zufrieden zu sein. Gleichzeitig erkl\u00e4rten aber 64 Prozent, dass dieses System zumindest teilweise reformiert werden sollte. Die franz\u00f6sische Regierung sollte dies als Hinweis darauf sehen, dass innerhalb des franz\u00f6sischen Steuersystems sowie an den Arbeitsm\u00e4rkten durchaus gewisse Anpassungen vorgenommen werden k\u00f6nnen und man trotzdem in zwei Jahren wiedergew\u00e4hlt werden k\u00f6nnte. Und da die Popularit\u00e4t der Regierung zurzeit auf einem Allzeittief liegt, w\u00e4hrend die Arbeitslosigkeit ein Allzeithoch erreicht hat, sollte man keine Zeit mehr vergeuden.<\/p>\n","protected":false},"excerpt":{"rendered":"<p>Frankreich verf\u00fcgt \u00fcber ein wirklich einzigartiges Sozialsystem. Es stammt aus der Zeit nach dem Ende des Zweiten Weltkrieges, als der Nationale Widerstandsrat (CNR) in aller Eile einen Plan entwickeln musste, um das Land nach f\u00fcnf Jahren Besatzung durch Nazi-Deutschland wieder aufzubauen. Obwohl der CNR offiziell keinem bestimmten politischen Lager angeh\u00f6rte, stand das Gremium unter dem Einfluss linksgerichteter Personen sowie der kommunistischen Partei \u201eNationale Front\u201c. Der \u201eAktionsplan\u201c des CNR trug ma\u00dfgeblich zur Gestaltung des Nachkriegs-Frankreich bei und ist einer der Gr\u00fcnde daf\u00fcr, dass die Gewerkschaften in&#8230;<\/p>\n","protected":false},"author":88,"featured_media":0,"comment_status":"open","ping_status":"closed","sticky":false,"template":"","format":"standard","meta":{"_acf_changed":false,"footnotes":""},"categories":[13,24],"tags":[55],"class_list":["post-2139","post","type-post","status-publish","format-standard","hentry","category-lander","category-makrookonomie-und-politik","tag-frankreich"],"acf":[],"yoast_head":"<!-- This site is optimized with the Yoast SEO Premium plugin v25.8 (Yoast SEO v27.4) - https:\/\/yoast.com\/product\/yoast-seo-premium-wordpress\/ -->\n<title>Die franz\u00f6sische Regierung sollte schleunigst weitere Steuer- und Arbeitsmarktreformen in Angriff nehmen - Deutsch<\/title>\n<meta name=\"description\" content=\"Frankreich verf\u00fcgt \u00fcber ein wirklich einzigartiges Sozialsystem. Es stammt aus der Zeit nach dem Ende des Zweiten Weltkrieges, als der Nationale\" \/>\n<meta name=\"robots\" content=\"index, follow, max-snippet:-1, max-image-preview:large, max-video-preview:-1\" \/>\n<link rel=\"canonical\" href=\"https:\/\/bondvigilantes.com\/deutsch\/2014\/08\/die-franzoesische-regierung-sollte-schleunigst-weitere-steuer-und-arbeitsmarktreformen-angriff-nehmen\/\" \/>\n<meta name=\"twitter:label1\" content=\"Written by\" \/>\n\t<meta name=\"twitter:data1\" content=\"Pierre Chartres\" \/>\n\t<meta name=\"twitter:label2\" content=\"Est. reading time\" \/>\n\t<meta name=\"twitter:data2\" content=\"5 Minuten\" \/>\n<script type=\"application\/ld+json\" class=\"yoast-schema-graph\">{\"@context\":\"https:\\\/\\\/schema.org\",\"@graph\":[{\"@type\":\"Article\",\"@id\":\"https:\\\/\\\/bondvigilantes.com\\\/deutsch\\\/2014\\\/08\\\/die-franzoesische-regierung-sollte-schleunigst-weitere-steuer-und-arbeitsmarktreformen-angriff-nehmen\\\/#article\",\"isPartOf\":{\"@id\":\"https:\\\/\\\/bondvigilantes.com\\\/deutsch\\\/2014\\\/08\\\/die-franzoesische-regierung-sollte-schleunigst-weitere-steuer-und-arbeitsmarktreformen-angriff-nehmen\\\/\"},\"author\":{\"name\":\"Pierre Chartres\",\"@id\":\"https:\\\/\\\/bondvigilantes.com\\\/deutsch\\\/#\\\/schema\\\/person\\\/b7da04115725a37dc0c80e021ae49ad6\"},\"headline\":\"Die franz\u00f6sische Regierung sollte schleunigst weitere Steuer- und Arbeitsmarktreformen in Angriff nehmen\",\"datePublished\":\"2014-08-19T08:52:47+00:00\",\"mainEntityOfPage\":{\"@id\":\"https:\\\/\\\/bondvigilantes.com\\\/deutsch\\\/2014\\\/08\\\/die-franzoesische-regierung-sollte-schleunigst-weitere-steuer-und-arbeitsmarktreformen-angriff-nehmen\\\/\"},\"wordCount\":1010,\"commentCount\":0,\"image\":{\"@id\":\"https:\\\/\\\/bondvigilantes.com\\\/deutsch\\\/2014\\\/08\\\/die-franzoesische-regierung-sollte-schleunigst-weitere-steuer-und-arbeitsmarktreformen-angriff-nehmen\\\/#primaryimage\"},\"thumbnailUrl\":\"https:\\\/\\\/bondvigilantes.com\\\/deutsch\\\/wp-content\\\/uploads\\\/sites\\\/3\\\/2021\\\/12\\\/Slide11.png\",\"keywords\":[\"Frankreich\"],\"articleSection\":[\"L\u00e4nder\",\"Makro\u00f6konomie und Politik\"],\"inLanguage\":\"de-DE\",\"potentialAction\":[{\"@type\":\"CommentAction\",\"name\":\"Comment\",\"target\":[\"https:\\\/\\\/bondvigilantes.com\\\/deutsch\\\/2014\\\/08\\\/die-franzoesische-regierung-sollte-schleunigst-weitere-steuer-und-arbeitsmarktreformen-angriff-nehmen\\\/#respond\"]}]},{\"@type\":\"WebPage\",\"@id\":\"https:\\\/\\\/bondvigilantes.com\\\/deutsch\\\/2014\\\/08\\\/die-franzoesische-regierung-sollte-schleunigst-weitere-steuer-und-arbeitsmarktreformen-angriff-nehmen\\\/\",\"url\":\"https:\\\/\\\/bondvigilantes.com\\\/deutsch\\\/2014\\\/08\\\/die-franzoesische-regierung-sollte-schleunigst-weitere-steuer-und-arbeitsmarktreformen-angriff-nehmen\\\/\",\"name\":\"Die franz\u00f6sische Regierung sollte schleunigst weitere Steuer- und Arbeitsmarktreformen in Angriff nehmen - Deutsch\",\"isPartOf\":{\"@id\":\"https:\\\/\\\/bondvigilantes.com\\\/deutsch\\\/#website\"},\"primaryImageOfPage\":{\"@id\":\"https:\\\/\\\/bondvigilantes.com\\\/deutsch\\\/2014\\\/08\\\/die-franzoesische-regierung-sollte-schleunigst-weitere-steuer-und-arbeitsmarktreformen-angriff-nehmen\\\/#primaryimage\"},\"image\":{\"@id\":\"https:\\\/\\\/bondvigilantes.com\\\/deutsch\\\/2014\\\/08\\\/die-franzoesische-regierung-sollte-schleunigst-weitere-steuer-und-arbeitsmarktreformen-angriff-nehmen\\\/#primaryimage\"},\"thumbnailUrl\":\"https:\\\/\\\/bondvigilantes.com\\\/deutsch\\\/wp-content\\\/uploads\\\/sites\\\/3\\\/2021\\\/12\\\/Slide11.png\",\"datePublished\":\"2014-08-19T08:52:47+00:00\",\"author\":{\"@id\":\"https:\\\/\\\/bondvigilantes.com\\\/deutsch\\\/#\\\/schema\\\/person\\\/b7da04115725a37dc0c80e021ae49ad6\"},\"description\":\"Frankreich verf\u00fcgt \u00fcber ein wirklich einzigartiges Sozialsystem. Es stammt aus der Zeit nach dem Ende des Zweiten Weltkrieges, als der Nationale\",\"breadcrumb\":{\"@id\":\"https:\\\/\\\/bondvigilantes.com\\\/deutsch\\\/2014\\\/08\\\/die-franzoesische-regierung-sollte-schleunigst-weitere-steuer-und-arbeitsmarktreformen-angriff-nehmen\\\/#breadcrumb\"},\"inLanguage\":\"de-DE\",\"potentialAction\":[{\"@type\":\"ReadAction\",\"target\":[\"https:\\\/\\\/bondvigilantes.com\\\/deutsch\\\/2014\\\/08\\\/die-franzoesische-regierung-sollte-schleunigst-weitere-steuer-und-arbeitsmarktreformen-angriff-nehmen\\\/\"]}]},{\"@type\":\"ImageObject\",\"inLanguage\":\"de-DE\",\"@id\":\"https:\\\/\\\/bondvigilantes.com\\\/deutsch\\\/2014\\\/08\\\/die-franzoesische-regierung-sollte-schleunigst-weitere-steuer-und-arbeitsmarktreformen-angriff-nehmen\\\/#primaryimage\",\"url\":\"https:\\\/\\\/bondvigilantes.com\\\/deutsch\\\/wp-content\\\/uploads\\\/sites\\\/3\\\/2021\\\/12\\\/Slide11.png\",\"contentUrl\":\"https:\\\/\\\/bondvigilantes.com\\\/deutsch\\\/wp-content\\\/uploads\\\/sites\\\/3\\\/2021\\\/12\\\/Slide11.png\",\"width\":960,\"height\":720},{\"@type\":\"BreadcrumbList\",\"@id\":\"https:\\\/\\\/bondvigilantes.com\\\/deutsch\\\/2014\\\/08\\\/die-franzoesische-regierung-sollte-schleunigst-weitere-steuer-und-arbeitsmarktreformen-angriff-nehmen\\\/#breadcrumb\",\"itemListElement\":[{\"@type\":\"ListItem\",\"position\":1,\"name\":\"Home\",\"item\":\"https:\\\/\\\/bondvigilantes.com\\\/deutsch\\\/\"},{\"@type\":\"ListItem\",\"position\":2,\"name\":\"Die franz\u00f6sische Regierung sollte schleunigst weitere Steuer- und Arbeitsmarktreformen in Angriff nehmen\"}]},{\"@type\":\"WebSite\",\"@id\":\"https:\\\/\\\/bondvigilantes.com\\\/deutsch\\\/#website\",\"url\":\"https:\\\/\\\/bondvigilantes.com\\\/deutsch\\\/\",\"name\":\"Deutsch\",\"description\":\"M&amp;G\",\"potentialAction\":[{\"@type\":\"SearchAction\",\"target\":{\"@type\":\"EntryPoint\",\"urlTemplate\":\"https:\\\/\\\/bondvigilantes.com\\\/deutsch\\\/?s={search_term_string}\"},\"query-input\":{\"@type\":\"PropertyValueSpecification\",\"valueRequired\":true,\"valueName\":\"search_term_string\"}}],\"inLanguage\":\"de-DE\"},{\"@type\":\"Person\",\"@id\":\"https:\\\/\\\/bondvigilantes.com\\\/deutsch\\\/#\\\/schema\\\/person\\\/b7da04115725a37dc0c80e021ae49ad6\",\"name\":\"Pierre Chartres\",\"image\":{\"@type\":\"ImageObject\",\"inLanguage\":\"de-DE\",\"@id\":\"https:\\\/\\\/secure.gravatar.com\\\/avatar\\\/7ece867b56b47716377cd8e1ca7a41bd602479cb8186097ce023d8a71b9821b8?s=96&d=mm&r=g\",\"url\":\"https:\\\/\\\/secure.gravatar.com\\\/avatar\\\/7ece867b56b47716377cd8e1ca7a41bd602479cb8186097ce023d8a71b9821b8?s=96&d=mm&r=g\",\"contentUrl\":\"https:\\\/\\\/secure.gravatar.com\\\/avatar\\\/7ece867b56b47716377cd8e1ca7a41bd602479cb8186097ce023d8a71b9821b8?s=96&d=mm&r=g\",\"caption\":\"Pierre Chartres\"},\"url\":\"https:\\\/\\\/bondvigilantes.com\\\/deutsch\\\/author\\\/pierrechartres\\\/\"}]}<\/script>\n<!-- \/ Yoast SEO Premium plugin. -->","yoast_head_json":{"title":"Die franz\u00f6sische Regierung sollte schleunigst weitere Steuer- und Arbeitsmarktreformen in Angriff nehmen - Deutsch","description":"Frankreich verf\u00fcgt \u00fcber ein wirklich einzigartiges Sozialsystem. Es stammt aus der Zeit nach dem Ende des Zweiten Weltkrieges, als der Nationale","robots":{"index":"index","follow":"follow","max-snippet":"max-snippet:-1","max-image-preview":"max-image-preview:large","max-video-preview":"max-video-preview:-1"},"canonical":"https:\/\/bondvigilantes.com\/deutsch\/2014\/08\/die-franzoesische-regierung-sollte-schleunigst-weitere-steuer-und-arbeitsmarktreformen-angriff-nehmen\/","twitter_misc":{"Written by":"Pierre Chartres","Est. reading time":"5 Minuten"},"schema":{"@context":"https:\/\/schema.org","@graph":[{"@type":"Article","@id":"https:\/\/bondvigilantes.com\/deutsch\/2014\/08\/die-franzoesische-regierung-sollte-schleunigst-weitere-steuer-und-arbeitsmarktreformen-angriff-nehmen\/#article","isPartOf":{"@id":"https:\/\/bondvigilantes.com\/deutsch\/2014\/08\/die-franzoesische-regierung-sollte-schleunigst-weitere-steuer-und-arbeitsmarktreformen-angriff-nehmen\/"},"author":{"name":"Pierre Chartres","@id":"https:\/\/bondvigilantes.com\/deutsch\/#\/schema\/person\/b7da04115725a37dc0c80e021ae49ad6"},"headline":"Die franz\u00f6sische Regierung sollte schleunigst weitere Steuer- und Arbeitsmarktreformen in Angriff nehmen","datePublished":"2014-08-19T08:52:47+00:00","mainEntityOfPage":{"@id":"https:\/\/bondvigilantes.com\/deutsch\/2014\/08\/die-franzoesische-regierung-sollte-schleunigst-weitere-steuer-und-arbeitsmarktreformen-angriff-nehmen\/"},"wordCount":1010,"commentCount":0,"image":{"@id":"https:\/\/bondvigilantes.com\/deutsch\/2014\/08\/die-franzoesische-regierung-sollte-schleunigst-weitere-steuer-und-arbeitsmarktreformen-angriff-nehmen\/#primaryimage"},"thumbnailUrl":"https:\/\/bondvigilantes.com\/deutsch\/wp-content\/uploads\/sites\/3\/2021\/12\/Slide11.png","keywords":["Frankreich"],"articleSection":["L\u00e4nder","Makro\u00f6konomie und Politik"],"inLanguage":"de-DE","potentialAction":[{"@type":"CommentAction","name":"Comment","target":["https:\/\/bondvigilantes.com\/deutsch\/2014\/08\/die-franzoesische-regierung-sollte-schleunigst-weitere-steuer-und-arbeitsmarktreformen-angriff-nehmen\/#respond"]}]},{"@type":"WebPage","@id":"https:\/\/bondvigilantes.com\/deutsch\/2014\/08\/die-franzoesische-regierung-sollte-schleunigst-weitere-steuer-und-arbeitsmarktreformen-angriff-nehmen\/","url":"https:\/\/bondvigilantes.com\/deutsch\/2014\/08\/die-franzoesische-regierung-sollte-schleunigst-weitere-steuer-und-arbeitsmarktreformen-angriff-nehmen\/","name":"Die franz\u00f6sische Regierung sollte schleunigst weitere Steuer- und Arbeitsmarktreformen in Angriff nehmen - Deutsch","isPartOf":{"@id":"https:\/\/bondvigilantes.com\/deutsch\/#website"},"primaryImageOfPage":{"@id":"https:\/\/bondvigilantes.com\/deutsch\/2014\/08\/die-franzoesische-regierung-sollte-schleunigst-weitere-steuer-und-arbeitsmarktreformen-angriff-nehmen\/#primaryimage"},"image":{"@id":"https:\/\/bondvigilantes.com\/deutsch\/2014\/08\/die-franzoesische-regierung-sollte-schleunigst-weitere-steuer-und-arbeitsmarktreformen-angriff-nehmen\/#primaryimage"},"thumbnailUrl":"https:\/\/bondvigilantes.com\/deutsch\/wp-content\/uploads\/sites\/3\/2021\/12\/Slide11.png","datePublished":"2014-08-19T08:52:47+00:00","author":{"@id":"https:\/\/bondvigilantes.com\/deutsch\/#\/schema\/person\/b7da04115725a37dc0c80e021ae49ad6"},"description":"Frankreich verf\u00fcgt \u00fcber ein wirklich einzigartiges Sozialsystem. Es stammt aus der Zeit nach dem Ende des Zweiten Weltkrieges, als der Nationale","breadcrumb":{"@id":"https:\/\/bondvigilantes.com\/deutsch\/2014\/08\/die-franzoesische-regierung-sollte-schleunigst-weitere-steuer-und-arbeitsmarktreformen-angriff-nehmen\/#breadcrumb"},"inLanguage":"de-DE","potentialAction":[{"@type":"ReadAction","target":["https:\/\/bondvigilantes.com\/deutsch\/2014\/08\/die-franzoesische-regierung-sollte-schleunigst-weitere-steuer-und-arbeitsmarktreformen-angriff-nehmen\/"]}]},{"@type":"ImageObject","inLanguage":"de-DE","@id":"https:\/\/bondvigilantes.com\/deutsch\/2014\/08\/die-franzoesische-regierung-sollte-schleunigst-weitere-steuer-und-arbeitsmarktreformen-angriff-nehmen\/#primaryimage","url":"https:\/\/bondvigilantes.com\/deutsch\/wp-content\/uploads\/sites\/3\/2021\/12\/Slide11.png","contentUrl":"https:\/\/bondvigilantes.com\/deutsch\/wp-content\/uploads\/sites\/3\/2021\/12\/Slide11.png","width":960,"height":720},{"@type":"BreadcrumbList","@id":"https:\/\/bondvigilantes.com\/deutsch\/2014\/08\/die-franzoesische-regierung-sollte-schleunigst-weitere-steuer-und-arbeitsmarktreformen-angriff-nehmen\/#breadcrumb","itemListElement":[{"@type":"ListItem","position":1,"name":"Home","item":"https:\/\/bondvigilantes.com\/deutsch\/"},{"@type":"ListItem","position":2,"name":"Die franz\u00f6sische Regierung sollte schleunigst weitere Steuer- und Arbeitsmarktreformen in Angriff nehmen"}]},{"@type":"WebSite","@id":"https:\/\/bondvigilantes.com\/deutsch\/#website","url":"https:\/\/bondvigilantes.com\/deutsch\/","name":"Deutsch","description":"M&amp;G","potentialAction":[{"@type":"SearchAction","target":{"@type":"EntryPoint","urlTemplate":"https:\/\/bondvigilantes.com\/deutsch\/?s={search_term_string}"},"query-input":{"@type":"PropertyValueSpecification","valueRequired":true,"valueName":"search_term_string"}}],"inLanguage":"de-DE"},{"@type":"Person","@id":"https:\/\/bondvigilantes.com\/deutsch\/#\/schema\/person\/b7da04115725a37dc0c80e021ae49ad6","name":"Pierre Chartres","image":{"@type":"ImageObject","inLanguage":"de-DE","@id":"https:\/\/secure.gravatar.com\/avatar\/7ece867b56b47716377cd8e1ca7a41bd602479cb8186097ce023d8a71b9821b8?s=96&d=mm&r=g","url":"https:\/\/secure.gravatar.com\/avatar\/7ece867b56b47716377cd8e1ca7a41bd602479cb8186097ce023d8a71b9821b8?s=96&d=mm&r=g","contentUrl":"https:\/\/secure.gravatar.com\/avatar\/7ece867b56b47716377cd8e1ca7a41bd602479cb8186097ce023d8a71b9821b8?s=96&d=mm&r=g","caption":"Pierre Chartres"},"url":"https:\/\/bondvigilantes.com\/deutsch\/author\/pierrechartres\/"}]}},"_links":{"self":[{"href":"https:\/\/bondvigilantes.com\/deutsch\/wp-json\/wp\/v2\/posts\/2139","targetHints":{"allow":["GET"]}}],"collection":[{"href":"https:\/\/bondvigilantes.com\/deutsch\/wp-json\/wp\/v2\/posts"}],"about":[{"href":"https:\/\/bondvigilantes.com\/deutsch\/wp-json\/wp\/v2\/types\/post"}],"author":[{"embeddable":true,"href":"https:\/\/bondvigilantes.com\/deutsch\/wp-json\/wp\/v2\/users\/88"}],"replies":[{"embeddable":true,"href":"https:\/\/bondvigilantes.com\/deutsch\/wp-json\/wp\/v2\/comments?post=2139"}],"version-history":[{"count":0,"href":"https:\/\/bondvigilantes.com\/deutsch\/wp-json\/wp\/v2\/posts\/2139\/revisions"}],"wp:attachment":[{"href":"https:\/\/bondvigilantes.com\/deutsch\/wp-json\/wp\/v2\/media?parent=2139"}],"wp:term":[{"taxonomy":"category","embeddable":true,"href":"https:\/\/bondvigilantes.com\/deutsch\/wp-json\/wp\/v2\/categories?post=2139"},{"taxonomy":"post_tag","embeddable":true,"href":"https:\/\/bondvigilantes.com\/deutsch\/wp-json\/wp\/v2\/tags?post=2139"}],"curies":[{"name":"wp","href":"https:\/\/api.w.org\/{rel}","templated":true}]}}