{"id":2242,"date":"2014-10-21T07:09:28","date_gmt":"2014-10-21T07:09:28","guid":{"rendered":"https:\/\/www.bondvigilantes.com\/deutsch\/?p=2242"},"modified":"2014-10-21T07:09:28","modified_gmt":"2014-10-21T07:09:28","slug":"dabei-sein-ist-alles-warum-der-europaeische-arbeitsmarkt-robuster-sein-koennte-als-wir-eigentlich-angenommen-haben","status":"publish","type":"post","link":"https:\/\/bondvigilantes.com\/deutsch\/2014\/10\/dabei-sein-ist-alles-warum-der-europaeische-arbeitsmarkt-robuster-sein-koennte-als-wir-eigentlich-angenommen-haben\/","title":{"rendered":"Dabei sein ist alles: Warum der europ\u00e4ische Arbeitsmarkt robuster sein k\u00f6nnte als wir eigentlich angenommen haben"},"content":{"rendered":"<p>K\u00fcrzlich wurden weitere Belege f\u00fcr einen wieder anziehenden US-Arbeitsmarkt vorgelegt. So sind im September 248.000 neue Arbeitspl\u00e4tze geschaffen worden, w\u00e4hrend die Arbeitslosenquote erstmals seit sechs Jahren auf unter 6 Prozent gesunken ist. Im Gegensatz dazu wurden in Europa zuletzt insgesamt ziemlich tr\u00fcbselige Arbeitslosenzahlen vermeldet, denn die Arbeitslosenquote f\u00fcr die Eurozone betrug im August 11,5 Prozent.<\/p>\n<p>Nicht so erfreulich f\u00fcr die USA war jedoch der gleichzeitige R\u00fcckgang der Erwerbsquote auf ihren niedrigsten Stand seit 1978. Die Erwerbsquote repr\u00e4sentiert den Anteil erwerbst\u00e4tiger oder aktiv nach Besch\u00e4ftigung suchender Menschen an der Gesamtbev\u00f6lkerung im erwerbsf\u00e4higen Alter. Man muss sich die Arbeitslosenquote deshalb wirklich in Verbindung mit der Erwerbsquote anschauen, weil man dadurch einen vollst\u00e4ndigeren Eindruck von der aktuellen Lage erh\u00e4lt. Nehmen wir dieses \u2013 zugegebenerma\u00dfen extreme \u2013 Beispiel: Man k\u00f6nnte annehmen, dass in einer Volkswirtschaft Vollbesch\u00e4ftigung herrscht (bei einer Arbeitslosenquote von 0 Prozent), doch wenn gleichzeitig auch die Erwerbsquote bei 0 Prozent liegt, arbeitet in Wirklichkeit niemand.<\/p>\n<p>Der R\u00fcckgang der US-Erwerbsquote ist bereits ausf\u00fchrlich diskutiert worden, zumal sie eine jener Kennzahlen ist, auf die sich US-Notenbankchefin Janet Yellen stets bezogen hat, wenn es um Fragen zur St\u00e4rke der US-Wirtschaft ging. Diese Entwicklung k\u00f6nnte auf eine ganze Reihe von Ursachen zur\u00fcckzuf\u00fchren sein. So k\u00f6nnten entmutigte Arbeitnehmer die Suche nach einem Arbeitsplatz aufgeben, w\u00e4hrend sich andere f\u00fcr eine vorzeitige Pensionierung entscheiden k\u00f6nnten. Eine weitere Option k\u00f6nnte die Fortsetzung von Aus- und Weiterbildungsma\u00dfnahmen \u2013 oder die R\u00fcckkehr dorthin \u2013 sein. Den Erwerbsquoten in Europa haben die Medien zuletzt hingegen weniger Aufmerksamkeit geschenkt. Deshalb bin ich Erik Nielsen von Unicredit dankbar, dass er die Situation hier einmal beleuchtet hat.<\/p>\n<p>Obwohl die Arbeitslosenzahlen in Europa ziemlich ern\u00fcchternd sind, tendieren die Erwerbsquoten im Allgemeinen nach oben. Dies gilt sowohl f\u00fcr die Kernl\u00e4nder als auch f\u00fcr die Peripheriestaaten Europas (siehe Grafik), wobei es nicht so ist, dass lediglich positive Daten aus Deutschland die d\u00fcrftigen Zahlen in anderen L\u00e4ndern kaschieren. Daf\u00fcr gibt es diverse Gr\u00fcnde. So ist beispielsweise der Anteil erwerbst\u00e4tiger Frauen in den letzten Jahren gestiegen, w\u00e4hrend in einigen Staaten zeitgleich das Renteneintrittsalter angehoben wurde.<\/p>\n<p><a href=\"https:\/\/bondvigilantes.com\/deutsch\/wp-content\/uploads\/sites\/3\/2021\/12\/taking-part-DE1.png\" data-rel=\"lightbox-image-0\" data-rl_title=\"\" data-rl_caption=\"\" title=\"\"><img loading=\"lazy\" decoding=\"async\" class=\"aligncenter size-full wp-image-2262\" src=\"https:\/\/bondvigilantes.com\/deutsch\/wp-content\/uploads\/sites\/3\/2021\/12\/taking-part-DE1.png\" alt=\"Erwerbsquote (in %)\" width=\"960\" height=\"720\" \/><\/a><\/p>\n<p>Um zu ermitteln, wie die Lage in den einzelnen L\u00e4ndern wirklich ist und welche Fortschritte man dort im Vergleich zu anderen Staaten bereits gemacht hat, haben wir einmal angenommen, dass die Erwerbsquoten konstant auf ihrem Niveau aus dem Jahr 2000 geblieben seien. Auf dieser Grundlage haben wir dargestellt, wie die entsprechenden Arbeitslosenquoten aussehen w\u00fcrden, wenn sich die Zahl erwerbst\u00e4tiger Menschen seit der Jahrhundertwende nicht ver\u00e4ndert h\u00e4tte.<\/p>\n<p>Wie die nachfolgende Grafik zeigt, sind die Ergebnisse sehr aufschlussreich. So lag die Arbeitslosigkeit in Italien Ende 2013 zwar bei insgesamt 12,5 Prozent (auf Basis der aktuellsten verf\u00fcgbaren Daten), unter Ber\u00fccksichtigung der Erwerbsquote von 2000 sinkt diese Zahl aber um 3,8 Prozent auf nur noch 8,7 Prozent. Gleiches gilt f\u00fcr Spanien, wo die Differenz betr\u00e4chtliche 13,3 Prozent betr\u00e4gt. In deutlichem Gegensatz dazu klettert die allgemeine Arbeitslosenquote in den USA (zu der uns noch aktuellere Daten vorliegen) von derzeit 5,9 Prozent auf 12,5 Prozent, wenn man die Erwerbsquote aus dem Jahr 2000 zugrunde legt.<\/p>\n<p><a href=\"https:\/\/bondvigilantes.com\/deutsch\/wp-content\/uploads\/sites\/3\/2021\/12\/taking-part-DE2.png\" data-rel=\"lightbox-image-1\" data-rl_title=\"\" data-rl_caption=\"\" title=\"\"><img loading=\"lazy\" decoding=\"async\" class=\"aligncenter size-full wp-image-2263\" src=\"https:\/\/bondvigilantes.com\/deutsch\/wp-content\/uploads\/sites\/3\/2021\/12\/taking-part-DE2.png\" alt=\"Italien\" width=\"960\" height=\"720\" \/><\/a><\/p>\n<p><a href=\"https:\/\/bondvigilantes.com\/deutsch\/wp-content\/uploads\/sites\/3\/2021\/12\/taking-part-DE3.png\" data-rel=\"lightbox-image-2\" data-rl_title=\"\" data-rl_caption=\"\" title=\"\"><img loading=\"lazy\" decoding=\"async\" class=\"aligncenter size-full wp-image-2264\" src=\"https:\/\/bondvigilantes.com\/deutsch\/wp-content\/uploads\/sites\/3\/2021\/12\/taking-part-DE3.png\" alt=\"Spanien\" width=\"960\" height=\"720\" \/><\/a><\/p>\n<p><a href=\"https:\/\/bondvigilantes.com\/deutsch\/wp-content\/uploads\/sites\/3\/2021\/12\/taking-part-DE4.png\" data-rel=\"lightbox-image-3\" data-rl_title=\"\" data-rl_caption=\"\" title=\"\"><img loading=\"lazy\" decoding=\"async\" class=\"aligncenter size-full wp-image-2265\" src=\"https:\/\/bondvigilantes.com\/deutsch\/wp-content\/uploads\/sites\/3\/2021\/12\/taking-part-DE4.png\" alt=\"USA\" width=\"960\" height=\"720\" \/><\/a><\/p>\n<p>Das Ausma\u00df dieser Diskrepanz hat mich ebenso ziemlich \u00fcberrascht wie der Umstand, dass die USA seit 1999 in Wahrheit weniger Fortschritte gemacht haben als die europ\u00e4ischen Peripheriel\u00e4nder. Ich bin mir aber nach wie vor unschl\u00fcssig, ob die Eurozone nun auf eine Phase eines kr\u00e4ftigeren Wachstums zusteuert oder ob die konjunkturelle Entwicklung dort dem Beispiel Japans folgen wird. Diese Grafiken lassen mich aber eher zur erst genannten Option tendieren.<\/p>\n","protected":false},"excerpt":{"rendered":"<p>K\u00fcrzlich wurden weitere Belege f\u00fcr einen wieder anziehenden US-Arbeitsmarkt vorgelegt. So sind im September 248.000 neue Arbeitspl\u00e4tze geschaffen worden, w\u00e4hrend die Arbeitslosenquote erstmals seit sechs Jahren auf unter 6 Prozent gesunken ist. Im Gegensatz dazu wurden in Europa zuletzt insgesamt ziemlich tr\u00fcbselige Arbeitslosenzahlen vermeldet, denn die Arbeitslosenquote f\u00fcr die Eurozone betrug im August 11,5 Prozent. Nicht so erfreulich f\u00fcr die USA war jedoch der gleichzeitige R\u00fcckgang der Erwerbsquote auf ihren niedrigsten Stand seit 1978. Die Erwerbsquote repr\u00e4sentiert den Anteil erwerbst\u00e4tiger oder aktiv nach Besch\u00e4ftigung suchender&#8230;<\/p>\n","protected":false},"author":187,"featured_media":0,"comment_status":"open","ping_status":"closed","sticky":false,"template":"","format":"standard","meta":{"_acf_changed":false,"footnotes":""},"categories":[48,13,14],"tags":[29,218,191,219],"class_list":["post-2242","post","type-post","status-publish","format-standard","hentry","category-europa","category-lander","category-zentralbanken-und-supranationale-organisationen","tag-arbeitslosigkeit","tag-europa","tag-janet-yellen","tag-us"],"acf":[],"yoast_head":"<!-- This site is optimized with the Yoast SEO Premium plugin v25.8 (Yoast SEO v27.4) - https:\/\/yoast.com\/product\/yoast-seo-premium-wordpress\/ -->\n<title>Dabei sein ist alles: Warum der europ\u00e4ische Arbeitsmarkt robuster sein k\u00f6nnte als wir eigentlich angenommen haben - Deutsch<\/title>\n<meta name=\"description\" content=\"K\u00fcrzlich wurden weitere Belege f\u00fcr einen wieder anziehenden US-Arbeitsmarkt vorgelegt. So sind im September 248.000 neue Arbeitspl\u00e4tze geschaffen worden,\" \/>\n<meta name=\"robots\" content=\"index, follow, max-snippet:-1, max-image-preview:large, max-video-preview:-1\" \/>\n<link rel=\"canonical\" href=\"https:\/\/bondvigilantes.com\/deutsch\/2014\/10\/dabei-sein-ist-alles-warum-der-europaeische-arbeitsmarkt-robuster-sein-koennte-als-wir-eigentlich-angenommen-haben\/\" \/>\n<meta name=\"twitter:label1\" content=\"Written by\" \/>\n\t<meta name=\"twitter:data1\" content=\"Matthew Russell\" \/>\n\t<meta name=\"twitter:label2\" content=\"Est. reading time\" \/>\n\t<meta name=\"twitter:data2\" content=\"3 Minuten\" \/>\n<script type=\"application\/ld+json\" class=\"yoast-schema-graph\">{\"@context\":\"https:\\\/\\\/schema.org\",\"@graph\":[{\"@type\":\"Article\",\"@id\":\"https:\\\/\\\/bondvigilantes.com\\\/deutsch\\\/2014\\\/10\\\/dabei-sein-ist-alles-warum-der-europaeische-arbeitsmarkt-robuster-sein-koennte-als-wir-eigentlich-angenommen-haben\\\/#article\",\"isPartOf\":{\"@id\":\"https:\\\/\\\/bondvigilantes.com\\\/deutsch\\\/2014\\\/10\\\/dabei-sein-ist-alles-warum-der-europaeische-arbeitsmarkt-robuster-sein-koennte-als-wir-eigentlich-angenommen-haben\\\/\"},\"author\":{\"name\":\"Matthew Russell\",\"@id\":\"https:\\\/\\\/bondvigilantes.com\\\/deutsch\\\/#\\\/schema\\\/person\\\/c1d71fd07fb0856453e47210ef3db976\"},\"headline\":\"Dabei sein ist alles: Warum der europ\u00e4ische Arbeitsmarkt robuster sein k\u00f6nnte als wir eigentlich angenommen haben\",\"datePublished\":\"2014-10-21T07:09:28+00:00\",\"mainEntityOfPage\":{\"@id\":\"https:\\\/\\\/bondvigilantes.com\\\/deutsch\\\/2014\\\/10\\\/dabei-sein-ist-alles-warum-der-europaeische-arbeitsmarkt-robuster-sein-koennte-als-wir-eigentlich-angenommen-haben\\\/\"},\"wordCount\":613,\"commentCount\":0,\"image\":{\"@id\":\"https:\\\/\\\/bondvigilantes.com\\\/deutsch\\\/2014\\\/10\\\/dabei-sein-ist-alles-warum-der-europaeische-arbeitsmarkt-robuster-sein-koennte-als-wir-eigentlich-angenommen-haben\\\/#primaryimage\"},\"thumbnailUrl\":\"https:\\\/\\\/bondvigilantes.com\\\/deutsch\\\/wp-content\\\/uploads\\\/sites\\\/3\\\/2021\\\/12\\\/taking-part-DE1.png\",\"keywords\":[\"Arbeitslosigkeit\",\"Europa\",\"Janet Yellen\",\"US\"],\"articleSection\":[\"Europa\",\"L\u00e4nder\",\"Zentralbanken und supranationale Organisationen\"],\"inLanguage\":\"de-DE\",\"potentialAction\":[{\"@type\":\"CommentAction\",\"name\":\"Comment\",\"target\":[\"https:\\\/\\\/bondvigilantes.com\\\/deutsch\\\/2014\\\/10\\\/dabei-sein-ist-alles-warum-der-europaeische-arbeitsmarkt-robuster-sein-koennte-als-wir-eigentlich-angenommen-haben\\\/#respond\"]}]},{\"@type\":\"WebPage\",\"@id\":\"https:\\\/\\\/bondvigilantes.com\\\/deutsch\\\/2014\\\/10\\\/dabei-sein-ist-alles-warum-der-europaeische-arbeitsmarkt-robuster-sein-koennte-als-wir-eigentlich-angenommen-haben\\\/\",\"url\":\"https:\\\/\\\/bondvigilantes.com\\\/deutsch\\\/2014\\\/10\\\/dabei-sein-ist-alles-warum-der-europaeische-arbeitsmarkt-robuster-sein-koennte-als-wir-eigentlich-angenommen-haben\\\/\",\"name\":\"Dabei sein ist alles: Warum der europ\u00e4ische Arbeitsmarkt robuster sein k\u00f6nnte als wir eigentlich angenommen haben - Deutsch\",\"isPartOf\":{\"@id\":\"https:\\\/\\\/bondvigilantes.com\\\/deutsch\\\/#website\"},\"primaryImageOfPage\":{\"@id\":\"https:\\\/\\\/bondvigilantes.com\\\/deutsch\\\/2014\\\/10\\\/dabei-sein-ist-alles-warum-der-europaeische-arbeitsmarkt-robuster-sein-koennte-als-wir-eigentlich-angenommen-haben\\\/#primaryimage\"},\"image\":{\"@id\":\"https:\\\/\\\/bondvigilantes.com\\\/deutsch\\\/2014\\\/10\\\/dabei-sein-ist-alles-warum-der-europaeische-arbeitsmarkt-robuster-sein-koennte-als-wir-eigentlich-angenommen-haben\\\/#primaryimage\"},\"thumbnailUrl\":\"https:\\\/\\\/bondvigilantes.com\\\/deutsch\\\/wp-content\\\/uploads\\\/sites\\\/3\\\/2021\\\/12\\\/taking-part-DE1.png\",\"datePublished\":\"2014-10-21T07:09:28+00:00\",\"author\":{\"@id\":\"https:\\\/\\\/bondvigilantes.com\\\/deutsch\\\/#\\\/schema\\\/person\\\/c1d71fd07fb0856453e47210ef3db976\"},\"description\":\"K\u00fcrzlich wurden weitere Belege f\u00fcr einen wieder anziehenden US-Arbeitsmarkt vorgelegt. So sind im September 248.000 neue Arbeitspl\u00e4tze geschaffen worden,\",\"breadcrumb\":{\"@id\":\"https:\\\/\\\/bondvigilantes.com\\\/deutsch\\\/2014\\\/10\\\/dabei-sein-ist-alles-warum-der-europaeische-arbeitsmarkt-robuster-sein-koennte-als-wir-eigentlich-angenommen-haben\\\/#breadcrumb\"},\"inLanguage\":\"de-DE\",\"potentialAction\":[{\"@type\":\"ReadAction\",\"target\":[\"https:\\\/\\\/bondvigilantes.com\\\/deutsch\\\/2014\\\/10\\\/dabei-sein-ist-alles-warum-der-europaeische-arbeitsmarkt-robuster-sein-koennte-als-wir-eigentlich-angenommen-haben\\\/\"]}]},{\"@type\":\"ImageObject\",\"inLanguage\":\"de-DE\",\"@id\":\"https:\\\/\\\/bondvigilantes.com\\\/deutsch\\\/2014\\\/10\\\/dabei-sein-ist-alles-warum-der-europaeische-arbeitsmarkt-robuster-sein-koennte-als-wir-eigentlich-angenommen-haben\\\/#primaryimage\",\"url\":\"https:\\\/\\\/bondvigilantes.com\\\/deutsch\\\/wp-content\\\/uploads\\\/sites\\\/3\\\/2021\\\/12\\\/taking-part-DE1.png\",\"contentUrl\":\"https:\\\/\\\/bondvigilantes.com\\\/deutsch\\\/wp-content\\\/uploads\\\/sites\\\/3\\\/2021\\\/12\\\/taking-part-DE1.png\",\"width\":960,\"height\":720},{\"@type\":\"BreadcrumbList\",\"@id\":\"https:\\\/\\\/bondvigilantes.com\\\/deutsch\\\/2014\\\/10\\\/dabei-sein-ist-alles-warum-der-europaeische-arbeitsmarkt-robuster-sein-koennte-als-wir-eigentlich-angenommen-haben\\\/#breadcrumb\",\"itemListElement\":[{\"@type\":\"ListItem\",\"position\":1,\"name\":\"Home\",\"item\":\"https:\\\/\\\/bondvigilantes.com\\\/deutsch\\\/\"},{\"@type\":\"ListItem\",\"position\":2,\"name\":\"Dabei sein ist alles: Warum der europ\u00e4ische Arbeitsmarkt robuster sein k\u00f6nnte als wir eigentlich angenommen haben\"}]},{\"@type\":\"WebSite\",\"@id\":\"https:\\\/\\\/bondvigilantes.com\\\/deutsch\\\/#website\",\"url\":\"https:\\\/\\\/bondvigilantes.com\\\/deutsch\\\/\",\"name\":\"Deutsch\",\"description\":\"M&amp;G\",\"potentialAction\":[{\"@type\":\"SearchAction\",\"target\":{\"@type\":\"EntryPoint\",\"urlTemplate\":\"https:\\\/\\\/bondvigilantes.com\\\/deutsch\\\/?s={search_term_string}\"},\"query-input\":{\"@type\":\"PropertyValueSpecification\",\"valueRequired\":true,\"valueName\":\"search_term_string\"}}],\"inLanguage\":\"de-DE\"},{\"@type\":\"Person\",\"@id\":\"https:\\\/\\\/bondvigilantes.com\\\/deutsch\\\/#\\\/schema\\\/person\\\/c1d71fd07fb0856453e47210ef3db976\",\"name\":\"Matthew Russell\",\"image\":{\"@type\":\"ImageObject\",\"inLanguage\":\"de-DE\",\"@id\":\"https:\\\/\\\/secure.gravatar.com\\\/avatar\\\/afb381c484add78d39a200dcf11de68be2f198653d74f46f5bdc6cf52709a6c2?s=96&d=mm&r=g\",\"url\":\"https:\\\/\\\/secure.gravatar.com\\\/avatar\\\/afb381c484add78d39a200dcf11de68be2f198653d74f46f5bdc6cf52709a6c2?s=96&d=mm&r=g\",\"contentUrl\":\"https:\\\/\\\/secure.gravatar.com\\\/avatar\\\/afb381c484add78d39a200dcf11de68be2f198653d74f46f5bdc6cf52709a6c2?s=96&d=mm&r=g\",\"caption\":\"Matthew Russell\"},\"url\":\"https:\\\/\\\/bondvigilantes.com\\\/deutsch\\\/author\\\/matthewrussellnew\\\/\"}]}<\/script>\n<!-- \/ Yoast SEO Premium plugin. -->","yoast_head_json":{"title":"Dabei sein ist alles: Warum der europ\u00e4ische Arbeitsmarkt robuster sein k\u00f6nnte als wir eigentlich angenommen haben - Deutsch","description":"K\u00fcrzlich wurden weitere Belege f\u00fcr einen wieder anziehenden US-Arbeitsmarkt vorgelegt. So sind im September 248.000 neue Arbeitspl\u00e4tze geschaffen worden,","robots":{"index":"index","follow":"follow","max-snippet":"max-snippet:-1","max-image-preview":"max-image-preview:large","max-video-preview":"max-video-preview:-1"},"canonical":"https:\/\/bondvigilantes.com\/deutsch\/2014\/10\/dabei-sein-ist-alles-warum-der-europaeische-arbeitsmarkt-robuster-sein-koennte-als-wir-eigentlich-angenommen-haben\/","twitter_misc":{"Written by":"Matthew Russell","Est. reading time":"3 Minuten"},"schema":{"@context":"https:\/\/schema.org","@graph":[{"@type":"Article","@id":"https:\/\/bondvigilantes.com\/deutsch\/2014\/10\/dabei-sein-ist-alles-warum-der-europaeische-arbeitsmarkt-robuster-sein-koennte-als-wir-eigentlich-angenommen-haben\/#article","isPartOf":{"@id":"https:\/\/bondvigilantes.com\/deutsch\/2014\/10\/dabei-sein-ist-alles-warum-der-europaeische-arbeitsmarkt-robuster-sein-koennte-als-wir-eigentlich-angenommen-haben\/"},"author":{"name":"Matthew Russell","@id":"https:\/\/bondvigilantes.com\/deutsch\/#\/schema\/person\/c1d71fd07fb0856453e47210ef3db976"},"headline":"Dabei sein ist alles: Warum der europ\u00e4ische Arbeitsmarkt robuster sein k\u00f6nnte als wir eigentlich angenommen haben","datePublished":"2014-10-21T07:09:28+00:00","mainEntityOfPage":{"@id":"https:\/\/bondvigilantes.com\/deutsch\/2014\/10\/dabei-sein-ist-alles-warum-der-europaeische-arbeitsmarkt-robuster-sein-koennte-als-wir-eigentlich-angenommen-haben\/"},"wordCount":613,"commentCount":0,"image":{"@id":"https:\/\/bondvigilantes.com\/deutsch\/2014\/10\/dabei-sein-ist-alles-warum-der-europaeische-arbeitsmarkt-robuster-sein-koennte-als-wir-eigentlich-angenommen-haben\/#primaryimage"},"thumbnailUrl":"https:\/\/bondvigilantes.com\/deutsch\/wp-content\/uploads\/sites\/3\/2021\/12\/taking-part-DE1.png","keywords":["Arbeitslosigkeit","Europa","Janet Yellen","US"],"articleSection":["Europa","L\u00e4nder","Zentralbanken und supranationale Organisationen"],"inLanguage":"de-DE","potentialAction":[{"@type":"CommentAction","name":"Comment","target":["https:\/\/bondvigilantes.com\/deutsch\/2014\/10\/dabei-sein-ist-alles-warum-der-europaeische-arbeitsmarkt-robuster-sein-koennte-als-wir-eigentlich-angenommen-haben\/#respond"]}]},{"@type":"WebPage","@id":"https:\/\/bondvigilantes.com\/deutsch\/2014\/10\/dabei-sein-ist-alles-warum-der-europaeische-arbeitsmarkt-robuster-sein-koennte-als-wir-eigentlich-angenommen-haben\/","url":"https:\/\/bondvigilantes.com\/deutsch\/2014\/10\/dabei-sein-ist-alles-warum-der-europaeische-arbeitsmarkt-robuster-sein-koennte-als-wir-eigentlich-angenommen-haben\/","name":"Dabei sein ist alles: Warum der europ\u00e4ische Arbeitsmarkt robuster sein k\u00f6nnte als wir eigentlich angenommen haben - Deutsch","isPartOf":{"@id":"https:\/\/bondvigilantes.com\/deutsch\/#website"},"primaryImageOfPage":{"@id":"https:\/\/bondvigilantes.com\/deutsch\/2014\/10\/dabei-sein-ist-alles-warum-der-europaeische-arbeitsmarkt-robuster-sein-koennte-als-wir-eigentlich-angenommen-haben\/#primaryimage"},"image":{"@id":"https:\/\/bondvigilantes.com\/deutsch\/2014\/10\/dabei-sein-ist-alles-warum-der-europaeische-arbeitsmarkt-robuster-sein-koennte-als-wir-eigentlich-angenommen-haben\/#primaryimage"},"thumbnailUrl":"https:\/\/bondvigilantes.com\/deutsch\/wp-content\/uploads\/sites\/3\/2021\/12\/taking-part-DE1.png","datePublished":"2014-10-21T07:09:28+00:00","author":{"@id":"https:\/\/bondvigilantes.com\/deutsch\/#\/schema\/person\/c1d71fd07fb0856453e47210ef3db976"},"description":"K\u00fcrzlich wurden weitere Belege f\u00fcr einen wieder anziehenden US-Arbeitsmarkt vorgelegt. So sind im September 248.000 neue Arbeitspl\u00e4tze geschaffen worden,","breadcrumb":{"@id":"https:\/\/bondvigilantes.com\/deutsch\/2014\/10\/dabei-sein-ist-alles-warum-der-europaeische-arbeitsmarkt-robuster-sein-koennte-als-wir-eigentlich-angenommen-haben\/#breadcrumb"},"inLanguage":"de-DE","potentialAction":[{"@type":"ReadAction","target":["https:\/\/bondvigilantes.com\/deutsch\/2014\/10\/dabei-sein-ist-alles-warum-der-europaeische-arbeitsmarkt-robuster-sein-koennte-als-wir-eigentlich-angenommen-haben\/"]}]},{"@type":"ImageObject","inLanguage":"de-DE","@id":"https:\/\/bondvigilantes.com\/deutsch\/2014\/10\/dabei-sein-ist-alles-warum-der-europaeische-arbeitsmarkt-robuster-sein-koennte-als-wir-eigentlich-angenommen-haben\/#primaryimage","url":"https:\/\/bondvigilantes.com\/deutsch\/wp-content\/uploads\/sites\/3\/2021\/12\/taking-part-DE1.png","contentUrl":"https:\/\/bondvigilantes.com\/deutsch\/wp-content\/uploads\/sites\/3\/2021\/12\/taking-part-DE1.png","width":960,"height":720},{"@type":"BreadcrumbList","@id":"https:\/\/bondvigilantes.com\/deutsch\/2014\/10\/dabei-sein-ist-alles-warum-der-europaeische-arbeitsmarkt-robuster-sein-koennte-als-wir-eigentlich-angenommen-haben\/#breadcrumb","itemListElement":[{"@type":"ListItem","position":1,"name":"Home","item":"https:\/\/bondvigilantes.com\/deutsch\/"},{"@type":"ListItem","position":2,"name":"Dabei sein ist alles: Warum der europ\u00e4ische Arbeitsmarkt robuster sein k\u00f6nnte als wir eigentlich angenommen haben"}]},{"@type":"WebSite","@id":"https:\/\/bondvigilantes.com\/deutsch\/#website","url":"https:\/\/bondvigilantes.com\/deutsch\/","name":"Deutsch","description":"M&amp;G","potentialAction":[{"@type":"SearchAction","target":{"@type":"EntryPoint","urlTemplate":"https:\/\/bondvigilantes.com\/deutsch\/?s={search_term_string}"},"query-input":{"@type":"PropertyValueSpecification","valueRequired":true,"valueName":"search_term_string"}}],"inLanguage":"de-DE"},{"@type":"Person","@id":"https:\/\/bondvigilantes.com\/deutsch\/#\/schema\/person\/c1d71fd07fb0856453e47210ef3db976","name":"Matthew Russell","image":{"@type":"ImageObject","inLanguage":"de-DE","@id":"https:\/\/secure.gravatar.com\/avatar\/afb381c484add78d39a200dcf11de68be2f198653d74f46f5bdc6cf52709a6c2?s=96&d=mm&r=g","url":"https:\/\/secure.gravatar.com\/avatar\/afb381c484add78d39a200dcf11de68be2f198653d74f46f5bdc6cf52709a6c2?s=96&d=mm&r=g","contentUrl":"https:\/\/secure.gravatar.com\/avatar\/afb381c484add78d39a200dcf11de68be2f198653d74f46f5bdc6cf52709a6c2?s=96&d=mm&r=g","caption":"Matthew Russell"},"url":"https:\/\/bondvigilantes.com\/deutsch\/author\/matthewrussellnew\/"}]}},"_links":{"self":[{"href":"https:\/\/bondvigilantes.com\/deutsch\/wp-json\/wp\/v2\/posts\/2242","targetHints":{"allow":["GET"]}}],"collection":[{"href":"https:\/\/bondvigilantes.com\/deutsch\/wp-json\/wp\/v2\/posts"}],"about":[{"href":"https:\/\/bondvigilantes.com\/deutsch\/wp-json\/wp\/v2\/types\/post"}],"author":[{"embeddable":true,"href":"https:\/\/bondvigilantes.com\/deutsch\/wp-json\/wp\/v2\/users\/187"}],"replies":[{"embeddable":true,"href":"https:\/\/bondvigilantes.com\/deutsch\/wp-json\/wp\/v2\/comments?post=2242"}],"version-history":[{"count":0,"href":"https:\/\/bondvigilantes.com\/deutsch\/wp-json\/wp\/v2\/posts\/2242\/revisions"}],"wp:attachment":[{"href":"https:\/\/bondvigilantes.com\/deutsch\/wp-json\/wp\/v2\/media?parent=2242"}],"wp:term":[{"taxonomy":"category","embeddable":true,"href":"https:\/\/bondvigilantes.com\/deutsch\/wp-json\/wp\/v2\/categories?post=2242"},{"taxonomy":"post_tag","embeddable":true,"href":"https:\/\/bondvigilantes.com\/deutsch\/wp-json\/wp\/v2\/tags?post=2242"}],"curies":[{"name":"wp","href":"https:\/\/api.w.org\/{rel}","templated":true}]}}