{"id":23306,"date":"2022-10-13T13:41:55","date_gmt":"2022-10-13T13:41:55","guid":{"rendered":"https:\/\/bondvigilantes.com\/deutsch\/?p=23306"},"modified":"2022-10-18T09:58:26","modified_gmt":"2022-10-18T09:58:26","slug":"europaische-kredittitel-vom-baren-zum-bullenmarkt","status":"publish","type":"post","link":"https:\/\/bondvigilantes.com\/deutsch\/2022\/10\/europaische-kredittitel-vom-baren-zum-bullenmarkt\/","title":{"rendered":"Europ\u00e4ische Kredittitel \u2013 vom B\u00e4ren- zum Bullenmarkt?"},"content":{"rendered":"\n<p>In Kundengespr\u00e4chen in den letzten 2 Monaten habe ich es mehr als einmal gesagt: Der gegenw\u00e4rtige B\u00e4renmarkt scheint st\u00e4rker eingel\u00e4utet worden zu sein, als ich es je zuvor erlebt habe.<\/p>\n\n\n\n<p>Ich kann mich noch gut erinnern, wie wir uns Ende letzten Jahres mit Kreditstrategen getroffen haben. Wie sah deren Blick in die \u201eKristallkugel\u201c f\u00fcr das Jahr 2022 aus? Fast durchweg waren sie pessimistisch f\u00fcr die europ\u00e4ischen Kreditm\u00e4rkte. Ich fand es damals bedenklich, wie weit die pessimistische Stimmung um sich gegriffen hatte. Allerdings konnte ich den Schlussfolgerungen nicht wirklich widersprechen: Wir selbst waren \u00fcber weite Strecken des Jahres 2021 pessimistisch f\u00fcr europ\u00e4ische Kredittitel.<\/p>\n\n\n\n<p>Unsere Anleger wissen, dass wir ausschlie\u00dflich wertorientiert investieren. Unsere pessimistische Haltung hatte also nichts mit dem d\u00fcsteren makro\u00f6konomischen Bild zu tun, das die Strategen zeichneten. Vielmehr beruhte sie ausschlie\u00dflich auf den immer h\u00f6heren Bewertungen, die wir bei europ\u00e4ischen Emittenten beobachteten. Zehn Monate sp\u00e4ter haben sich die Bewertungen wieder abgeschw\u00e4cht. Daher scheint es an der Zeit, erneut zu fragen: Werden wir jetzt angemessen f\u00fcr die Risiken bei europ\u00e4ischen Krediten entsch\u00e4digt?<\/p>\n\n\n\n<p>Die Kreditaufschl\u00e4ge bei Investment Grade-Titeln (IG) in Euro sind binnen 12 Monaten um mehr als 100 Basispunkte angestiegen. Sollte man also wieder optimistisch f\u00fcr europ\u00e4ische Kredite sein? Tats\u00e4chlich beobachten wir, dass die Mehrheit der Kreditstrategen pessimistisch bleibt. Selbst die wenigen \u201eBullen\u201c vom Ende letzten Jahres sind ins Lager der \u201eB\u00e4ren\u201c gewechselt. Und wenn ich selbst mir die Bewertungen europ\u00e4ischer Anleihen ansehe? Dann kann ich nicht anders, als optimistischer nach vorne zu blicken als vor zehn Monaten. Der Grund daf\u00fcr sind ganz einfach die Bewertungen. Das zeigt sich beispielsweise an den Spreads der europ\u00e4ischen IG-Titel in den letzten 20 Jahren (siehe Schaubild).<\/p>\n\n\n\n<figure class=\"wp-block-image size-full\"><a href=\"https:\/\/bondvigilantes.com\/deutsch\/wp-content\/uploads\/sites\/3\/2022\/10\/1-european-credit-from-bear-to-bull.jpg\" data-rel=\"lightbox-image-0\" data-rl_title=\"\" data-rl_caption=\"\" title=\"\"><img loading=\"lazy\" decoding=\"async\" width=\"1024\" height=\"576\" src=\"https:\/\/bondvigilantes.com\/deutsch\/wp-content\/uploads\/sites\/3\/2022\/10\/1-european-credit-from-bear-to-bull.jpg\" alt=\"\" class=\"wp-image-23325\" srcset=\"https:\/\/bondvigilantes.com\/deutsch\/wp-content\/uploads\/sites\/3\/2022\/10\/1-european-credit-from-bear-to-bull.jpg 1024w, https:\/\/bondvigilantes.com\/deutsch\/wp-content\/uploads\/sites\/3\/2022\/10\/1-european-credit-from-bear-to-bull-300x169.jpg 300w, https:\/\/bondvigilantes.com\/deutsch\/wp-content\/uploads\/sites\/3\/2022\/10\/1-european-credit-from-bear-to-bull-768x432.jpg 768w\" sizes=\"auto, (max-width: 1024px) 100vw, 1024px\" \/><\/a><figcaption>Quelle: M&amp;G Bloomberg 11. Oktober 2022 BofA ER00 European Corporate Bond Index  <\/figcaption><\/figure>\n\n\n\n<p>Angesichts dieses Schaubilds kann man eines mit Fug und Recht sagen: Die Kreditm\u00e4rkte beginnen eine makro\u00f6konomische Abschw\u00e4chung einzupreisen \u2013 oder sogar eine Verschlechterung der Kreditw\u00fcrdigkeit. Doch ist das derzeitige makro\u00f6konomische Risiko ausreichend \u201eeingepreist\u201c? Diese Frage f\u00fchrt uns unweigerlich zur ungenauen Wissenschaft der Prognosen; sie ist schon vielen Anlegern zum Verh\u00e4ngnis geworden. Die gesunden Unternehmensbilanzen, die Ersparnisse der Verbraucher, die Arbeitslosenquote: Beim Blick auf diese Kennzahlen k\u00f6nnte man denken, dass die kommende Rezession nicht sehr schwerwiegend ausfallen wird. Doch unsere Volkswirtschaften sind abh\u00e4ngiger von Fremdkapital und billigen\/verf\u00fcgbaren Krediten geworden. Angesichts des drastischen Zinsanstiegs kann einen schon das Gef\u00fchl beschleichen, dass wir am Anfang vom Ende des \u201emonet\u00e4ren Superzyklus\u201c stehen k\u00f6nnten, der mit der quantitativen Lockerung der US-Notenbank Fed im Jahr 2007 begann. Die Wahrheit ist: Niemand kann genau vorhersagen, ob es zu einer Rezession kommen wird \u2013 und wie schlimm diese m\u00f6glicherweise ausfallen k\u00f6nnte.<\/p>\n\n\n\n<p>Was also wissen wir tats\u00e4chlich? Die derzeitigen Bewertungen auf den Kreditm\u00e4rkten \u00e4hneln dem Szenario der Coronazeit im Jahr 2022. Damals ging man davon aus, dass erhebliche Teile der Weltwirtschaft vor\u00fcbergehend zum Stillstand kommen. Die N\u00e4he zu den damaligen Kreditaufschl\u00e4gen deutet f\u00fcr mich auf einen guten Einstiegspunkt hin, um eine Position in europ\u00e4ischen Krediten aufzubauen. Es kann jedoch durchaus zu einer sehr schweren Rezession kommen; diese k\u00f6nnte die Lage auf den Kreditm\u00e4rkten deutlich verschlechtern. Darum ist eines sehr wichtig: Man sollte weiter zukaufen k\u00f6nnen, wenn sich die Bewertungen ver\u00e4ndern und sie eine solche Rezession einpreisen. Unter dem Strich k\u00f6nnte es also an der Zeit sein, in europ\u00e4ische IG-Kredittitel einzusteigen \u2013 solange man sich nicht absolut sicher \u00fcber die makro\u00f6konomische Entwicklung und ihre Auswirkungen auf die Kreditm\u00e4rkte ist. Dabei sollte man gen\u00fcgend Pulver trocken halten, um bei weiter nachgebenden Bewertungen aufstocken zu k\u00f6nnen.<\/p>\n","protected":false},"excerpt":{"rendered":"<p>In Kundengespr\u00e4chen in den letzten 2 Monaten habe ich es mehr als einmal gesagt: Der gegenw\u00e4rtige B\u00e4renmarkt scheint st\u00e4rker eingel\u00e4utet worden zu sein, als ich es je zuvor erlebt habe. Ich kann mich noch gut erinnern, wie wir uns Ende letzten Jahres mit Kreditstrategen getroffen haben. Wie sah deren Blick in die \u201eKristallkugel\u201c f\u00fcr das Jahr 2022 aus? Fast durchweg waren sie pessimistisch f\u00fcr die europ\u00e4ischen Kreditm\u00e4rkte. Ich fand es damals bedenklich, wie weit die pessimistische Stimmung um sich gegriffen hatte. Allerdings konnte ich den&#8230;<\/p>\n","protected":false},"author":203,"featured_media":23309,"comment_status":"open","ping_status":"closed","sticky":false,"template":"","format":"standard","meta":{"_acf_changed":false,"footnotes":""},"categories":[148],"tags":[414],"class_list":["post-23306","post","type-post","status-publish","format-standard","has-post-thumbnail","hentry","category-kredit","tag-europaeische-kredittitel"],"acf":[],"yoast_head":"<!-- This site is optimized with the Yoast SEO Premium plugin v25.8 (Yoast SEO v27.4) - https:\/\/yoast.com\/product\/yoast-seo-premium-wordpress\/ -->\n<title>Europ\u00e4ische Kredittitel \u2013 vom B\u00e4ren- zum Bullenmarkt? - Deutsch<\/title>\n<meta name=\"description\" content=\"In Kundengespr\u00e4chen in den letzten 2 Monaten habe ich es mehr als einmal gesagt: Der gegenw\u00e4rtige B\u00e4renmarkt scheint st\u00e4rker eingel\u00e4utet worden zu sein,\" \/>\n<meta name=\"robots\" content=\"index, follow, max-snippet:-1, max-image-preview:large, max-video-preview:-1\" \/>\n<link rel=\"canonical\" href=\"https:\/\/bondvigilantes.com\/deutsch\/2022\/10\/europaische-kredittitel-vom-baren-zum-bullenmarkt\/\" \/>\n<meta name=\"twitter:label1\" content=\"Written by\" \/>\n\t<meta name=\"twitter:data1\" content=\"Gaurav Chatley\" \/>\n\t<meta name=\"twitter:label2\" content=\"Est. reading time\" \/>\n\t<meta name=\"twitter:data2\" content=\"3 Minuten\" \/>\n<script type=\"application\/ld+json\" class=\"yoast-schema-graph\">{\"@context\":\"https:\\\/\\\/schema.org\",\"@graph\":[{\"@type\":\"Article\",\"@id\":\"https:\\\/\\\/bondvigilantes.com\\\/deutsch\\\/2022\\\/10\\\/europaische-kredittitel-vom-baren-zum-bullenmarkt\\\/#article\",\"isPartOf\":{\"@id\":\"https:\\\/\\\/bondvigilantes.com\\\/deutsch\\\/2022\\\/10\\\/europaische-kredittitel-vom-baren-zum-bullenmarkt\\\/\"},\"author\":{\"name\":\"Gaurav Chatley\",\"@id\":\"https:\\\/\\\/bondvigilantes.com\\\/deutsch\\\/#\\\/schema\\\/person\\\/741c892caedb370f8f330d583cb00f2a\"},\"headline\":\"Europ\u00e4ische Kredittitel \u2013 vom B\u00e4ren- zum Bullenmarkt?\",\"datePublished\":\"2022-10-13T13:41:55+00:00\",\"dateModified\":\"2022-10-18T09:58:26+00:00\",\"mainEntityOfPage\":{\"@id\":\"https:\\\/\\\/bondvigilantes.com\\\/deutsch\\\/2022\\\/10\\\/europaische-kredittitel-vom-baren-zum-bullenmarkt\\\/\"},\"wordCount\":628,\"commentCount\":0,\"image\":{\"@id\":\"https:\\\/\\\/bondvigilantes.com\\\/deutsch\\\/2022\\\/10\\\/europaische-kredittitel-vom-baren-zum-bullenmarkt\\\/#primaryimage\"},\"thumbnailUrl\":\"https:\\\/\\\/bondvigilantes.com\\\/deutsch\\\/wp-content\\\/uploads\\\/sites\\\/3\\\/2022\\\/10\\\/europaische-kredittitel-vom-baren-zum-bullenmarkt.png\",\"keywords\":[\"Europ\u00e4ische Kredittitel\"],\"articleSection\":[\"Kredit\"],\"inLanguage\":\"de-DE\",\"potentialAction\":[{\"@type\":\"CommentAction\",\"name\":\"Comment\",\"target\":[\"https:\\\/\\\/bondvigilantes.com\\\/deutsch\\\/2022\\\/10\\\/europaische-kredittitel-vom-baren-zum-bullenmarkt\\\/#respond\"]}]},{\"@type\":\"WebPage\",\"@id\":\"https:\\\/\\\/bondvigilantes.com\\\/deutsch\\\/2022\\\/10\\\/europaische-kredittitel-vom-baren-zum-bullenmarkt\\\/\",\"url\":\"https:\\\/\\\/bondvigilantes.com\\\/deutsch\\\/2022\\\/10\\\/europaische-kredittitel-vom-baren-zum-bullenmarkt\\\/\",\"name\":\"Europ\u00e4ische Kredittitel \u2013 vom B\u00e4ren- zum Bullenmarkt? - Deutsch\",\"isPartOf\":{\"@id\":\"https:\\\/\\\/bondvigilantes.com\\\/deutsch\\\/#website\"},\"primaryImageOfPage\":{\"@id\":\"https:\\\/\\\/bondvigilantes.com\\\/deutsch\\\/2022\\\/10\\\/europaische-kredittitel-vom-baren-zum-bullenmarkt\\\/#primaryimage\"},\"image\":{\"@id\":\"https:\\\/\\\/bondvigilantes.com\\\/deutsch\\\/2022\\\/10\\\/europaische-kredittitel-vom-baren-zum-bullenmarkt\\\/#primaryimage\"},\"thumbnailUrl\":\"https:\\\/\\\/bondvigilantes.com\\\/deutsch\\\/wp-content\\\/uploads\\\/sites\\\/3\\\/2022\\\/10\\\/europaische-kredittitel-vom-baren-zum-bullenmarkt.png\",\"datePublished\":\"2022-10-13T13:41:55+00:00\",\"dateModified\":\"2022-10-18T09:58:26+00:00\",\"author\":{\"@id\":\"https:\\\/\\\/bondvigilantes.com\\\/deutsch\\\/#\\\/schema\\\/person\\\/741c892caedb370f8f330d583cb00f2a\"},\"description\":\"In Kundengespr\u00e4chen in den letzten 2 Monaten habe ich es mehr als einmal gesagt: Der gegenw\u00e4rtige B\u00e4renmarkt scheint st\u00e4rker eingel\u00e4utet worden zu sein,\",\"breadcrumb\":{\"@id\":\"https:\\\/\\\/bondvigilantes.com\\\/deutsch\\\/2022\\\/10\\\/europaische-kredittitel-vom-baren-zum-bullenmarkt\\\/#breadcrumb\"},\"inLanguage\":\"de-DE\",\"potentialAction\":[{\"@type\":\"ReadAction\",\"target\":[\"https:\\\/\\\/bondvigilantes.com\\\/deutsch\\\/2022\\\/10\\\/europaische-kredittitel-vom-baren-zum-bullenmarkt\\\/\"]}]},{\"@type\":\"ImageObject\",\"inLanguage\":\"de-DE\",\"@id\":\"https:\\\/\\\/bondvigilantes.com\\\/deutsch\\\/2022\\\/10\\\/europaische-kredittitel-vom-baren-zum-bullenmarkt\\\/#primaryimage\",\"url\":\"https:\\\/\\\/bondvigilantes.com\\\/deutsch\\\/wp-content\\\/uploads\\\/sites\\\/3\\\/2022\\\/10\\\/europaische-kredittitel-vom-baren-zum-bullenmarkt.png\",\"contentUrl\":\"https:\\\/\\\/bondvigilantes.com\\\/deutsch\\\/wp-content\\\/uploads\\\/sites\\\/3\\\/2022\\\/10\\\/europaische-kredittitel-vom-baren-zum-bullenmarkt.png\",\"width\":1280,\"height\":720},{\"@type\":\"BreadcrumbList\",\"@id\":\"https:\\\/\\\/bondvigilantes.com\\\/deutsch\\\/2022\\\/10\\\/europaische-kredittitel-vom-baren-zum-bullenmarkt\\\/#breadcrumb\",\"itemListElement\":[{\"@type\":\"ListItem\",\"position\":1,\"name\":\"Home\",\"item\":\"https:\\\/\\\/bondvigilantes.com\\\/deutsch\\\/\"},{\"@type\":\"ListItem\",\"position\":2,\"name\":\"Europ\u00e4ische Kredittitel \u2013 vom B\u00e4ren- zum Bullenmarkt?\"}]},{\"@type\":\"WebSite\",\"@id\":\"https:\\\/\\\/bondvigilantes.com\\\/deutsch\\\/#website\",\"url\":\"https:\\\/\\\/bondvigilantes.com\\\/deutsch\\\/\",\"name\":\"Deutsch\",\"description\":\"M&amp;G\",\"potentialAction\":[{\"@type\":\"SearchAction\",\"target\":{\"@type\":\"EntryPoint\",\"urlTemplate\":\"https:\\\/\\\/bondvigilantes.com\\\/deutsch\\\/?s={search_term_string}\"},\"query-input\":{\"@type\":\"PropertyValueSpecification\",\"valueRequired\":true,\"valueName\":\"search_term_string\"}}],\"inLanguage\":\"de-DE\"},{\"@type\":\"Person\",\"@id\":\"https:\\\/\\\/bondvigilantes.com\\\/deutsch\\\/#\\\/schema\\\/person\\\/741c892caedb370f8f330d583cb00f2a\",\"name\":\"Gaurav Chatley\",\"image\":{\"@type\":\"ImageObject\",\"inLanguage\":\"de-DE\",\"@id\":\"https:\\\/\\\/secure.gravatar.com\\\/avatar\\\/a521cd6ef216eb063e3d636331592b8667875068085ce981de5b32264007e308?s=96&d=mm&r=g\",\"url\":\"https:\\\/\\\/secure.gravatar.com\\\/avatar\\\/a521cd6ef216eb063e3d636331592b8667875068085ce981de5b32264007e308?s=96&d=mm&r=g\",\"contentUrl\":\"https:\\\/\\\/secure.gravatar.com\\\/avatar\\\/a521cd6ef216eb063e3d636331592b8667875068085ce981de5b32264007e308?s=96&d=mm&r=g\",\"caption\":\"Gaurav Chatley\"},\"url\":\"https:\\\/\\\/bondvigilantes.com\\\/deutsch\\\/author\\\/gauravchatley\\\/\"}]}<\/script>\n<!-- \/ Yoast SEO Premium plugin. -->","yoast_head_json":{"title":"Europ\u00e4ische Kredittitel \u2013 vom B\u00e4ren- zum Bullenmarkt? - Deutsch","description":"In Kundengespr\u00e4chen in den letzten 2 Monaten habe ich es mehr als einmal gesagt: Der gegenw\u00e4rtige B\u00e4renmarkt scheint st\u00e4rker eingel\u00e4utet worden zu sein,","robots":{"index":"index","follow":"follow","max-snippet":"max-snippet:-1","max-image-preview":"max-image-preview:large","max-video-preview":"max-video-preview:-1"},"canonical":"https:\/\/bondvigilantes.com\/deutsch\/2022\/10\/europaische-kredittitel-vom-baren-zum-bullenmarkt\/","twitter_misc":{"Written by":"Gaurav Chatley","Est. reading time":"3 Minuten"},"schema":{"@context":"https:\/\/schema.org","@graph":[{"@type":"Article","@id":"https:\/\/bondvigilantes.com\/deutsch\/2022\/10\/europaische-kredittitel-vom-baren-zum-bullenmarkt\/#article","isPartOf":{"@id":"https:\/\/bondvigilantes.com\/deutsch\/2022\/10\/europaische-kredittitel-vom-baren-zum-bullenmarkt\/"},"author":{"name":"Gaurav Chatley","@id":"https:\/\/bondvigilantes.com\/deutsch\/#\/schema\/person\/741c892caedb370f8f330d583cb00f2a"},"headline":"Europ\u00e4ische Kredittitel \u2013 vom B\u00e4ren- zum Bullenmarkt?","datePublished":"2022-10-13T13:41:55+00:00","dateModified":"2022-10-18T09:58:26+00:00","mainEntityOfPage":{"@id":"https:\/\/bondvigilantes.com\/deutsch\/2022\/10\/europaische-kredittitel-vom-baren-zum-bullenmarkt\/"},"wordCount":628,"commentCount":0,"image":{"@id":"https:\/\/bondvigilantes.com\/deutsch\/2022\/10\/europaische-kredittitel-vom-baren-zum-bullenmarkt\/#primaryimage"},"thumbnailUrl":"https:\/\/bondvigilantes.com\/deutsch\/wp-content\/uploads\/sites\/3\/2022\/10\/europaische-kredittitel-vom-baren-zum-bullenmarkt.png","keywords":["Europ\u00e4ische Kredittitel"],"articleSection":["Kredit"],"inLanguage":"de-DE","potentialAction":[{"@type":"CommentAction","name":"Comment","target":["https:\/\/bondvigilantes.com\/deutsch\/2022\/10\/europaische-kredittitel-vom-baren-zum-bullenmarkt\/#respond"]}]},{"@type":"WebPage","@id":"https:\/\/bondvigilantes.com\/deutsch\/2022\/10\/europaische-kredittitel-vom-baren-zum-bullenmarkt\/","url":"https:\/\/bondvigilantes.com\/deutsch\/2022\/10\/europaische-kredittitel-vom-baren-zum-bullenmarkt\/","name":"Europ\u00e4ische Kredittitel \u2013 vom B\u00e4ren- zum Bullenmarkt? - Deutsch","isPartOf":{"@id":"https:\/\/bondvigilantes.com\/deutsch\/#website"},"primaryImageOfPage":{"@id":"https:\/\/bondvigilantes.com\/deutsch\/2022\/10\/europaische-kredittitel-vom-baren-zum-bullenmarkt\/#primaryimage"},"image":{"@id":"https:\/\/bondvigilantes.com\/deutsch\/2022\/10\/europaische-kredittitel-vom-baren-zum-bullenmarkt\/#primaryimage"},"thumbnailUrl":"https:\/\/bondvigilantes.com\/deutsch\/wp-content\/uploads\/sites\/3\/2022\/10\/europaische-kredittitel-vom-baren-zum-bullenmarkt.png","datePublished":"2022-10-13T13:41:55+00:00","dateModified":"2022-10-18T09:58:26+00:00","author":{"@id":"https:\/\/bondvigilantes.com\/deutsch\/#\/schema\/person\/741c892caedb370f8f330d583cb00f2a"},"description":"In Kundengespr\u00e4chen in den letzten 2 Monaten habe ich es mehr als einmal gesagt: Der gegenw\u00e4rtige B\u00e4renmarkt scheint st\u00e4rker eingel\u00e4utet worden zu sein,","breadcrumb":{"@id":"https:\/\/bondvigilantes.com\/deutsch\/2022\/10\/europaische-kredittitel-vom-baren-zum-bullenmarkt\/#breadcrumb"},"inLanguage":"de-DE","potentialAction":[{"@type":"ReadAction","target":["https:\/\/bondvigilantes.com\/deutsch\/2022\/10\/europaische-kredittitel-vom-baren-zum-bullenmarkt\/"]}]},{"@type":"ImageObject","inLanguage":"de-DE","@id":"https:\/\/bondvigilantes.com\/deutsch\/2022\/10\/europaische-kredittitel-vom-baren-zum-bullenmarkt\/#primaryimage","url":"https:\/\/bondvigilantes.com\/deutsch\/wp-content\/uploads\/sites\/3\/2022\/10\/europaische-kredittitel-vom-baren-zum-bullenmarkt.png","contentUrl":"https:\/\/bondvigilantes.com\/deutsch\/wp-content\/uploads\/sites\/3\/2022\/10\/europaische-kredittitel-vom-baren-zum-bullenmarkt.png","width":1280,"height":720},{"@type":"BreadcrumbList","@id":"https:\/\/bondvigilantes.com\/deutsch\/2022\/10\/europaische-kredittitel-vom-baren-zum-bullenmarkt\/#breadcrumb","itemListElement":[{"@type":"ListItem","position":1,"name":"Home","item":"https:\/\/bondvigilantes.com\/deutsch\/"},{"@type":"ListItem","position":2,"name":"Europ\u00e4ische Kredittitel \u2013 vom B\u00e4ren- zum Bullenmarkt?"}]},{"@type":"WebSite","@id":"https:\/\/bondvigilantes.com\/deutsch\/#website","url":"https:\/\/bondvigilantes.com\/deutsch\/","name":"Deutsch","description":"M&amp;G","potentialAction":[{"@type":"SearchAction","target":{"@type":"EntryPoint","urlTemplate":"https:\/\/bondvigilantes.com\/deutsch\/?s={search_term_string}"},"query-input":{"@type":"PropertyValueSpecification","valueRequired":true,"valueName":"search_term_string"}}],"inLanguage":"de-DE"},{"@type":"Person","@id":"https:\/\/bondvigilantes.com\/deutsch\/#\/schema\/person\/741c892caedb370f8f330d583cb00f2a","name":"Gaurav Chatley","image":{"@type":"ImageObject","inLanguage":"de-DE","@id":"https:\/\/secure.gravatar.com\/avatar\/a521cd6ef216eb063e3d636331592b8667875068085ce981de5b32264007e308?s=96&d=mm&r=g","url":"https:\/\/secure.gravatar.com\/avatar\/a521cd6ef216eb063e3d636331592b8667875068085ce981de5b32264007e308?s=96&d=mm&r=g","contentUrl":"https:\/\/secure.gravatar.com\/avatar\/a521cd6ef216eb063e3d636331592b8667875068085ce981de5b32264007e308?s=96&d=mm&r=g","caption":"Gaurav Chatley"},"url":"https:\/\/bondvigilantes.com\/deutsch\/author\/gauravchatley\/"}]}},"_links":{"self":[{"href":"https:\/\/bondvigilantes.com\/deutsch\/wp-json\/wp\/v2\/posts\/23306","targetHints":{"allow":["GET"]}}],"collection":[{"href":"https:\/\/bondvigilantes.com\/deutsch\/wp-json\/wp\/v2\/posts"}],"about":[{"href":"https:\/\/bondvigilantes.com\/deutsch\/wp-json\/wp\/v2\/types\/post"}],"author":[{"embeddable":true,"href":"https:\/\/bondvigilantes.com\/deutsch\/wp-json\/wp\/v2\/users\/203"}],"replies":[{"embeddable":true,"href":"https:\/\/bondvigilantes.com\/deutsch\/wp-json\/wp\/v2\/comments?post=23306"}],"version-history":[{"count":0,"href":"https:\/\/bondvigilantes.com\/deutsch\/wp-json\/wp\/v2\/posts\/23306\/revisions"}],"wp:featuredmedia":[{"embeddable":true,"href":"https:\/\/bondvigilantes.com\/deutsch\/wp-json\/wp\/v2\/media\/23309"}],"wp:attachment":[{"href":"https:\/\/bondvigilantes.com\/deutsch\/wp-json\/wp\/v2\/media?parent=23306"}],"wp:term":[{"taxonomy":"category","embeddable":true,"href":"https:\/\/bondvigilantes.com\/deutsch\/wp-json\/wp\/v2\/categories?post=23306"},{"taxonomy":"post_tag","embeddable":true,"href":"https:\/\/bondvigilantes.com\/deutsch\/wp-json\/wp\/v2\/tags?post=23306"}],"curies":[{"name":"wp","href":"https:\/\/api.w.org\/{rel}","templated":true}]}}