{"id":2870,"date":"2015-10-26T10:09:52","date_gmt":"2015-10-26T10:09:52","guid":{"rendered":"https:\/\/www.bondvigilantes.com\/deutsch\/?p=2870"},"modified":"2023-06-20T15:01:53","modified_gmt":"2023-06-20T15:01:53","slug":"iwfweltbank-anmerkungen-zum-herbsttreffen","status":"publish","type":"post","link":"https:\/\/bondvigilantes.com\/deutsch\/2015\/10\/iwfweltbank-anmerkungen-zum-herbsttreffen\/","title":{"rendered":"IWF\/Weltbank \u2013 Anmerkungen zum Herbsttreffen"},"content":{"rendered":"\n<p><a href=\"https:\/\/bondvigilantes.com\/deutsch\/blogger\/claudia-calich\/\">Claudia<\/a> und ich waren k\u00fcrzlich in Lima, beim j\u00e4hrlichen Treffen des IWF und der Weltbank. Es war angesichts des Gastgeberlandes und der Geschichte dieser Zusammenk\u00fcnfte wenig \u00fcberraschend, dass sich die Mehrheit der Sitzungen um die Schwellenm\u00e4rkte und insbesondere Lateinamerika drehten. Claudia wird demn\u00e4chst eine Reihe mehr detaillierter Blogs zu den von ihr besuchten LATAM-L\u00e4ndern ver\u00f6ffentlichen, weshalb ich mich hier auf globale Aspekte konzentriere.<\/p>\n\n\n\n<p>Der IWF prognostiziert f\u00fcr dieses Jahr ein weltweites Wachstum (3,1%), das leicht unter der letztj\u00e4hrigen Wachstumsrate liegt, sich aber dann in 2016 auf 3,6% steigert. In diesem Rahmen geht der IWF von einem verbesserten Wachstum in der entwickelten Welt und einer anhaltenden Verlangsamung in den Schwellenm\u00e4rkten aus. Die Gr\u00fcnde f\u00fcr die konjunkturelle Abk\u00fchlung in den Schwellenm\u00e4rkten sind laut IWF vielf\u00e4ltig, doch im Mittelpunkt fast aller Diskussionen standen die Entwicklungen in China.<\/p>\n\n\n\n<p>Das chinesische Expansionstempo verlangsamt sich, doch belaufen sich die Wachstumserwartungen f\u00fcr dieses und n\u00e4chstes Jahr immer noch auf 6,8% bzw. 6,3%. Abgesehen von Indien w\u00fcrden Sie ziemliche Probleme haben, ein gro\u00dfes Land mit besseren Wachstumsprognosen zu finden. Die eigentliche Geschichte ist, wie dieses Wachstum erreicht wird. China scheint sich von einer Volkswirtschaft mit Schwerpunkt auf Investments und Konstruktion (mit dem damit einhergehenden Hunger auf Rohstoffe) zu einem Land zu entwickeln, wo die inl\u00e4ndische Nachfrage und der Verbrauch eine gr\u00f6\u00dfere Rolle im Wirtschaftswachstum spielen (wie wir in der Vergangenheit <strong><a href=\"https:\/\/bondvigilantes.com\/blog\/2021\/12\/24\/chinas-investmentgdp-ratio-soars-to-a-totally-unsustainable-54-4-be-afraid\/\">hier<\/a><\/strong> und <strong><a href=\"https:\/\/bondvigilantes.com\/blog\/2021\/12\/20\/the-professor-michael-pettis-china-forecast-3-4-real-growth-on-average-for-the-next-decade-and-that-would-be-a-good-result\/\">hier<\/a><\/strong> besprochen haben).<\/p>\n\n\n<div class=\"wp-block-image\">\n<figure class=\"aligncenter size-full\"><a href=\"https:\/\/bondvigilantes.com\/deutsch\/wp-content\/uploads\/sites\/3\/2021\/12\/2015-10-blog-MRu.pptx_en-GB_de-DE.png\" data-rel=\"lightbox-image-0\" data-rl_title=\"\" data-rl_caption=\"\" title=\"\"><img loading=\"lazy\" decoding=\"async\" width=\"960\" height=\"720\" src=\"https:\/\/bondvigilantes.com\/deutsch\/wp-content\/uploads\/sites\/3\/2021\/12\/2015-10-blog-MRu.pptx_en-GB_de-DE.png\" alt=\"\" class=\"wp-image-7622\" srcset=\"https:\/\/bondvigilantes.com\/deutsch\/wp-content\/uploads\/sites\/3\/2021\/12\/2015-10-blog-MRu.pptx_en-GB_de-DE.png 960w, https:\/\/bondvigilantes.com\/deutsch\/wp-content\/uploads\/sites\/3\/2021\/12\/2015-10-blog-MRu.pptx_en-GB_de-DE-300x225.png 300w, https:\/\/bondvigilantes.com\/deutsch\/wp-content\/uploads\/sites\/3\/2021\/12\/2015-10-blog-MRu.pptx_en-GB_de-DE-768x576.png 768w\" sizes=\"auto, (max-width: 960px) 100vw, 960px\" \/><\/a><\/figure>\n<\/div>\n\n\n<p>Es war zu erwarten, dass dies irgendwann passieren wird. Die wachsende Mittelschicht sollte ab einem bestimmten Zeitpunkt ihren neuen Reichtum zu genie\u00dfen anfangen. Wer in den letzten beiden Jahren einmal in Beijing gewesen ist, dem wird die wachsende Zahl an neuen Luxusboutiquen nicht entgangen sein. Ich hatte M\u00fche, eine Krawatte f\u00fcr weniger als \u00a3100 zu finden und ich war <strong><a href=\"https:\/\/bondvigilantes.com\/deutsch\/2021\/12\/27\/research-trip-nach-china-ein-blick-auf-den-immobilienmarkt-und-den-schattenbanken-sektor-china\/\">letztes Jahr<\/a><\/strong> dort.<\/p>\n\n\n\n<p>Die Auswirkungen der niedrigeren Importe nach China sind<strong> <a href=\"https:\/\/bondvigilantes.com\/blog\/2021\/12\/01\/if-chinas-economy-rebalances-and-growth-slows-as-it-surely-must-then-whos-screwed\/\">vor allem in anderen Teilen Asiens und S\u00fcdamerikas<\/a><\/strong> zu sp\u00fcren, da die Einnahmen dieser L\u00e4nder zu einem gro\u00dfen Teil von Rohstoffexporten abh\u00e4ngen.<\/p>\n\n\n\n<p>Der IWF gab zu, dass die Auswirkungen auf andere L\u00e4nder in Asien unerwartet einschneidend waren und Asien neue Antriebskr\u00e4fte f\u00fcr das Wirtschaftswachstum ausfindig machen m\u00fcsse \u2013 die exportorientierten Wachstumsstrategien haben an Dampf verloren. Die Abwertung einiger W\u00e4hrungen in der Region war \u201eangemessen und hilfreich&#8220;, doch muss mehr getan werden. Die Empfehlung war, dass die Regierungen in der Region ihre Infrastruktur verbessern, die Flexibilit\u00e4t des Arbeitsmarktes steigern und die Rechtsstaatlichkeit st\u00e4rken sollten.<\/p>\n\n\n<div class=\"wp-block-image\">\n<figure class=\"aligncenter size-full\"><a href=\"https:\/\/bondvigilantes.com\/deutsch\/wp-content\/uploads\/sites\/3\/2021\/12\/2015-10-blog-MRu.pptx_en-GB_de-DE-2.png\" data-rel=\"lightbox-image-1\" data-rl_title=\"\" data-rl_caption=\"\" title=\"\"><img loading=\"lazy\" decoding=\"async\" width=\"960\" height=\"720\" src=\"https:\/\/bondvigilantes.com\/deutsch\/wp-content\/uploads\/sites\/3\/2021\/12\/2015-10-blog-MRu.pptx_en-GB_de-DE-2.png\" alt=\"\" class=\"wp-image-7621\" srcset=\"https:\/\/bondvigilantes.com\/deutsch\/wp-content\/uploads\/sites\/3\/2021\/12\/2015-10-blog-MRu.pptx_en-GB_de-DE-2.png 960w, https:\/\/bondvigilantes.com\/deutsch\/wp-content\/uploads\/sites\/3\/2021\/12\/2015-10-blog-MRu.pptx_en-GB_de-DE-2-300x225.png 300w, https:\/\/bondvigilantes.com\/deutsch\/wp-content\/uploads\/sites\/3\/2021\/12\/2015-10-blog-MRu.pptx_en-GB_de-DE-2-768x576.png 768w\" sizes=\"auto, (max-width: 960px) 100vw, 960px\" \/><\/a><\/figure>\n<\/div>\n\n\n<p>Meine Haupterkenntnis der Reise nach Peru war, dass die schw\u00e4chere globale Rohstoffnachfrage und das Schreckgespenst einer h\u00f6heren Inflation bei einigen bisher erfolgreichen L\u00e4ndern zu Stagflation f\u00fchren k\u00f6nnten. Werden Leistungsbilanzdefizite, politischer Populismus und schwache Produktivit\u00e4t nicht angegangen, so k\u00f6nnen die existierenden Probleme in einigen L\u00e4ndern andere Staaten in der Region anstecken.<\/p>\n\n\n\n<p>Sitzungen mit den Themen Europa\/USA hatten bei der diesj\u00e4hrigen Tagung in Lima Seltenheitswert, was ich als ein eher positives Zeichen sehen w\u00fcrde. Ich sollte allerdings darauf hinweisen, dass diese Treffen traditionell Schwellenl\u00e4nder betonen und ein Schwerpunkt auf Themen der Industrienationen nicht zu erwarten sein sollten. Dessen ungeachtet haben gro\u00dfe Probleme in der entwickelten Welt die Tendenz, sich in die Diskussionen zu dr\u00e4ngeln. Beispielsweise wurde mir gesagt, dass sich die Debatten beim Fr\u00fchjahrstreffen um Griechenland drehten.<\/p>\n\n\n\n<p>Die Sitzungen zu den USA, an denen ich teilnahm, besch\u00e4ftigten sich prim\u00e4r mit den bevorstehenden Pr\u00e4sidentschaftswahlen bzw. der Kandidatenauswahl der Parteien. Mein allgemeiner Eindruck war der einer robusten Wirtschaftsentwicklung: Alles l\u00e4uft gut und die Prognosen der n\u00e4chsten Zinserh\u00f6hung geraten zum Langweiler. Es gibt eigentlich nicht viel zu besprechen.<\/p>\n\n\n\n<p>In Europa herrscht das Gef\u00fchl vor, dass die j\u00fcngsten Hauptantriebskr\u00e4fte der Volatilit\u00e4t erst einmal in den Hintergrund getreten sind und die Situation in Griechenland bzw. der Konflikt zwischen Russland und der Ukraine im Augenblick weniger Risiken b\u00fcrgen als noch vor nicht allzu langer Zeit. Ich bin mir nicht so sicher, dass das Risiko einer wirklich schlechten Entwicklung abgenommen hat, doch ist es ohne Frage offensichtlich, dass Risiko an den M\u00e4rkten eine weniger dominante Rolle spielt.<\/p>\n\n\n\n<p>Der IWF wies allerdings dennoch auf einige Risiken f\u00fcr Europa hin: die (erneut) nachlassende Nachfrage aus China und die immer noch hohe Zahl an Not leidenden Krediten in den Bankbilanzen. Der IWF ging sogar so weit zu sagen, dass die gegenw\u00e4rtige Konjunkturerholung wahrscheinlich nicht l\u00e4nger als 18 Monate anhalten wird, sollte f\u00fcr das Problem der Not leidenden Kredite keine L\u00f6sung gefunden werden. Die Organisation ist der Ansicht, dass wir uns auf weitere geldpolitische Lockerungsma\u00dfnahmen der EZB gefasst machen m\u00fcssen, welche insgesamt in Europa bis dato erfolgreicher waren als in den USA oder Japan. Die Laufzeitpr\u00e4mien sind hier deutlich mehr gefallen.&nbsp; Ein erfreulicher Lichtblick ist die verbesserte Erwerbsquote im Arbeitsmarkt. Sie bedeutet, dass eine Arbeitslosenquote von 10% nicht so tragisch ist, wie es sich zun\u00e4chst anh\u00f6rt. Der IWF deutete zudem auf die Notwendigkeit f\u00fcr strukturelle Reformen in der Eurozone, da das potenzielle Wachstum zu niedrig sei.<\/p>\n\n\n\n<p>Ich gebe zu, dass ich hier mit einem groben Pinsel gemalt habe. In jeder Wirtschaftsregion gibt es L\u00e4nder, die sich mit anderen Herausforderungen und Gelegenheiten konfrontiert sehen. Nichtsdestotrotz zogen sich einige Themen wie ein roter Faden durch meine Reise. Zum einen sind strukturelle Reformen und eine verbesserte Produktivit\u00e4t weltweit notwendig, zum anderen werden uns die gegenw\u00e4rtigen Ver\u00e4nderungen in China erhalten bleiben. Dies gesagt, stimme ich mit Christine Lagarde \u2013 Managing Director des IWF \u2013 \u00fcberein, wenn sie sagt, dass die Ver\u00e4nderungen der chinesischen Wirtschaft positiv sind und langfristig auch f\u00fcr den Rest der Welt von Vorteil.<\/p>\n","protected":false},"excerpt":{"rendered":"<p>Claudia und ich waren k\u00fcrzlich in Lima, beim j\u00e4hrlichen Treffen des IWF und der Weltbank. Es war angesichts des Gastgeberlandes und der Geschichte dieser Zusammenk\u00fcnfte wenig \u00fcberraschend, dass sich die Mehrheit der Sitzungen um die Schwellenm\u00e4rkte und insbesondere Lateinamerika drehten. Claudia wird demn\u00e4chst eine Reihe mehr detaillierter Blogs zu den von ihr besuchten LATAM-L\u00e4ndern ver\u00f6ffentlichen, weshalb ich mich hier auf globale Aspekte konzentriere. Der IWF prognostiziert f\u00fcr dieses Jahr ein weltweites Wachstum (3,1%), das leicht unter der letztj\u00e4hrigen Wachstumsrate liegt, sich aber dann in 2016&#8230;<\/p>\n","protected":false},"author":187,"featured_media":2886,"comment_status":"open","ping_status":"closed","sticky":false,"template":"","format":"standard","meta":{"_acf_changed":false,"footnotes":""},"categories":[13,35],"tags":[64,216],"class_list":["post-2870","post","type-post","status-publish","format-standard","has-post-thumbnail","hentry","category-lander","category-wirtschaftswachstum","tag-iwf","tag-makrookonomie-und-politik"],"acf":[],"yoast_head":"<!-- This site is optimized with the Yoast SEO Premium plugin v25.8 (Yoast SEO v27.4) - https:\/\/yoast.com\/product\/yoast-seo-premium-wordpress\/ -->\n<title>IWF\/Weltbank \u2013 Anmerkungen zum Herbsttreffen - Deutsch<\/title>\n<meta name=\"description\" content=\"Claudia und ich waren k\u00fcrzlich in Lima, beim j\u00e4hrlichen Treffen des IWF und der Weltbank. Es war angesichts des Gastgeberlandes und der Geschichte dieser\" \/>\n<meta name=\"robots\" content=\"index, follow, max-snippet:-1, max-image-preview:large, max-video-preview:-1\" \/>\n<link rel=\"canonical\" href=\"https:\/\/bondvigilantes.com\/deutsch\/2015\/10\/iwfweltbank-anmerkungen-zum-herbsttreffen\/\" \/>\n<meta name=\"twitter:label1\" content=\"Written by\" \/>\n\t<meta name=\"twitter:data1\" content=\"Matthew Russell\" \/>\n\t<meta name=\"twitter:label2\" content=\"Est. reading time\" \/>\n\t<meta name=\"twitter:data2\" content=\"5 Minuten\" \/>\n<script type=\"application\/ld+json\" class=\"yoast-schema-graph\">{\"@context\":\"https:\\\/\\\/schema.org\",\"@graph\":[{\"@type\":\"Article\",\"@id\":\"https:\\\/\\\/bondvigilantes.com\\\/deutsch\\\/2015\\\/10\\\/iwfweltbank-anmerkungen-zum-herbsttreffen\\\/#article\",\"isPartOf\":{\"@id\":\"https:\\\/\\\/bondvigilantes.com\\\/deutsch\\\/2015\\\/10\\\/iwfweltbank-anmerkungen-zum-herbsttreffen\\\/\"},\"author\":{\"name\":\"Matthew Russell\",\"@id\":\"https:\\\/\\\/bondvigilantes.com\\\/deutsch\\\/#\\\/schema\\\/person\\\/c1d71fd07fb0856453e47210ef3db976\"},\"headline\":\"IWF\\\/Weltbank \u2013 Anmerkungen zum Herbsttreffen\",\"datePublished\":\"2015-10-26T10:09:52+00:00\",\"dateModified\":\"2023-06-20T15:01:53+00:00\",\"mainEntityOfPage\":{\"@id\":\"https:\\\/\\\/bondvigilantes.com\\\/deutsch\\\/2015\\\/10\\\/iwfweltbank-anmerkungen-zum-herbsttreffen\\\/\"},\"wordCount\":954,\"commentCount\":0,\"image\":{\"@id\":\"https:\\\/\\\/bondvigilantes.com\\\/deutsch\\\/2015\\\/10\\\/iwfweltbank-anmerkungen-zum-herbsttreffen\\\/#primaryimage\"},\"thumbnailUrl\":\"https:\\\/\\\/bondvigilantes.com\\\/deutsch\\\/wp-content\\\/uploads\\\/sites\\\/3\\\/2021\\\/12\\\/2015-10-blog-MRu.pptx_en-GB_de-DE.png\",\"keywords\":[\"IWF\",\"Makro\u00f6konomie und Politik\"],\"articleSection\":[\"L\u00e4nder\",\"Wirtschaftswachstum\"],\"inLanguage\":\"de-DE\",\"potentialAction\":[{\"@type\":\"CommentAction\",\"name\":\"Comment\",\"target\":[\"https:\\\/\\\/bondvigilantes.com\\\/deutsch\\\/2015\\\/10\\\/iwfweltbank-anmerkungen-zum-herbsttreffen\\\/#respond\"]}]},{\"@type\":\"WebPage\",\"@id\":\"https:\\\/\\\/bondvigilantes.com\\\/deutsch\\\/2015\\\/10\\\/iwfweltbank-anmerkungen-zum-herbsttreffen\\\/\",\"url\":\"https:\\\/\\\/bondvigilantes.com\\\/deutsch\\\/2015\\\/10\\\/iwfweltbank-anmerkungen-zum-herbsttreffen\\\/\",\"name\":\"IWF\\\/Weltbank \u2013 Anmerkungen zum Herbsttreffen - Deutsch\",\"isPartOf\":{\"@id\":\"https:\\\/\\\/bondvigilantes.com\\\/deutsch\\\/#website\"},\"primaryImageOfPage\":{\"@id\":\"https:\\\/\\\/bondvigilantes.com\\\/deutsch\\\/2015\\\/10\\\/iwfweltbank-anmerkungen-zum-herbsttreffen\\\/#primaryimage\"},\"image\":{\"@id\":\"https:\\\/\\\/bondvigilantes.com\\\/deutsch\\\/2015\\\/10\\\/iwfweltbank-anmerkungen-zum-herbsttreffen\\\/#primaryimage\"},\"thumbnailUrl\":\"https:\\\/\\\/bondvigilantes.com\\\/deutsch\\\/wp-content\\\/uploads\\\/sites\\\/3\\\/2021\\\/12\\\/2015-10-blog-MRu.pptx_en-GB_de-DE.png\",\"datePublished\":\"2015-10-26T10:09:52+00:00\",\"dateModified\":\"2023-06-20T15:01:53+00:00\",\"author\":{\"@id\":\"https:\\\/\\\/bondvigilantes.com\\\/deutsch\\\/#\\\/schema\\\/person\\\/c1d71fd07fb0856453e47210ef3db976\"},\"description\":\"Claudia und ich waren k\u00fcrzlich in Lima, beim j\u00e4hrlichen Treffen des IWF und der Weltbank. Es war angesichts des Gastgeberlandes und der Geschichte dieser\",\"breadcrumb\":{\"@id\":\"https:\\\/\\\/bondvigilantes.com\\\/deutsch\\\/2015\\\/10\\\/iwfweltbank-anmerkungen-zum-herbsttreffen\\\/#breadcrumb\"},\"inLanguage\":\"de-DE\",\"potentialAction\":[{\"@type\":\"ReadAction\",\"target\":[\"https:\\\/\\\/bondvigilantes.com\\\/deutsch\\\/2015\\\/10\\\/iwfweltbank-anmerkungen-zum-herbsttreffen\\\/\"]}]},{\"@type\":\"ImageObject\",\"inLanguage\":\"de-DE\",\"@id\":\"https:\\\/\\\/bondvigilantes.com\\\/deutsch\\\/2015\\\/10\\\/iwfweltbank-anmerkungen-zum-herbsttreffen\\\/#primaryimage\",\"url\":\"https:\\\/\\\/bondvigilantes.com\\\/deutsch\\\/wp-content\\\/uploads\\\/sites\\\/3\\\/2021\\\/12\\\/2015-10-blog-MRu.pptx_en-GB_de-DE.png\",\"contentUrl\":\"https:\\\/\\\/bondvigilantes.com\\\/deutsch\\\/wp-content\\\/uploads\\\/sites\\\/3\\\/2021\\\/12\\\/2015-10-blog-MRu.pptx_en-GB_de-DE.png\",\"width\":960,\"height\":720},{\"@type\":\"BreadcrumbList\",\"@id\":\"https:\\\/\\\/bondvigilantes.com\\\/deutsch\\\/2015\\\/10\\\/iwfweltbank-anmerkungen-zum-herbsttreffen\\\/#breadcrumb\",\"itemListElement\":[{\"@type\":\"ListItem\",\"position\":1,\"name\":\"Home\",\"item\":\"https:\\\/\\\/bondvigilantes.com\\\/deutsch\\\/\"},{\"@type\":\"ListItem\",\"position\":2,\"name\":\"IWF\\\/Weltbank \u2013 Anmerkungen zum Herbsttreffen\"}]},{\"@type\":\"WebSite\",\"@id\":\"https:\\\/\\\/bondvigilantes.com\\\/deutsch\\\/#website\",\"url\":\"https:\\\/\\\/bondvigilantes.com\\\/deutsch\\\/\",\"name\":\"Deutsch\",\"description\":\"M&amp;G\",\"potentialAction\":[{\"@type\":\"SearchAction\",\"target\":{\"@type\":\"EntryPoint\",\"urlTemplate\":\"https:\\\/\\\/bondvigilantes.com\\\/deutsch\\\/?s={search_term_string}\"},\"query-input\":{\"@type\":\"PropertyValueSpecification\",\"valueRequired\":true,\"valueName\":\"search_term_string\"}}],\"inLanguage\":\"de-DE\"},{\"@type\":\"Person\",\"@id\":\"https:\\\/\\\/bondvigilantes.com\\\/deutsch\\\/#\\\/schema\\\/person\\\/c1d71fd07fb0856453e47210ef3db976\",\"name\":\"Matthew Russell\",\"image\":{\"@type\":\"ImageObject\",\"inLanguage\":\"de-DE\",\"@id\":\"https:\\\/\\\/secure.gravatar.com\\\/avatar\\\/afb381c484add78d39a200dcf11de68be2f198653d74f46f5bdc6cf52709a6c2?s=96&d=mm&r=g\",\"url\":\"https:\\\/\\\/secure.gravatar.com\\\/avatar\\\/afb381c484add78d39a200dcf11de68be2f198653d74f46f5bdc6cf52709a6c2?s=96&d=mm&r=g\",\"contentUrl\":\"https:\\\/\\\/secure.gravatar.com\\\/avatar\\\/afb381c484add78d39a200dcf11de68be2f198653d74f46f5bdc6cf52709a6c2?s=96&d=mm&r=g\",\"caption\":\"Matthew Russell\"},\"url\":\"https:\\\/\\\/bondvigilantes.com\\\/deutsch\\\/author\\\/matthewrussellnew\\\/\"}]}<\/script>\n<!-- \/ Yoast SEO Premium plugin. -->","yoast_head_json":{"title":"IWF\/Weltbank \u2013 Anmerkungen zum Herbsttreffen - Deutsch","description":"Claudia und ich waren k\u00fcrzlich in Lima, beim j\u00e4hrlichen Treffen des IWF und der Weltbank. Es war angesichts des Gastgeberlandes und der Geschichte dieser","robots":{"index":"index","follow":"follow","max-snippet":"max-snippet:-1","max-image-preview":"max-image-preview:large","max-video-preview":"max-video-preview:-1"},"canonical":"https:\/\/bondvigilantes.com\/deutsch\/2015\/10\/iwfweltbank-anmerkungen-zum-herbsttreffen\/","twitter_misc":{"Written by":"Matthew Russell","Est. reading time":"5 Minuten"},"schema":{"@context":"https:\/\/schema.org","@graph":[{"@type":"Article","@id":"https:\/\/bondvigilantes.com\/deutsch\/2015\/10\/iwfweltbank-anmerkungen-zum-herbsttreffen\/#article","isPartOf":{"@id":"https:\/\/bondvigilantes.com\/deutsch\/2015\/10\/iwfweltbank-anmerkungen-zum-herbsttreffen\/"},"author":{"name":"Matthew Russell","@id":"https:\/\/bondvigilantes.com\/deutsch\/#\/schema\/person\/c1d71fd07fb0856453e47210ef3db976"},"headline":"IWF\/Weltbank \u2013 Anmerkungen zum Herbsttreffen","datePublished":"2015-10-26T10:09:52+00:00","dateModified":"2023-06-20T15:01:53+00:00","mainEntityOfPage":{"@id":"https:\/\/bondvigilantes.com\/deutsch\/2015\/10\/iwfweltbank-anmerkungen-zum-herbsttreffen\/"},"wordCount":954,"commentCount":0,"image":{"@id":"https:\/\/bondvigilantes.com\/deutsch\/2015\/10\/iwfweltbank-anmerkungen-zum-herbsttreffen\/#primaryimage"},"thumbnailUrl":"https:\/\/bondvigilantes.com\/deutsch\/wp-content\/uploads\/sites\/3\/2021\/12\/2015-10-blog-MRu.pptx_en-GB_de-DE.png","keywords":["IWF","Makro\u00f6konomie und Politik"],"articleSection":["L\u00e4nder","Wirtschaftswachstum"],"inLanguage":"de-DE","potentialAction":[{"@type":"CommentAction","name":"Comment","target":["https:\/\/bondvigilantes.com\/deutsch\/2015\/10\/iwfweltbank-anmerkungen-zum-herbsttreffen\/#respond"]}]},{"@type":"WebPage","@id":"https:\/\/bondvigilantes.com\/deutsch\/2015\/10\/iwfweltbank-anmerkungen-zum-herbsttreffen\/","url":"https:\/\/bondvigilantes.com\/deutsch\/2015\/10\/iwfweltbank-anmerkungen-zum-herbsttreffen\/","name":"IWF\/Weltbank \u2013 Anmerkungen zum Herbsttreffen - Deutsch","isPartOf":{"@id":"https:\/\/bondvigilantes.com\/deutsch\/#website"},"primaryImageOfPage":{"@id":"https:\/\/bondvigilantes.com\/deutsch\/2015\/10\/iwfweltbank-anmerkungen-zum-herbsttreffen\/#primaryimage"},"image":{"@id":"https:\/\/bondvigilantes.com\/deutsch\/2015\/10\/iwfweltbank-anmerkungen-zum-herbsttreffen\/#primaryimage"},"thumbnailUrl":"https:\/\/bondvigilantes.com\/deutsch\/wp-content\/uploads\/sites\/3\/2021\/12\/2015-10-blog-MRu.pptx_en-GB_de-DE.png","datePublished":"2015-10-26T10:09:52+00:00","dateModified":"2023-06-20T15:01:53+00:00","author":{"@id":"https:\/\/bondvigilantes.com\/deutsch\/#\/schema\/person\/c1d71fd07fb0856453e47210ef3db976"},"description":"Claudia und ich waren k\u00fcrzlich in Lima, beim j\u00e4hrlichen Treffen des IWF und der Weltbank. Es war angesichts des Gastgeberlandes und der Geschichte dieser","breadcrumb":{"@id":"https:\/\/bondvigilantes.com\/deutsch\/2015\/10\/iwfweltbank-anmerkungen-zum-herbsttreffen\/#breadcrumb"},"inLanguage":"de-DE","potentialAction":[{"@type":"ReadAction","target":["https:\/\/bondvigilantes.com\/deutsch\/2015\/10\/iwfweltbank-anmerkungen-zum-herbsttreffen\/"]}]},{"@type":"ImageObject","inLanguage":"de-DE","@id":"https:\/\/bondvigilantes.com\/deutsch\/2015\/10\/iwfweltbank-anmerkungen-zum-herbsttreffen\/#primaryimage","url":"https:\/\/bondvigilantes.com\/deutsch\/wp-content\/uploads\/sites\/3\/2021\/12\/2015-10-blog-MRu.pptx_en-GB_de-DE.png","contentUrl":"https:\/\/bondvigilantes.com\/deutsch\/wp-content\/uploads\/sites\/3\/2021\/12\/2015-10-blog-MRu.pptx_en-GB_de-DE.png","width":960,"height":720},{"@type":"BreadcrumbList","@id":"https:\/\/bondvigilantes.com\/deutsch\/2015\/10\/iwfweltbank-anmerkungen-zum-herbsttreffen\/#breadcrumb","itemListElement":[{"@type":"ListItem","position":1,"name":"Home","item":"https:\/\/bondvigilantes.com\/deutsch\/"},{"@type":"ListItem","position":2,"name":"IWF\/Weltbank \u2013 Anmerkungen zum Herbsttreffen"}]},{"@type":"WebSite","@id":"https:\/\/bondvigilantes.com\/deutsch\/#website","url":"https:\/\/bondvigilantes.com\/deutsch\/","name":"Deutsch","description":"M&amp;G","potentialAction":[{"@type":"SearchAction","target":{"@type":"EntryPoint","urlTemplate":"https:\/\/bondvigilantes.com\/deutsch\/?s={search_term_string}"},"query-input":{"@type":"PropertyValueSpecification","valueRequired":true,"valueName":"search_term_string"}}],"inLanguage":"de-DE"},{"@type":"Person","@id":"https:\/\/bondvigilantes.com\/deutsch\/#\/schema\/person\/c1d71fd07fb0856453e47210ef3db976","name":"Matthew Russell","image":{"@type":"ImageObject","inLanguage":"de-DE","@id":"https:\/\/secure.gravatar.com\/avatar\/afb381c484add78d39a200dcf11de68be2f198653d74f46f5bdc6cf52709a6c2?s=96&d=mm&r=g","url":"https:\/\/secure.gravatar.com\/avatar\/afb381c484add78d39a200dcf11de68be2f198653d74f46f5bdc6cf52709a6c2?s=96&d=mm&r=g","contentUrl":"https:\/\/secure.gravatar.com\/avatar\/afb381c484add78d39a200dcf11de68be2f198653d74f46f5bdc6cf52709a6c2?s=96&d=mm&r=g","caption":"Matthew Russell"},"url":"https:\/\/bondvigilantes.com\/deutsch\/author\/matthewrussellnew\/"}]}},"_links":{"self":[{"href":"https:\/\/bondvigilantes.com\/deutsch\/wp-json\/wp\/v2\/posts\/2870","targetHints":{"allow":["GET"]}}],"collection":[{"href":"https:\/\/bondvigilantes.com\/deutsch\/wp-json\/wp\/v2\/posts"}],"about":[{"href":"https:\/\/bondvigilantes.com\/deutsch\/wp-json\/wp\/v2\/types\/post"}],"author":[{"embeddable":true,"href":"https:\/\/bondvigilantes.com\/deutsch\/wp-json\/wp\/v2\/users\/187"}],"replies":[{"embeddable":true,"href":"https:\/\/bondvigilantes.com\/deutsch\/wp-json\/wp\/v2\/comments?post=2870"}],"version-history":[{"count":0,"href":"https:\/\/bondvigilantes.com\/deutsch\/wp-json\/wp\/v2\/posts\/2870\/revisions"}],"wp:featuredmedia":[{"embeddable":true,"href":"https:\/\/bondvigilantes.com\/deutsch\/wp-json\/wp\/v2\/media\/2886"}],"wp:attachment":[{"href":"https:\/\/bondvigilantes.com\/deutsch\/wp-json\/wp\/v2\/media?parent=2870"}],"wp:term":[{"taxonomy":"category","embeddable":true,"href":"https:\/\/bondvigilantes.com\/deutsch\/wp-json\/wp\/v2\/categories?post=2870"},{"taxonomy":"post_tag","embeddable":true,"href":"https:\/\/bondvigilantes.com\/deutsch\/wp-json\/wp\/v2\/tags?post=2870"}],"curies":[{"name":"wp","href":"https:\/\/api.w.org\/{rel}","templated":true}]}}