{"id":3568,"date":"2016-09-23T14:27:35","date_gmt":"2016-09-23T14:27:35","guid":{"rendered":"https:\/\/www.bondvigilantes.com\/deutsch\/?p=3568"},"modified":"2023-02-16T11:51:06","modified_gmt":"2023-02-16T11:51:06","slug":"der-bestseller-in-frankreich-economie-du-bien-commun","status":"publish","type":"post","link":"https:\/\/bondvigilantes.com\/deutsch\/2016\/09\/der-bestseller-in-frankreich-economie-du-bien-commun\/","title":{"rendered":"Der Bestseller in Frankreich. \u00c9conomie du Bien Commun &#8211; Eine Rezension"},"content":{"rendered":"<p><a href=\"https:\/\/bondvigilantes.com\/deutsch\/wp-content\/uploads\/sites\/3\/2021\/12\/740_1_cover-208x300-1.jpg\" data-rel=\"lightbox-image-0\" data-rl_title=\"\" data-rl_caption=\"\" title=\"\"><img loading=\"lazy\" decoding=\"async\" class=\"wp-image-13987 size-medium alignleft\" src=\"https:\/\/bondvigilantes.com\/deutsch\/wp-content\/uploads\/sites\/3\/2021\/12\/740_1_cover-208x300-1.jpg\" alt=\"cover\" width=\"208\" height=\"300\"><\/a> W\u00e4hrend meines Urlaubs im August las ich das Buch, das die politische und wirtschaftliche Landschaft Frankreichs im Sturm erobert hat (nein, es ist nicht \u201eCapital&#8220; von Thomas Piketty). Der \u00d6konom und Nobelpreistr\u00e4ger Jean Tirole hat ein Buch mit dem Titel \u201e\u00c9conomie du Bien Commun\u201d (oder \u201eWirtschaft f\u00fcr das Allgemeinwohl&#8220;) geschrieben. Dieses Buch nutzt eine einfache Sprache und versucht, eine gro\u00dfe Leserschaft anzusprechen, einschlie\u00dflich Leser mit nur geringen Wirtschaftskenntnissen. Es ist eine leichte Lekt\u00fcre: In 17 Kapiteln und \u00fcber 600 Seiten behandelt Tirole so ziemlich jedes Thema, mit dem sich die franz\u00f6sische Wirtschaft aktuell herumschl\u00e4gt, vom Klimawandel \u00fcber die Herausforderungen der Europ\u00e4ischen Union bis hin zur Digitalwirtschaft.<\/p>\n<p>Der f\u00fcr mich relevanteste Teil des Buches ist Tiroles klare Meinung zum franz\u00f6sischen Arbeitsmarkt. Nationale Sicherheit und Arbeitslosigkeit werden bei der franz\u00f6sischen Pr\u00e4sidentschaftswahl im Mai 2017 die zwei wichtigsten Themen sein. Ersteres kam verst\u00e4ndlicherweise auf die Agenda, weil das Land seit einigen Jahren immer wieder Zielscheibe f\u00fcr gr\u00f6\u00dfere Terrorattacken ist. Arbeitslosigkeit ist jedoch nun schon <strong><a href=\"https:\/\/bondvigilantes.com\/blog\/2021\/12\/18\/french-government-push-tax-labour-market-reforms\/\" target=\"_blank\" rel=\"noopener\">seit 40 Jahren ein strukturelles Problem<\/a><\/strong>.<\/p>\n<p>Tirole spricht Klartext: Er argumentiert, dass sich Frankreichs historisch hohe Arbeitslosenquote nicht aus den ung\u00fcnstigen Einfl\u00fcssen der globalen Marktwirtschaft ergibt \u2013 eine weitverbreitete und praktische Erkl\u00e4rung von franz\u00f6sischen Politikern \u2013, sondern eher aus der gesellschaftlichen Entscheidung, einen sehr starren Arbeitsmarkt zu etablieren. Mit dem Bewusstsein weiter steigender Arbeitslosenzahlen beschloss die franz\u00f6sische Regierung, flexible befristete Arbeitsvertr\u00e4ge (contrats \u00e0 dur\u00e9e d\u00e9termin\u00e9e oder CDD) und viele subventionierte Jobs einzuf\u00fchren, anstatt die extrem starren unbefristeten Vertr\u00e4ge (contrats \u00e0 dur\u00e9e ind\u00e9termin\u00e9e oder CDI) flexibler zu machen und die schwere Last von Sozialversicherungsbeitr\u00e4gen auf den Schultern der Arbeitnehmer zu reduzieren. Die Zahlen sprechen f\u00fcr sich: 2013 waren 85% der neuen Stellen Jobs mit befristeten Vertr\u00e4gen. Dar\u00fcber hinaus bezogen sich 77% der gesamten K\u00fcndigungen auf befristete Vertr\u00e4ge.<\/p>\n<p>In Wirklichkeit stellt ein befristeter Vertrag weder die Arbeitnehmer noch die Arbeitgeber zufrieden. Arbeitnehmer haben dadurch kaum K\u00fcndigungsschutz. Arbeitgeber sind nicht dazu geneigt, einen befristeten Vertrag zu verl\u00e4ngern, da er sich sonst nach franz\u00f6sischem Recht automatisch in einen unbefristeten Vertrag verwandelt. Deshalb pl\u00e4diert Tirole f\u00fcr die Einf\u00fchrung von mehr Flexibilit\u00e4t bei unbefristeten Vertr\u00e4gen, um franz\u00f6sische Unternehmen dazu zu bewegen, mehr Arbeitnehmer mit unbefristeten Vertr\u00e4gen einzustellen und somit mit \u201ebesseren Jobs&#8220; und nicht mit unsicheren, befristeten Vertr\u00e4gen aufzuwarten.<\/p>\n<p>Tirole hinterfragt auch die aktuelle Situation in Frankreich: Derzeit muss ein Unternehmen, das einen Arbeitnehmer feuert, eine Abfindung zahlen, tr\u00e4gt aber nicht direkt die Kosten des (eher hohen) Arbeitslosengeldes, das der Angestellte w\u00e4hrend seiner Arbeitslosigkeit erh\u00e4lt und das vom Sozialsystem finanziert wird. Aktuell wird das Arbeitslosengeld \u00fcber Arbeitnehmer- und Arbeitgeberbeitr\u00e4ge finanziert (und \u00fcber den Anleihenmarkt). Somit schadet die K\u00fcndigung eines Arbeitnehmers nicht nur ihm selbst (finanziell, psychologisch und sozial), sondern auch dem Sozialsystem. Tirole stellt daher das \u201eVerursacherprinzip&#8220; bei K\u00fcndigungen vor: Ein Unternehmen sollte dem Arbeitnehmer nicht nur eine Abfindung zahlen, sondern sich auch an den Kosten des Arbeitslosengeldes beteiligen, das diese Person w\u00e4hrend der Arbeitslosigkeit vom Sozialsystem erh\u00e4lt. Er f\u00fcgt hinzu, dass diese Ma\u00dfnahme f\u00fcr Unternehmen insgesamt steuerneutral w\u00e4re, da die Strafe durch Pr\u00e4mien f\u00fcr andere Unternehmen (\u00fcber reduzierte Sozialversicherungsbeitr\u00e4ge) aufgewogen w\u00fcrde.<\/p>\n<p>Zu guter Letzt r\u00e4umt Tirole ein, dass es nicht die Aufgabe eines \u00d6konomen ist, zu entscheiden, ob die Menschen 35, 18 oder 45 Stunden pro Woche arbeiten sollten. Nichtsdestotrotz fegt er auch entschlossen das Argument vom Tisch, dass eine Arbeitszeitreduzierung mehr Jobs schaffen wird (er beschreibt das als \u201efalsche L\u00f6sung&#8220;, die weder theoretische noch empirische R\u00fcckendeckung hat). Es besteht kein Zweifel, dass die Gegner einer der gr\u00f6\u00dften franz\u00f6sischen Gewerkschaften, die eine w\u00f6chentliche Arbeitszeit von 32 Stunden (vorher 35) in Erw\u00e4gung zieht, Tirole zitieren werden.<\/p>\n<p>Ich hoffe, dass das Ansehen des Wirtschaftsnobelpreistr\u00e4gers von 2014 den franz\u00f6sischen Pr\u00e4sidentschaftskandidaten einen Denkansto\u00df geben wird. In der Vergangenheit war Thomas Piketty w\u00e4hrend des franz\u00f6sischen Pr\u00e4sidentschaftswahlkampfs 2007 als Berater der sozialistischen Kandidatin S\u00e9gol\u00e8ne Royal t\u00e4tig. Seine Idee eines vereinfachten Steuersystems war interessant und dringend n\u00f6tig. S\u00e9gol\u00e8ne Royal verlor die Wahl jedoch gegen Nicolas Sarkozy &#8211; und seitdem wurde das Steuersystem nicht vereinfacht. Lassen Sie uns hoffen, dass Jean Tiroles gesunder Menschenverstand in Sachen Arbeitsmarkt beim n\u00e4chsten franz\u00f6sischen Staatspr\u00e4sidenten auf offene Ohren sto\u00dfen wird. Das k\u00f6nnte dem Allgemeinwohl durchaus zutr\u00e4glich sein.<\/p>\n","protected":false},"excerpt":{"rendered":"<p>W\u00e4hrend meines Urlaubs im August las ich das Buch, das die politische und wirtschaftliche Landschaft Frankreichs im Sturm erobert hat (nein, es ist nicht \u201eCapital&#8220; von Thomas Piketty). Der \u00d6konom und Nobelpreistr\u00e4ger Jean Tirole hat ein Buch mit dem Titel \u201e\u00c9conomie du Bien Commun\u201d (oder \u201eWirtschaft f\u00fcr das Allgemeinwohl&#8220;) geschrieben. Dieses Buch nutzt eine einfache Sprache und versucht, eine gro\u00dfe Leserschaft anzusprechen, einschlie\u00dflich Leser mit nur geringen Wirtschaftskenntnissen. Es ist eine leichte Lekt\u00fcre: In 17 Kapiteln und \u00fcber 600 Seiten behandelt Tirole so ziemlich jedes&#8230;<\/p>\n","protected":false},"author":93,"featured_media":7217,"comment_status":"open","ping_status":"closed","sticky":false,"template":"","format":"standard","meta":{"_acf_changed":false,"footnotes":""},"categories":[13,24],"tags":[29,218],"class_list":["post-3568","post","type-post","status-publish","format-standard","has-post-thumbnail","hentry","category-lander","category-makrookonomie-und-politik","tag-arbeitslosigkeit","tag-europa"],"acf":[],"yoast_head":"<!-- This site is optimized with the Yoast SEO Premium plugin v25.8 (Yoast SEO v27.4) - https:\/\/yoast.com\/product\/yoast-seo-premium-wordpress\/ -->\n<title>Der Bestseller in Frankreich. \u00c9conomie du Bien Commun - Eine Rezension - Deutsch<\/title>\n<meta name=\"description\" content=\"W\u00e4hrend meines Urlaubs im August las ich das Buch, das die politische und wirtschaftliche Landschaft Frankreichs im Sturm erobert hat (nein, es ist nicht\" \/>\n<meta name=\"robots\" content=\"index, follow, max-snippet:-1, max-image-preview:large, max-video-preview:-1\" \/>\n<link rel=\"canonical\" href=\"https:\/\/bondvigilantes.com\/deutsch\/2016\/09\/der-bestseller-in-frankreich-economie-du-bien-commun\/\" \/>\n<meta name=\"twitter:label1\" content=\"Written by\" \/>\n\t<meta name=\"twitter:data1\" content=\"Charles de Quinsonas\" \/>\n\t<meta name=\"twitter:label2\" content=\"Est. reading time\" \/>\n\t<meta name=\"twitter:data2\" content=\"4 Minuten\" \/>\n<script type=\"application\/ld+json\" class=\"yoast-schema-graph\">{\"@context\":\"https:\\\/\\\/schema.org\",\"@graph\":[{\"@type\":\"Article\",\"@id\":\"https:\\\/\\\/bondvigilantes.com\\\/deutsch\\\/2016\\\/09\\\/der-bestseller-in-frankreich-economie-du-bien-commun\\\/#article\",\"isPartOf\":{\"@id\":\"https:\\\/\\\/bondvigilantes.com\\\/deutsch\\\/2016\\\/09\\\/der-bestseller-in-frankreich-economie-du-bien-commun\\\/\"},\"author\":{\"name\":\"Charles de Quinsonas\",\"@id\":\"https:\\\/\\\/bondvigilantes.com\\\/deutsch\\\/#\\\/schema\\\/person\\\/d59663f84b4459947ae06d4410e2a255\"},\"headline\":\"Der Bestseller in Frankreich. \u00c9conomie du Bien Commun &#8211; Eine Rezension\",\"datePublished\":\"2016-09-23T14:27:35+00:00\",\"dateModified\":\"2023-02-16T11:51:06+00:00\",\"mainEntityOfPage\":{\"@id\":\"https:\\\/\\\/bondvigilantes.com\\\/deutsch\\\/2016\\\/09\\\/der-bestseller-in-frankreich-economie-du-bien-commun\\\/\"},\"wordCount\":752,\"commentCount\":0,\"image\":{\"@id\":\"https:\\\/\\\/bondvigilantes.com\\\/deutsch\\\/2016\\\/09\\\/der-bestseller-in-frankreich-economie-du-bien-commun\\\/#primaryimage\"},\"thumbnailUrl\":\"https:\\\/\\\/bondvigilantes.com\\\/deutsch\\\/wp-content\\\/uploads\\\/sites\\\/3\\\/2021\\\/12\\\/740_1_cover-208x300-1.jpg\",\"keywords\":[\"Arbeitslosigkeit\",\"Europa\"],\"articleSection\":[\"L\u00e4nder\",\"Makro\u00f6konomie und Politik\"],\"inLanguage\":\"de-DE\",\"potentialAction\":[{\"@type\":\"CommentAction\",\"name\":\"Comment\",\"target\":[\"https:\\\/\\\/bondvigilantes.com\\\/deutsch\\\/2016\\\/09\\\/der-bestseller-in-frankreich-economie-du-bien-commun\\\/#respond\"]}]},{\"@type\":\"WebPage\",\"@id\":\"https:\\\/\\\/bondvigilantes.com\\\/deutsch\\\/2016\\\/09\\\/der-bestseller-in-frankreich-economie-du-bien-commun\\\/\",\"url\":\"https:\\\/\\\/bondvigilantes.com\\\/deutsch\\\/2016\\\/09\\\/der-bestseller-in-frankreich-economie-du-bien-commun\\\/\",\"name\":\"Der Bestseller in Frankreich. \u00c9conomie du Bien Commun - Eine Rezension - Deutsch\",\"isPartOf\":{\"@id\":\"https:\\\/\\\/bondvigilantes.com\\\/deutsch\\\/#website\"},\"primaryImageOfPage\":{\"@id\":\"https:\\\/\\\/bondvigilantes.com\\\/deutsch\\\/2016\\\/09\\\/der-bestseller-in-frankreich-economie-du-bien-commun\\\/#primaryimage\"},\"image\":{\"@id\":\"https:\\\/\\\/bondvigilantes.com\\\/deutsch\\\/2016\\\/09\\\/der-bestseller-in-frankreich-economie-du-bien-commun\\\/#primaryimage\"},\"thumbnailUrl\":\"https:\\\/\\\/bondvigilantes.com\\\/deutsch\\\/wp-content\\\/uploads\\\/sites\\\/3\\\/2021\\\/12\\\/740_1_cover-208x300-1.jpg\",\"datePublished\":\"2016-09-23T14:27:35+00:00\",\"dateModified\":\"2023-02-16T11:51:06+00:00\",\"author\":{\"@id\":\"https:\\\/\\\/bondvigilantes.com\\\/deutsch\\\/#\\\/schema\\\/person\\\/d59663f84b4459947ae06d4410e2a255\"},\"description\":\"W\u00e4hrend meines Urlaubs im August las ich das Buch, das die politische und wirtschaftliche Landschaft Frankreichs im Sturm erobert hat (nein, es ist nicht\",\"breadcrumb\":{\"@id\":\"https:\\\/\\\/bondvigilantes.com\\\/deutsch\\\/2016\\\/09\\\/der-bestseller-in-frankreich-economie-du-bien-commun\\\/#breadcrumb\"},\"inLanguage\":\"de-DE\",\"potentialAction\":[{\"@type\":\"ReadAction\",\"target\":[\"https:\\\/\\\/bondvigilantes.com\\\/deutsch\\\/2016\\\/09\\\/der-bestseller-in-frankreich-economie-du-bien-commun\\\/\"]}]},{\"@type\":\"ImageObject\",\"inLanguage\":\"de-DE\",\"@id\":\"https:\\\/\\\/bondvigilantes.com\\\/deutsch\\\/2016\\\/09\\\/der-bestseller-in-frankreich-economie-du-bien-commun\\\/#primaryimage\",\"url\":\"https:\\\/\\\/bondvigilantes.com\\\/deutsch\\\/wp-content\\\/uploads\\\/sites\\\/3\\\/2021\\\/12\\\/740_1_cover-208x300-1.jpg\",\"contentUrl\":\"https:\\\/\\\/bondvigilantes.com\\\/deutsch\\\/wp-content\\\/uploads\\\/sites\\\/3\\\/2021\\\/12\\\/740_1_cover-208x300-1.jpg\",\"width\":208,\"height\":300},{\"@type\":\"BreadcrumbList\",\"@id\":\"https:\\\/\\\/bondvigilantes.com\\\/deutsch\\\/2016\\\/09\\\/der-bestseller-in-frankreich-economie-du-bien-commun\\\/#breadcrumb\",\"itemListElement\":[{\"@type\":\"ListItem\",\"position\":1,\"name\":\"Home\",\"item\":\"https:\\\/\\\/bondvigilantes.com\\\/deutsch\\\/\"},{\"@type\":\"ListItem\",\"position\":2,\"name\":\"Der Bestseller in Frankreich. \u00c9conomie du Bien Commun &#8211; Eine Rezension\"}]},{\"@type\":\"WebSite\",\"@id\":\"https:\\\/\\\/bondvigilantes.com\\\/deutsch\\\/#website\",\"url\":\"https:\\\/\\\/bondvigilantes.com\\\/deutsch\\\/\",\"name\":\"Deutsch\",\"description\":\"M&amp;G\",\"potentialAction\":[{\"@type\":\"SearchAction\",\"target\":{\"@type\":\"EntryPoint\",\"urlTemplate\":\"https:\\\/\\\/bondvigilantes.com\\\/deutsch\\\/?s={search_term_string}\"},\"query-input\":{\"@type\":\"PropertyValueSpecification\",\"valueRequired\":true,\"valueName\":\"search_term_string\"}}],\"inLanguage\":\"de-DE\"},{\"@type\":\"Person\",\"@id\":\"https:\\\/\\\/bondvigilantes.com\\\/deutsch\\\/#\\\/schema\\\/person\\\/d59663f84b4459947ae06d4410e2a255\",\"name\":\"Charles de Quinsonas\",\"image\":{\"@type\":\"ImageObject\",\"inLanguage\":\"de-DE\",\"@id\":\"https:\\\/\\\/secure.gravatar.com\\\/avatar\\\/f45d2254c3dd5975e9cf91fd60201250b40929aa88944e4cdf2a317c5c74b0f3?s=96&d=mm&r=g\",\"url\":\"https:\\\/\\\/secure.gravatar.com\\\/avatar\\\/f45d2254c3dd5975e9cf91fd60201250b40929aa88944e4cdf2a317c5c74b0f3?s=96&d=mm&r=g\",\"contentUrl\":\"https:\\\/\\\/secure.gravatar.com\\\/avatar\\\/f45d2254c3dd5975e9cf91fd60201250b40929aa88944e4cdf2a317c5c74b0f3?s=96&d=mm&r=g\",\"caption\":\"Charles de Quinsonas\"},\"url\":\"https:\\\/\\\/bondvigilantes.com\\\/deutsch\\\/author\\\/charlesdequinsonas\\\/\"}]}<\/script>\n<!-- \/ Yoast SEO Premium plugin. -->","yoast_head_json":{"title":"Der Bestseller in Frankreich. \u00c9conomie du Bien Commun - Eine Rezension - Deutsch","description":"W\u00e4hrend meines Urlaubs im August las ich das Buch, das die politische und wirtschaftliche Landschaft Frankreichs im Sturm erobert hat (nein, es ist nicht","robots":{"index":"index","follow":"follow","max-snippet":"max-snippet:-1","max-image-preview":"max-image-preview:large","max-video-preview":"max-video-preview:-1"},"canonical":"https:\/\/bondvigilantes.com\/deutsch\/2016\/09\/der-bestseller-in-frankreich-economie-du-bien-commun\/","twitter_misc":{"Written by":"Charles de Quinsonas","Est. reading time":"4 Minuten"},"schema":{"@context":"https:\/\/schema.org","@graph":[{"@type":"Article","@id":"https:\/\/bondvigilantes.com\/deutsch\/2016\/09\/der-bestseller-in-frankreich-economie-du-bien-commun\/#article","isPartOf":{"@id":"https:\/\/bondvigilantes.com\/deutsch\/2016\/09\/der-bestseller-in-frankreich-economie-du-bien-commun\/"},"author":{"name":"Charles de Quinsonas","@id":"https:\/\/bondvigilantes.com\/deutsch\/#\/schema\/person\/d59663f84b4459947ae06d4410e2a255"},"headline":"Der Bestseller in Frankreich. \u00c9conomie du Bien Commun &#8211; Eine Rezension","datePublished":"2016-09-23T14:27:35+00:00","dateModified":"2023-02-16T11:51:06+00:00","mainEntityOfPage":{"@id":"https:\/\/bondvigilantes.com\/deutsch\/2016\/09\/der-bestseller-in-frankreich-economie-du-bien-commun\/"},"wordCount":752,"commentCount":0,"image":{"@id":"https:\/\/bondvigilantes.com\/deutsch\/2016\/09\/der-bestseller-in-frankreich-economie-du-bien-commun\/#primaryimage"},"thumbnailUrl":"https:\/\/bondvigilantes.com\/deutsch\/wp-content\/uploads\/sites\/3\/2021\/12\/740_1_cover-208x300-1.jpg","keywords":["Arbeitslosigkeit","Europa"],"articleSection":["L\u00e4nder","Makro\u00f6konomie und Politik"],"inLanguage":"de-DE","potentialAction":[{"@type":"CommentAction","name":"Comment","target":["https:\/\/bondvigilantes.com\/deutsch\/2016\/09\/der-bestseller-in-frankreich-economie-du-bien-commun\/#respond"]}]},{"@type":"WebPage","@id":"https:\/\/bondvigilantes.com\/deutsch\/2016\/09\/der-bestseller-in-frankreich-economie-du-bien-commun\/","url":"https:\/\/bondvigilantes.com\/deutsch\/2016\/09\/der-bestseller-in-frankreich-economie-du-bien-commun\/","name":"Der Bestseller in Frankreich. \u00c9conomie du Bien Commun - Eine Rezension - Deutsch","isPartOf":{"@id":"https:\/\/bondvigilantes.com\/deutsch\/#website"},"primaryImageOfPage":{"@id":"https:\/\/bondvigilantes.com\/deutsch\/2016\/09\/der-bestseller-in-frankreich-economie-du-bien-commun\/#primaryimage"},"image":{"@id":"https:\/\/bondvigilantes.com\/deutsch\/2016\/09\/der-bestseller-in-frankreich-economie-du-bien-commun\/#primaryimage"},"thumbnailUrl":"https:\/\/bondvigilantes.com\/deutsch\/wp-content\/uploads\/sites\/3\/2021\/12\/740_1_cover-208x300-1.jpg","datePublished":"2016-09-23T14:27:35+00:00","dateModified":"2023-02-16T11:51:06+00:00","author":{"@id":"https:\/\/bondvigilantes.com\/deutsch\/#\/schema\/person\/d59663f84b4459947ae06d4410e2a255"},"description":"W\u00e4hrend meines Urlaubs im August las ich das Buch, das die politische und wirtschaftliche Landschaft Frankreichs im Sturm erobert hat (nein, es ist nicht","breadcrumb":{"@id":"https:\/\/bondvigilantes.com\/deutsch\/2016\/09\/der-bestseller-in-frankreich-economie-du-bien-commun\/#breadcrumb"},"inLanguage":"de-DE","potentialAction":[{"@type":"ReadAction","target":["https:\/\/bondvigilantes.com\/deutsch\/2016\/09\/der-bestseller-in-frankreich-economie-du-bien-commun\/"]}]},{"@type":"ImageObject","inLanguage":"de-DE","@id":"https:\/\/bondvigilantes.com\/deutsch\/2016\/09\/der-bestseller-in-frankreich-economie-du-bien-commun\/#primaryimage","url":"https:\/\/bondvigilantes.com\/deutsch\/wp-content\/uploads\/sites\/3\/2021\/12\/740_1_cover-208x300-1.jpg","contentUrl":"https:\/\/bondvigilantes.com\/deutsch\/wp-content\/uploads\/sites\/3\/2021\/12\/740_1_cover-208x300-1.jpg","width":208,"height":300},{"@type":"BreadcrumbList","@id":"https:\/\/bondvigilantes.com\/deutsch\/2016\/09\/der-bestseller-in-frankreich-economie-du-bien-commun\/#breadcrumb","itemListElement":[{"@type":"ListItem","position":1,"name":"Home","item":"https:\/\/bondvigilantes.com\/deutsch\/"},{"@type":"ListItem","position":2,"name":"Der Bestseller in Frankreich. \u00c9conomie du Bien Commun &#8211; Eine Rezension"}]},{"@type":"WebSite","@id":"https:\/\/bondvigilantes.com\/deutsch\/#website","url":"https:\/\/bondvigilantes.com\/deutsch\/","name":"Deutsch","description":"M&amp;G","potentialAction":[{"@type":"SearchAction","target":{"@type":"EntryPoint","urlTemplate":"https:\/\/bondvigilantes.com\/deutsch\/?s={search_term_string}"},"query-input":{"@type":"PropertyValueSpecification","valueRequired":true,"valueName":"search_term_string"}}],"inLanguage":"de-DE"},{"@type":"Person","@id":"https:\/\/bondvigilantes.com\/deutsch\/#\/schema\/person\/d59663f84b4459947ae06d4410e2a255","name":"Charles de Quinsonas","image":{"@type":"ImageObject","inLanguage":"de-DE","@id":"https:\/\/secure.gravatar.com\/avatar\/f45d2254c3dd5975e9cf91fd60201250b40929aa88944e4cdf2a317c5c74b0f3?s=96&d=mm&r=g","url":"https:\/\/secure.gravatar.com\/avatar\/f45d2254c3dd5975e9cf91fd60201250b40929aa88944e4cdf2a317c5c74b0f3?s=96&d=mm&r=g","contentUrl":"https:\/\/secure.gravatar.com\/avatar\/f45d2254c3dd5975e9cf91fd60201250b40929aa88944e4cdf2a317c5c74b0f3?s=96&d=mm&r=g","caption":"Charles de Quinsonas"},"url":"https:\/\/bondvigilantes.com\/deutsch\/author\/charlesdequinsonas\/"}]}},"_links":{"self":[{"href":"https:\/\/bondvigilantes.com\/deutsch\/wp-json\/wp\/v2\/posts\/3568","targetHints":{"allow":["GET"]}}],"collection":[{"href":"https:\/\/bondvigilantes.com\/deutsch\/wp-json\/wp\/v2\/posts"}],"about":[{"href":"https:\/\/bondvigilantes.com\/deutsch\/wp-json\/wp\/v2\/types\/post"}],"author":[{"embeddable":true,"href":"https:\/\/bondvigilantes.com\/deutsch\/wp-json\/wp\/v2\/users\/93"}],"replies":[{"embeddable":true,"href":"https:\/\/bondvigilantes.com\/deutsch\/wp-json\/wp\/v2\/comments?post=3568"}],"version-history":[{"count":0,"href":"https:\/\/bondvigilantes.com\/deutsch\/wp-json\/wp\/v2\/posts\/3568\/revisions"}],"wp:featuredmedia":[{"embeddable":true,"href":"https:\/\/bondvigilantes.com\/deutsch\/wp-json\/wp\/v2\/media\/7217"}],"wp:attachment":[{"href":"https:\/\/bondvigilantes.com\/deutsch\/wp-json\/wp\/v2\/media?parent=3568"}],"wp:term":[{"taxonomy":"category","embeddable":true,"href":"https:\/\/bondvigilantes.com\/deutsch\/wp-json\/wp\/v2\/categories?post=3568"},{"taxonomy":"post_tag","embeddable":true,"href":"https:\/\/bondvigilantes.com\/deutsch\/wp-json\/wp\/v2\/tags?post=3568"}],"curies":[{"name":"wp","href":"https:\/\/api.w.org\/{rel}","templated":true}]}}