{"id":5063,"date":"2019-11-20T15:29:24","date_gmt":"2019-11-20T15:29:24","guid":{"rendered":"https:\/\/www.bondvigilantes.com\/deutsch\/?p=5063"},"modified":"2020-01-27T12:51:47","modified_gmt":"2020-01-27T12:51:47","slug":"der-fall-der-berliner-mauer-eine-lehre-fuer-die-geschichte-oder-maerkte","status":"publish","type":"post","link":"https:\/\/bondvigilantes.com\/deutsch\/2019\/11\/der-fall-der-berliner-mauer-eine-lehre-fuer-die-geschichte-oder-maerkte\/","title":{"rendered":"Der Fall der Berliner Mauer &#8211; eine Lehre f\u00fcr die Geschichte oder M\u00e4rkte?"},"content":{"rendered":"\n<p>Anfang dieses Monats feierte Deutschland den 30. Jahrestag des Berliner Mauerfalls, ein entscheidender Moment in der j\u00fcngeren Geschichte, der den sowjetisch gef\u00fchrten kommunistischen Block an den Rand des Zusammenbruchs brachte. Ob David Hasselhoff nun allein verantwortlich war oder nicht, die Wiedervereinigung des kommunistischen Ostdeutschlands mit dem kapitalistischen Westdeutschland war ein eindeutiger wirtschaftlicher Schock mit einer Reihe von m\u00f6glichen Lehren. Der demografische Wandel, die Einf\u00fchrung einer einheitlichen W\u00e4hrung und eine straffe Geldpolitik sind einige der wichtigsten Ver\u00e4nderungen aus dieser Zeit, die das heutige Deutschland gepr\u00e4gt haben. Obwohl der Osten seit der Wiedervereinigung zweifellos gro\u00dfe Fortschritte gemacht hat, gibt es immer noch Spannungen zwischen Ost und West. Da Deutschland sich derzeit mit der Gefahr einer erneuten Rezession konfrontiert sieht, schauen wir uns an, ob sich diese Schere in naher Zukunft schlie\u00dfen wird. <\/p>\n\n\n\n<p>Die Wiedervereinigung einer geteilten Bev\u00f6lkerung f\u00fchrte dazu, dass \u00fcber eine Million Menschen ihre neu gewonnene Freiheit f\u00fcr einen Umzug in den Westen nutzten Die B\u00fcrger wurden von einem dem\u00fctigenden \u00dcberwachungsstaat befreit und konnten frei reisen, ihre Meinungen \u00e4u\u00dfern und ihre Regierungschefs w\u00e4hlen. Einige ostdeutsche Regionen haben heute niedrigere Arbeitslosenquoten als westliche postindustrielle Regionen wie das Saarland oder das Ruhrgebiet. F\u00fcr die Ostdeutschen lief aber nicht alles glatt. Nachdem sie vier Jahrzehnte in einem Umfeld der Unterdr\u00fcckung und Indoktrination aufgewachsen waren, konnten sich viele nicht ohne weiteres an die harten Bedingungen des Kapitalismus anpassen. Da die durchschnittliche Produktivit\u00e4t im Osten nur 30% der Produktivit\u00e4t im Westen betrug, deuten Sch\u00e4tzungen darauf hin, dass bis zu 80% dieser unproduktiven \u00f6stlichen Arbeitskr\u00e4fte w\u00e4hrend dieser \u00dcbergangsjahre im Zuge der Umstellung auf ein neues System irgendwann arbeitslos wurden. 8.500 Unternehmen wurden im Osten von der Treuhand, einer neu gegr\u00fcndeten und h\u00f6chst umstrittenen Regierungsbeh\u00f6rde, privatisiert oder liquidiert. Der gr\u00f6\u00dfte Teil der liquidierten Verm\u00f6genswerte fiel in westliche oder ausl\u00e4ndische H\u00e4nde, was die Entwicklung einer \u00f6stlichen kapitalistischen Klasse behinderte.<\/p>\n\n\n\n<p>Irgendwann geriet die Zusammenf\u00fchrung von Ost und West ins Stocken: Heute haben nur noch 7% der 500 wertvollsten deutschen Unternehmen (und keine im DAX30 gelisteten) ihren Sitz im Osten. Das bringt die Gemeinden um ihre Steuereinnahmen und tr\u00e4gt zur Produktivit\u00e4tsl\u00fccke zwischen Ost und West bei, die 20 Jahre lang bei rund 20% lag. Arbeitsproduktivit\u00e4t und Industrialisierungsgrad bleiben immer noch hinter dem Westen zur\u00fcck: Die Durchschnittsl\u00f6hne sind f\u00fcr die gleiche Arbeit immer noch 20% niedriger als in den westlichen Bundesl\u00e4ndern. Viele haben das Gef\u00fchl, dass der Osten immer noch vom Westen \u201eregiert&#8220; wird, da nur 4% der Spitzenjobs im Osten von Ostdeutschen besetzt sind und viele Wohnungsvermieter Westdeutsche sind, die den gr\u00f6\u00dften Teil des Wohnungsbestands besitzen. Auch der demografische Wandel stellt ein Risiko dar, da der Osten aufgrund der Massenabwanderung von Jugendlichen eine \u00e4ltere Bev\u00f6lkerung hat als der Westen. Seit 1990 ist die Zahl der \u00fcber 60-J\u00e4hrigen im Osten um 1,3 Millionen gestiegen, obwohl die Gesamtbev\u00f6lkerung um 2,2 Millionen zur\u00fcckgegangen ist. Dieser Bev\u00f6lkerungsr\u00fcckgang stellt eine Bedrohung f\u00fcr die Produktivit\u00e4t der ostdeutschen Erwerbsbev\u00f6lkerung dar, da der knappe Nachwuchs die untere Sprosse der ostdeutschen Karriereleiter betritt. Auch wenn sich die Kluft zwischen Ost und West seit der Wiedervereinigung verkleinert hat, besteht die Gefahr, dass die Schere zwischen dem Lebensstandard in West und Ost in Zukunft weiter aufgeht. Obwohl sich die allgemeine Auswanderung in den Westen verlangsamt, spannen die ostdeutschen St\u00e4dte den gebeutelten Kleinst\u00e4dten und D\u00f6rfern nun die gebildeten Arbeitskr\u00e4fte aus. <\/p>\n\n\n\n<p>Diese Trends lassen sich beim Wirtschaftswachstum auf nationaler Ebene beobachten, wo Ostdeutschland Anfang der 90er Jahre nach der Wiedervereinigung, die zun\u00e4chst die Nachfrage in der Region befl\u00fcgelte, ein starkes, nicht inflation\u00e4res BIP-Wachstum verzeichnete. Westdeutschland scheint in den fr\u00fchen 90er Jahren dagegen nur ein sehr geringes Wachstum des Pro-Kopf-BIP verzeichnet zu haben, obwohl es zun\u00e4chst recht gut mit den Belastungen der Wiedervereinigung auf seine Ressourcen zurechtkam. Deutschland wies in den 90er Jahren insgesamt ein schleppendes Wachstum auf, das viele auf die drastische Verschlechterung der \u00f6ffentlichen Finanzen nach der Wiedervereinigung zur\u00fcckf\u00fchrten. Es ist jedoch unklar, ob sich das Wachstum in Westdeutschland aufgrund des Zustroms unproduktiver Arbeitskr\u00e4fte aus Ostdeutschland (die ostdeutsche Wirtschaft betrug lediglich 10 % des westlichen BIP) oder aufgrund einer schlecht geplanten straffen Fiskal- und Geldpolitik verlangsamt hat, die ein lang anhaltendes deflation\u00e4res Wirtschaftsumfeld zur Folge hatte. Dennoch entwickelte sich Ostdeutschland trotz regionaler Unterschiede und eines schwachen Gesamtwachstums immer noch besser als die meisten anderen osteurop\u00e4ischen L\u00e4nder, die den Kommunismus in den 90er Jahren abgesch\u00fcttelt hatten. Ein Blick auf den Rest des ehemaligen Ostblocks, wo Arbeitslosigkeit und Armut tendenziell h\u00f6her sind, deutet darauf hin, dass Ostdeutschland das Gl\u00fcck hatte, einen starken Weststaat an seiner Seite zu haben, der es bei seinem \u00dcbergang zur Marktwirtschaft unterst\u00fctzte. Die Anwendung westlicher Gesetze und Praktiken hat offenbar die Gefahr einer oligarchischen Korruption abgewendet, die viele der \u00f6stlichen Nachbarn Deutschlands heimgesucht hat, wobei Polen die gr\u00f6\u00dfte Ausnahme zu sein scheint. <\/p>\n\n\n\n<figure class=\"wp-block-image\"><a href=\"https:\/\/bondvigilantes.com\/wp-content\/uploads\/sites\/3\/2021\/12\/1-gr-37_BV-Charts-ES-final.png\" data-rel=\"lightbox-image-0\" data-rl_title=\"\" data-rl_caption=\"\" title=\"\"><img loading=\"lazy\" decoding=\"async\" width=\"960\" height=\"720\" src=\"https:\/\/bondvigilantes.com\/wp-content\/uploads\/sites\/3\/2021\/12\/1-gr-37_BV-Charts-ES-final.png\" alt=\"\" class=\"wp-image-5066\" srcset=\"https:\/\/bondvigilantes.com\/deutsch\/wp-content\/uploads\/sites\/3\/2021\/12\/1-gr-37_BV-Charts-ES-final.png 960w, https:\/\/bondvigilantes.com\/deutsch\/wp-content\/uploads\/sites\/3\/2021\/12\/1-gr-37_BV-Charts-ES-final-300x225.png 300w, https:\/\/bondvigilantes.com\/deutsch\/wp-content\/uploads\/sites\/3\/2021\/12\/1-gr-37_BV-Charts-ES-final-768x576.png 768w\" sizes=\"auto, (max-width: 960px) 100vw, 960px\" \/><\/a><\/figure>\n\n\n\n<p>Heute bestehen diese regionalen Ungleichgewichte weiter und angesichts der drohenden erneuten Rezession in Deutschland ist es unwahrscheinlich, dass sich die Kluft zwischen Ost und West in absehbarer Zeit schlie\u00dfen wird. In der jetzigen Form erscheint die verfassungsm\u00e4\u00dfige Zusage \u201egleichwertiger Lebensbedingungen&#8220; in ganz Deutschland zunehmend unerreichbar.<\/p>\n\n\n\n<p>Was ist mit den Anleiherenditen nach der Wiedervereinigung passiert? Die Bundesbank f\u00fchrte den Anstieg der Staatsschuldenquote seit 1989 fast ausschlie\u00dflich auf die Kosten der Wiedervereinigung zur\u00fcck. <\/p>\n\n\n\n<figure class=\"wp-block-image\"><a href=\"https:\/\/bondvigilantes.com\/wp-content\/uploads\/sites\/3\/2021\/12\/2-gr-37_BV-Charts-ES-final.png\" data-rel=\"lightbox-image-1\" data-rl_title=\"\" data-rl_caption=\"\" title=\"\"><img loading=\"lazy\" decoding=\"async\" width=\"960\" height=\"720\" src=\"https:\/\/bondvigilantes.com\/wp-content\/uploads\/sites\/3\/2021\/12\/2-gr-37_BV-Charts-ES-final.png\" alt=\"\" class=\"wp-image-5067\" srcset=\"https:\/\/bondvigilantes.com\/deutsch\/wp-content\/uploads\/sites\/3\/2021\/12\/2-gr-37_BV-Charts-ES-final.png 960w, https:\/\/bondvigilantes.com\/deutsch\/wp-content\/uploads\/sites\/3\/2021\/12\/2-gr-37_BV-Charts-ES-final-300x225.png 300w, https:\/\/bondvigilantes.com\/deutsch\/wp-content\/uploads\/sites\/3\/2021\/12\/2-gr-37_BV-Charts-ES-final-768x576.png 768w\" sizes=\"auto, (max-width: 960px) 100vw, 960px\" \/><\/a><\/figure>\n\n\n\n<p>Die deutsche Zentralbank sah f\u00fcr die deutschen Anleihenm\u00e4rkte ein wesentliches Risiko darin, dass das hohe Tempo der Wiedervereinigung zu einem Defizit im \u00f6ffentlichen Sektor f\u00fchren und damit die Inflation destabilisieren und das Vertrauen in die D-Mark, den Anker des Europ\u00e4ischen W\u00e4hrungssystems, untergraben k\u00f6nnte. Die Bundesbank straffte daraufhin die Geldpolitik massiv und trieb die deutschen Zinsen 1991 und 1992 um rund 3% nach oben. Da deutliche Steuererh\u00f6hungen und ein Anstieg der administrierten Preise die Inflation in die H\u00f6he trieben, hob die Bundesbank die Zinsen weiter an. Leider mussten die Deutschen f\u00fcr das konsequente Streben der Zentralbank nach Preisstabilit\u00e4t einen hohen Preis bezahlen, n\u00e4mlich mit einer hohen Arbeitslosigkeit und einem anhaltend niedrigen Wirtschaftswachstum. Diese Vorgehensweise f\u00fchrte zu einem letzten echten Anstieg der Renditen von deutschen Staatsanleihen seit 1989, als die Zinslast in die H\u00f6he schnellte, trotz der Auswirkungen auf die Renditen von Staatsanleihen, die man normalerweise mit niedrigeren Wachstumsraten verbinden w\u00fcrde. Die hohen deutschen Zinsen erschwerten es anderen europ\u00e4ischen Volkswirtschaften, korrigierende geldpolitische Ma\u00dfnahmen zu ergreifen. Das Ergebnis war die Krise des Europ\u00e4ischen W\u00e4hrungssystems in den Jahren 1992 und 1993. Seitdem haben die kontinuierliche geldpolitische Lockerung und das Sicherheitsdenken der verschuldeten europ\u00e4ischen Peripheriel\u00e4nder dazu gef\u00fchrt, dass sich Investoren vermehrt in Bundesanleihen fl\u00fcchteten und die Renditen in den aktuellen negativen Bereich trieben. <\/p>\n\n\n\n<figure class=\"wp-block-image\"><a href=\"https:\/\/bondvigilantes.com\/wp-content\/uploads\/sites\/3\/2021\/12\/3-gr-LinkedIn-Elevate.png\" data-rel=\"lightbox-image-2\" data-rl_title=\"\" data-rl_caption=\"\" title=\"\"><img loading=\"lazy\" decoding=\"async\" width=\"960\" height=\"720\" src=\"https:\/\/bondvigilantes.com\/wp-content\/uploads\/sites\/3\/2021\/12\/3-gr-LinkedIn-Elevate.png\" alt=\"\" class=\"wp-image-5068\" srcset=\"https:\/\/bondvigilantes.com\/deutsch\/wp-content\/uploads\/sites\/3\/2021\/12\/3-gr-LinkedIn-Elevate.png 960w, https:\/\/bondvigilantes.com\/deutsch\/wp-content\/uploads\/sites\/3\/2021\/12\/3-gr-LinkedIn-Elevate-300x225.png 300w, https:\/\/bondvigilantes.com\/deutsch\/wp-content\/uploads\/sites\/3\/2021\/12\/3-gr-LinkedIn-Elevate-768x576.png 768w\" sizes=\"auto, (max-width: 960px) 100vw, 960px\" \/><\/a><\/figure>\n\n\n\n<p>Im Zuge der Wiedervereinigung gab es riesige Transferzahlungen (fast 2 Billionen Euro) von West nach Ost. Der westdeutsche Kanzler (Helmut Kohl) wandelte Sparguthaben in Hartw\u00e4hrung zum gro\u00dfz\u00fcgigen Wechselkurs von einer D-Mark zu einer Ostmark um. So erhielt die gesamte ostdeutsche Bev\u00f6lkerung wie kein anderes Land, das jemals von Unterdr\u00fcckung befreit wurde, die Staatsb\u00fcrgerschaft einer gro\u00dfen, reichen Demokratie. Die D-Mark verzeichnete eine erh\u00f6hte Nachfrage, insbesondere aus dem Ausland, da sie schnell zu einem Ersatz f\u00fcr den Dollar wurde. Trotz des schwachen Wirtschaftswachstums in den 90er Jahren konnte die D-Mark aufgrund der strengen Gelddisziplin der Deutschen Bundesbank einen Gro\u00dfteil ihrer St\u00e4rke als \u201esicherer Hafen\u201c bewahren (bevor Deutschland 2001 den physischen Euro einf\u00fchrte). Allerdings scheinen die Deutschen jetzt das Konzept des spontanen internen Transfers zu \u00fcberdenken. Vielleicht h\u00e4tte das vereinte Land eine neue Verfassung ausarbeiten sollen, anstatt die Hand in eine Richtung auszustrecken, oder vielleicht h\u00e4tte eine Sonderwirtschaftszone im Osten eingerichtet werden sollen, die eine allm\u00e4hliche Ann\u00e4herung anstatt einer pl\u00f6tzlichen Wiedervereinigung erm\u00f6glicht h\u00e4tte. Viele Westdeutsche sind der Meinung, dass die Investitionen im Osten auf Kosten von Investitionen in andere gebeutelte Regionen get\u00e4tigt wurden, zumal die Hilfsma\u00dfnahmen zun\u00e4chst nur vor\u00fcbergehend sein sollten. Immer h\u00e4ufiger wird eine Neuausrichtung des Finanzausgleichs anstelle der fast 70 Milliarden Dollar pro Jahr gefordert, die seit 1990 in die neuen Bundesl\u00e4nder flie\u00dfen. <\/p>\n\n\n\n<figure class=\"wp-block-image\"><a href=\"https:\/\/bondvigilantes.com\/wp-content\/uploads\/sites\/3\/2021\/12\/4-gr-LinkedIn-Elevate.png\" data-rel=\"lightbox-image-3\" data-rl_title=\"\" data-rl_caption=\"\" title=\"\"><img loading=\"lazy\" decoding=\"async\" width=\"960\" height=\"720\" src=\"https:\/\/bondvigilantes.com\/wp-content\/uploads\/sites\/3\/2021\/12\/4-gr-LinkedIn-Elevate.png\" alt=\"\" class=\"wp-image-5069\" srcset=\"https:\/\/bondvigilantes.com\/deutsch\/wp-content\/uploads\/sites\/3\/2021\/12\/4-gr-LinkedIn-Elevate.png 960w, https:\/\/bondvigilantes.com\/deutsch\/wp-content\/uploads\/sites\/3\/2021\/12\/4-gr-LinkedIn-Elevate-300x225.png 300w, https:\/\/bondvigilantes.com\/deutsch\/wp-content\/uploads\/sites\/3\/2021\/12\/4-gr-LinkedIn-Elevate-768x576.png 768w\" sizes=\"auto, (max-width: 960px) 100vw, 960px\" \/><\/a><\/figure>\n\n\n\n<p>Was sind nun die wichtigsten Lehren, die wir aus diesen Jahren ziehen k\u00f6nnen? Die j\u00fcngste deutsche Geschichte lehrt uns, dass eine W\u00e4hrungsintegration selbst in einem nahezu perfekten Modell schwierig ist. Die Einf\u00fchrung einer einheitlichen W\u00e4hrung bedeutet, dass angeschlagene Volkswirtschaften ihre Exporte nicht mehr mit einem niedrigeren Wechselkurs ankurbeln k\u00f6nnen und somit nicht mehr wettbewerbsf\u00e4hig sind. Die W\u00e4hrungsunion in Deutschland hat dazu gef\u00fchrt, dass ostdeutsche Unternehmen trotz einer deutlich niedrigeren Produktivit\u00e4t pl\u00f6tzlich mit westlichen Unternehmen auf einem \u00e4hnlichen Preis-, Lohn- und Kostenniveau konkurrieren mussten. Die Industrieproduktion sank im ersten Monat um 35% und im Folgemonat um weitere 15%. Dieses grundlegende Manko einer einheitlichen W\u00e4hrung zeigt sich in den Problemen der Mitgliedsl\u00e4nder der Eurozone, insbesondere der Peripherie, wo eine gemeinsame W\u00e4hrungs- und Geldpolitik dazu f\u00fchren kann, dass die Divergenz zunimmt, sobald die Volkswirtschaften voneinander abzuweichen beginnen. Im Hinblick auf die Lehren f\u00fcr die Anleihenm\u00e4rkte sind Bundesanleihen ein recht einzigartiger Fall, da die Renditen von Staatsanleihen in der Regel einem schwachen nominalen BIP-Wachstum folgen. W\u00e4hrend der Wiedervereinigung stiegen die Renditen jedoch trotz des schwachen deutschen Wachstums um rund 150 Basispunkte an. Seitdem sind die Renditen von Bundesanleihen aufgrund einer Kombination aus Wachstumsschw\u00e4che und Anlegern aus den Peripheriestaaten, die sich in Zeiten der Unsicherheit vermehrt in Bundesanleihen fl\u00fcchten, gesunken. <\/p>\n\n\n\n<p>Zusammenfassend l\u00e4sst sich sagen, dass Deutschland daran erinnert, welch gro\u00dfe Rolle Geschichte und Pfadabh\u00e4ngigkeit spielen. Die Unterschiede im kulturellen und institutionellen Hintergrund Ostdeutschlands im Vergleich zum Westen sind auch heute noch im Leben der deutschen B\u00fcrgerinnen und B\u00fcrger pr\u00e4sent. Auf beiden Seiten der jetzt verschwundenen Mauer ist die Unzufriedenheit nach wie vor gro\u00df, und auch 30 Jahre sp\u00e4ter wartet Ostdeutschland noch auf den wirtschaftlichen Aufschwung, den die W\u00e4hrungsunion ausl\u00f6sen sollte.<\/p>\n","protected":false},"excerpt":{"rendered":"<p>Anfang dieses Monats feierte Deutschland den 30. Jahrestag des Berliner Mauerfalls, ein entscheidender Moment in der j\u00fcngeren Geschichte, der den sowjetisch gef\u00fchrten kommunistischen Block an den Rand des Zusammenbruchs brachte. Ob David Hasselhoff nun allein verantwortlich war oder nicht, die Wiedervereinigung des kommunistischen Ostdeutschlands mit dem kapitalistischen Westdeutschland war ein eindeutiger wirtschaftlicher Schock mit einer Reihe von m\u00f6glichen Lehren. Der demografische Wandel, die Einf\u00fchrung einer einheitlichen W\u00e4hrung und eine straffe Geldpolitik sind einige der wichtigsten Ver\u00e4nderungen aus dieser Zeit, die das heutige Deutschland gepr\u00e4gt haben&#8230;.<\/p>\n","protected":false},"author":157,"featured_media":5066,"comment_status":"open","ping_status":"closed","sticky":false,"template":"","format":"standard","meta":{"_acf_changed":false,"footnotes":""},"categories":[18,35],"tags":[],"class_list":["post-5063","post","type-post","status-publish","format-standard","has-post-thumbnail","hentry","category-wahrungen","category-wirtschaftswachstum"],"acf":[],"yoast_head":"<!-- This site is optimized with the Yoast SEO Premium plugin v25.8 (Yoast SEO v27.4) - https:\/\/yoast.com\/product\/yoast-seo-premium-wordpress\/ -->\n<title>Der Fall der Berliner Mauer - eine Lehre f\u00fcr die Geschichte oder M\u00e4rkte? - Deutsch<\/title>\n<meta name=\"description\" content=\"Anfang dieses Monats feierte Deutschland den 30. Jahrestag des Berliner Mauerfalls, ein entscheidender Moment in der j\u00fcngeren Geschichte, der den\" \/>\n<meta name=\"robots\" content=\"index, follow, max-snippet:-1, max-image-preview:large, max-video-preview:-1\" \/>\n<link rel=\"canonical\" href=\"https:\/\/bondvigilantes.com\/deutsch\/2019\/11\/der-fall-der-berliner-mauer-eine-lehre-fuer-die-geschichte-oder-maerkte\/\" \/>\n<meta name=\"twitter:label1\" content=\"Written by\" \/>\n\t<meta name=\"twitter:data1\" content=\"Eva Sun-Wai\" \/>\n\t<meta name=\"twitter:label2\" content=\"Est. reading time\" \/>\n\t<meta name=\"twitter:data2\" content=\"8 Minuten\" \/>\n<script type=\"application\/ld+json\" class=\"yoast-schema-graph\">{\"@context\":\"https:\\\/\\\/schema.org\",\"@graph\":[{\"@type\":\"Article\",\"@id\":\"https:\\\/\\\/bondvigilantes.com\\\/deutsch\\\/2019\\\/11\\\/der-fall-der-berliner-mauer-eine-lehre-fuer-die-geschichte-oder-maerkte\\\/#article\",\"isPartOf\":{\"@id\":\"https:\\\/\\\/bondvigilantes.com\\\/deutsch\\\/2019\\\/11\\\/der-fall-der-berliner-mauer-eine-lehre-fuer-die-geschichte-oder-maerkte\\\/\"},\"author\":{\"name\":\"Eva Sun-Wai\",\"@id\":\"https:\\\/\\\/bondvigilantes.com\\\/deutsch\\\/#\\\/schema\\\/person\\\/ec5099d320ab494d29a8d5732afe520f\"},\"headline\":\"Der Fall der Berliner Mauer &#8211; eine Lehre f\u00fcr die Geschichte oder M\u00e4rkte?\",\"datePublished\":\"2019-11-20T15:29:24+00:00\",\"dateModified\":\"2020-01-27T12:51:47+00:00\",\"mainEntityOfPage\":{\"@id\":\"https:\\\/\\\/bondvigilantes.com\\\/deutsch\\\/2019\\\/11\\\/der-fall-der-berliner-mauer-eine-lehre-fuer-die-geschichte-oder-maerkte\\\/\"},\"wordCount\":1674,\"commentCount\":0,\"image\":{\"@id\":\"https:\\\/\\\/bondvigilantes.com\\\/deutsch\\\/2019\\\/11\\\/der-fall-der-berliner-mauer-eine-lehre-fuer-die-geschichte-oder-maerkte\\\/#primaryimage\"},\"thumbnailUrl\":\"https:\\\/\\\/bondvigilantes.com\\\/deutsch\\\/wp-content\\\/uploads\\\/sites\\\/3\\\/2021\\\/12\\\/1-gr-37_BV-Charts-ES-final.png\",\"articleSection\":[\"W\u00e4hrungen\",\"Wirtschaftswachstum\"],\"inLanguage\":\"de-DE\",\"potentialAction\":[{\"@type\":\"CommentAction\",\"name\":\"Comment\",\"target\":[\"https:\\\/\\\/bondvigilantes.com\\\/deutsch\\\/2019\\\/11\\\/der-fall-der-berliner-mauer-eine-lehre-fuer-die-geschichte-oder-maerkte\\\/#respond\"]}]},{\"@type\":\"WebPage\",\"@id\":\"https:\\\/\\\/bondvigilantes.com\\\/deutsch\\\/2019\\\/11\\\/der-fall-der-berliner-mauer-eine-lehre-fuer-die-geschichte-oder-maerkte\\\/\",\"url\":\"https:\\\/\\\/bondvigilantes.com\\\/deutsch\\\/2019\\\/11\\\/der-fall-der-berliner-mauer-eine-lehre-fuer-die-geschichte-oder-maerkte\\\/\",\"name\":\"Der Fall der Berliner Mauer - eine Lehre f\u00fcr die Geschichte oder M\u00e4rkte? - Deutsch\",\"isPartOf\":{\"@id\":\"https:\\\/\\\/bondvigilantes.com\\\/deutsch\\\/#website\"},\"primaryImageOfPage\":{\"@id\":\"https:\\\/\\\/bondvigilantes.com\\\/deutsch\\\/2019\\\/11\\\/der-fall-der-berliner-mauer-eine-lehre-fuer-die-geschichte-oder-maerkte\\\/#primaryimage\"},\"image\":{\"@id\":\"https:\\\/\\\/bondvigilantes.com\\\/deutsch\\\/2019\\\/11\\\/der-fall-der-berliner-mauer-eine-lehre-fuer-die-geschichte-oder-maerkte\\\/#primaryimage\"},\"thumbnailUrl\":\"https:\\\/\\\/bondvigilantes.com\\\/deutsch\\\/wp-content\\\/uploads\\\/sites\\\/3\\\/2021\\\/12\\\/1-gr-37_BV-Charts-ES-final.png\",\"datePublished\":\"2019-11-20T15:29:24+00:00\",\"dateModified\":\"2020-01-27T12:51:47+00:00\",\"author\":{\"@id\":\"https:\\\/\\\/bondvigilantes.com\\\/deutsch\\\/#\\\/schema\\\/person\\\/ec5099d320ab494d29a8d5732afe520f\"},\"description\":\"Anfang dieses Monats feierte Deutschland den 30. Jahrestag des Berliner Mauerfalls, ein entscheidender Moment in der j\u00fcngeren Geschichte, der den\",\"breadcrumb\":{\"@id\":\"https:\\\/\\\/bondvigilantes.com\\\/deutsch\\\/2019\\\/11\\\/der-fall-der-berliner-mauer-eine-lehre-fuer-die-geschichte-oder-maerkte\\\/#breadcrumb\"},\"inLanguage\":\"de-DE\",\"potentialAction\":[{\"@type\":\"ReadAction\",\"target\":[\"https:\\\/\\\/bondvigilantes.com\\\/deutsch\\\/2019\\\/11\\\/der-fall-der-berliner-mauer-eine-lehre-fuer-die-geschichte-oder-maerkte\\\/\"]}]},{\"@type\":\"ImageObject\",\"inLanguage\":\"de-DE\",\"@id\":\"https:\\\/\\\/bondvigilantes.com\\\/deutsch\\\/2019\\\/11\\\/der-fall-der-berliner-mauer-eine-lehre-fuer-die-geschichte-oder-maerkte\\\/#primaryimage\",\"url\":\"https:\\\/\\\/bondvigilantes.com\\\/deutsch\\\/wp-content\\\/uploads\\\/sites\\\/3\\\/2021\\\/12\\\/1-gr-37_BV-Charts-ES-final.png\",\"contentUrl\":\"https:\\\/\\\/bondvigilantes.com\\\/deutsch\\\/wp-content\\\/uploads\\\/sites\\\/3\\\/2021\\\/12\\\/1-gr-37_BV-Charts-ES-final.png\",\"width\":960,\"height\":720},{\"@type\":\"BreadcrumbList\",\"@id\":\"https:\\\/\\\/bondvigilantes.com\\\/deutsch\\\/2019\\\/11\\\/der-fall-der-berliner-mauer-eine-lehre-fuer-die-geschichte-oder-maerkte\\\/#breadcrumb\",\"itemListElement\":[{\"@type\":\"ListItem\",\"position\":1,\"name\":\"Home\",\"item\":\"https:\\\/\\\/bondvigilantes.com\\\/deutsch\\\/\"},{\"@type\":\"ListItem\",\"position\":2,\"name\":\"Der Fall der Berliner Mauer &#8211; eine Lehre f\u00fcr die Geschichte oder M\u00e4rkte?\"}]},{\"@type\":\"WebSite\",\"@id\":\"https:\\\/\\\/bondvigilantes.com\\\/deutsch\\\/#website\",\"url\":\"https:\\\/\\\/bondvigilantes.com\\\/deutsch\\\/\",\"name\":\"Deutsch\",\"description\":\"M&amp;G\",\"potentialAction\":[{\"@type\":\"SearchAction\",\"target\":{\"@type\":\"EntryPoint\",\"urlTemplate\":\"https:\\\/\\\/bondvigilantes.com\\\/deutsch\\\/?s={search_term_string}\"},\"query-input\":{\"@type\":\"PropertyValueSpecification\",\"valueRequired\":true,\"valueName\":\"search_term_string\"}}],\"inLanguage\":\"de-DE\"},{\"@type\":\"Person\",\"@id\":\"https:\\\/\\\/bondvigilantes.com\\\/deutsch\\\/#\\\/schema\\\/person\\\/ec5099d320ab494d29a8d5732afe520f\",\"name\":\"Eva Sun-Wai\",\"image\":{\"@type\":\"ImageObject\",\"inLanguage\":\"de-DE\",\"@id\":\"https:\\\/\\\/secure.gravatar.com\\\/avatar\\\/c0cffdc0cbdfe24b829eebeb9e7b4dc32d589dfa35f17c4beb051ca913b8de03?s=96&d=mm&r=g\",\"url\":\"https:\\\/\\\/secure.gravatar.com\\\/avatar\\\/c0cffdc0cbdfe24b829eebeb9e7b4dc32d589dfa35f17c4beb051ca913b8de03?s=96&d=mm&r=g\",\"contentUrl\":\"https:\\\/\\\/secure.gravatar.com\\\/avatar\\\/c0cffdc0cbdfe24b829eebeb9e7b4dc32d589dfa35f17c4beb051ca913b8de03?s=96&d=mm&r=g\",\"caption\":\"Eva Sun-Wai\"},\"url\":\"https:\\\/\\\/bondvigilantes.com\\\/deutsch\\\/author\\\/evasunwai\\\/\"}]}<\/script>\n<!-- \/ Yoast SEO Premium plugin. -->","yoast_head_json":{"title":"Der Fall der Berliner Mauer - eine Lehre f\u00fcr die Geschichte oder M\u00e4rkte? - Deutsch","description":"Anfang dieses Monats feierte Deutschland den 30. Jahrestag des Berliner Mauerfalls, ein entscheidender Moment in der j\u00fcngeren Geschichte, der den","robots":{"index":"index","follow":"follow","max-snippet":"max-snippet:-1","max-image-preview":"max-image-preview:large","max-video-preview":"max-video-preview:-1"},"canonical":"https:\/\/bondvigilantes.com\/deutsch\/2019\/11\/der-fall-der-berliner-mauer-eine-lehre-fuer-die-geschichte-oder-maerkte\/","twitter_misc":{"Written by":"Eva Sun-Wai","Est. reading time":"8 Minuten"},"schema":{"@context":"https:\/\/schema.org","@graph":[{"@type":"Article","@id":"https:\/\/bondvigilantes.com\/deutsch\/2019\/11\/der-fall-der-berliner-mauer-eine-lehre-fuer-die-geschichte-oder-maerkte\/#article","isPartOf":{"@id":"https:\/\/bondvigilantes.com\/deutsch\/2019\/11\/der-fall-der-berliner-mauer-eine-lehre-fuer-die-geschichte-oder-maerkte\/"},"author":{"name":"Eva Sun-Wai","@id":"https:\/\/bondvigilantes.com\/deutsch\/#\/schema\/person\/ec5099d320ab494d29a8d5732afe520f"},"headline":"Der Fall der Berliner Mauer &#8211; eine Lehre f\u00fcr die Geschichte oder M\u00e4rkte?","datePublished":"2019-11-20T15:29:24+00:00","dateModified":"2020-01-27T12:51:47+00:00","mainEntityOfPage":{"@id":"https:\/\/bondvigilantes.com\/deutsch\/2019\/11\/der-fall-der-berliner-mauer-eine-lehre-fuer-die-geschichte-oder-maerkte\/"},"wordCount":1674,"commentCount":0,"image":{"@id":"https:\/\/bondvigilantes.com\/deutsch\/2019\/11\/der-fall-der-berliner-mauer-eine-lehre-fuer-die-geschichte-oder-maerkte\/#primaryimage"},"thumbnailUrl":"https:\/\/bondvigilantes.com\/deutsch\/wp-content\/uploads\/sites\/3\/2021\/12\/1-gr-37_BV-Charts-ES-final.png","articleSection":["W\u00e4hrungen","Wirtschaftswachstum"],"inLanguage":"de-DE","potentialAction":[{"@type":"CommentAction","name":"Comment","target":["https:\/\/bondvigilantes.com\/deutsch\/2019\/11\/der-fall-der-berliner-mauer-eine-lehre-fuer-die-geschichte-oder-maerkte\/#respond"]}]},{"@type":"WebPage","@id":"https:\/\/bondvigilantes.com\/deutsch\/2019\/11\/der-fall-der-berliner-mauer-eine-lehre-fuer-die-geschichte-oder-maerkte\/","url":"https:\/\/bondvigilantes.com\/deutsch\/2019\/11\/der-fall-der-berliner-mauer-eine-lehre-fuer-die-geschichte-oder-maerkte\/","name":"Der Fall der Berliner Mauer - eine Lehre f\u00fcr die Geschichte oder M\u00e4rkte? - Deutsch","isPartOf":{"@id":"https:\/\/bondvigilantes.com\/deutsch\/#website"},"primaryImageOfPage":{"@id":"https:\/\/bondvigilantes.com\/deutsch\/2019\/11\/der-fall-der-berliner-mauer-eine-lehre-fuer-die-geschichte-oder-maerkte\/#primaryimage"},"image":{"@id":"https:\/\/bondvigilantes.com\/deutsch\/2019\/11\/der-fall-der-berliner-mauer-eine-lehre-fuer-die-geschichte-oder-maerkte\/#primaryimage"},"thumbnailUrl":"https:\/\/bondvigilantes.com\/deutsch\/wp-content\/uploads\/sites\/3\/2021\/12\/1-gr-37_BV-Charts-ES-final.png","datePublished":"2019-11-20T15:29:24+00:00","dateModified":"2020-01-27T12:51:47+00:00","author":{"@id":"https:\/\/bondvigilantes.com\/deutsch\/#\/schema\/person\/ec5099d320ab494d29a8d5732afe520f"},"description":"Anfang dieses Monats feierte Deutschland den 30. Jahrestag des Berliner Mauerfalls, ein entscheidender Moment in der j\u00fcngeren Geschichte, der den","breadcrumb":{"@id":"https:\/\/bondvigilantes.com\/deutsch\/2019\/11\/der-fall-der-berliner-mauer-eine-lehre-fuer-die-geschichte-oder-maerkte\/#breadcrumb"},"inLanguage":"de-DE","potentialAction":[{"@type":"ReadAction","target":["https:\/\/bondvigilantes.com\/deutsch\/2019\/11\/der-fall-der-berliner-mauer-eine-lehre-fuer-die-geschichte-oder-maerkte\/"]}]},{"@type":"ImageObject","inLanguage":"de-DE","@id":"https:\/\/bondvigilantes.com\/deutsch\/2019\/11\/der-fall-der-berliner-mauer-eine-lehre-fuer-die-geschichte-oder-maerkte\/#primaryimage","url":"https:\/\/bondvigilantes.com\/deutsch\/wp-content\/uploads\/sites\/3\/2021\/12\/1-gr-37_BV-Charts-ES-final.png","contentUrl":"https:\/\/bondvigilantes.com\/deutsch\/wp-content\/uploads\/sites\/3\/2021\/12\/1-gr-37_BV-Charts-ES-final.png","width":960,"height":720},{"@type":"BreadcrumbList","@id":"https:\/\/bondvigilantes.com\/deutsch\/2019\/11\/der-fall-der-berliner-mauer-eine-lehre-fuer-die-geschichte-oder-maerkte\/#breadcrumb","itemListElement":[{"@type":"ListItem","position":1,"name":"Home","item":"https:\/\/bondvigilantes.com\/deutsch\/"},{"@type":"ListItem","position":2,"name":"Der Fall der Berliner Mauer &#8211; eine Lehre f\u00fcr die Geschichte oder M\u00e4rkte?"}]},{"@type":"WebSite","@id":"https:\/\/bondvigilantes.com\/deutsch\/#website","url":"https:\/\/bondvigilantes.com\/deutsch\/","name":"Deutsch","description":"M&amp;G","potentialAction":[{"@type":"SearchAction","target":{"@type":"EntryPoint","urlTemplate":"https:\/\/bondvigilantes.com\/deutsch\/?s={search_term_string}"},"query-input":{"@type":"PropertyValueSpecification","valueRequired":true,"valueName":"search_term_string"}}],"inLanguage":"de-DE"},{"@type":"Person","@id":"https:\/\/bondvigilantes.com\/deutsch\/#\/schema\/person\/ec5099d320ab494d29a8d5732afe520f","name":"Eva Sun-Wai","image":{"@type":"ImageObject","inLanguage":"de-DE","@id":"https:\/\/secure.gravatar.com\/avatar\/c0cffdc0cbdfe24b829eebeb9e7b4dc32d589dfa35f17c4beb051ca913b8de03?s=96&d=mm&r=g","url":"https:\/\/secure.gravatar.com\/avatar\/c0cffdc0cbdfe24b829eebeb9e7b4dc32d589dfa35f17c4beb051ca913b8de03?s=96&d=mm&r=g","contentUrl":"https:\/\/secure.gravatar.com\/avatar\/c0cffdc0cbdfe24b829eebeb9e7b4dc32d589dfa35f17c4beb051ca913b8de03?s=96&d=mm&r=g","caption":"Eva Sun-Wai"},"url":"https:\/\/bondvigilantes.com\/deutsch\/author\/evasunwai\/"}]}},"_links":{"self":[{"href":"https:\/\/bondvigilantes.com\/deutsch\/wp-json\/wp\/v2\/posts\/5063","targetHints":{"allow":["GET"]}}],"collection":[{"href":"https:\/\/bondvigilantes.com\/deutsch\/wp-json\/wp\/v2\/posts"}],"about":[{"href":"https:\/\/bondvigilantes.com\/deutsch\/wp-json\/wp\/v2\/types\/post"}],"author":[{"embeddable":true,"href":"https:\/\/bondvigilantes.com\/deutsch\/wp-json\/wp\/v2\/users\/157"}],"replies":[{"embeddable":true,"href":"https:\/\/bondvigilantes.com\/deutsch\/wp-json\/wp\/v2\/comments?post=5063"}],"version-history":[{"count":0,"href":"https:\/\/bondvigilantes.com\/deutsch\/wp-json\/wp\/v2\/posts\/5063\/revisions"}],"wp:featuredmedia":[{"embeddable":true,"href":"https:\/\/bondvigilantes.com\/deutsch\/wp-json\/wp\/v2\/media\/5066"}],"wp:attachment":[{"href":"https:\/\/bondvigilantes.com\/deutsch\/wp-json\/wp\/v2\/media?parent=5063"}],"wp:term":[{"taxonomy":"category","embeddable":true,"href":"https:\/\/bondvigilantes.com\/deutsch\/wp-json\/wp\/v2\/categories?post=5063"},{"taxonomy":"post_tag","embeddable":true,"href":"https:\/\/bondvigilantes.com\/deutsch\/wp-json\/wp\/v2\/tags?post=5063"}],"curies":[{"name":"wp","href":"https:\/\/api.w.org\/{rel}","templated":true}]}}