{"id":690,"date":"2012-11-14T17:48:47","date_gmt":"2012-11-14T17:48:47","guid":{"rendered":"https:\/\/www.bondvigilantes.com\/deutsch\/?p=690"},"modified":"2012-11-15T10:04:44","modified_gmt":"2012-11-15T10:04:44","slug":"probleme-in-der-eurozone-tag-des-handelns-jahre-der-reaktion","status":"publish","type":"post","link":"https:\/\/bondvigilantes.com\/deutsch\/2012\/11\/probleme-in-der-eurozone-tag-des-handelns-jahre-der-reaktion\/","title":{"rendered":"Probleme in der Eurozone \u2013 Tag des Handelns, Jahre der Reaktion"},"content":{"rendered":"<p>Heute ist in Europa ein Aktionstag, der Tag des europ\u00e4ischen Generalstreiks. Allerdings ist dieser \u201eTag der Taten\u201c in Wirklichkeit eher ein Tag der Tatenlosigkeit, weil die regen Proteste auf den Stra\u00dfen durch den Stillstand in Branchen wie dem Transportsektor, die durch die Streiks behindert werden, wieder aufgehoben werden. Doch warum protestieren die Arbeiter und in zunehmendem Ma\u00dfe auch Arbeitslose?<\/p>\n<p>Werfen wir zun\u00e4chst einen Blick auf die Fakten. In der nachfolgenden Grafik wird die Arbeitslosigkeit in den einzelnen L\u00e4ndern der Eurozone dargestellt. Diese Grafik zeigt, wer aus welchem Grund protestiert. Denn je h\u00f6her die Arbeitslosenquote, desto gr\u00f6\u00dfer ist auch die Angst der Bev\u00f6lkerung dieses Landes um die aktuelle wirtschaftliche Lage. In Deutschland wird also nicht protestiert, in S\u00fcdeuropa hingegen schon.<\/p>\n<p><a href=\"https:\/\/bondvigilantes.com\/deutsch\/wp-content\/uploads\/sites\/3\/2021\/12\/13.jpg\" data-rel=\"lightbox-image-0\" data-rl_title=\"\" data-rl_caption=\"\" title=\"\"><img loading=\"lazy\" decoding=\"async\" class=\"alignnone size-full wp-image-698\" src=\"https:\/\/bondvigilantes.com\/deutsch\/wp-content\/uploads\/sites\/3\/2021\/12\/13.jpg\" alt=\"\" width=\"957\" height=\"718\" \/><\/a><br \/>\nDieser Grafik k\u00f6nnen Sie auch entnehmen, dass in den letzten 10 Jahren jeweils unterschiedliche Regionen abwechselnd zu den schw\u00e4chelnden bzw. den soliden Volkswirtschaften Europas z\u00e4hlten. So waren die starken Kern-Volkswirtschaften und die schwachen Peripheriestaaten Mitte des letzten Jahrzehnts noch die schwachen Kernl\u00e4nder und die boomenden Peripherienationen. Doch so schnell greifen eigentlich keine industriellen, arbeitsmarktspezifischen oder strukturellen Ver\u00e4nderungen. Wodurch werden diese Schwankungen der Wirtschaftsleistung einzelner Staaten also dann ausgel\u00f6st?<\/p>\n<p>Zu den Nachteilen des Konzepts einer gemeinsamen W\u00e4hrung haben wir uns bereits ge\u00e4u\u00dfert. Bei einer solchen W\u00e4hrungsunion handelt es sich um ein wirtschaftliches Konstrukt, das zum Wohle Europas entwickelt wurde. Schauen wir uns doch einmal an, welchen Einfluss diese Wirtschaftspolitik auf die Eurozone hat und auf welche Art und Weise die Unterschiede zwischen der Wirtschaftsleistung einzelner Staaten mit Hilfe der Wirtschaftstheorie beseitigt werden k\u00f6nnen.<\/p>\n<p>Zuallererst hat mich mein <a href=\"http:\/\/en.wikipedia.org\/wiki\/Cec_Thompson\" target=\"_blank\">wirklich hervorragender Volkswirtschaftsprofessor<\/a> das Konzept der \u201eunsichtbaren Hand\u201c gelehrt (was ziemlich paradox war, da seine H\u00e4nde die gr\u00f6\u00dften waren, die ich jemals gesehen habe!). Die Einf\u00fchrung einer Gemeinschaftsw\u00e4hrung bedeutet, dass die \u201eunsichtbare Hand\u201c in Form der Wechselkurse metaphorisch gesprochen auf den R\u00fccken gebunden wird. Betrachtet man also die Gemeinschaftsw\u00e4hrung als Ursprung des Problems, best\u00fcnde die L\u00f6sung wohl darin, die \u201eunsichtbare Hand\u201c wieder von dieser Fessel zu befreien. Allerdings h\u00e4tte eine solche Vorgehensweise noch andere, m\u00f6glicherweise betr\u00e4chtliche Auswirkungen, so dass die europ\u00e4ischen Staats- und Regierungschefs nicht bereit sind, diese Option zu ziehen. Das liegt allerdings nicht daran, dass es sich dabei um eine ineffektive Option handelt, sondern ist darauf zur\u00fcckzuf\u00fchren, dass sich dem politischen wie auch dem wirtschaftlichen Konzept einer Gemeinschaftsw\u00e4hrung verschrieben hat. Deshalb leiden die schwachen Volkswirtschaften unter einem zu hohen Wechselkurs, w\u00e4hrend der Wechselkurs f\u00fcr die starken Volkswirtschaften zu niedrig ist. Man hat also das Konzept der \u201eunsichtbaren Hand\u201c an den internationalen Devisenm\u00e4rkten ausgesetzt, so dass ein weiteres Auseinanderdriften der Wirtschaftsleistung wahrscheinlicher ist als eine Ann\u00e4herung derselben.<\/p>\n<p>Aufgrund meiner Ausbildung in Gro\u00dfbritannien zog ich meine n\u00e4chsten wichtigen volkswirtschaftlichen Lehren aus den Arbeiten von John Maynard Keynes. Dabei wurde uns das grundlegende Prinzip eingetrichtert, dass Staaten ihre Haushaltsdefizite antizyklisch steuern sollten. In Europa sind die schw\u00e4cheren Volkwirtschaften nun allerdings zu einer strengeren Fiskaldisziplin gezwungen, um ihre Haushaltsdefizite zu reduzieren. Im Gegensatz dazu verf\u00fcgen die st\u00e4rkeren Volkswirtschaften immer noch \u00fcber Spielraum f\u00fcr fiskalische Ankurbelungsma\u00dfnahmen, w\u00e4hrend man von den schw\u00e4cheren Staaten verlangt, eine prozyklische Haushaltspolitik umzusetzen. Von diesem konjunkturellen Standpunkt aus betrachtet werden die Schw\u00e4cheren also immer schw\u00e4cher und die St\u00e4rkeren immer st\u00e4rker werden&#8230;<\/p>\n<p>Die dritte volkswirtschaftliche Grundlehre bezieht sich auf die Geldmarktpolitik. Niedrige Zinsen f\u00f6rdern den Konsum und das Wachstum. Falls Sie der deutsche Staat, ein deutsches Unternehmen oder eine deutsche Privatperson sind, funktioniert dieser Dominoeffekt auch, wenn Sie sich betr\u00e4chtliche Geldbetr\u00e4ge zu niedrigen Zinsen leihen. Sind Sie aber ein Staat, ein Unternehmen oder eine Privatperson aus den schw\u00e4cheren Volkswirtschaften, so bedeutet das f\u00fcr Sie hohe Kreditkosten und eine lediglich begrenzte physische Verf\u00fcgbarkeit von Krediten. Deshalb funktioniert dieser Transmissionsmechanismus innerhalb Europas nicht gleicherma\u00dfen gut. Die Starken werden also noch st\u00e4rker, w\u00e4hrend die Schwachen noch schw\u00e4cher werden.<\/p>\n<p>Die Gemeinschaftsw\u00e4hrung ist eine wirtschaftliche Konstruktion, die aus einem politischen Prozess hervorgegangen ist. Falls ein solches wirtschaftliches Gebilde nicht allzu viele konjunkturelle Turbulenzen ausl\u00f6st, ist es relativ einfach, die entsprechenden politischen Entscheidungen zu treffen und Weichen zu stellen, um diese Idee zu realisieren. Falls ein solches wirtschaftliches Konstrukt \u2013 wie derzeit der Fall \u2013 allerdings extrem destabilisierend wirkt, ben\u00f6tigt die Politik mehr Kompetenzen und mehr Handlungsspielraum, um diese destabilisierenden Effekte ausgleichen zu k\u00f6nnen. F\u00fcr die Politik war der Tag der Tat, also der Einf\u00fchrung einer Gemeinschaftsw\u00e4hrung, ein leichter Schritt. Die Umsetzung jener Ma\u00dfnahmen, die notwendig sind, damit dieses Konstrukt auch langfristig funktioniert, ist es hingegen nicht.<\/p>\n","protected":false},"excerpt":{"rendered":"<p>Heute ist in Europa ein Aktionstag, der Tag des europ\u00e4ischen Generalstreiks. Allerdings ist dieser \u201eTag der Taten\u201c in Wirklichkeit eher ein Tag der Tatenlosigkeit, weil die regen Proteste auf den Stra\u00dfen durch den Stillstand in Branchen wie dem Transportsektor, die durch die Streiks behindert werden, wieder aufgehoben werden. Doch warum protestieren die Arbeiter und in zunehmendem Ma\u00dfe auch Arbeitslose? Werfen wir zun\u00e4chst einen Blick auf die Fakten. In der nachfolgenden Grafik wird die Arbeitslosigkeit in den einzelnen L\u00e4ndern der Eurozone dargestellt. Diese Grafik zeigt, wer&#8230;<\/p>\n","protected":false},"author":3,"featured_media":0,"comment_status":"open","ping_status":"closed","sticky":false,"template":"","format":"standard","meta":{"_acf_changed":false,"footnotes":""},"categories":[13,24],"tags":[211,74],"class_list":["post-690","post","type-post","status-publish","format-standard","hentry","category-lander","category-makrookonomie-und-politik","tag-eurozone","tag-geldmarktpolitik"],"acf":[],"yoast_head":"<!-- This site is optimized with the Yoast SEO Premium plugin v25.8 (Yoast SEO v27.4) - https:\/\/yoast.com\/product\/yoast-seo-premium-wordpress\/ -->\n<title>Probleme in der Eurozone \u2013 Tag des Handelns, Jahre der Reaktion - Deutsch<\/title>\n<meta name=\"description\" content=\"Heute ist in Europa ein Aktionstag, der Tag des europ\u00e4ischen Generalstreiks. Allerdings ist dieser \u201eTag der Taten\u201c in Wirklichkeit eher ein Tag der\" \/>\n<meta name=\"robots\" content=\"index, follow, max-snippet:-1, max-image-preview:large, max-video-preview:-1\" \/>\n<link rel=\"canonical\" href=\"https:\/\/bondvigilantes.com\/deutsch\/2012\/11\/probleme-in-der-eurozone-tag-des-handelns-jahre-der-reaktion\/\" \/>\n<meta name=\"twitter:label1\" content=\"Written by\" \/>\n\t<meta name=\"twitter:data1\" content=\"Richard Woolnough\" \/>\n\t<meta name=\"twitter:label2\" content=\"Est. reading time\" \/>\n\t<meta name=\"twitter:data2\" content=\"4 Minuten\" \/>\n<script type=\"application\/ld+json\" class=\"yoast-schema-graph\">{\"@context\":\"https:\\\/\\\/schema.org\",\"@graph\":[{\"@type\":\"Article\",\"@id\":\"https:\\\/\\\/bondvigilantes.com\\\/deutsch\\\/2012\\\/11\\\/probleme-in-der-eurozone-tag-des-handelns-jahre-der-reaktion\\\/#article\",\"isPartOf\":{\"@id\":\"https:\\\/\\\/bondvigilantes.com\\\/deutsch\\\/2012\\\/11\\\/probleme-in-der-eurozone-tag-des-handelns-jahre-der-reaktion\\\/\"},\"author\":{\"name\":\"Richard Woolnough\",\"@id\":\"https:\\\/\\\/bondvigilantes.com\\\/deutsch\\\/#\\\/schema\\\/person\\\/37ed0b3c35627328e05e569614ba3086\"},\"headline\":\"Probleme in der Eurozone \u2013 Tag des Handelns, Jahre der Reaktion\",\"datePublished\":\"2012-11-14T17:48:47+00:00\",\"dateModified\":\"2012-11-15T10:04:44+00:00\",\"mainEntityOfPage\":{\"@id\":\"https:\\\/\\\/bondvigilantes.com\\\/deutsch\\\/2012\\\/11\\\/probleme-in-der-eurozone-tag-des-handelns-jahre-der-reaktion\\\/\"},\"wordCount\":793,\"commentCount\":0,\"image\":{\"@id\":\"https:\\\/\\\/bondvigilantes.com\\\/deutsch\\\/2012\\\/11\\\/probleme-in-der-eurozone-tag-des-handelns-jahre-der-reaktion\\\/#primaryimage\"},\"thumbnailUrl\":\"https:\\\/\\\/bondvigilantes.com\\\/deutsch\\\/wp-content\\\/uploads\\\/sites\\\/3\\\/2021\\\/12\\\/13.jpg\",\"keywords\":[\"Eurozone\",\"Geldmarktpolitik\"],\"articleSection\":[\"L\u00e4nder\",\"Makro\u00f6konomie und Politik\"],\"inLanguage\":\"de-DE\",\"potentialAction\":[{\"@type\":\"CommentAction\",\"name\":\"Comment\",\"target\":[\"https:\\\/\\\/bondvigilantes.com\\\/deutsch\\\/2012\\\/11\\\/probleme-in-der-eurozone-tag-des-handelns-jahre-der-reaktion\\\/#respond\"]}]},{\"@type\":\"WebPage\",\"@id\":\"https:\\\/\\\/bondvigilantes.com\\\/deutsch\\\/2012\\\/11\\\/probleme-in-der-eurozone-tag-des-handelns-jahre-der-reaktion\\\/\",\"url\":\"https:\\\/\\\/bondvigilantes.com\\\/deutsch\\\/2012\\\/11\\\/probleme-in-der-eurozone-tag-des-handelns-jahre-der-reaktion\\\/\",\"name\":\"Probleme in der Eurozone \u2013 Tag des Handelns, Jahre der Reaktion - Deutsch\",\"isPartOf\":{\"@id\":\"https:\\\/\\\/bondvigilantes.com\\\/deutsch\\\/#website\"},\"primaryImageOfPage\":{\"@id\":\"https:\\\/\\\/bondvigilantes.com\\\/deutsch\\\/2012\\\/11\\\/probleme-in-der-eurozone-tag-des-handelns-jahre-der-reaktion\\\/#primaryimage\"},\"image\":{\"@id\":\"https:\\\/\\\/bondvigilantes.com\\\/deutsch\\\/2012\\\/11\\\/probleme-in-der-eurozone-tag-des-handelns-jahre-der-reaktion\\\/#primaryimage\"},\"thumbnailUrl\":\"https:\\\/\\\/bondvigilantes.com\\\/deutsch\\\/wp-content\\\/uploads\\\/sites\\\/3\\\/2021\\\/12\\\/13.jpg\",\"datePublished\":\"2012-11-14T17:48:47+00:00\",\"dateModified\":\"2012-11-15T10:04:44+00:00\",\"author\":{\"@id\":\"https:\\\/\\\/bondvigilantes.com\\\/deutsch\\\/#\\\/schema\\\/person\\\/37ed0b3c35627328e05e569614ba3086\"},\"description\":\"Heute ist in Europa ein Aktionstag, der Tag des europ\u00e4ischen Generalstreiks. Allerdings ist dieser \u201eTag der Taten\u201c in Wirklichkeit eher ein Tag der\",\"breadcrumb\":{\"@id\":\"https:\\\/\\\/bondvigilantes.com\\\/deutsch\\\/2012\\\/11\\\/probleme-in-der-eurozone-tag-des-handelns-jahre-der-reaktion\\\/#breadcrumb\"},\"inLanguage\":\"de-DE\",\"potentialAction\":[{\"@type\":\"ReadAction\",\"target\":[\"https:\\\/\\\/bondvigilantes.com\\\/deutsch\\\/2012\\\/11\\\/probleme-in-der-eurozone-tag-des-handelns-jahre-der-reaktion\\\/\"]}]},{\"@type\":\"ImageObject\",\"inLanguage\":\"de-DE\",\"@id\":\"https:\\\/\\\/bondvigilantes.com\\\/deutsch\\\/2012\\\/11\\\/probleme-in-der-eurozone-tag-des-handelns-jahre-der-reaktion\\\/#primaryimage\",\"url\":\"https:\\\/\\\/bondvigilantes.com\\\/deutsch\\\/wp-content\\\/uploads\\\/sites\\\/3\\\/2021\\\/12\\\/13.jpg\",\"contentUrl\":\"https:\\\/\\\/bondvigilantes.com\\\/deutsch\\\/wp-content\\\/uploads\\\/sites\\\/3\\\/2021\\\/12\\\/13.jpg\",\"width\":859,\"height\":642},{\"@type\":\"BreadcrumbList\",\"@id\":\"https:\\\/\\\/bondvigilantes.com\\\/deutsch\\\/2012\\\/11\\\/probleme-in-der-eurozone-tag-des-handelns-jahre-der-reaktion\\\/#breadcrumb\",\"itemListElement\":[{\"@type\":\"ListItem\",\"position\":1,\"name\":\"Home\",\"item\":\"https:\\\/\\\/bondvigilantes.com\\\/deutsch\\\/\"},{\"@type\":\"ListItem\",\"position\":2,\"name\":\"Probleme in der Eurozone \u2013 Tag des Handelns, Jahre der Reaktion\"}]},{\"@type\":\"WebSite\",\"@id\":\"https:\\\/\\\/bondvigilantes.com\\\/deutsch\\\/#website\",\"url\":\"https:\\\/\\\/bondvigilantes.com\\\/deutsch\\\/\",\"name\":\"Deutsch\",\"description\":\"M&amp;G\",\"potentialAction\":[{\"@type\":\"SearchAction\",\"target\":{\"@type\":\"EntryPoint\",\"urlTemplate\":\"https:\\\/\\\/bondvigilantes.com\\\/deutsch\\\/?s={search_term_string}\"},\"query-input\":{\"@type\":\"PropertyValueSpecification\",\"valueRequired\":true,\"valueName\":\"search_term_string\"}}],\"inLanguage\":\"de-DE\"},{\"@type\":\"Person\",\"@id\":\"https:\\\/\\\/bondvigilantes.com\\\/deutsch\\\/#\\\/schema\\\/person\\\/37ed0b3c35627328e05e569614ba3086\",\"name\":\"Richard Woolnough\",\"image\":{\"@type\":\"ImageObject\",\"inLanguage\":\"de-DE\",\"@id\":\"https:\\\/\\\/secure.gravatar.com\\\/avatar\\\/eb97965f65c6912f41e21ba3ddbba25513acb79e16562425cc7b55769a362800?s=96&d=mm&r=g\",\"url\":\"https:\\\/\\\/secure.gravatar.com\\\/avatar\\\/eb97965f65c6912f41e21ba3ddbba25513acb79e16562425cc7b55769a362800?s=96&d=mm&r=g\",\"contentUrl\":\"https:\\\/\\\/secure.gravatar.com\\\/avatar\\\/eb97965f65c6912f41e21ba3ddbba25513acb79e16562425cc7b55769a362800?s=96&d=mm&r=g\",\"caption\":\"Richard Woolnough\"},\"url\":\"https:\\\/\\\/bondvigilantes.com\\\/deutsch\\\/author\\\/richardwoolnough\\\/\"}]}<\/script>\n<!-- \/ Yoast SEO Premium plugin. -->","yoast_head_json":{"title":"Probleme in der Eurozone \u2013 Tag des Handelns, Jahre der Reaktion - Deutsch","description":"Heute ist in Europa ein Aktionstag, der Tag des europ\u00e4ischen Generalstreiks. Allerdings ist dieser \u201eTag der Taten\u201c in Wirklichkeit eher ein Tag der","robots":{"index":"index","follow":"follow","max-snippet":"max-snippet:-1","max-image-preview":"max-image-preview:large","max-video-preview":"max-video-preview:-1"},"canonical":"https:\/\/bondvigilantes.com\/deutsch\/2012\/11\/probleme-in-der-eurozone-tag-des-handelns-jahre-der-reaktion\/","twitter_misc":{"Written by":"Richard Woolnough","Est. reading time":"4 Minuten"},"schema":{"@context":"https:\/\/schema.org","@graph":[{"@type":"Article","@id":"https:\/\/bondvigilantes.com\/deutsch\/2012\/11\/probleme-in-der-eurozone-tag-des-handelns-jahre-der-reaktion\/#article","isPartOf":{"@id":"https:\/\/bondvigilantes.com\/deutsch\/2012\/11\/probleme-in-der-eurozone-tag-des-handelns-jahre-der-reaktion\/"},"author":{"name":"Richard Woolnough","@id":"https:\/\/bondvigilantes.com\/deutsch\/#\/schema\/person\/37ed0b3c35627328e05e569614ba3086"},"headline":"Probleme in der Eurozone \u2013 Tag des Handelns, Jahre der Reaktion","datePublished":"2012-11-14T17:48:47+00:00","dateModified":"2012-11-15T10:04:44+00:00","mainEntityOfPage":{"@id":"https:\/\/bondvigilantes.com\/deutsch\/2012\/11\/probleme-in-der-eurozone-tag-des-handelns-jahre-der-reaktion\/"},"wordCount":793,"commentCount":0,"image":{"@id":"https:\/\/bondvigilantes.com\/deutsch\/2012\/11\/probleme-in-der-eurozone-tag-des-handelns-jahre-der-reaktion\/#primaryimage"},"thumbnailUrl":"https:\/\/bondvigilantes.com\/deutsch\/wp-content\/uploads\/sites\/3\/2021\/12\/13.jpg","keywords":["Eurozone","Geldmarktpolitik"],"articleSection":["L\u00e4nder","Makro\u00f6konomie und Politik"],"inLanguage":"de-DE","potentialAction":[{"@type":"CommentAction","name":"Comment","target":["https:\/\/bondvigilantes.com\/deutsch\/2012\/11\/probleme-in-der-eurozone-tag-des-handelns-jahre-der-reaktion\/#respond"]}]},{"@type":"WebPage","@id":"https:\/\/bondvigilantes.com\/deutsch\/2012\/11\/probleme-in-der-eurozone-tag-des-handelns-jahre-der-reaktion\/","url":"https:\/\/bondvigilantes.com\/deutsch\/2012\/11\/probleme-in-der-eurozone-tag-des-handelns-jahre-der-reaktion\/","name":"Probleme in der Eurozone \u2013 Tag des Handelns, Jahre der Reaktion - Deutsch","isPartOf":{"@id":"https:\/\/bondvigilantes.com\/deutsch\/#website"},"primaryImageOfPage":{"@id":"https:\/\/bondvigilantes.com\/deutsch\/2012\/11\/probleme-in-der-eurozone-tag-des-handelns-jahre-der-reaktion\/#primaryimage"},"image":{"@id":"https:\/\/bondvigilantes.com\/deutsch\/2012\/11\/probleme-in-der-eurozone-tag-des-handelns-jahre-der-reaktion\/#primaryimage"},"thumbnailUrl":"https:\/\/bondvigilantes.com\/deutsch\/wp-content\/uploads\/sites\/3\/2021\/12\/13.jpg","datePublished":"2012-11-14T17:48:47+00:00","dateModified":"2012-11-15T10:04:44+00:00","author":{"@id":"https:\/\/bondvigilantes.com\/deutsch\/#\/schema\/person\/37ed0b3c35627328e05e569614ba3086"},"description":"Heute ist in Europa ein Aktionstag, der Tag des europ\u00e4ischen Generalstreiks. Allerdings ist dieser \u201eTag der Taten\u201c in Wirklichkeit eher ein Tag der","breadcrumb":{"@id":"https:\/\/bondvigilantes.com\/deutsch\/2012\/11\/probleme-in-der-eurozone-tag-des-handelns-jahre-der-reaktion\/#breadcrumb"},"inLanguage":"de-DE","potentialAction":[{"@type":"ReadAction","target":["https:\/\/bondvigilantes.com\/deutsch\/2012\/11\/probleme-in-der-eurozone-tag-des-handelns-jahre-der-reaktion\/"]}]},{"@type":"ImageObject","inLanguage":"de-DE","@id":"https:\/\/bondvigilantes.com\/deutsch\/2012\/11\/probleme-in-der-eurozone-tag-des-handelns-jahre-der-reaktion\/#primaryimage","url":"https:\/\/bondvigilantes.com\/deutsch\/wp-content\/uploads\/sites\/3\/2021\/12\/13.jpg","contentUrl":"https:\/\/bondvigilantes.com\/deutsch\/wp-content\/uploads\/sites\/3\/2021\/12\/13.jpg","width":859,"height":642},{"@type":"BreadcrumbList","@id":"https:\/\/bondvigilantes.com\/deutsch\/2012\/11\/probleme-in-der-eurozone-tag-des-handelns-jahre-der-reaktion\/#breadcrumb","itemListElement":[{"@type":"ListItem","position":1,"name":"Home","item":"https:\/\/bondvigilantes.com\/deutsch\/"},{"@type":"ListItem","position":2,"name":"Probleme in der Eurozone \u2013 Tag des Handelns, Jahre der Reaktion"}]},{"@type":"WebSite","@id":"https:\/\/bondvigilantes.com\/deutsch\/#website","url":"https:\/\/bondvigilantes.com\/deutsch\/","name":"Deutsch","description":"M&amp;G","potentialAction":[{"@type":"SearchAction","target":{"@type":"EntryPoint","urlTemplate":"https:\/\/bondvigilantes.com\/deutsch\/?s={search_term_string}"},"query-input":{"@type":"PropertyValueSpecification","valueRequired":true,"valueName":"search_term_string"}}],"inLanguage":"de-DE"},{"@type":"Person","@id":"https:\/\/bondvigilantes.com\/deutsch\/#\/schema\/person\/37ed0b3c35627328e05e569614ba3086","name":"Richard Woolnough","image":{"@type":"ImageObject","inLanguage":"de-DE","@id":"https:\/\/secure.gravatar.com\/avatar\/eb97965f65c6912f41e21ba3ddbba25513acb79e16562425cc7b55769a362800?s=96&d=mm&r=g","url":"https:\/\/secure.gravatar.com\/avatar\/eb97965f65c6912f41e21ba3ddbba25513acb79e16562425cc7b55769a362800?s=96&d=mm&r=g","contentUrl":"https:\/\/secure.gravatar.com\/avatar\/eb97965f65c6912f41e21ba3ddbba25513acb79e16562425cc7b55769a362800?s=96&d=mm&r=g","caption":"Richard Woolnough"},"url":"https:\/\/bondvigilantes.com\/deutsch\/author\/richardwoolnough\/"}]}},"_links":{"self":[{"href":"https:\/\/bondvigilantes.com\/deutsch\/wp-json\/wp\/v2\/posts\/690","targetHints":{"allow":["GET"]}}],"collection":[{"href":"https:\/\/bondvigilantes.com\/deutsch\/wp-json\/wp\/v2\/posts"}],"about":[{"href":"https:\/\/bondvigilantes.com\/deutsch\/wp-json\/wp\/v2\/types\/post"}],"author":[{"embeddable":true,"href":"https:\/\/bondvigilantes.com\/deutsch\/wp-json\/wp\/v2\/users\/3"}],"replies":[{"embeddable":true,"href":"https:\/\/bondvigilantes.com\/deutsch\/wp-json\/wp\/v2\/comments?post=690"}],"version-history":[{"count":0,"href":"https:\/\/bondvigilantes.com\/deutsch\/wp-json\/wp\/v2\/posts\/690\/revisions"}],"wp:attachment":[{"href":"https:\/\/bondvigilantes.com\/deutsch\/wp-json\/wp\/v2\/media?parent=690"}],"wp:term":[{"taxonomy":"category","embeddable":true,"href":"https:\/\/bondvigilantes.com\/deutsch\/wp-json\/wp\/v2\/categories?post=690"},{"taxonomy":"post_tag","embeddable":true,"href":"https:\/\/bondvigilantes.com\/deutsch\/wp-json\/wp\/v2\/tags?post=690"}],"curies":[{"name":"wp","href":"https:\/\/api.w.org\/{rel}","templated":true}]}}