{"id":1156,"date":"2015-07-30T10:26:59","date_gmt":"2015-07-30T10:26:59","guid":{"rendered":"https:\/\/www.bondvigilantes.com\/espanol\/?p=1156"},"modified":"2015-08-11T13:57:15","modified_gmt":"2015-08-11T13:57:15","slug":"quita-de-la-deuda-griega-querer-es-poder","status":"publish","type":"post","link":"https:\/\/bondvigilantes.com\/espanol\/2015\/07\/quita-de-la-deuda-griega-querer-es-poder\/","title":{"rendered":"\u00abQuita\u00bb de la deuda griega: querer es poder"},"content":{"rendered":"<p>La Cumbre de la Eurozona que tuvo lugar en Bruselas hace un par de semanas parece haber brindado finalmente un cierre temporal a la crisis de deuda de Grecia. Por el momento, se evit\u00f3 el temido escenario Grexit (salida de Grecia de la eurozona), y el gobierno griego cubri\u00f3 sus deudas impagas con el FMI y el BCE, recurriendo al pr\u00e9stamo puente de 7.200 millones de euros concedido por el Consejo Europeo. De cara al futuro, este pr\u00e9stamo a corto plazo brindar\u00e1 a Grecia y sus acreedores cierto margen de maniobra para establecer un \u00abmemorando de entendimiento\u00bb con miras al establecimiento de un paquete de rescate m\u00e1s exhaustivo, que se estima ascender\u00e1 a 85.000 millones de euros en los pr\u00f3ximos tres a\u00f1os. En lo relativo a las concesiones que tuvo que hacer el gobierno griego, el primer ministro Tsipras se vio obligado a quebrantar varias de las consignas de su partido en materia de impuestos y recortes del gasto p\u00fablico, por lo que es probable que estas medidas de austeridad sigan ejerciendo presi\u00f3n sobre la econom\u00eda griega en los pr\u00f3ximos meses y a\u00f1os.<\/p>\n<p>Si bien las dilatadas negociaciones hasta el momento se han centrado principalmente en las reformas que el gobierno griego tendr\u00e1 que poner en pr\u00e1ctica, me llama la atenci\u00f3n <strong>lo poco que se ha hecho para aliviar de alguna manera la carga de deuda que pesa sobre el gobierno de Grecia y su poblaci\u00f3n. <\/strong>Sin duda, a pesar de su significativa reducci\u00f3n en 2012, la relaci\u00f3n deuda\/PIB de Grecia ha aumentado nuevamente de menos de un 130% en 2009 a m\u00e1s de un 180% en la actualidad, y seg\u00fan el FMI deber\u00eda alcanzar su mayor nivel en torno a un 200% en los pr\u00f3ximos dos a\u00f1os. M\u00e1s alarmante a\u00fan es la continuaci\u00f3n de una din\u00e1mica sumamente preocupante de la deuda griega: los reveses del lado fiscal y el perfil decepcionante de las cifras de crecimiento (la Comisi\u00f3n Europea recientemente redujo sus previsiones de crecimiento de Grecia en 2015, de un 2,5% a un 0,5%) implican que <strong>la situaci\u00f3n seguir\u00e1 empeorando antes de que comience a mejora<\/strong>r. Recientemente, el cierre forzado de los bancos y la imposici\u00f3n de controles de capitales simplemente exacerbaron las dificultades en el pa\u00eds, y que ahora ser\u00e1 necesaria una inyecci\u00f3n de capital incluso mayor que la prevista para mantener a flote el sector bancario.<\/p>\n<p>En vista de los recientes desarrollos, actualmente todos parecen haber aceptado la noci\u00f3n de que la estructura actual de la deuda soberana griega es insostenible. Esto no solo fue mencionado de manera bastante expl\u00edcita por el FMI en la versi\u00f3n actualizada de su \u00aban\u00e1lisis preliminar de sostenibilidad de la deuda\u00bb (publicado el pasado 14 de julio), sino tambi\u00e9n por muchas otras personas involucradas en el asunto, como el Comisionado de Asuntos Econ\u00f3micos y Financieros de la UE, Pierre Moscovici. <strong>El tema crucial que ha sido objeto de intensos debates es si el alivio de la deuda griega deber\u00eda brindarse mediante una reducci\u00f3n anticipada de la deuda (tambi\u00e9n conocida como \u00abquita\u00bb o \u00abcondonaci\u00f3n de deuda\u00bb) <\/strong>como lo han solicitado Tsipras y el gobierno griego, <strong>o a trav\u00e9s de una reestructuraci\u00f3n de la deuda<\/strong> (la opci\u00f3n preferida por el Eurogrupo liderado por Angela Merkel), que mantendr\u00eda inalterado el valor total de la deuda, pero que implicar\u00eda la extensi\u00f3n de sus vencimientos y la reducci\u00f3n de los costes de intereses.<\/p>\n<p>Desde el principio de la crisis, Angela Merkel y sus socios de la Eurozona siempre han descartado la opci\u00f3n de \u00abquita\u00bb de la deuda de Grecia, manteniendo una postura intransigente que ha suscitado cr\u00edticas de los observadores internacionales y el pueblo griego propiamente dicho. Para ser justos, no deja de ser cierto que una condonaci\u00f3n de deuda tiene ciertos aspectos negativos:<\/p>\n<ul>\n<li>Por ejemplo, alimentar\u00eda las voces populistas en otros pa\u00edses deudores, especialmente Espa\u00f1a, donde la posici\u00f3n del partido Podemos se ver\u00eda probablemente fortalecida.<\/li>\n<li>Tambi\u00e9n tendr\u00eda un impacto negativo inmediato en el sector bancario griego, que todav\u00eda es titular de bonos soberanos griegos por un valor que asciende a 26.000 millones de euros (si bien esto representa menos de un 10% de la deuda total del pa\u00eds), y que se ver\u00eda obligado a asumir nuevas p\u00e9rdidas.<\/li>\n<li>El Banco Central Europeo, que compr\u00f3 m\u00e1s de 20.000 millones de euros en bonos soberanos griegos en 2010 a trav\u00e9s de su Programa del Mercado de Valores, tambi\u00e9n deber\u00e1 asumir p\u00e9rdidas, y las consecuencias legales de esto siguen siendo incierta.<\/li>\n<li>Por \u00faltimo, y este punto constituye la mayor objeci\u00f3n de Angela Merkel a la condonaci\u00f3n de la deuda, tomar este camino ser\u00eda imposible porque supondr\u00eda una violaci\u00f3n del art\u00edculo 125 del Tratado de Lisboa (conocida ahora como la \u00abcl\u00e1usula de no rescate\u00bb), donde se establece que la Uni\u00f3n no deber\u00e1 asumir ni ser responsable de los compromisos de otras entidades p\u00fablicas.<\/li>\n<\/ul>\n<p>Personalmente, creo que se trata de un argumento algo cuestionable por parte de la misma Angela Merkel que respondi\u00f3 \u00abquerer es poder\u00bb ante las propuestas de reforma del tratado de la UE planteadas por David Cameron el pasado 29 de mayo. Anecd\u00f3ticamente, repiti\u00f3 la misma frase a Tsipras el 12 de junio cuando las negociaciones estaban paralizadas, de modo que esta expresi\u00f3n parece ser una de sus predilectas en la actualidad. Sin embargo, <strong>la realidad parece ser que el Tratado de Lisboa puede ser objeto de enmiendas para las reformas de inmigraci\u00f3n y pensiones en Europa propuestas por David Cameron, pero no para aliviar la deuda de Grecia.<\/strong><\/p>\n<p>Creo que es una l\u00e1stima, porque pese a las connotaciones negativas, hay un par de argumentos muy convincentes a favor de una \u00abquita\u00bb en el caso de la deuda griega<\/p>\n<p>1. Si tenemos en cuenta que la deuda griega ya hab\u00eda sido reestructurada en 2010 y despu\u00e9s en 2012, el tipo de inter\u00e9s medio que el gobierno griego actualmente paga sobre su deuda a es bastante bajo (alrededor de un 2,4% seg\u00fan la Comisi\u00f3n Europea), solo un 0,2% mayor que el de Francia y Alemania, como lo muestra el siguiente gr\u00e1fico:<\/p>\n<p><a href=\"https:\/\/bondvigilantes.com\/wp-content\/uploads\/sites\/5\/2021\/12\/EU-implicit-interest-rates_ES.png\" data-rel=\"lightbox-image-0\" data-rl_title=\"\" data-rl_caption=\"\" title=\"\"><img loading=\"lazy\" decoding=\"async\" class=\"aligncenter size-full wp-image-1161\" src=\"https:\/\/bondvigilantes.com\/wp-content\/uploads\/sites\/5\/2021\/12\/EU-implicit-interest-rates_ES.png\" alt=\"EU implicit interest rates_ES\" width=\"945\" height=\"472\" srcset=\"https:\/\/bondvigilantes.com\/espanol\/wp-content\/uploads\/sites\/5\/2021\/12\/EU-implicit-interest-rates_ES.png 945w, https:\/\/bondvigilantes.com\/espanol\/wp-content\/uploads\/sites\/5\/2021\/12\/EU-implicit-interest-rates_ES-300x150.png 300w\" sizes=\"auto, (max-width: 945px) 100vw, 945px\" \/><\/a><\/p>\n<p>Adem\u00e1s, el vencimiento medio de la deuda tambi\u00e9n es bastante largo: m\u00e1s de 20 a\u00f1os. Debido a ello, la reestructuraci\u00f3n solo reducir\u00eda marginalmente el coste de la deuda, a lo que se sumar\u00eda la necesidad de supervisi\u00f3n financiera de Grecia durante varias d\u00e9cadas y la continuaci\u00f3n de las medidas de austeridad. Por ejemplo, un recorte del tipo de inter\u00e9s medio sobre la deuda griega de un 2,4% a un 1,4%, y la extensi\u00f3n del vencimiento medio en unos 30 a\u00f1os (como lo han recomendado algunas instituciones), solo reducir\u00eda el valor presente neto de la deuda en aproximadamente un 30%1.\u00a0Puede que se trate de un paso en la direcci\u00f3n correcta, pero es probable que no represente un alivio significativo\u00a0 para el pa\u00eds.<\/p>\n<p>Y, de reducirse los tipos de inter\u00e9s y extenderse los vencimientos para Grecia, \u00bfc\u00f3mo reaccionar\u00edan los partidos populistas en Europa? \u00bfSin duda los argumentos a favor de un alivio de la deuda son igual de s\u00f3lidos en el caso de la \u00abquita\u00bb como en el de la reestructuraci\u00f3n?<\/p>\n<p>2. Ahora que entramos al s\u00e9ptimo a\u00f1o de la recesi\u00f3n griega, podr\u00eda decirse que el pa\u00eds y sus habitantes han llegado al final de su capacidad de resistencia en lo que a medidas de austeridad se refiere. Una \u00abquita\u00bb en Grecia allanar\u00eda el camino para el necesario incremento del gasto a corto plazo, impulsando as\u00ed la inversi\u00f3n y reduciendo el desempleo.<\/p>\n<p>Ojal\u00e1 que Alemania y sus socios del Eurogrupo consideren los posibles beneficios de la condonaci\u00f3n de una parte de la deuda griega, y ojal\u00e1 que la raz\u00f3n por la que no lo han hecho hasta ahora sea simplemente porque consideran que no se trata del momento oportuno. Ciertamente, considerando las pr\u00f3ximas elecciones nacionales en Portugal, Espa\u00f1a e Irlanda, as\u00ed como las elecciones federales en Alemania, quiz\u00e1s este no sea el mejor momento para materializar las p\u00e9rdidas incurridas sobre los pr\u00e9stamos concedidos a Grecia.<\/p>\n<p>En este sentido, puede que la estrategia de Alemania sea sensata, y <strong>esperamos que dentro de pocos a\u00f1os<\/strong> \u2013si Grecia ha demostrado un s\u00f3lido compromiso con las reformas y se han atenuado las presiones pol\u00edticas en Europa\u2013 <strong>se vuelva a considerar seriamente la idea de condonaci\u00f3n de la deuda<\/strong>. \u00bfQui\u00e9n sabe, puede que en ese momento volvamos a escuchar la frase predilecta de Angela Merkel&#8230; despu\u00e9s de todo, querer es poder&#8230; no es as\u00ed, Sra. Merkel?<\/p>\n<p>1 Si suponemos un tipo de descuento plano de un 2,4%<\/p>\n","protected":false},"excerpt":{"rendered":"<p>La Cumbre de la Eurozona que tuvo lugar en Bruselas hace un par de semanas parece haber brindado finalmente un cierre temporal a la crisis de deuda de Grecia. Por el momento, se evit\u00f3 el temido escenario Grexit (salida de Grecia de la eurozona), y el gobierno griego cubri\u00f3 sus deudas impagas con el FMI y el BCE, recurriendo al pr\u00e9stamo puente de 7.200 millones de euros concedido por el Consejo Europeo. De cara al futuro, este pr\u00e9stamo a corto plazo brindar\u00e1 a Grecia y&#8230;<\/p>\n","protected":false},"author":88,"featured_media":0,"comment_status":"open","ping_status":"open","sticky":false,"template":"","format":"standard","meta":{"_acf_changed":false,"footnotes":""},"categories":[73,48],"tags":[137,77],"class_list":["post-1156","post","type-post","status-publish","format-standard","hentry","category-eurozona-2","category-macro-y-politica","tag-deuda","tag-europe"],"acf":[],"yoast_head":"<!-- This site is optimized with the Yoast SEO Premium plugin v25.8 (Yoast SEO v27.4) - https:\/\/yoast.com\/product\/yoast-seo-premium-wordpress\/ -->\n<title>\u00abQuita\u00bb de la deuda griega: querer es poder - Espa\u00f1ol<\/title>\n<meta name=\"description\" content=\"La Cumbre de la Eurozona que tuvo lugar en Bruselas hace un par de semanas parece haber brindado finalmente un cierre temporal a la crisis de deuda de\" \/>\n<meta name=\"robots\" content=\"index, follow, max-snippet:-1, max-image-preview:large, max-video-preview:-1\" \/>\n<link rel=\"canonical\" href=\"https:\/\/bondvigilantes.com\/espanol\/2015\/07\/quita-de-la-deuda-griega-querer-es-poder\/\" \/>\n<meta name=\"twitter:label1\" content=\"Written by\" \/>\n\t<meta name=\"twitter:data1\" content=\"Pierre Chartres\" \/>\n\t<meta name=\"twitter:label2\" content=\"Est. reading time\" \/>\n\t<meta name=\"twitter:data2\" content=\"7 minutos\" \/>\n<script type=\"application\/ld+json\" class=\"yoast-schema-graph\">{\"@context\":\"https:\\\/\\\/schema.org\",\"@graph\":[{\"@type\":\"Article\",\"@id\":\"https:\\\/\\\/bondvigilantes.com\\\/espanol\\\/2015\\\/07\\\/quita-de-la-deuda-griega-querer-es-poder\\\/#article\",\"isPartOf\":{\"@id\":\"https:\\\/\\\/bondvigilantes.com\\\/espanol\\\/2015\\\/07\\\/quita-de-la-deuda-griega-querer-es-poder\\\/\"},\"author\":{\"name\":\"Pierre Chartres\",\"@id\":\"https:\\\/\\\/bondvigilantes.com\\\/espanol\\\/#\\\/schema\\\/person\\\/b7da04115725a37dc0c80e021ae49ad6\"},\"headline\":\"\u00abQuita\u00bb de la deuda griega: querer es poder\",\"datePublished\":\"2015-07-30T10:26:59+00:00\",\"dateModified\":\"2015-08-11T13:57:15+00:00\",\"mainEntityOfPage\":{\"@id\":\"https:\\\/\\\/bondvigilantes.com\\\/espanol\\\/2015\\\/07\\\/quita-de-la-deuda-griega-querer-es-poder\\\/\"},\"wordCount\":1495,\"commentCount\":0,\"image\":{\"@id\":\"https:\\\/\\\/bondvigilantes.com\\\/espanol\\\/2015\\\/07\\\/quita-de-la-deuda-griega-querer-es-poder\\\/#primaryimage\"},\"thumbnailUrl\":\"https:\\\/\\\/bondvigilantes.com\\\/wp-content\\\/uploads\\\/sites\\\/5\\\/2021\\\/12\\\/EU-implicit-interest-rates_ES.png\",\"keywords\":[\"deuda\",\"Europe\"],\"articleSection\":[\"eurozona\",\"macro y pol\u00edtica\"],\"inLanguage\":\"es\",\"potentialAction\":[{\"@type\":\"CommentAction\",\"name\":\"Comment\",\"target\":[\"https:\\\/\\\/bondvigilantes.com\\\/espanol\\\/2015\\\/07\\\/quita-de-la-deuda-griega-querer-es-poder\\\/#respond\"]}]},{\"@type\":\"WebPage\",\"@id\":\"https:\\\/\\\/bondvigilantes.com\\\/espanol\\\/2015\\\/07\\\/quita-de-la-deuda-griega-querer-es-poder\\\/\",\"url\":\"https:\\\/\\\/bondvigilantes.com\\\/espanol\\\/2015\\\/07\\\/quita-de-la-deuda-griega-querer-es-poder\\\/\",\"name\":\"\u00abQuita\u00bb de la deuda griega: querer es poder - Espa\u00f1ol\",\"isPartOf\":{\"@id\":\"https:\\\/\\\/bondvigilantes.com\\\/espanol\\\/#website\"},\"primaryImageOfPage\":{\"@id\":\"https:\\\/\\\/bondvigilantes.com\\\/espanol\\\/2015\\\/07\\\/quita-de-la-deuda-griega-querer-es-poder\\\/#primaryimage\"},\"image\":{\"@id\":\"https:\\\/\\\/bondvigilantes.com\\\/espanol\\\/2015\\\/07\\\/quita-de-la-deuda-griega-querer-es-poder\\\/#primaryimage\"},\"thumbnailUrl\":\"https:\\\/\\\/bondvigilantes.com\\\/wp-content\\\/uploads\\\/sites\\\/5\\\/2021\\\/12\\\/EU-implicit-interest-rates_ES.png\",\"datePublished\":\"2015-07-30T10:26:59+00:00\",\"dateModified\":\"2015-08-11T13:57:15+00:00\",\"author\":{\"@id\":\"https:\\\/\\\/bondvigilantes.com\\\/espanol\\\/#\\\/schema\\\/person\\\/b7da04115725a37dc0c80e021ae49ad6\"},\"description\":\"La Cumbre de la Eurozona que tuvo lugar en Bruselas hace un par de semanas parece haber brindado finalmente un cierre temporal a la crisis de deuda de\",\"breadcrumb\":{\"@id\":\"https:\\\/\\\/bondvigilantes.com\\\/espanol\\\/2015\\\/07\\\/quita-de-la-deuda-griega-querer-es-poder\\\/#breadcrumb\"},\"inLanguage\":\"es\",\"potentialAction\":[{\"@type\":\"ReadAction\",\"target\":[\"https:\\\/\\\/bondvigilantes.com\\\/espanol\\\/2015\\\/07\\\/quita-de-la-deuda-griega-querer-es-poder\\\/\"]}]},{\"@type\":\"ImageObject\",\"inLanguage\":\"es\",\"@id\":\"https:\\\/\\\/bondvigilantes.com\\\/espanol\\\/2015\\\/07\\\/quita-de-la-deuda-griega-querer-es-poder\\\/#primaryimage\",\"url\":\"https:\\\/\\\/bondvigilantes.com\\\/wp-content\\\/uploads\\\/sites\\\/5\\\/2021\\\/12\\\/EU-implicit-interest-rates_ES.png\",\"contentUrl\":\"https:\\\/\\\/bondvigilantes.com\\\/wp-content\\\/uploads\\\/sites\\\/5\\\/2021\\\/12\\\/EU-implicit-interest-rates_ES.png\"},{\"@type\":\"BreadcrumbList\",\"@id\":\"https:\\\/\\\/bondvigilantes.com\\\/espanol\\\/2015\\\/07\\\/quita-de-la-deuda-griega-querer-es-poder\\\/#breadcrumb\",\"itemListElement\":[{\"@type\":\"ListItem\",\"position\":1,\"name\":\"Portada\",\"item\":\"https:\\\/\\\/bondvigilantes.com\\\/espanol\\\/\"},{\"@type\":\"ListItem\",\"position\":2,\"name\":\"\u00abQuita\u00bb de la deuda griega: querer es poder\"}]},{\"@type\":\"WebSite\",\"@id\":\"https:\\\/\\\/bondvigilantes.com\\\/espanol\\\/#website\",\"url\":\"https:\\\/\\\/bondvigilantes.com\\\/espanol\\\/\",\"name\":\"Espa\u00f1ol\",\"description\":\"M&amp;G\",\"potentialAction\":[{\"@type\":\"SearchAction\",\"target\":{\"@type\":\"EntryPoint\",\"urlTemplate\":\"https:\\\/\\\/bondvigilantes.com\\\/espanol\\\/?s={search_term_string}\"},\"query-input\":{\"@type\":\"PropertyValueSpecification\",\"valueRequired\":true,\"valueName\":\"search_term_string\"}}],\"inLanguage\":\"es\"},{\"@type\":\"Person\",\"@id\":\"https:\\\/\\\/bondvigilantes.com\\\/espanol\\\/#\\\/schema\\\/person\\\/b7da04115725a37dc0c80e021ae49ad6\",\"name\":\"Pierre Chartres\",\"image\":{\"@type\":\"ImageObject\",\"inLanguage\":\"es\",\"@id\":\"https:\\\/\\\/secure.gravatar.com\\\/avatar\\\/7ece867b56b47716377cd8e1ca7a41bd602479cb8186097ce023d8a71b9821b8?s=96&d=mm&r=g\",\"url\":\"https:\\\/\\\/secure.gravatar.com\\\/avatar\\\/7ece867b56b47716377cd8e1ca7a41bd602479cb8186097ce023d8a71b9821b8?s=96&d=mm&r=g\",\"contentUrl\":\"https:\\\/\\\/secure.gravatar.com\\\/avatar\\\/7ece867b56b47716377cd8e1ca7a41bd602479cb8186097ce023d8a71b9821b8?s=96&d=mm&r=g\",\"caption\":\"Pierre Chartres\"},\"url\":\"https:\\\/\\\/bondvigilantes.com\\\/espanol\\\/author\\\/pierrechartres\\\/\"}]}<\/script>\n<!-- \/ Yoast SEO Premium plugin. -->","yoast_head_json":{"title":"\u00abQuita\u00bb de la deuda griega: querer es poder - Espa\u00f1ol","description":"La Cumbre de la Eurozona que tuvo lugar en Bruselas hace un par de semanas parece haber brindado finalmente un cierre temporal a la crisis de deuda de","robots":{"index":"index","follow":"follow","max-snippet":"max-snippet:-1","max-image-preview":"max-image-preview:large","max-video-preview":"max-video-preview:-1"},"canonical":"https:\/\/bondvigilantes.com\/espanol\/2015\/07\/quita-de-la-deuda-griega-querer-es-poder\/","twitter_misc":{"Written by":"Pierre Chartres","Est. reading time":"7 minutos"},"schema":{"@context":"https:\/\/schema.org","@graph":[{"@type":"Article","@id":"https:\/\/bondvigilantes.com\/espanol\/2015\/07\/quita-de-la-deuda-griega-querer-es-poder\/#article","isPartOf":{"@id":"https:\/\/bondvigilantes.com\/espanol\/2015\/07\/quita-de-la-deuda-griega-querer-es-poder\/"},"author":{"name":"Pierre Chartres","@id":"https:\/\/bondvigilantes.com\/espanol\/#\/schema\/person\/b7da04115725a37dc0c80e021ae49ad6"},"headline":"\u00abQuita\u00bb de la deuda griega: querer es poder","datePublished":"2015-07-30T10:26:59+00:00","dateModified":"2015-08-11T13:57:15+00:00","mainEntityOfPage":{"@id":"https:\/\/bondvigilantes.com\/espanol\/2015\/07\/quita-de-la-deuda-griega-querer-es-poder\/"},"wordCount":1495,"commentCount":0,"image":{"@id":"https:\/\/bondvigilantes.com\/espanol\/2015\/07\/quita-de-la-deuda-griega-querer-es-poder\/#primaryimage"},"thumbnailUrl":"https:\/\/bondvigilantes.com\/wp-content\/uploads\/sites\/5\/2021\/12\/EU-implicit-interest-rates_ES.png","keywords":["deuda","Europe"],"articleSection":["eurozona","macro y pol\u00edtica"],"inLanguage":"es","potentialAction":[{"@type":"CommentAction","name":"Comment","target":["https:\/\/bondvigilantes.com\/espanol\/2015\/07\/quita-de-la-deuda-griega-querer-es-poder\/#respond"]}]},{"@type":"WebPage","@id":"https:\/\/bondvigilantes.com\/espanol\/2015\/07\/quita-de-la-deuda-griega-querer-es-poder\/","url":"https:\/\/bondvigilantes.com\/espanol\/2015\/07\/quita-de-la-deuda-griega-querer-es-poder\/","name":"\u00abQuita\u00bb de la deuda griega: querer es poder - Espa\u00f1ol","isPartOf":{"@id":"https:\/\/bondvigilantes.com\/espanol\/#website"},"primaryImageOfPage":{"@id":"https:\/\/bondvigilantes.com\/espanol\/2015\/07\/quita-de-la-deuda-griega-querer-es-poder\/#primaryimage"},"image":{"@id":"https:\/\/bondvigilantes.com\/espanol\/2015\/07\/quita-de-la-deuda-griega-querer-es-poder\/#primaryimage"},"thumbnailUrl":"https:\/\/bondvigilantes.com\/wp-content\/uploads\/sites\/5\/2021\/12\/EU-implicit-interest-rates_ES.png","datePublished":"2015-07-30T10:26:59+00:00","dateModified":"2015-08-11T13:57:15+00:00","author":{"@id":"https:\/\/bondvigilantes.com\/espanol\/#\/schema\/person\/b7da04115725a37dc0c80e021ae49ad6"},"description":"La Cumbre de la Eurozona que tuvo lugar en Bruselas hace un par de semanas parece haber brindado finalmente un cierre temporal a la crisis de deuda de","breadcrumb":{"@id":"https:\/\/bondvigilantes.com\/espanol\/2015\/07\/quita-de-la-deuda-griega-querer-es-poder\/#breadcrumb"},"inLanguage":"es","potentialAction":[{"@type":"ReadAction","target":["https:\/\/bondvigilantes.com\/espanol\/2015\/07\/quita-de-la-deuda-griega-querer-es-poder\/"]}]},{"@type":"ImageObject","inLanguage":"es","@id":"https:\/\/bondvigilantes.com\/espanol\/2015\/07\/quita-de-la-deuda-griega-querer-es-poder\/#primaryimage","url":"https:\/\/bondvigilantes.com\/wp-content\/uploads\/sites\/5\/2021\/12\/EU-implicit-interest-rates_ES.png","contentUrl":"https:\/\/bondvigilantes.com\/wp-content\/uploads\/sites\/5\/2021\/12\/EU-implicit-interest-rates_ES.png"},{"@type":"BreadcrumbList","@id":"https:\/\/bondvigilantes.com\/espanol\/2015\/07\/quita-de-la-deuda-griega-querer-es-poder\/#breadcrumb","itemListElement":[{"@type":"ListItem","position":1,"name":"Portada","item":"https:\/\/bondvigilantes.com\/espanol\/"},{"@type":"ListItem","position":2,"name":"\u00abQuita\u00bb de la deuda griega: querer es poder"}]},{"@type":"WebSite","@id":"https:\/\/bondvigilantes.com\/espanol\/#website","url":"https:\/\/bondvigilantes.com\/espanol\/","name":"Espa\u00f1ol","description":"M&amp;G","potentialAction":[{"@type":"SearchAction","target":{"@type":"EntryPoint","urlTemplate":"https:\/\/bondvigilantes.com\/espanol\/?s={search_term_string}"},"query-input":{"@type":"PropertyValueSpecification","valueRequired":true,"valueName":"search_term_string"}}],"inLanguage":"es"},{"@type":"Person","@id":"https:\/\/bondvigilantes.com\/espanol\/#\/schema\/person\/b7da04115725a37dc0c80e021ae49ad6","name":"Pierre Chartres","image":{"@type":"ImageObject","inLanguage":"es","@id":"https:\/\/secure.gravatar.com\/avatar\/7ece867b56b47716377cd8e1ca7a41bd602479cb8186097ce023d8a71b9821b8?s=96&d=mm&r=g","url":"https:\/\/secure.gravatar.com\/avatar\/7ece867b56b47716377cd8e1ca7a41bd602479cb8186097ce023d8a71b9821b8?s=96&d=mm&r=g","contentUrl":"https:\/\/secure.gravatar.com\/avatar\/7ece867b56b47716377cd8e1ca7a41bd602479cb8186097ce023d8a71b9821b8?s=96&d=mm&r=g","caption":"Pierre Chartres"},"url":"https:\/\/bondvigilantes.com\/espanol\/author\/pierrechartres\/"}]}},"_links":{"self":[{"href":"https:\/\/bondvigilantes.com\/espanol\/wp-json\/wp\/v2\/posts\/1156","targetHints":{"allow":["GET"]}}],"collection":[{"href":"https:\/\/bondvigilantes.com\/espanol\/wp-json\/wp\/v2\/posts"}],"about":[{"href":"https:\/\/bondvigilantes.com\/espanol\/wp-json\/wp\/v2\/types\/post"}],"author":[{"embeddable":true,"href":"https:\/\/bondvigilantes.com\/espanol\/wp-json\/wp\/v2\/users\/88"}],"replies":[{"embeddable":true,"href":"https:\/\/bondvigilantes.com\/espanol\/wp-json\/wp\/v2\/comments?post=1156"}],"version-history":[{"count":0,"href":"https:\/\/bondvigilantes.com\/espanol\/wp-json\/wp\/v2\/posts\/1156\/revisions"}],"wp:attachment":[{"href":"https:\/\/bondvigilantes.com\/espanol\/wp-json\/wp\/v2\/media?parent=1156"}],"wp:term":[{"taxonomy":"category","embeddable":true,"href":"https:\/\/bondvigilantes.com\/espanol\/wp-json\/wp\/v2\/categories?post=1156"},{"taxonomy":"post_tag","embeddable":true,"href":"https:\/\/bondvigilantes.com\/espanol\/wp-json\/wp\/v2\/tags?post=1156"}],"curies":[{"name":"wp","href":"https:\/\/api.w.org\/{rel}","templated":true}]}}