{"id":166,"date":"2014-03-06T12:13:04","date_gmt":"2014-03-06T12:13:04","guid":{"rendered":"https:\/\/www.bondvigilantes.com\/espanol\/?p=166"},"modified":"2014-03-07T15:47:11","modified_gmt":"2014-03-07T15:47:11","slug":"japon-subira-los-impuestos-al-consumo-en-abril-repuntaran-las-ventas-minoristas-en-marzo-para-desplomarse-despues","status":"publish","type":"post","link":"https:\/\/bondvigilantes.com\/espanol\/2014\/03\/japon-subira-los-impuestos-al-consumo-en-abril-repuntaran-las-ventas-minoristas-en-marzo-para-desplomarse-despues\/","title":{"rendered":"Jap\u00f3n subir\u00e1 los impuestos al consumo en abril. \u00bfRepuntar\u00e1n las ventas minoristas en marzo para desplomarse despu\u00e9s?"},"content":{"rendered":"<p>El pr\u00f3ximo mes, Jap\u00f3n elevar\u00e1 su impuesto sobre el consumo desde el 5% al 8%, una medida destinada a reducir el ratio de deuda frente al PIB, que es superior al 200%. El objetivo es lograr el super\u00e1vit presupuestario en 2020.\u00a0 Puede que esta sea la primera de las dos subidas programadas del impuesto sobre las ventas, y que en octubre de 2015\u00a0 se eleve un 10% m\u00e1s. El primer ministro Abe ha dicho que esta segunda subida depender\u00e1 de la recuperaci\u00f3n econ\u00f3mica, comprendiendo, con raz\u00f3n, que s\u00f3lo un significativo aumento del \u00edndice de crecimiento de Jap\u00f3n, repercutir\u00e1 sobre la deuda nacional. Ha dicho que los datos de julio a septiembre de 2014 determinar\u00e1n si se aplica esta segunda subida del IVA o no.<\/p>\n<p>Ya estuve observando la repercusi\u00f3n sobre las ventas del anuncio de subidas del IVA, cuando se aplicaron en Reino Unido, del <a href=\"https:\/\/bondvigilantes.com\/blog\/2021\/12\/09\/doom-for-uk-retailers-in-2010-vat-hike-implies-collapse-in-retail-sales\/\">15% al 17.5%<\/a> (a comienzos de 2010), y despu\u00e9s otra vez del <a href=\"https:\/\/bondvigilantes.com\/blog\/2021\/12\/28\/an-update-on-the-impact-of-the-vat-rises-in-the-uk-compared-to-australia-and-japan\/\">17,5% al 20%<\/a> (a comienzos de 2011). Recurriendo a ejemplos hist\u00f3ricos, cuando Jap\u00f3n elev\u00f3 el impuesto al consumo en 1997, y cuando Australia hizo lo mismo en 2000, los distribuidores minoristas registraron un enorme aumento de las ventas durante el mes anterior a la subida (una subida del 12% interanual en ambos casos), pero cuando los precios subieron, las ventas minoristas se desplomaron hasta casi cero, o incluso por debajo. Los consumidores precavidos \u00a0adelantaron las compras antes de la anunciada subida de precios.<\/p>\n<p>Pens\u00e9 que en Reino Unido se producir\u00eda algo similar, pero los datos s\u00f3lo muestran un leve indicio de ello; despu\u00e9s de la subida del IVA en 2010, las ventas fueron negativas, pero en ninguna de las dos ocasiones vimos los \u201cadelantos l\u00f3gicos\u201d que se registraron en Jap\u00f3n y Australia.\u00a0 Quiz\u00e1s el d\u00e9bil crecimiento del PIB durante ese periodo (con una media inferior al 1,5% interanual, y por momentos inferior incluso al 0,5% interanual a lo largo de 2010 y 2011), y el famoso encogimiento de los ingresos reales en Reino Unido, debido a que la inflaci\u00f3n aument\u00f3 m\u00e1s que los sueldos, hizo que no hubiera capacidad para adelantar las compras. O quiz\u00e1s es que no somos tan precavidos como los japoneses y los australianos.<\/p>\n<p><a href=\"\/espanol\/wp-content\/uploads\/sites\/5\/2021\/12\/VAT-hikes-ES.png\" data-rel=\"lightbox-image-0\" data-rl_title=\"\" data-rl_caption=\"\" title=\"\"><img loading=\"lazy\" decoding=\"async\" class=\"aligncenter size-full wp-image-167\" alt=\"VAT hikes\" src=\"\/espanol\/wp-content\/uploads\/sites\/5\/2021\/12\/VAT-hikes-ES.png\" width=\"960\" height=\"720\" \/><\/a><\/p>\n<p>Por eso, las consecuencias para Jap\u00f3n en 2014 no est\u00e1n claramente delimitadas. Pero me ha sorprendido comprobar que el crecimiento de las ventas minoristas en Jap\u00f3n ya es mucho mayor que en ninguno de los ejemplos hist\u00f3ricos de ciclos de subidas del IVA, ya que han aumentado un 4,4% interanual.\u00a0 Los autom\u00f3viles y los equipos de maquinaria encabezan la subida, elementos de precio muy alto que, l\u00f3gicamente, tiene m\u00e1s sentido adquirir antes de que suba el IVA. Los economistas lo han atribuido al adelanto de las compras, pero vale la pena explorar explicaciones alternativas. Los datos salariales, publicados hoy, muestran la primera subida en el salario base desde hace casi dos a\u00f1os, quiz\u00e1s las \u00faltimas mejoras en algunos datos econ\u00f3micos, y el impacto sociol\u00f3gico de la Abenomics, est\u00e1n provocando una mejora real del sentimiento del consumidor. \u00a0Pero los sueldos s\u00f3lo han aumentado un 0,1% anual, e incluyendo bonus y horas extras, el crecimiento es negativo. Jap\u00f3n acaba de salir de la\u00a0 deflaci\u00f3n y esto tambi\u00e9n contribuye a reducir los ingresos reales. La econom\u00eda y el consumidor japon\u00e9s siguen siendo fr\u00e1giles. Seguro que Abe est\u00e1 esperando que esto no acabe en una reedici\u00f3n de 1997.<\/p>\n","protected":false},"excerpt":{"rendered":"<p>El pr\u00f3ximo mes, Jap\u00f3n elevar\u00e1 su impuesto sobre el consumo desde el 5% al 8%, una medida destinada a reducir el ratio de deuda frente al PIB, que es superior al 200%. El objetivo es lograr el super\u00e1vit presupuestario en 2020.\u00a0 Puede que esta sea la primera de las dos subidas programadas del impuesto sobre las ventas, y que en octubre de 2015\u00a0 se eleve un 10% m\u00e1s. El primer ministro Abe ha dicho que esta segunda subida depender\u00e1 de la recuperaci\u00f3n econ\u00f3mica, comprendiendo, con&#8230;<\/p>\n","protected":false},"author":2,"featured_media":0,"comment_status":"open","ping_status":"open","sticky":false,"template":"","format":"standard","meta":{"_acf_changed":false,"footnotes":""},"categories":[54],"tags":[141],"class_list":["post-166","post","type-post","status-publish","format-standard","hentry","category-otros","tag-macro-y-politica"],"acf":[],"yoast_head":"<!-- This site is optimized with the Yoast SEO Premium plugin v25.8 (Yoast SEO v27.4) - https:\/\/yoast.com\/product\/yoast-seo-premium-wordpress\/ -->\n<title>Jap\u00f3n subir\u00e1 los impuestos al consumo en abril. \u00bfRepuntar\u00e1n las ventas minoristas en marzo para desplomarse despu\u00e9s? - Espa\u00f1ol<\/title>\n<meta name=\"description\" content=\"El pr\u00f3ximo mes, Jap\u00f3n elevar\u00e1 su impuesto sobre el consumo desde el 5% al 8%, una medida destinada a reducir el ratio de deuda frente al PIB, que es\" \/>\n<meta name=\"robots\" content=\"index, follow, max-snippet:-1, max-image-preview:large, max-video-preview:-1\" \/>\n<link rel=\"canonical\" href=\"https:\/\/bondvigilantes.com\/espanol\/2014\/03\/japon-subira-los-impuestos-al-consumo-en-abril-repuntaran-las-ventas-minoristas-en-marzo-para-desplomarse-despues\/\" \/>\n<meta name=\"twitter:label1\" content=\"Written by\" \/>\n\t<meta name=\"twitter:data1\" content=\"Jim Leaviss\" \/>\n\t<meta name=\"twitter:label2\" content=\"Est. reading time\" \/>\n\t<meta name=\"twitter:data2\" content=\"3 minutos\" \/>\n<script type=\"application\/ld+json\" class=\"yoast-schema-graph\">{\"@context\":\"https:\\\/\\\/schema.org\",\"@graph\":[{\"@type\":\"Article\",\"@id\":\"https:\\\/\\\/bondvigilantes.com\\\/espanol\\\/2014\\\/03\\\/japon-subira-los-impuestos-al-consumo-en-abril-repuntaran-las-ventas-minoristas-en-marzo-para-desplomarse-despues\\\/#article\",\"isPartOf\":{\"@id\":\"https:\\\/\\\/bondvigilantes.com\\\/espanol\\\/2014\\\/03\\\/japon-subira-los-impuestos-al-consumo-en-abril-repuntaran-las-ventas-minoristas-en-marzo-para-desplomarse-despues\\\/\"},\"author\":{\"name\":\"Jim Leaviss\",\"@id\":\"https:\\\/\\\/bondvigilantes.com\\\/espanol\\\/#\\\/schema\\\/person\\\/2971352be5d6751d2924d548fbdd4691\"},\"headline\":\"Jap\u00f3n subir\u00e1 los impuestos al consumo en abril. \u00bfRepuntar\u00e1n las ventas minoristas en marzo para desplomarse despu\u00e9s?\",\"datePublished\":\"2014-03-06T12:13:04+00:00\",\"dateModified\":\"2014-03-07T15:47:11+00:00\",\"mainEntityOfPage\":{\"@id\":\"https:\\\/\\\/bondvigilantes.com\\\/espanol\\\/2014\\\/03\\\/japon-subira-los-impuestos-al-consumo-en-abril-repuntaran-las-ventas-minoristas-en-marzo-para-desplomarse-despues\\\/\"},\"wordCount\":597,\"commentCount\":0,\"keywords\":[\"macro y pol\u00edtica\"],\"articleSection\":[\"Otros\"],\"inLanguage\":\"es\",\"potentialAction\":[{\"@type\":\"CommentAction\",\"name\":\"Comment\",\"target\":[\"https:\\\/\\\/bondvigilantes.com\\\/espanol\\\/2014\\\/03\\\/japon-subira-los-impuestos-al-consumo-en-abril-repuntaran-las-ventas-minoristas-en-marzo-para-desplomarse-despues\\\/#respond\"]}]},{\"@type\":\"WebPage\",\"@id\":\"https:\\\/\\\/bondvigilantes.com\\\/espanol\\\/2014\\\/03\\\/japon-subira-los-impuestos-al-consumo-en-abril-repuntaran-las-ventas-minoristas-en-marzo-para-desplomarse-despues\\\/\",\"url\":\"https:\\\/\\\/bondvigilantes.com\\\/espanol\\\/2014\\\/03\\\/japon-subira-los-impuestos-al-consumo-en-abril-repuntaran-las-ventas-minoristas-en-marzo-para-desplomarse-despues\\\/\",\"name\":\"Jap\u00f3n subir\u00e1 los impuestos al consumo en abril. \u00bfRepuntar\u00e1n las ventas minoristas en marzo para desplomarse despu\u00e9s? - Espa\u00f1ol\",\"isPartOf\":{\"@id\":\"https:\\\/\\\/bondvigilantes.com\\\/espanol\\\/#website\"},\"datePublished\":\"2014-03-06T12:13:04+00:00\",\"dateModified\":\"2014-03-07T15:47:11+00:00\",\"author\":{\"@id\":\"https:\\\/\\\/bondvigilantes.com\\\/espanol\\\/#\\\/schema\\\/person\\\/2971352be5d6751d2924d548fbdd4691\"},\"description\":\"El pr\u00f3ximo mes, Jap\u00f3n elevar\u00e1 su impuesto sobre el consumo desde el 5% al 8%, una medida destinada a reducir el ratio de deuda frente al PIB, que es\",\"breadcrumb\":{\"@id\":\"https:\\\/\\\/bondvigilantes.com\\\/espanol\\\/2014\\\/03\\\/japon-subira-los-impuestos-al-consumo-en-abril-repuntaran-las-ventas-minoristas-en-marzo-para-desplomarse-despues\\\/#breadcrumb\"},\"inLanguage\":\"es\",\"potentialAction\":[{\"@type\":\"ReadAction\",\"target\":[\"https:\\\/\\\/bondvigilantes.com\\\/espanol\\\/2014\\\/03\\\/japon-subira-los-impuestos-al-consumo-en-abril-repuntaran-las-ventas-minoristas-en-marzo-para-desplomarse-despues\\\/\"]}]},{\"@type\":\"BreadcrumbList\",\"@id\":\"https:\\\/\\\/bondvigilantes.com\\\/espanol\\\/2014\\\/03\\\/japon-subira-los-impuestos-al-consumo-en-abril-repuntaran-las-ventas-minoristas-en-marzo-para-desplomarse-despues\\\/#breadcrumb\",\"itemListElement\":[{\"@type\":\"ListItem\",\"position\":1,\"name\":\"Portada\",\"item\":\"https:\\\/\\\/bondvigilantes.com\\\/espanol\\\/\"},{\"@type\":\"ListItem\",\"position\":2,\"name\":\"Jap\u00f3n subir\u00e1 los impuestos al consumo en abril. \u00bfRepuntar\u00e1n las ventas minoristas en marzo para desplomarse despu\u00e9s?\"}]},{\"@type\":\"WebSite\",\"@id\":\"https:\\\/\\\/bondvigilantes.com\\\/espanol\\\/#website\",\"url\":\"https:\\\/\\\/bondvigilantes.com\\\/espanol\\\/\",\"name\":\"Espa\u00f1ol\",\"description\":\"M&amp;G\",\"potentialAction\":[{\"@type\":\"SearchAction\",\"target\":{\"@type\":\"EntryPoint\",\"urlTemplate\":\"https:\\\/\\\/bondvigilantes.com\\\/espanol\\\/?s={search_term_string}\"},\"query-input\":{\"@type\":\"PropertyValueSpecification\",\"valueRequired\":true,\"valueName\":\"search_term_string\"}}],\"inLanguage\":\"es\"},{\"@type\":\"Person\",\"@id\":\"https:\\\/\\\/bondvigilantes.com\\\/espanol\\\/#\\\/schema\\\/person\\\/2971352be5d6751d2924d548fbdd4691\",\"name\":\"Jim Leaviss\",\"image\":{\"@type\":\"ImageObject\",\"inLanguage\":\"es\",\"@id\":\"https:\\\/\\\/secure.gravatar.com\\\/avatar\\\/4ec9068fac6c22ac1209db7253be79a290d5e40f35e95fa88c871beb9526103c?s=96&d=mm&r=g\",\"url\":\"https:\\\/\\\/secure.gravatar.com\\\/avatar\\\/4ec9068fac6c22ac1209db7253be79a290d5e40f35e95fa88c871beb9526103c?s=96&d=mm&r=g\",\"contentUrl\":\"https:\\\/\\\/secure.gravatar.com\\\/avatar\\\/4ec9068fac6c22ac1209db7253be79a290d5e40f35e95fa88c871beb9526103c?s=96&d=mm&r=g\",\"caption\":\"Jim Leaviss\"},\"url\":\"https:\\\/\\\/bondvigilantes.com\\\/espanol\\\/author\\\/jimleaviss\\\/\"}]}<\/script>\n<!-- \/ Yoast SEO Premium plugin. -->","yoast_head_json":{"title":"Jap\u00f3n subir\u00e1 los impuestos al consumo en abril. \u00bfRepuntar\u00e1n las ventas minoristas en marzo para desplomarse despu\u00e9s? - Espa\u00f1ol","description":"El pr\u00f3ximo mes, Jap\u00f3n elevar\u00e1 su impuesto sobre el consumo desde el 5% al 8%, una medida destinada a reducir el ratio de deuda frente al PIB, que es","robots":{"index":"index","follow":"follow","max-snippet":"max-snippet:-1","max-image-preview":"max-image-preview:large","max-video-preview":"max-video-preview:-1"},"canonical":"https:\/\/bondvigilantes.com\/espanol\/2014\/03\/japon-subira-los-impuestos-al-consumo-en-abril-repuntaran-las-ventas-minoristas-en-marzo-para-desplomarse-despues\/","twitter_misc":{"Written by":"Jim Leaviss","Est. reading time":"3 minutos"},"schema":{"@context":"https:\/\/schema.org","@graph":[{"@type":"Article","@id":"https:\/\/bondvigilantes.com\/espanol\/2014\/03\/japon-subira-los-impuestos-al-consumo-en-abril-repuntaran-las-ventas-minoristas-en-marzo-para-desplomarse-despues\/#article","isPartOf":{"@id":"https:\/\/bondvigilantes.com\/espanol\/2014\/03\/japon-subira-los-impuestos-al-consumo-en-abril-repuntaran-las-ventas-minoristas-en-marzo-para-desplomarse-despues\/"},"author":{"name":"Jim Leaviss","@id":"https:\/\/bondvigilantes.com\/espanol\/#\/schema\/person\/2971352be5d6751d2924d548fbdd4691"},"headline":"Jap\u00f3n subir\u00e1 los impuestos al consumo en abril. \u00bfRepuntar\u00e1n las ventas minoristas en marzo para desplomarse despu\u00e9s?","datePublished":"2014-03-06T12:13:04+00:00","dateModified":"2014-03-07T15:47:11+00:00","mainEntityOfPage":{"@id":"https:\/\/bondvigilantes.com\/espanol\/2014\/03\/japon-subira-los-impuestos-al-consumo-en-abril-repuntaran-las-ventas-minoristas-en-marzo-para-desplomarse-despues\/"},"wordCount":597,"commentCount":0,"keywords":["macro y pol\u00edtica"],"articleSection":["Otros"],"inLanguage":"es","potentialAction":[{"@type":"CommentAction","name":"Comment","target":["https:\/\/bondvigilantes.com\/espanol\/2014\/03\/japon-subira-los-impuestos-al-consumo-en-abril-repuntaran-las-ventas-minoristas-en-marzo-para-desplomarse-despues\/#respond"]}]},{"@type":"WebPage","@id":"https:\/\/bondvigilantes.com\/espanol\/2014\/03\/japon-subira-los-impuestos-al-consumo-en-abril-repuntaran-las-ventas-minoristas-en-marzo-para-desplomarse-despues\/","url":"https:\/\/bondvigilantes.com\/espanol\/2014\/03\/japon-subira-los-impuestos-al-consumo-en-abril-repuntaran-las-ventas-minoristas-en-marzo-para-desplomarse-despues\/","name":"Jap\u00f3n subir\u00e1 los impuestos al consumo en abril. \u00bfRepuntar\u00e1n las ventas minoristas en marzo para desplomarse despu\u00e9s? - Espa\u00f1ol","isPartOf":{"@id":"https:\/\/bondvigilantes.com\/espanol\/#website"},"datePublished":"2014-03-06T12:13:04+00:00","dateModified":"2014-03-07T15:47:11+00:00","author":{"@id":"https:\/\/bondvigilantes.com\/espanol\/#\/schema\/person\/2971352be5d6751d2924d548fbdd4691"},"description":"El pr\u00f3ximo mes, Jap\u00f3n elevar\u00e1 su impuesto sobre el consumo desde el 5% al 8%, una medida destinada a reducir el ratio de deuda frente al PIB, que es","breadcrumb":{"@id":"https:\/\/bondvigilantes.com\/espanol\/2014\/03\/japon-subira-los-impuestos-al-consumo-en-abril-repuntaran-las-ventas-minoristas-en-marzo-para-desplomarse-despues\/#breadcrumb"},"inLanguage":"es","potentialAction":[{"@type":"ReadAction","target":["https:\/\/bondvigilantes.com\/espanol\/2014\/03\/japon-subira-los-impuestos-al-consumo-en-abril-repuntaran-las-ventas-minoristas-en-marzo-para-desplomarse-despues\/"]}]},{"@type":"BreadcrumbList","@id":"https:\/\/bondvigilantes.com\/espanol\/2014\/03\/japon-subira-los-impuestos-al-consumo-en-abril-repuntaran-las-ventas-minoristas-en-marzo-para-desplomarse-despues\/#breadcrumb","itemListElement":[{"@type":"ListItem","position":1,"name":"Portada","item":"https:\/\/bondvigilantes.com\/espanol\/"},{"@type":"ListItem","position":2,"name":"Jap\u00f3n subir\u00e1 los impuestos al consumo en abril. \u00bfRepuntar\u00e1n las ventas minoristas en marzo para desplomarse despu\u00e9s?"}]},{"@type":"WebSite","@id":"https:\/\/bondvigilantes.com\/espanol\/#website","url":"https:\/\/bondvigilantes.com\/espanol\/","name":"Espa\u00f1ol","description":"M&amp;G","potentialAction":[{"@type":"SearchAction","target":{"@type":"EntryPoint","urlTemplate":"https:\/\/bondvigilantes.com\/espanol\/?s={search_term_string}"},"query-input":{"@type":"PropertyValueSpecification","valueRequired":true,"valueName":"search_term_string"}}],"inLanguage":"es"},{"@type":"Person","@id":"https:\/\/bondvigilantes.com\/espanol\/#\/schema\/person\/2971352be5d6751d2924d548fbdd4691","name":"Jim Leaviss","image":{"@type":"ImageObject","inLanguage":"es","@id":"https:\/\/secure.gravatar.com\/avatar\/4ec9068fac6c22ac1209db7253be79a290d5e40f35e95fa88c871beb9526103c?s=96&d=mm&r=g","url":"https:\/\/secure.gravatar.com\/avatar\/4ec9068fac6c22ac1209db7253be79a290d5e40f35e95fa88c871beb9526103c?s=96&d=mm&r=g","contentUrl":"https:\/\/secure.gravatar.com\/avatar\/4ec9068fac6c22ac1209db7253be79a290d5e40f35e95fa88c871beb9526103c?s=96&d=mm&r=g","caption":"Jim Leaviss"},"url":"https:\/\/bondvigilantes.com\/espanol\/author\/jimleaviss\/"}]}},"_links":{"self":[{"href":"https:\/\/bondvigilantes.com\/espanol\/wp-json\/wp\/v2\/posts\/166","targetHints":{"allow":["GET"]}}],"collection":[{"href":"https:\/\/bondvigilantes.com\/espanol\/wp-json\/wp\/v2\/posts"}],"about":[{"href":"https:\/\/bondvigilantes.com\/espanol\/wp-json\/wp\/v2\/types\/post"}],"author":[{"embeddable":true,"href":"https:\/\/bondvigilantes.com\/espanol\/wp-json\/wp\/v2\/users\/2"}],"replies":[{"embeddable":true,"href":"https:\/\/bondvigilantes.com\/espanol\/wp-json\/wp\/v2\/comments?post=166"}],"version-history":[{"count":0,"href":"https:\/\/bondvigilantes.com\/espanol\/wp-json\/wp\/v2\/posts\/166\/revisions"}],"wp:attachment":[{"href":"https:\/\/bondvigilantes.com\/espanol\/wp-json\/wp\/v2\/media?parent=166"}],"wp:term":[{"taxonomy":"category","embeddable":true,"href":"https:\/\/bondvigilantes.com\/espanol\/wp-json\/wp\/v2\/categories?post=166"},{"taxonomy":"post_tag","embeddable":true,"href":"https:\/\/bondvigilantes.com\/espanol\/wp-json\/wp\/v2\/tags?post=166"}],"curies":[{"name":"wp","href":"https:\/\/api.w.org\/{rel}","templated":true}]}}