{"id":2023,"date":"2016-09-29T14:07:15","date_gmt":"2016-09-29T14:07:15","guid":{"rendered":"https:\/\/www.bondvigilantes.com\/espanol\/?p=2023"},"modified":"2023-03-06T13:10:28","modified_gmt":"2023-03-06T13:10:28","slug":"el-libro-que-esta-arrasando-en-francia-una-critica","status":"publish","type":"post","link":"https:\/\/bondvigilantes.com\/espanol\/2016\/09\/el-libro-que-esta-arrasando-en-francia-una-critica\/","title":{"rendered":"El libro que est\u00e1 arrasando en Francia. Una cr\u00edtica de \u00c9conomie du Bien Commun."},"content":{"rendered":"<p>El pasado agosto aprovech\u00e9 mi tiempo libre para leer el libro que ha revolucionado el paisaje pol\u00edtico y econ\u00f3mico en Francia (y no, no se trata de \u201cCapital\u201d de Thomas Piketty). El economista y premio Nobel Jean Tirole ha escrito un libro titulado \u00ab\u00c9conomie du Bien Commun\u00bb (\u00abla econom\u00eda del bien com\u00fan\u00bb). Escrito en un lenguaje sencillo, su objetivo es llegar a un p\u00fablico amplio, incluidos lectores con muy pocos conocimientos de econom\u00eda. Su lectura es amena, y en 17 cap\u00edtulos y m\u00e1s de 600 p\u00e1ginas, Tirole aborda todos los problemas a los que se enfrenta la econom\u00eda francesa, desde el cambio clim\u00e1tico hasta los retos de la Uni\u00f3n Europea en el \u00e1mbito de la econom\u00eda digital.<\/p>\n<p>Para m\u00ed, la parte m\u00e1s relevante de la obra es la aguda visi\u00f3n de Tirole sobre el mercado laboral franc\u00e9s. La seguridad nacional y el paro ser\u00e1n los dos temas clave en las elecciones presidenciales que se celebrar\u00e1n en mayo del a\u00f1o que viene. La relevancia del primero obedece, obviamente, a los atroces atentados terroristas que ha sufrido el pa\u00eds en los \u00faltimos dos a\u00f1os. El desempleo, sin embargo, es <a href=\"https:\/\/bondvigilantes.com\/blog\/2021\/12\/18\/french-government-push-tax-labour-market-reforms\/\" target=\"_blank\" rel=\"noopener\"><strong>un problema estructural desde hace 40 a\u00f1os<\/strong><\/a>.<\/p>\n<p>Tirole no se muerde la lengua a este respecto, y sostiene que la tasa de paro hist\u00f3ricamente elevada de Francia no se debe al efecto adverso de la econom\u00eda global \u2013 una \u00fatil explicaci\u00f3n a la que recurren com\u00fanmente los pol\u00edticos franceses\u2013, sino que obedece a la gran rigidez del mercado laboral por la que ha optado la sociedad francesa. Conscientes de que las cifras de parados segu\u00edan subiendo, el gobierno decidi\u00f3 crear contratos flexibles de plazo determinado (contrats \u00e0 dur\u00e9e determin\u00e9e o CDD) y numerosos trabajos subvencionados, en lugar de a\u00f1adir cierto grado de flexibilidad a los contratos permanentes ultrarr\u00edgidos (contrats \u00e0 dur\u00e9e indetermin\u00e9e o CDI) y reducir la considerable carga de las contribuciones a la seguridad sobre los empleados. Las cifras son reveladoras: en 2013, un 85% de los empleos creados fueron contratos de plazo determinado, y un 77% de los despidos correspondieron a este tipo de contratos.<\/p>\n<p>En realidad, un contrato de plazo determinado no satisface ni al empleado ni al empleador: los trabajadores reciben una protecci\u00f3n laboral muy baja, y los empleadores no se sienten inclinados a renovar un contrato de plazo determinado, porque seg\u00fan la ley francesa, este se convierte autom\u00e1ticamente en un contrato permanente. Por consiguiente, Tirole recomienda introducir m\u00e1s flexibilidad en los contratos permanentes, a fin de incentivar a las compa\u00f1\u00edas francesas a utilizar m\u00e1s contratos permanentes y fomentar de este modo \u00abmejores trabajos\u00bb a expensas de contratos de duraci\u00f3n determinada.<\/p>\n<p>Tirole tambi\u00e9n aborda el tema de los despidos. En Francia, cuando una empresa despide a un empleado debe indemnizarlo, pero no corre directamente a cargo del coste (bastante elevado) de la prestaci\u00f3n de desempleo que recibir\u00e1 esa persona mientras no tenga trabajo, financiado por el sistema social. Actualmente, las prestaciones por paro est\u00e1n financiadas por las contribuciones de los empleados y de las compa\u00f1\u00edas (y tambi\u00e9n por el mercado de deuda). Por consiguiente, cuando una compa\u00f1\u00eda decide despedir a un empleado, ello va en detrimento de esa persona (a nivel financiero, psicol\u00f3gico y social) y del sistema social. As\u00ed, Tirole introduce un principio parecido al de que \u00abel que contamina paga\u00bb: la compa\u00f1\u00eda no solo debe pagar la indemnizaci\u00f3n por despido al empleado, sino tambi\u00e9n contribuir al coste de las prestaciones por desempleo que paga el sistema social a esa persona mientras no tenga trabajo. A\u00f1ade que la medida ser\u00eda fiscalmente neutra para el conjunto de las empresas, ya que la penalizaci\u00f3n se ver\u00eda compensada por primas para otras compa\u00f1\u00edas (a trav\u00e9s de menores contribuciones a la seguridad social).<\/p>\n<p>Por \u00faltimo, Tirole reconoce que a un economista no le corresponde determinar si la gente deber\u00eda trabajar 35, 18 o 45 horas a la semana. No obstante, tambi\u00e9n rechaza ferozmente el argumento de que la reducci\u00f3n del horario laboral crear\u00e1 m\u00e1s puestos de trabajo, al cual califica de \u00absoluci\u00f3n falsa\u00bb sin respaldo te\u00f3rico o emp\u00edrico alguno. No cabe duda de que los oponentes a uno de los principales sindicatos franceses que contempla un horario semanal de 32 horas (en lugar de las 35 actuales) citar\u00e1n a Tirole.<\/p>\n<p>Espero que la autoridad en materia econ\u00f3mica del receptor del premio Nobel de econom\u00eda en 2014 proporcione claves de reflexi\u00f3n a los candidatos a la presidencia de Francia. En el pasado, Thomas Piketty fue asesor de la candidata socialista S\u00e9gol\u00e8ne Royal durante la campa\u00f1a electoral de 2007. Su idea de un sistema impositivo simplificado era interesante y muy necesaria, pero la Sra. Royal fue derrotada por Nicolas Sarkozy, y desde entonces no se ha implementado ninguna simplificaci\u00f3n a nivel tributario. Esperemos que el sentido com\u00fan de Jean Tirole en lo referente al mercado laboral sea interiorizado por el pr\u00f3ximo presidente franc\u00e9s. Ello podr\u00eda ser beneficioso para el bien com\u00fan.<\/p>\n","protected":false},"excerpt":{"rendered":"<p>El pasado agosto aprovech\u00e9 mi tiempo libre para leer el libro que ha revolucionado el paisaje pol\u00edtico y econ\u00f3mico en Francia (y no, no se trata de \u201cCapital\u201d de Thomas Piketty). El economista y premio Nobel Jean Tirole ha escrito un libro titulado \u00ab\u00c9conomie du Bien Commun\u00bb (\u00abla econom\u00eda del bien com\u00fan\u00bb). Escrito en un lenguaje sencillo, su objetivo es llegar a un p\u00fablico amplio, incluidos lectores con muy pocos conocimientos de econom\u00eda. Su lectura es amena, y en 17 cap\u00edtulos y m\u00e1s de 600&#8230;<\/p>\n","protected":false},"author":93,"featured_media":0,"comment_status":"open","ping_status":"open","sticky":false,"template":"","format":"standard","meta":{"_acf_changed":false,"footnotes":""},"categories":[48,39],"tags":[104,77],"class_list":["post-2023","post","type-post","status-publish","format-standard","hentry","category-macro-y-politica","category-paises","tag-desempleo","tag-europe"],"acf":[],"yoast_head":"<!-- This site is optimized with the Yoast SEO Premium plugin v25.8 (Yoast SEO v27.4) - https:\/\/yoast.com\/product\/yoast-seo-premium-wordpress\/ -->\n<title>El libro que est\u00e1 arrasando en Francia. Una cr\u00edtica de \u00c9conomie du Bien Commun. - Espa\u00f1ol<\/title>\n<meta name=\"description\" content=\"El pasado agosto aprovech\u00e9 mi tiempo libre para leer el libro que ha revolucionado el paisaje pol\u00edtico y econ\u00f3mico en Francia (y no, no se trata de\" \/>\n<meta name=\"robots\" content=\"index, follow, max-snippet:-1, max-image-preview:large, max-video-preview:-1\" \/>\n<link rel=\"canonical\" href=\"https:\/\/bondvigilantes.com\/espanol\/2016\/09\/el-libro-que-esta-arrasando-en-francia-una-critica\/\" \/>\n<meta name=\"twitter:label1\" content=\"Written by\" \/>\n\t<meta name=\"twitter:data1\" content=\"Charles de Quinsonas\" \/>\n\t<meta name=\"twitter:label2\" content=\"Est. reading time\" \/>\n\t<meta name=\"twitter:data2\" content=\"4 minutos\" \/>\n<script type=\"application\/ld+json\" class=\"yoast-schema-graph\">{\"@context\":\"https:\\\/\\\/schema.org\",\"@graph\":[{\"@type\":\"Article\",\"@id\":\"https:\\\/\\\/bondvigilantes.com\\\/espanol\\\/2016\\\/09\\\/el-libro-que-esta-arrasando-en-francia-una-critica\\\/#article\",\"isPartOf\":{\"@id\":\"https:\\\/\\\/bondvigilantes.com\\\/espanol\\\/2016\\\/09\\\/el-libro-que-esta-arrasando-en-francia-una-critica\\\/\"},\"author\":{\"name\":\"Charles de Quinsonas\",\"@id\":\"https:\\\/\\\/bondvigilantes.com\\\/espanol\\\/#\\\/schema\\\/person\\\/d59663f84b4459947ae06d4410e2a255\"},\"headline\":\"El libro que est\u00e1 arrasando en Francia. Una cr\u00edtica de \u00c9conomie du Bien Commun.\",\"datePublished\":\"2016-09-29T14:07:15+00:00\",\"dateModified\":\"2023-03-06T13:10:28+00:00\",\"mainEntityOfPage\":{\"@id\":\"https:\\\/\\\/bondvigilantes.com\\\/espanol\\\/2016\\\/09\\\/el-libro-que-esta-arrasando-en-francia-una-critica\\\/\"},\"wordCount\":883,\"commentCount\":0,\"keywords\":[\"desempleo\",\"Europe\"],\"articleSection\":[\"macro y pol\u00edtica\",\"pa\u00edses\"],\"inLanguage\":\"es\",\"potentialAction\":[{\"@type\":\"CommentAction\",\"name\":\"Comment\",\"target\":[\"https:\\\/\\\/bondvigilantes.com\\\/espanol\\\/2016\\\/09\\\/el-libro-que-esta-arrasando-en-francia-una-critica\\\/#respond\"]}]},{\"@type\":\"WebPage\",\"@id\":\"https:\\\/\\\/bondvigilantes.com\\\/espanol\\\/2016\\\/09\\\/el-libro-que-esta-arrasando-en-francia-una-critica\\\/\",\"url\":\"https:\\\/\\\/bondvigilantes.com\\\/espanol\\\/2016\\\/09\\\/el-libro-que-esta-arrasando-en-francia-una-critica\\\/\",\"name\":\"El libro que est\u00e1 arrasando en Francia. Una cr\u00edtica de \u00c9conomie du Bien Commun. - Espa\u00f1ol\",\"isPartOf\":{\"@id\":\"https:\\\/\\\/bondvigilantes.com\\\/espanol\\\/#website\"},\"datePublished\":\"2016-09-29T14:07:15+00:00\",\"dateModified\":\"2023-03-06T13:10:28+00:00\",\"author\":{\"@id\":\"https:\\\/\\\/bondvigilantes.com\\\/espanol\\\/#\\\/schema\\\/person\\\/d59663f84b4459947ae06d4410e2a255\"},\"description\":\"El pasado agosto aprovech\u00e9 mi tiempo libre para leer el libro que ha revolucionado el paisaje pol\u00edtico y econ\u00f3mico en Francia (y no, no se trata de\",\"breadcrumb\":{\"@id\":\"https:\\\/\\\/bondvigilantes.com\\\/espanol\\\/2016\\\/09\\\/el-libro-que-esta-arrasando-en-francia-una-critica\\\/#breadcrumb\"},\"inLanguage\":\"es\",\"potentialAction\":[{\"@type\":\"ReadAction\",\"target\":[\"https:\\\/\\\/bondvigilantes.com\\\/espanol\\\/2016\\\/09\\\/el-libro-que-esta-arrasando-en-francia-una-critica\\\/\"]}]},{\"@type\":\"BreadcrumbList\",\"@id\":\"https:\\\/\\\/bondvigilantes.com\\\/espanol\\\/2016\\\/09\\\/el-libro-que-esta-arrasando-en-francia-una-critica\\\/#breadcrumb\",\"itemListElement\":[{\"@type\":\"ListItem\",\"position\":1,\"name\":\"Portada\",\"item\":\"https:\\\/\\\/bondvigilantes.com\\\/espanol\\\/\"},{\"@type\":\"ListItem\",\"position\":2,\"name\":\"El libro que est\u00e1 arrasando en Francia. Una cr\u00edtica de \u00c9conomie du Bien Commun.\"}]},{\"@type\":\"WebSite\",\"@id\":\"https:\\\/\\\/bondvigilantes.com\\\/espanol\\\/#website\",\"url\":\"https:\\\/\\\/bondvigilantes.com\\\/espanol\\\/\",\"name\":\"Espa\u00f1ol\",\"description\":\"M&amp;G\",\"potentialAction\":[{\"@type\":\"SearchAction\",\"target\":{\"@type\":\"EntryPoint\",\"urlTemplate\":\"https:\\\/\\\/bondvigilantes.com\\\/espanol\\\/?s={search_term_string}\"},\"query-input\":{\"@type\":\"PropertyValueSpecification\",\"valueRequired\":true,\"valueName\":\"search_term_string\"}}],\"inLanguage\":\"es\"},{\"@type\":\"Person\",\"@id\":\"https:\\\/\\\/bondvigilantes.com\\\/espanol\\\/#\\\/schema\\\/person\\\/d59663f84b4459947ae06d4410e2a255\",\"name\":\"Charles de Quinsonas\",\"image\":{\"@type\":\"ImageObject\",\"inLanguage\":\"es\",\"@id\":\"https:\\\/\\\/secure.gravatar.com\\\/avatar\\\/f45d2254c3dd5975e9cf91fd60201250b40929aa88944e4cdf2a317c5c74b0f3?s=96&d=mm&r=g\",\"url\":\"https:\\\/\\\/secure.gravatar.com\\\/avatar\\\/f45d2254c3dd5975e9cf91fd60201250b40929aa88944e4cdf2a317c5c74b0f3?s=96&d=mm&r=g\",\"contentUrl\":\"https:\\\/\\\/secure.gravatar.com\\\/avatar\\\/f45d2254c3dd5975e9cf91fd60201250b40929aa88944e4cdf2a317c5c74b0f3?s=96&d=mm&r=g\",\"caption\":\"Charles de Quinsonas\"},\"url\":\"https:\\\/\\\/bondvigilantes.com\\\/espanol\\\/author\\\/charlesdequinsonas\\\/\"}]}<\/script>\n<!-- \/ Yoast SEO Premium plugin. -->","yoast_head_json":{"title":"El libro que est\u00e1 arrasando en Francia. Una cr\u00edtica de \u00c9conomie du Bien Commun. - Espa\u00f1ol","description":"El pasado agosto aprovech\u00e9 mi tiempo libre para leer el libro que ha revolucionado el paisaje pol\u00edtico y econ\u00f3mico en Francia (y no, no se trata de","robots":{"index":"index","follow":"follow","max-snippet":"max-snippet:-1","max-image-preview":"max-image-preview:large","max-video-preview":"max-video-preview:-1"},"canonical":"https:\/\/bondvigilantes.com\/espanol\/2016\/09\/el-libro-que-esta-arrasando-en-francia-una-critica\/","twitter_misc":{"Written by":"Charles de Quinsonas","Est. reading time":"4 minutos"},"schema":{"@context":"https:\/\/schema.org","@graph":[{"@type":"Article","@id":"https:\/\/bondvigilantes.com\/espanol\/2016\/09\/el-libro-que-esta-arrasando-en-francia-una-critica\/#article","isPartOf":{"@id":"https:\/\/bondvigilantes.com\/espanol\/2016\/09\/el-libro-que-esta-arrasando-en-francia-una-critica\/"},"author":{"name":"Charles de Quinsonas","@id":"https:\/\/bondvigilantes.com\/espanol\/#\/schema\/person\/d59663f84b4459947ae06d4410e2a255"},"headline":"El libro que est\u00e1 arrasando en Francia. Una cr\u00edtica de \u00c9conomie du Bien Commun.","datePublished":"2016-09-29T14:07:15+00:00","dateModified":"2023-03-06T13:10:28+00:00","mainEntityOfPage":{"@id":"https:\/\/bondvigilantes.com\/espanol\/2016\/09\/el-libro-que-esta-arrasando-en-francia-una-critica\/"},"wordCount":883,"commentCount":0,"keywords":["desempleo","Europe"],"articleSection":["macro y pol\u00edtica","pa\u00edses"],"inLanguage":"es","potentialAction":[{"@type":"CommentAction","name":"Comment","target":["https:\/\/bondvigilantes.com\/espanol\/2016\/09\/el-libro-que-esta-arrasando-en-francia-una-critica\/#respond"]}]},{"@type":"WebPage","@id":"https:\/\/bondvigilantes.com\/espanol\/2016\/09\/el-libro-que-esta-arrasando-en-francia-una-critica\/","url":"https:\/\/bondvigilantes.com\/espanol\/2016\/09\/el-libro-que-esta-arrasando-en-francia-una-critica\/","name":"El libro que est\u00e1 arrasando en Francia. Una cr\u00edtica de \u00c9conomie du Bien Commun. - Espa\u00f1ol","isPartOf":{"@id":"https:\/\/bondvigilantes.com\/espanol\/#website"},"datePublished":"2016-09-29T14:07:15+00:00","dateModified":"2023-03-06T13:10:28+00:00","author":{"@id":"https:\/\/bondvigilantes.com\/espanol\/#\/schema\/person\/d59663f84b4459947ae06d4410e2a255"},"description":"El pasado agosto aprovech\u00e9 mi tiempo libre para leer el libro que ha revolucionado el paisaje pol\u00edtico y econ\u00f3mico en Francia (y no, no se trata de","breadcrumb":{"@id":"https:\/\/bondvigilantes.com\/espanol\/2016\/09\/el-libro-que-esta-arrasando-en-francia-una-critica\/#breadcrumb"},"inLanguage":"es","potentialAction":[{"@type":"ReadAction","target":["https:\/\/bondvigilantes.com\/espanol\/2016\/09\/el-libro-que-esta-arrasando-en-francia-una-critica\/"]}]},{"@type":"BreadcrumbList","@id":"https:\/\/bondvigilantes.com\/espanol\/2016\/09\/el-libro-que-esta-arrasando-en-francia-una-critica\/#breadcrumb","itemListElement":[{"@type":"ListItem","position":1,"name":"Portada","item":"https:\/\/bondvigilantes.com\/espanol\/"},{"@type":"ListItem","position":2,"name":"El libro que est\u00e1 arrasando en Francia. Una cr\u00edtica de \u00c9conomie du Bien Commun."}]},{"@type":"WebSite","@id":"https:\/\/bondvigilantes.com\/espanol\/#website","url":"https:\/\/bondvigilantes.com\/espanol\/","name":"Espa\u00f1ol","description":"M&amp;G","potentialAction":[{"@type":"SearchAction","target":{"@type":"EntryPoint","urlTemplate":"https:\/\/bondvigilantes.com\/espanol\/?s={search_term_string}"},"query-input":{"@type":"PropertyValueSpecification","valueRequired":true,"valueName":"search_term_string"}}],"inLanguage":"es"},{"@type":"Person","@id":"https:\/\/bondvigilantes.com\/espanol\/#\/schema\/person\/d59663f84b4459947ae06d4410e2a255","name":"Charles de Quinsonas","image":{"@type":"ImageObject","inLanguage":"es","@id":"https:\/\/secure.gravatar.com\/avatar\/f45d2254c3dd5975e9cf91fd60201250b40929aa88944e4cdf2a317c5c74b0f3?s=96&d=mm&r=g","url":"https:\/\/secure.gravatar.com\/avatar\/f45d2254c3dd5975e9cf91fd60201250b40929aa88944e4cdf2a317c5c74b0f3?s=96&d=mm&r=g","contentUrl":"https:\/\/secure.gravatar.com\/avatar\/f45d2254c3dd5975e9cf91fd60201250b40929aa88944e4cdf2a317c5c74b0f3?s=96&d=mm&r=g","caption":"Charles de Quinsonas"},"url":"https:\/\/bondvigilantes.com\/espanol\/author\/charlesdequinsonas\/"}]}},"_links":{"self":[{"href":"https:\/\/bondvigilantes.com\/espanol\/wp-json\/wp\/v2\/posts\/2023","targetHints":{"allow":["GET"]}}],"collection":[{"href":"https:\/\/bondvigilantes.com\/espanol\/wp-json\/wp\/v2\/posts"}],"about":[{"href":"https:\/\/bondvigilantes.com\/espanol\/wp-json\/wp\/v2\/types\/post"}],"author":[{"embeddable":true,"href":"https:\/\/bondvigilantes.com\/espanol\/wp-json\/wp\/v2\/users\/93"}],"replies":[{"embeddable":true,"href":"https:\/\/bondvigilantes.com\/espanol\/wp-json\/wp\/v2\/comments?post=2023"}],"version-history":[{"count":0,"href":"https:\/\/bondvigilantes.com\/espanol\/wp-json\/wp\/v2\/posts\/2023\/revisions"}],"wp:attachment":[{"href":"https:\/\/bondvigilantes.com\/espanol\/wp-json\/wp\/v2\/media?parent=2023"}],"wp:term":[{"taxonomy":"category","embeddable":true,"href":"https:\/\/bondvigilantes.com\/espanol\/wp-json\/wp\/v2\/categories?post=2023"},{"taxonomy":"post_tag","embeddable":true,"href":"https:\/\/bondvigilantes.com\/espanol\/wp-json\/wp\/v2\/tags?post=2023"}],"curies":[{"name":"wp","href":"https:\/\/api.w.org\/{rel}","templated":true}]}}