{"id":23707,"date":"2023-09-19T04:49:48","date_gmt":"2023-09-19T04:49:48","guid":{"rendered":"https:\/\/bondvigilantes.com\/espanol\/?p=23707"},"modified":"2023-09-19T04:49:54","modified_gmt":"2023-09-19T04:49:54","slug":"una-para-el-camino-acaba-de-aplicar-el-bce-su-ultima-subida-de-tipos-del-ciclo","status":"publish","type":"post","link":"https:\/\/bondvigilantes.com\/espanol\/2023\/09\/una-para-el-camino-acaba-de-aplicar-el-bce-su-ultima-subida-de-tipos-del-ciclo\/","title":{"rendered":"Una para el camino. \u00bfAcaba de aplicar el BCE su \u00faltima subida de tipos del ciclo?"},"content":{"rendered":"\n<p>En un entorno de inflaci\u00f3n persistentemente alta en Europa, aunque va remitiendo, el Consejo de Gobierno del BCE decidi\u00f3 subir sus tipos de inter\u00e9s oficiales otros 25 puntos b\u00e1sicos (pb). Se trata de la d\u00e9cima subida consecutiva y eleva el tipo de dep\u00f3sito del BCE nada m\u00e1s y nada menos que al 4%, cuando a mediados de 2022 estaba en el -0,5%. La pregunta m\u00e1s crucial que se hacen muchos inversores es, por supuesto, \u00bfha sido la \u00faltima subida del ciclo?<\/p>\n\n\n\n<figure class=\"wp-block-image size-large\"><a href=\"https:\/\/bondvigilantes.com\/espanol\/wp-content\/uploads\/sites\/5\/2023\/09\/1-una-para-el-camino.png\" data-rel=\"lightbox-image-0\" data-rl_title=\"\" data-rl_caption=\"\" title=\"\"><img loading=\"lazy\" decoding=\"async\" width=\"1024\" height=\"576\" src=\"https:\/\/bondvigilantes.com\/espanol\/wp-content\/uploads\/sites\/5\/2023\/09\/1-una-para-el-camino-1024x576.png\" alt=\"\" class=\"wp-image-23708\" srcset=\"https:\/\/bondvigilantes.com\/espanol\/wp-content\/uploads\/sites\/5\/2023\/09\/1-una-para-el-camino-1024x576.png 1024w, https:\/\/bondvigilantes.com\/espanol\/wp-content\/uploads\/sites\/5\/2023\/09\/1-una-para-el-camino-300x169.png 300w, https:\/\/bondvigilantes.com\/espanol\/wp-content\/uploads\/sites\/5\/2023\/09\/1-una-para-el-camino-768x432.png 768w, https:\/\/bondvigilantes.com\/espanol\/wp-content\/uploads\/sites\/5\/2023\/09\/1-una-para-el-camino-704x396.png 704w, https:\/\/bondvigilantes.com\/espanol\/wp-content\/uploads\/sites\/5\/2023\/09\/1-una-para-el-camino.png 1280w\" sizes=\"auto, (max-width: 1024px) 100vw, 1024px\" \/><\/a><figcaption class=\"wp-element-caption\"><br>Fuente: Bloomberg (15 de septiembre de 2023)<br><br><\/figcaption><\/figure>\n\n\n\n<p>La respuesta m\u00e1s probable es que s\u00ed. Hay que admitir que la presidenta del BCE, Lagarde, se cuid\u00f3 de realizar cualquier afirmaci\u00f3n definitiva. De lo contrario, habr\u00eda renunciado innecesariamente a tener opciones. Pero el fragmento del comunicado de prensa oficial \u00ablos tipos de inter\u00e9s oficiales del BCE han alcanzado niveles que, de mantenerse durante un periodo suficientemente largo, contribuir\u00e1n sustancialmente a la oportuna vuelta de la inflaci\u00f3n al objetivo\u00bb probablemente sea lo m\u00e1s expl\u00edcito que se puede ser en el mundo de la complicada jerga de los bancos centrales. A menos que la inflaci\u00f3n europea repunte inesperadamente, el BCE ha llegado a su tipo terminal. As\u00ed es como interpretaron los mercados de renta fija la decisi\u00f3n del BCE, que muchos consideraron una \u00absubida moderada\u00bb, lo que provoc\u00f3 una ca\u00edda generalizada de las TIR de los bonos.<\/p>\n\n\n\n<figure class=\"wp-block-image size-large\"><a href=\"https:\/\/bondvigilantes.com\/espanol\/wp-content\/uploads\/sites\/5\/2023\/09\/2-una-para-el-camino.png\" data-rel=\"lightbox-image-1\" data-rl_title=\"\" data-rl_caption=\"\" title=\"\"><img loading=\"lazy\" decoding=\"async\" width=\"1024\" height=\"576\" src=\"https:\/\/bondvigilantes.com\/espanol\/wp-content\/uploads\/sites\/5\/2023\/09\/2-una-para-el-camino-1024x576.png\" alt=\"\" class=\"wp-image-23709\" srcset=\"https:\/\/bondvigilantes.com\/espanol\/wp-content\/uploads\/sites\/5\/2023\/09\/2-una-para-el-camino-1024x576.png 1024w, https:\/\/bondvigilantes.com\/espanol\/wp-content\/uploads\/sites\/5\/2023\/09\/2-una-para-el-camino-300x169.png 300w, https:\/\/bondvigilantes.com\/espanol\/wp-content\/uploads\/sites\/5\/2023\/09\/2-una-para-el-camino-768x432.png 768w, https:\/\/bondvigilantes.com\/espanol\/wp-content\/uploads\/sites\/5\/2023\/09\/2-una-para-el-camino-704x396.png 704w, https:\/\/bondvigilantes.com\/espanol\/wp-content\/uploads\/sites\/5\/2023\/09\/2-una-para-el-camino.png 1280w\" sizes=\"auto, (max-width: 1024px) 100vw, 1024px\" \/><\/a><figcaption class=\"wp-element-caption\"><br>Fuente: Bloomberg (15 de septiembre de 2023)<br><br><\/figcaption><\/figure>\n\n\n\n<p>Hay dos buenos motivos para que el BCE levante el pie del acelerador. En primer lugar, se estima que pueden pasar hasta 18 meses antes de que el impacto econ\u00f3mico de las decisiones se note realmente sobre los tipos de inter\u00e9s. Ahora que la inflaci\u00f3n subyacente europea empieza a remitir, podr\u00eda resultar prudente que el BCE se tomara una pausa y observara los efectos de sus diez subidas consecutivas de tipos en los pr\u00f3ximos meses. En segundo lugar, las perspectivas macroecon\u00f3micas son cada vez m\u00e1s desoladoras. El BCE ha admitido que el endurecimiento de las condiciones financieras ha frenado la demanda interna en Europa. Junto con el debilitamiento del entorno comercial internacional, esto ha llevado al personal del BCE a revisar sustancialmente a la baja sus previsiones de crecimiento econ\u00f3mico. De cara al futuro, se espera que la econom\u00eda de la eurozona registre un crecimiento muy d\u00e9bil, de un 0,7% en 2023, un 1,0% en 2024 y un 1,5% en 2025. Por supuesto, existe una delgada l\u00ednea entre un crecimiento fr\u00e1gil y un \u00abaterrizaje forzoso\u00bb, un escenario que el BCE querr\u00eda evitar. No subir los tipos por ahora podr\u00eda ser la mejor opci\u00f3n, pues nuevas subidas podr\u00edan llevar a (parte de) la eurozona a una recesi\u00f3n.<\/p>\n\n\n\n<p>Si de verdad no&nbsp;va a haber novedad en el frente de los tipos, \u00bfcu\u00e1l ser\u00e1 el siguiente paso del BCE? Creo que la atenci\u00f3n se centrar\u00e1 probablemente en los programas de compra de activos. Aunque yo no supondr\u00eda necesariamente que en Frankfurt se considere seriamente la venta activa de posiciones de bonos al estilo del Banco de Inglaterra, seguir\u00e1n surgiendo interrogantes acerca de las reinversiones. Recordemos que el tama\u00f1o de la cartera del programa de compra de activos (APP) del BCE se est\u00e1 reduciendo, puesto que desde julio de 2023 el Eurosistema ya no&nbsp;reinvierte los pagos del capital de los valores que vencen. Sin embargo, esto no se aplica al programa de compras de emergencia por la pandemia (PEPP). El BCE pretende reinvertir los pagos del capital dentro de la cartera de bonos del PEPP, que asciende a aproximadamente 1,7 billones de euros, al menos hasta finales de 2024.<\/p>\n\n\n\n<p>Cuando se le pregunt\u00f3 por las reinversiones del PEPP en la conferencia de prensa del BCE, la presidenta Lagarde se apresur\u00f3 a descartar cualquier especulaci\u00f3n sobre un posible cambio de rumbo. Y, desde su punto de vista, se entiende cierta reticencia a eliminar las reinversiones, lo que reducir\u00eda el tama\u00f1o y la importancia del PEPP. A diferencia del APP, que impone normas estrictas basadas en la clave de capital sobre c\u00f3mo asignar las compras de bonos en toda la eurozona, el PEPP ofrece al BCE mucha m\u00e1s libertad. Creadas en un contexto de crecientes presiones para los pa\u00edses perif\u00e9ricos europeos en plena pandemia de COVID-19, las inversiones del PEPP pueden, por ejemplo, dirigirse desproporcionadamente hacia emisores de bonos perif\u00e9ricos. A la hora de la verdad, el PEPP ofrece en teor\u00eda al BCE suficiente flexibilidad y potencia de fuego para evitar que el diferencial entre los bonos europeos perif\u00e9ricos y los <em>core<\/em> diverja m\u00e1s all\u00e1 de lo razonable. Por ello, el BCE entiende el PEPP como una herramienta para gestionar el diferencial. Es dif\u00edcil desprenderse de un instrumento tan poderoso y verlo desvanecerse lentamente al cesar las reinversiones.<\/p>\n\n\n\n<p>A pesar de esto, sigo pensando que el PEPP tiene los d\u00edas contados. Los d\u00edas oscuros de la \u00abemergencia de la pandemia\u00bb \u2015la pista est\u00e1 en el nombre\u2015 quedaron atr\u00e1s hace mucho tiempo. Seguir con las reinversiones del PEPP parece un anacronismo. Y contradice el giro del BCE, que ha pasado de una pol\u00edtica monetaria sumamente flexible a otra mucho m\u00e1s restrictiva, ante unas cifras de inflaci\u00f3n de la zona euro muy por encima del objetivo, lo que podr\u00eda provocar problemas de credibilidad. Por mi parte, me sorprender\u00eda que las reinversiones del PEPP continuaran realmente hasta finales de 2024.<\/p>\n","protected":false},"excerpt":{"rendered":"<p>En un entorno de inflaci\u00f3n persistentemente alta en Europa, aunque va remitiendo, el Consejo de Gobierno del BCE decidi\u00f3 subir sus tipos de inter\u00e9s oficiales otros 25 puntos b\u00e1sicos (pb). Se trata de la d\u00e9cima subida consecutiva y eleva el tipo de dep\u00f3sito del BCE nada m\u00e1s y nada menos que al 4%, cuando a mediados de 2022 estaba en el -0,5%. La pregunta m\u00e1s crucial que se hacen muchos inversores es, por supuesto, \u00bfha sido la \u00faltima subida del ciclo? La respuesta m\u00e1s probable&#8230;<\/p>\n","protected":false},"author":85,"featured_media":23708,"comment_status":"open","ping_status":"open","sticky":false,"template":"","format":"standard","meta":{"_acf_changed":false,"footnotes":""},"categories":[282],"tags":[17,56,57,58],"class_list":["post-23707","post","type-post","status-publish","format-standard","has-post-thumbnail","hentry","category-bancos-centrales","tag-bancos-centrales","tag-bce","tag-eurozona","tag-politica-monetaria"],"acf":[],"yoast_head":"<!-- This site is optimized with the Yoast SEO Premium plugin v25.8 (Yoast SEO v27.4) - https:\/\/yoast.com\/product\/yoast-seo-premium-wordpress\/ -->\n<title>Una para el camino. \u00bfAcaba de aplicar el BCE su \u00faltima subida de tipos del ciclo? - Espa\u00f1ol<\/title>\n<meta name=\"description\" content=\"En un entorno de inflaci\u00f3n persistentemente alta en Europa, aunque va remitiendo, el Consejo de Gobierno del BCE decidi\u00f3 subir sus tipos de inter\u00e9s\" \/>\n<meta name=\"robots\" content=\"index, follow, max-snippet:-1, max-image-preview:large, max-video-preview:-1\" \/>\n<link rel=\"canonical\" href=\"https:\/\/bondvigilantes.com\/espanol\/2023\/09\/una-para-el-camino-acaba-de-aplicar-el-bce-su-ultima-subida-de-tipos-del-ciclo\/\" \/>\n<meta name=\"twitter:label1\" content=\"Written by\" \/>\n\t<meta name=\"twitter:data1\" content=\"Wolfgang Bauer\" \/>\n\t<meta name=\"twitter:label2\" content=\"Est. reading time\" \/>\n\t<meta name=\"twitter:data2\" content=\"5 minutos\" \/>\n<script type=\"application\/ld+json\" class=\"yoast-schema-graph\">{\"@context\":\"https:\\\/\\\/schema.org\",\"@graph\":[{\"@type\":\"Article\",\"@id\":\"https:\\\/\\\/bondvigilantes.com\\\/espanol\\\/2023\\\/09\\\/una-para-el-camino-acaba-de-aplicar-el-bce-su-ultima-subida-de-tipos-del-ciclo\\\/#article\",\"isPartOf\":{\"@id\":\"https:\\\/\\\/bondvigilantes.com\\\/espanol\\\/2023\\\/09\\\/una-para-el-camino-acaba-de-aplicar-el-bce-su-ultima-subida-de-tipos-del-ciclo\\\/\"},\"author\":{\"name\":\"Wolfgang Bauer\",\"@id\":\"https:\\\/\\\/bondvigilantes.com\\\/espanol\\\/#\\\/schema\\\/person\\\/9c7e5af2cd398614a69442588f7066ea\"},\"headline\":\"Una para el camino. \u00bfAcaba de aplicar el BCE su \u00faltima subida de tipos del ciclo?\",\"datePublished\":\"2023-09-19T04:49:48+00:00\",\"dateModified\":\"2023-09-19T04:49:54+00:00\",\"mainEntityOfPage\":{\"@id\":\"https:\\\/\\\/bondvigilantes.com\\\/espanol\\\/2023\\\/09\\\/una-para-el-camino-acaba-de-aplicar-el-bce-su-ultima-subida-de-tipos-del-ciclo\\\/\"},\"wordCount\":934,\"commentCount\":0,\"image\":{\"@id\":\"https:\\\/\\\/bondvigilantes.com\\\/espanol\\\/2023\\\/09\\\/una-para-el-camino-acaba-de-aplicar-el-bce-su-ultima-subida-de-tipos-del-ciclo\\\/#primaryimage\"},\"thumbnailUrl\":\"https:\\\/\\\/bondvigilantes.com\\\/espanol\\\/wp-content\\\/uploads\\\/sites\\\/5\\\/2023\\\/09\\\/1-una-para-el-camino.png\",\"keywords\":[\"bancos centrales\",\"BCE\",\"Eurozona\",\"pol\u00edtica monetaria\"],\"articleSection\":[\"Bancos centrales\"],\"inLanguage\":\"es\",\"potentialAction\":[{\"@type\":\"CommentAction\",\"name\":\"Comment\",\"target\":[\"https:\\\/\\\/bondvigilantes.com\\\/espanol\\\/2023\\\/09\\\/una-para-el-camino-acaba-de-aplicar-el-bce-su-ultima-subida-de-tipos-del-ciclo\\\/#respond\"]}]},{\"@type\":\"WebPage\",\"@id\":\"https:\\\/\\\/bondvigilantes.com\\\/espanol\\\/2023\\\/09\\\/una-para-el-camino-acaba-de-aplicar-el-bce-su-ultima-subida-de-tipos-del-ciclo\\\/\",\"url\":\"https:\\\/\\\/bondvigilantes.com\\\/espanol\\\/2023\\\/09\\\/una-para-el-camino-acaba-de-aplicar-el-bce-su-ultima-subida-de-tipos-del-ciclo\\\/\",\"name\":\"Una para el camino. \u00bfAcaba de aplicar el BCE su \u00faltima subida de tipos del ciclo? - Espa\u00f1ol\",\"isPartOf\":{\"@id\":\"https:\\\/\\\/bondvigilantes.com\\\/espanol\\\/#website\"},\"primaryImageOfPage\":{\"@id\":\"https:\\\/\\\/bondvigilantes.com\\\/espanol\\\/2023\\\/09\\\/una-para-el-camino-acaba-de-aplicar-el-bce-su-ultima-subida-de-tipos-del-ciclo\\\/#primaryimage\"},\"image\":{\"@id\":\"https:\\\/\\\/bondvigilantes.com\\\/espanol\\\/2023\\\/09\\\/una-para-el-camino-acaba-de-aplicar-el-bce-su-ultima-subida-de-tipos-del-ciclo\\\/#primaryimage\"},\"thumbnailUrl\":\"https:\\\/\\\/bondvigilantes.com\\\/espanol\\\/wp-content\\\/uploads\\\/sites\\\/5\\\/2023\\\/09\\\/1-una-para-el-camino.png\",\"datePublished\":\"2023-09-19T04:49:48+00:00\",\"dateModified\":\"2023-09-19T04:49:54+00:00\",\"author\":{\"@id\":\"https:\\\/\\\/bondvigilantes.com\\\/espanol\\\/#\\\/schema\\\/person\\\/9c7e5af2cd398614a69442588f7066ea\"},\"description\":\"En un entorno de inflaci\u00f3n persistentemente alta en Europa, aunque va remitiendo, el Consejo de Gobierno del BCE decidi\u00f3 subir sus tipos de inter\u00e9s\",\"breadcrumb\":{\"@id\":\"https:\\\/\\\/bondvigilantes.com\\\/espanol\\\/2023\\\/09\\\/una-para-el-camino-acaba-de-aplicar-el-bce-su-ultima-subida-de-tipos-del-ciclo\\\/#breadcrumb\"},\"inLanguage\":\"es\",\"potentialAction\":[{\"@type\":\"ReadAction\",\"target\":[\"https:\\\/\\\/bondvigilantes.com\\\/espanol\\\/2023\\\/09\\\/una-para-el-camino-acaba-de-aplicar-el-bce-su-ultima-subida-de-tipos-del-ciclo\\\/\"]}]},{\"@type\":\"ImageObject\",\"inLanguage\":\"es\",\"@id\":\"https:\\\/\\\/bondvigilantes.com\\\/espanol\\\/2023\\\/09\\\/una-para-el-camino-acaba-de-aplicar-el-bce-su-ultima-subida-de-tipos-del-ciclo\\\/#primaryimage\",\"url\":\"https:\\\/\\\/bondvigilantes.com\\\/espanol\\\/wp-content\\\/uploads\\\/sites\\\/5\\\/2023\\\/09\\\/1-una-para-el-camino.png\",\"contentUrl\":\"https:\\\/\\\/bondvigilantes.com\\\/espanol\\\/wp-content\\\/uploads\\\/sites\\\/5\\\/2023\\\/09\\\/1-una-para-el-camino.png\",\"width\":1280,\"height\":720},{\"@type\":\"BreadcrumbList\",\"@id\":\"https:\\\/\\\/bondvigilantes.com\\\/espanol\\\/2023\\\/09\\\/una-para-el-camino-acaba-de-aplicar-el-bce-su-ultima-subida-de-tipos-del-ciclo\\\/#breadcrumb\",\"itemListElement\":[{\"@type\":\"ListItem\",\"position\":1,\"name\":\"Portada\",\"item\":\"https:\\\/\\\/bondvigilantes.com\\\/espanol\\\/\"},{\"@type\":\"ListItem\",\"position\":2,\"name\":\"Una para el camino. \u00bfAcaba de aplicar el BCE su \u00faltima subida de tipos del ciclo?\"}]},{\"@type\":\"WebSite\",\"@id\":\"https:\\\/\\\/bondvigilantes.com\\\/espanol\\\/#website\",\"url\":\"https:\\\/\\\/bondvigilantes.com\\\/espanol\\\/\",\"name\":\"Espa\u00f1ol\",\"description\":\"M&amp;G\",\"potentialAction\":[{\"@type\":\"SearchAction\",\"target\":{\"@type\":\"EntryPoint\",\"urlTemplate\":\"https:\\\/\\\/bondvigilantes.com\\\/espanol\\\/?s={search_term_string}\"},\"query-input\":{\"@type\":\"PropertyValueSpecification\",\"valueRequired\":true,\"valueName\":\"search_term_string\"}}],\"inLanguage\":\"es\"},{\"@type\":\"Person\",\"@id\":\"https:\\\/\\\/bondvigilantes.com\\\/espanol\\\/#\\\/schema\\\/person\\\/9c7e5af2cd398614a69442588f7066ea\",\"name\":\"Wolfgang Bauer\",\"image\":{\"@type\":\"ImageObject\",\"inLanguage\":\"es\",\"@id\":\"https:\\\/\\\/secure.gravatar.com\\\/avatar\\\/861e3a05ad2cd51e156d4301f75a1984d51701715c3016d8cc243b3dfb83c401?s=96&d=mm&r=g\",\"url\":\"https:\\\/\\\/secure.gravatar.com\\\/avatar\\\/861e3a05ad2cd51e156d4301f75a1984d51701715c3016d8cc243b3dfb83c401?s=96&d=mm&r=g\",\"contentUrl\":\"https:\\\/\\\/secure.gravatar.com\\\/avatar\\\/861e3a05ad2cd51e156d4301f75a1984d51701715c3016d8cc243b3dfb83c401?s=96&d=mm&r=g\",\"caption\":\"Wolfgang Bauer\"},\"url\":\"https:\\\/\\\/bondvigilantes.com\\\/espanol\\\/author\\\/wolfgangbauer\\\/\"}]}<\/script>\n<!-- \/ Yoast SEO Premium plugin. -->","yoast_head_json":{"title":"Una para el camino. \u00bfAcaba de aplicar el BCE su \u00faltima subida de tipos del ciclo? - Espa\u00f1ol","description":"En un entorno de inflaci\u00f3n persistentemente alta en Europa, aunque va remitiendo, el Consejo de Gobierno del BCE decidi\u00f3 subir sus tipos de inter\u00e9s","robots":{"index":"index","follow":"follow","max-snippet":"max-snippet:-1","max-image-preview":"max-image-preview:large","max-video-preview":"max-video-preview:-1"},"canonical":"https:\/\/bondvigilantes.com\/espanol\/2023\/09\/una-para-el-camino-acaba-de-aplicar-el-bce-su-ultima-subida-de-tipos-del-ciclo\/","twitter_misc":{"Written by":"Wolfgang Bauer","Est. reading time":"5 minutos"},"schema":{"@context":"https:\/\/schema.org","@graph":[{"@type":"Article","@id":"https:\/\/bondvigilantes.com\/espanol\/2023\/09\/una-para-el-camino-acaba-de-aplicar-el-bce-su-ultima-subida-de-tipos-del-ciclo\/#article","isPartOf":{"@id":"https:\/\/bondvigilantes.com\/espanol\/2023\/09\/una-para-el-camino-acaba-de-aplicar-el-bce-su-ultima-subida-de-tipos-del-ciclo\/"},"author":{"name":"Wolfgang Bauer","@id":"https:\/\/bondvigilantes.com\/espanol\/#\/schema\/person\/9c7e5af2cd398614a69442588f7066ea"},"headline":"Una para el camino. \u00bfAcaba de aplicar el BCE su \u00faltima subida de tipos del ciclo?","datePublished":"2023-09-19T04:49:48+00:00","dateModified":"2023-09-19T04:49:54+00:00","mainEntityOfPage":{"@id":"https:\/\/bondvigilantes.com\/espanol\/2023\/09\/una-para-el-camino-acaba-de-aplicar-el-bce-su-ultima-subida-de-tipos-del-ciclo\/"},"wordCount":934,"commentCount":0,"image":{"@id":"https:\/\/bondvigilantes.com\/espanol\/2023\/09\/una-para-el-camino-acaba-de-aplicar-el-bce-su-ultima-subida-de-tipos-del-ciclo\/#primaryimage"},"thumbnailUrl":"https:\/\/bondvigilantes.com\/espanol\/wp-content\/uploads\/sites\/5\/2023\/09\/1-una-para-el-camino.png","keywords":["bancos centrales","BCE","Eurozona","pol\u00edtica monetaria"],"articleSection":["Bancos centrales"],"inLanguage":"es","potentialAction":[{"@type":"CommentAction","name":"Comment","target":["https:\/\/bondvigilantes.com\/espanol\/2023\/09\/una-para-el-camino-acaba-de-aplicar-el-bce-su-ultima-subida-de-tipos-del-ciclo\/#respond"]}]},{"@type":"WebPage","@id":"https:\/\/bondvigilantes.com\/espanol\/2023\/09\/una-para-el-camino-acaba-de-aplicar-el-bce-su-ultima-subida-de-tipos-del-ciclo\/","url":"https:\/\/bondvigilantes.com\/espanol\/2023\/09\/una-para-el-camino-acaba-de-aplicar-el-bce-su-ultima-subida-de-tipos-del-ciclo\/","name":"Una para el camino. \u00bfAcaba de aplicar el BCE su \u00faltima subida de tipos del ciclo? - Espa\u00f1ol","isPartOf":{"@id":"https:\/\/bondvigilantes.com\/espanol\/#website"},"primaryImageOfPage":{"@id":"https:\/\/bondvigilantes.com\/espanol\/2023\/09\/una-para-el-camino-acaba-de-aplicar-el-bce-su-ultima-subida-de-tipos-del-ciclo\/#primaryimage"},"image":{"@id":"https:\/\/bondvigilantes.com\/espanol\/2023\/09\/una-para-el-camino-acaba-de-aplicar-el-bce-su-ultima-subida-de-tipos-del-ciclo\/#primaryimage"},"thumbnailUrl":"https:\/\/bondvigilantes.com\/espanol\/wp-content\/uploads\/sites\/5\/2023\/09\/1-una-para-el-camino.png","datePublished":"2023-09-19T04:49:48+00:00","dateModified":"2023-09-19T04:49:54+00:00","author":{"@id":"https:\/\/bondvigilantes.com\/espanol\/#\/schema\/person\/9c7e5af2cd398614a69442588f7066ea"},"description":"En un entorno de inflaci\u00f3n persistentemente alta en Europa, aunque va remitiendo, el Consejo de Gobierno del BCE decidi\u00f3 subir sus tipos de inter\u00e9s","breadcrumb":{"@id":"https:\/\/bondvigilantes.com\/espanol\/2023\/09\/una-para-el-camino-acaba-de-aplicar-el-bce-su-ultima-subida-de-tipos-del-ciclo\/#breadcrumb"},"inLanguage":"es","potentialAction":[{"@type":"ReadAction","target":["https:\/\/bondvigilantes.com\/espanol\/2023\/09\/una-para-el-camino-acaba-de-aplicar-el-bce-su-ultima-subida-de-tipos-del-ciclo\/"]}]},{"@type":"ImageObject","inLanguage":"es","@id":"https:\/\/bondvigilantes.com\/espanol\/2023\/09\/una-para-el-camino-acaba-de-aplicar-el-bce-su-ultima-subida-de-tipos-del-ciclo\/#primaryimage","url":"https:\/\/bondvigilantes.com\/espanol\/wp-content\/uploads\/sites\/5\/2023\/09\/1-una-para-el-camino.png","contentUrl":"https:\/\/bondvigilantes.com\/espanol\/wp-content\/uploads\/sites\/5\/2023\/09\/1-una-para-el-camino.png","width":1280,"height":720},{"@type":"BreadcrumbList","@id":"https:\/\/bondvigilantes.com\/espanol\/2023\/09\/una-para-el-camino-acaba-de-aplicar-el-bce-su-ultima-subida-de-tipos-del-ciclo\/#breadcrumb","itemListElement":[{"@type":"ListItem","position":1,"name":"Portada","item":"https:\/\/bondvigilantes.com\/espanol\/"},{"@type":"ListItem","position":2,"name":"Una para el camino. \u00bfAcaba de aplicar el BCE su \u00faltima subida de tipos del ciclo?"}]},{"@type":"WebSite","@id":"https:\/\/bondvigilantes.com\/espanol\/#website","url":"https:\/\/bondvigilantes.com\/espanol\/","name":"Espa\u00f1ol","description":"M&amp;G","potentialAction":[{"@type":"SearchAction","target":{"@type":"EntryPoint","urlTemplate":"https:\/\/bondvigilantes.com\/espanol\/?s={search_term_string}"},"query-input":{"@type":"PropertyValueSpecification","valueRequired":true,"valueName":"search_term_string"}}],"inLanguage":"es"},{"@type":"Person","@id":"https:\/\/bondvigilantes.com\/espanol\/#\/schema\/person\/9c7e5af2cd398614a69442588f7066ea","name":"Wolfgang Bauer","image":{"@type":"ImageObject","inLanguage":"es","@id":"https:\/\/secure.gravatar.com\/avatar\/861e3a05ad2cd51e156d4301f75a1984d51701715c3016d8cc243b3dfb83c401?s=96&d=mm&r=g","url":"https:\/\/secure.gravatar.com\/avatar\/861e3a05ad2cd51e156d4301f75a1984d51701715c3016d8cc243b3dfb83c401?s=96&d=mm&r=g","contentUrl":"https:\/\/secure.gravatar.com\/avatar\/861e3a05ad2cd51e156d4301f75a1984d51701715c3016d8cc243b3dfb83c401?s=96&d=mm&r=g","caption":"Wolfgang Bauer"},"url":"https:\/\/bondvigilantes.com\/espanol\/author\/wolfgangbauer\/"}]}},"_links":{"self":[{"href":"https:\/\/bondvigilantes.com\/espanol\/wp-json\/wp\/v2\/posts\/23707","targetHints":{"allow":["GET"]}}],"collection":[{"href":"https:\/\/bondvigilantes.com\/espanol\/wp-json\/wp\/v2\/posts"}],"about":[{"href":"https:\/\/bondvigilantes.com\/espanol\/wp-json\/wp\/v2\/types\/post"}],"author":[{"embeddable":true,"href":"https:\/\/bondvigilantes.com\/espanol\/wp-json\/wp\/v2\/users\/85"}],"replies":[{"embeddable":true,"href":"https:\/\/bondvigilantes.com\/espanol\/wp-json\/wp\/v2\/comments?post=23707"}],"version-history":[{"count":0,"href":"https:\/\/bondvigilantes.com\/espanol\/wp-json\/wp\/v2\/posts\/23707\/revisions"}],"wp:featuredmedia":[{"embeddable":true,"href":"https:\/\/bondvigilantes.com\/espanol\/wp-json\/wp\/v2\/media\/23708"}],"wp:attachment":[{"href":"https:\/\/bondvigilantes.com\/espanol\/wp-json\/wp\/v2\/media?parent=23707"}],"wp:term":[{"taxonomy":"category","embeddable":true,"href":"https:\/\/bondvigilantes.com\/espanol\/wp-json\/wp\/v2\/categories?post=23707"},{"taxonomy":"post_tag","embeddable":true,"href":"https:\/\/bondvigilantes.com\/espanol\/wp-json\/wp\/v2\/tags?post=23707"}],"curies":[{"name":"wp","href":"https:\/\/api.w.org\/{rel}","templated":true}]}}