{"id":2467,"date":"2017-04-13T14:30:27","date_gmt":"2017-04-13T14:30:27","guid":{"rendered":"https:\/\/www.bondvigilantes.com\/espanol\/?p=2467"},"modified":"2017-05-11T09:12:01","modified_gmt":"2017-05-11T09:12:01","slug":"cae-el-techo-checo-reflexiones-sobre-la-eliminacion-del-techo-de-la-corona","status":"publish","type":"post","link":"https:\/\/bondvigilantes.com\/espanol\/2017\/04\/cae-el-techo-checo-reflexiones-sobre-la-eliminacion-del-techo-de-la-corona\/","title":{"rendered":"Cae el techo checo: Reflexiones sobre la eliminaci\u00f3n del techo de la corona"},"content":{"rendered":"<p>El Banco Nacional Checo (BNC) ha decidido poner fin al techo que ten\u00eda fijado para la corona respecto al euro, asunto que ya <a href=\"https:\/\/bondvigilantes.com\/espanol\/2021\/12\/21\/tres-cosas-para-tener-en-cuenta-cuando-el-banco-nacional-checo\/\" target=\"_blank\"><strong>abord\u00e9<\/strong><\/a> con anterioridad este a\u00f1o. Aunque todo parec\u00eda presagiar que la eliminaci\u00f3n del techo iba a tener lugar en breve (la inflaci\u00f3n general estaba dentro del margen deseado desde el pasado mes de octubre y el Banco Nacional Checo hab\u00eda endurecido sus se\u00f1ales), el hecho de que el cambio se produjera ayer mismo en la reuni\u00f3n extraordinaria del banco central fue toda una sorpresa. La apreciaci\u00f3n de la divisa tras el evento ha sido m\u00ednima, con una subida de la corona del 1,5\u00a0% frente al euro durante la jornada.<\/p>\n<p><a href=\"https:\/\/bondvigilantes.com\/wp-content\/uploads\/sites\/5\/2021\/12\/czech-ES1.png\" data-rel=\"lightbox-image-0\" data-rl_title=\"\" data-rl_caption=\"\" title=\"\"><img loading=\"lazy\" decoding=\"async\" class=\"alignnone size-full wp-image-2488\" src=\"https:\/\/bondvigilantes.com\/wp-content\/uploads\/sites\/5\/2021\/12\/czech-ES1.png\" alt=\"\" width=\"960\" height=\"720\" srcset=\"https:\/\/bondvigilantes.com\/espanol\/wp-content\/uploads\/sites\/5\/2021\/12\/czech-ES1.png 960w, https:\/\/bondvigilantes.com\/espanol\/wp-content\/uploads\/sites\/5\/2021\/12\/czech-ES1-300x225.png 300w, https:\/\/bondvigilantes.com\/espanol\/wp-content\/uploads\/sites\/5\/2021\/12\/czech-ES1-768x576.png 768w\" sizes=\"auto, (max-width: 960px) 100vw, 960px\" \/><\/a><\/p>\n<p>Es probable que el BNC respire aliviado teniendo en cuenta que la econom\u00eda de la Rep\u00fablica Checa se sustenta en las exportaciones y, por lo tanto, una apreciaci\u00f3n excesiva podr\u00eda representar un obst\u00e1culo en cierto modo. Pero, \u00bfqu\u00e9 pasar\u00e1 a partir de ahora? Como ya mencion\u00e9 en una publicaci\u00f3n anterior, en los a\u00f1os en los que el \u00a0l\u00edmite ha estado en vigor, el BNC ha intervenido en el mercado para evitar que la apreciaci\u00f3n superara el nivel deseado, aproximadamente 25,7 EURCZK (el mercado cerr\u00f3 a a 26,6 EURCZK), y quiz\u00e1 esta era una expectativa razonable en referencia al techo de apreciaci\u00f3n.<\/p>\n<p>Otro aspecto interesante es el espacio de tipos. La eliminaci\u00f3n del techo es un endurecimiento de la pol\u00edtica monetaria tal como se desprende de la afirmaci\u00f3n del gobernador del BNC cuando destac\u00f3 en la sala de prensa que \u00abeliminar el techo era el primer paso hacia un endurecimiento gradual de la pol\u00edtica\u00bb. Es posible que ahora la ola de ventas de la curva de bonos soberanos checos (junto con la apreciaci\u00f3n de la divisa), con unos precios de mercado a la espera de este cambio, est\u00e9 siendo m\u00e1s contundente de lo que el BNC hubiera deseado.<\/p>\n<p>Si el endurecimiento de la pol\u00edtica monetaria del BNC debe ser una respuesta progresiva y comedida, en lugar del pronunciamiento bajista que puede estar asumiendo el mercado, la situaci\u00f3n cobra especial inter\u00e9s tanto desde una perspectiva de valor relativo (v\u00e9ase el siguiente gr\u00e1fico) como desde un punto de vista de cobertura de divisa.<\/p>\n<p><a href=\"https:\/\/bondvigilantes.com\/wp-content\/uploads\/sites\/5\/2021\/12\/czech-ES2.png\" data-rel=\"lightbox-image-1\" data-rl_title=\"\" data-rl_caption=\"\" title=\"\"><img loading=\"lazy\" decoding=\"async\" class=\"alignnone size-full wp-image-2489\" src=\"https:\/\/bondvigilantes.com\/wp-content\/uploads\/sites\/5\/2021\/12\/czech-ES2.png\" alt=\"\" width=\"960\" height=\"720\" srcset=\"https:\/\/bondvigilantes.com\/espanol\/wp-content\/uploads\/sites\/5\/2021\/12\/czech-ES2.png 960w, https:\/\/bondvigilantes.com\/espanol\/wp-content\/uploads\/sites\/5\/2021\/12\/czech-ES2-300x225.png 300w, https:\/\/bondvigilantes.com\/espanol\/wp-content\/uploads\/sites\/5\/2021\/12\/czech-ES2-768x576.png 768w\" sizes=\"auto, (max-width: 960px) 100vw, 960px\" \/><\/a><\/p>\n<p>El \u00faltimo elemento que se debe tener en cuenta es que los bonos checos figurar\u00e1n en los principales \u00edndices de referencia de bonos a partir de finales de mes. Los bonos locales CZGB se incluir\u00e1n en el \u00edndice GBI para bonos de mercados emergentes el 28 de abril al 3,3\u00a0%. En consecuencia, aquellos que utilicen este \u00edndice como referencia pasiva o activa crear\u00e1n demanda de bonos, aumentando ligeramente la apreciaci\u00f3n de la divisa. Con todo, no se descarta que se produzcan movimientos en la direcci\u00f3n contraria y que la divisa se deprecie a partir de ahora si se disipan los grandes flujos de inversores especulativos (se calcula que unos 65.000 millones de USD) que anticiparon la eliminaci\u00f3n del techo, situaci\u00f3n que restar\u00eda peso a la carga del BNC en cierto modo.<\/p>\n<p>Mientras el l\u00edmite de la divisa estaba vigente, el BNC logr\u00f3 acumular 47.800 millones de euros en calidad de reserva que, seg\u00fan su p\u00e1gina web, seguir\u00e1 invirtiendo en \u00abinstrumentos seguros de alta calidad\u00bb y \u00abcuyas rentabilidades no tiene previsto vender en un futuro cercano\u00bb. Vendr\u00e1n tiempos interesantes para el BNC que, de un modo u otro, sigue estando listo para mitigar las fluctuaciones excesivas del tipo de cambio si fuera necesario.<\/p>\n","protected":false},"excerpt":{"rendered":"<p>El Banco Nacional Checo (BNC) ha decidido poner fin al techo que ten\u00eda fijado para la corona respecto al euro, asunto que ya abord\u00e9 con anterioridad este a\u00f1o. Aunque todo parec\u00eda presagiar que la eliminaci\u00f3n del techo iba a tener lugar en breve (la inflaci\u00f3n general estaba dentro del margen deseado desde el pasado mes de octubre y el Banco Nacional Checo hab\u00eda endurecido sus se\u00f1ales), el hecho de que el cambio se produjera ayer mismo en la reuni\u00f3n extraordinaria del banco central fue toda&#8230;<\/p>\n","protected":false},"author":83,"featured_media":2488,"comment_status":"open","ping_status":"open","sticky":false,"template":"","format":"standard","meta":{"_acf_changed":false,"footnotes":""},"categories":[142,109],"tags":[21],"class_list":["post-2467","post","type-post","status-publish","format-standard","has-post-thumbnail","hentry","category-mercados-emergentes","category-monedas","tag-mercados-emergentes"],"acf":[],"yoast_head":"<!-- This site is optimized with the Yoast SEO Premium plugin v25.8 (Yoast SEO v27.4) - https:\/\/yoast.com\/product\/yoast-seo-premium-wordpress\/ -->\n<title>Cae el techo checo: Reflexiones sobre la eliminaci\u00f3n del techo de la corona - Espa\u00f1ol<\/title>\n<meta name=\"description\" content=\"El Banco Nacional Checo (BNC) ha decidido poner fin al techo que ten\u00eda fijado para la corona respecto al euro, asunto que ya abord\u00e9 con anterioridad este\" \/>\n<meta name=\"robots\" content=\"index, follow, max-snippet:-1, max-image-preview:large, max-video-preview:-1\" \/>\n<link rel=\"canonical\" href=\"https:\/\/bondvigilantes.com\/espanol\/2017\/04\/cae-el-techo-checo-reflexiones-sobre-la-eliminacion-del-techo-de-la-corona\/\" \/>\n<meta name=\"twitter:label1\" content=\"Written by\" \/>\n\t<meta name=\"twitter:data1\" content=\"Anjulie Rusius\" \/>\n\t<meta name=\"twitter:label2\" content=\"Est. reading time\" \/>\n\t<meta name=\"twitter:data2\" content=\"3 minutos\" \/>\n<script type=\"application\/ld+json\" class=\"yoast-schema-graph\">{\"@context\":\"https:\\\/\\\/schema.org\",\"@graph\":[{\"@type\":\"Article\",\"@id\":\"https:\\\/\\\/bondvigilantes.com\\\/espanol\\\/2017\\\/04\\\/cae-el-techo-checo-reflexiones-sobre-la-eliminacion-del-techo-de-la-corona\\\/#article\",\"isPartOf\":{\"@id\":\"https:\\\/\\\/bondvigilantes.com\\\/espanol\\\/2017\\\/04\\\/cae-el-techo-checo-reflexiones-sobre-la-eliminacion-del-techo-de-la-corona\\\/\"},\"author\":{\"name\":\"Anjulie Rusius\",\"@id\":\"https:\\\/\\\/bondvigilantes.com\\\/espanol\\\/#\\\/schema\\\/person\\\/f3e2b6fe52ce4c978f63a41feb82e7b1\"},\"headline\":\"Cae el techo checo: Reflexiones sobre la eliminaci\u00f3n del techo de la corona\",\"datePublished\":\"2017-04-13T14:30:27+00:00\",\"dateModified\":\"2017-05-11T09:12:01+00:00\",\"mainEntityOfPage\":{\"@id\":\"https:\\\/\\\/bondvigilantes.com\\\/espanol\\\/2017\\\/04\\\/cae-el-techo-checo-reflexiones-sobre-la-eliminacion-del-techo-de-la-corona\\\/\"},\"wordCount\":614,\"commentCount\":0,\"image\":{\"@id\":\"https:\\\/\\\/bondvigilantes.com\\\/espanol\\\/2017\\\/04\\\/cae-el-techo-checo-reflexiones-sobre-la-eliminacion-del-techo-de-la-corona\\\/#primaryimage\"},\"thumbnailUrl\":\"https:\\\/\\\/bondvigilantes.com\\\/espanol\\\/wp-content\\\/uploads\\\/sites\\\/5\\\/2021\\\/12\\\/czech-ES1.png\",\"keywords\":[\"mercados emergentes\"],\"articleSection\":[\"mercados emergentes\",\"monedas\"],\"inLanguage\":\"es\",\"potentialAction\":[{\"@type\":\"CommentAction\",\"name\":\"Comment\",\"target\":[\"https:\\\/\\\/bondvigilantes.com\\\/espanol\\\/2017\\\/04\\\/cae-el-techo-checo-reflexiones-sobre-la-eliminacion-del-techo-de-la-corona\\\/#respond\"]}]},{\"@type\":\"WebPage\",\"@id\":\"https:\\\/\\\/bondvigilantes.com\\\/espanol\\\/2017\\\/04\\\/cae-el-techo-checo-reflexiones-sobre-la-eliminacion-del-techo-de-la-corona\\\/\",\"url\":\"https:\\\/\\\/bondvigilantes.com\\\/espanol\\\/2017\\\/04\\\/cae-el-techo-checo-reflexiones-sobre-la-eliminacion-del-techo-de-la-corona\\\/\",\"name\":\"Cae el techo checo: Reflexiones sobre la eliminaci\u00f3n del techo de la corona - Espa\u00f1ol\",\"isPartOf\":{\"@id\":\"https:\\\/\\\/bondvigilantes.com\\\/espanol\\\/#website\"},\"primaryImageOfPage\":{\"@id\":\"https:\\\/\\\/bondvigilantes.com\\\/espanol\\\/2017\\\/04\\\/cae-el-techo-checo-reflexiones-sobre-la-eliminacion-del-techo-de-la-corona\\\/#primaryimage\"},\"image\":{\"@id\":\"https:\\\/\\\/bondvigilantes.com\\\/espanol\\\/2017\\\/04\\\/cae-el-techo-checo-reflexiones-sobre-la-eliminacion-del-techo-de-la-corona\\\/#primaryimage\"},\"thumbnailUrl\":\"https:\\\/\\\/bondvigilantes.com\\\/espanol\\\/wp-content\\\/uploads\\\/sites\\\/5\\\/2021\\\/12\\\/czech-ES1.png\",\"datePublished\":\"2017-04-13T14:30:27+00:00\",\"dateModified\":\"2017-05-11T09:12:01+00:00\",\"author\":{\"@id\":\"https:\\\/\\\/bondvigilantes.com\\\/espanol\\\/#\\\/schema\\\/person\\\/f3e2b6fe52ce4c978f63a41feb82e7b1\"},\"description\":\"El Banco Nacional Checo (BNC) ha decidido poner fin al techo que ten\u00eda fijado para la corona respecto al euro, asunto que ya abord\u00e9 con anterioridad este\",\"breadcrumb\":{\"@id\":\"https:\\\/\\\/bondvigilantes.com\\\/espanol\\\/2017\\\/04\\\/cae-el-techo-checo-reflexiones-sobre-la-eliminacion-del-techo-de-la-corona\\\/#breadcrumb\"},\"inLanguage\":\"es\",\"potentialAction\":[{\"@type\":\"ReadAction\",\"target\":[\"https:\\\/\\\/bondvigilantes.com\\\/espanol\\\/2017\\\/04\\\/cae-el-techo-checo-reflexiones-sobre-la-eliminacion-del-techo-de-la-corona\\\/\"]}]},{\"@type\":\"ImageObject\",\"inLanguage\":\"es\",\"@id\":\"https:\\\/\\\/bondvigilantes.com\\\/espanol\\\/2017\\\/04\\\/cae-el-techo-checo-reflexiones-sobre-la-eliminacion-del-techo-de-la-corona\\\/#primaryimage\",\"url\":\"https:\\\/\\\/bondvigilantes.com\\\/espanol\\\/wp-content\\\/uploads\\\/sites\\\/5\\\/2021\\\/12\\\/czech-ES1.png\",\"contentUrl\":\"https:\\\/\\\/bondvigilantes.com\\\/espanol\\\/wp-content\\\/uploads\\\/sites\\\/5\\\/2021\\\/12\\\/czech-ES1.png\",\"width\":960,\"height\":720},{\"@type\":\"BreadcrumbList\",\"@id\":\"https:\\\/\\\/bondvigilantes.com\\\/espanol\\\/2017\\\/04\\\/cae-el-techo-checo-reflexiones-sobre-la-eliminacion-del-techo-de-la-corona\\\/#breadcrumb\",\"itemListElement\":[{\"@type\":\"ListItem\",\"position\":1,\"name\":\"Portada\",\"item\":\"https:\\\/\\\/bondvigilantes.com\\\/espanol\\\/\"},{\"@type\":\"ListItem\",\"position\":2,\"name\":\"Cae el techo checo: Reflexiones sobre la eliminaci\u00f3n del techo de la corona\"}]},{\"@type\":\"WebSite\",\"@id\":\"https:\\\/\\\/bondvigilantes.com\\\/espanol\\\/#website\",\"url\":\"https:\\\/\\\/bondvigilantes.com\\\/espanol\\\/\",\"name\":\"Espa\u00f1ol\",\"description\":\"M&amp;G\",\"potentialAction\":[{\"@type\":\"SearchAction\",\"target\":{\"@type\":\"EntryPoint\",\"urlTemplate\":\"https:\\\/\\\/bondvigilantes.com\\\/espanol\\\/?s={search_term_string}\"},\"query-input\":{\"@type\":\"PropertyValueSpecification\",\"valueRequired\":true,\"valueName\":\"search_term_string\"}}],\"inLanguage\":\"es\"},{\"@type\":\"Person\",\"@id\":\"https:\\\/\\\/bondvigilantes.com\\\/espanol\\\/#\\\/schema\\\/person\\\/f3e2b6fe52ce4c978f63a41feb82e7b1\",\"name\":\"Anjulie Rusius\",\"image\":{\"@type\":\"ImageObject\",\"inLanguage\":\"es\",\"@id\":\"https:\\\/\\\/secure.gravatar.com\\\/avatar\\\/b9de06152f4be590f0a4e01df92a5c7832e7df0a3b7d7365a605132117444250?s=96&d=mm&r=g\",\"url\":\"https:\\\/\\\/secure.gravatar.com\\\/avatar\\\/b9de06152f4be590f0a4e01df92a5c7832e7df0a3b7d7365a605132117444250?s=96&d=mm&r=g\",\"contentUrl\":\"https:\\\/\\\/secure.gravatar.com\\\/avatar\\\/b9de06152f4be590f0a4e01df92a5c7832e7df0a3b7d7365a605132117444250?s=96&d=mm&r=g\",\"caption\":\"Anjulie Rusius\"},\"url\":\"https:\\\/\\\/bondvigilantes.com\\\/espanol\\\/author\\\/anjulierusius\\\/\"}]}<\/script>\n<!-- \/ Yoast SEO Premium plugin. -->","yoast_head_json":{"title":"Cae el techo checo: Reflexiones sobre la eliminaci\u00f3n del techo de la corona - Espa\u00f1ol","description":"El Banco Nacional Checo (BNC) ha decidido poner fin al techo que ten\u00eda fijado para la corona respecto al euro, asunto que ya abord\u00e9 con anterioridad este","robots":{"index":"index","follow":"follow","max-snippet":"max-snippet:-1","max-image-preview":"max-image-preview:large","max-video-preview":"max-video-preview:-1"},"canonical":"https:\/\/bondvigilantes.com\/espanol\/2017\/04\/cae-el-techo-checo-reflexiones-sobre-la-eliminacion-del-techo-de-la-corona\/","twitter_misc":{"Written by":"Anjulie Rusius","Est. reading time":"3 minutos"},"schema":{"@context":"https:\/\/schema.org","@graph":[{"@type":"Article","@id":"https:\/\/bondvigilantes.com\/espanol\/2017\/04\/cae-el-techo-checo-reflexiones-sobre-la-eliminacion-del-techo-de-la-corona\/#article","isPartOf":{"@id":"https:\/\/bondvigilantes.com\/espanol\/2017\/04\/cae-el-techo-checo-reflexiones-sobre-la-eliminacion-del-techo-de-la-corona\/"},"author":{"name":"Anjulie Rusius","@id":"https:\/\/bondvigilantes.com\/espanol\/#\/schema\/person\/f3e2b6fe52ce4c978f63a41feb82e7b1"},"headline":"Cae el techo checo: Reflexiones sobre la eliminaci\u00f3n del techo de la corona","datePublished":"2017-04-13T14:30:27+00:00","dateModified":"2017-05-11T09:12:01+00:00","mainEntityOfPage":{"@id":"https:\/\/bondvigilantes.com\/espanol\/2017\/04\/cae-el-techo-checo-reflexiones-sobre-la-eliminacion-del-techo-de-la-corona\/"},"wordCount":614,"commentCount":0,"image":{"@id":"https:\/\/bondvigilantes.com\/espanol\/2017\/04\/cae-el-techo-checo-reflexiones-sobre-la-eliminacion-del-techo-de-la-corona\/#primaryimage"},"thumbnailUrl":"https:\/\/bondvigilantes.com\/espanol\/wp-content\/uploads\/sites\/5\/2021\/12\/czech-ES1.png","keywords":["mercados emergentes"],"articleSection":["mercados emergentes","monedas"],"inLanguage":"es","potentialAction":[{"@type":"CommentAction","name":"Comment","target":["https:\/\/bondvigilantes.com\/espanol\/2017\/04\/cae-el-techo-checo-reflexiones-sobre-la-eliminacion-del-techo-de-la-corona\/#respond"]}]},{"@type":"WebPage","@id":"https:\/\/bondvigilantes.com\/espanol\/2017\/04\/cae-el-techo-checo-reflexiones-sobre-la-eliminacion-del-techo-de-la-corona\/","url":"https:\/\/bondvigilantes.com\/espanol\/2017\/04\/cae-el-techo-checo-reflexiones-sobre-la-eliminacion-del-techo-de-la-corona\/","name":"Cae el techo checo: Reflexiones sobre la eliminaci\u00f3n del techo de la corona - Espa\u00f1ol","isPartOf":{"@id":"https:\/\/bondvigilantes.com\/espanol\/#website"},"primaryImageOfPage":{"@id":"https:\/\/bondvigilantes.com\/espanol\/2017\/04\/cae-el-techo-checo-reflexiones-sobre-la-eliminacion-del-techo-de-la-corona\/#primaryimage"},"image":{"@id":"https:\/\/bondvigilantes.com\/espanol\/2017\/04\/cae-el-techo-checo-reflexiones-sobre-la-eliminacion-del-techo-de-la-corona\/#primaryimage"},"thumbnailUrl":"https:\/\/bondvigilantes.com\/espanol\/wp-content\/uploads\/sites\/5\/2021\/12\/czech-ES1.png","datePublished":"2017-04-13T14:30:27+00:00","dateModified":"2017-05-11T09:12:01+00:00","author":{"@id":"https:\/\/bondvigilantes.com\/espanol\/#\/schema\/person\/f3e2b6fe52ce4c978f63a41feb82e7b1"},"description":"El Banco Nacional Checo (BNC) ha decidido poner fin al techo que ten\u00eda fijado para la corona respecto al euro, asunto que ya abord\u00e9 con anterioridad este","breadcrumb":{"@id":"https:\/\/bondvigilantes.com\/espanol\/2017\/04\/cae-el-techo-checo-reflexiones-sobre-la-eliminacion-del-techo-de-la-corona\/#breadcrumb"},"inLanguage":"es","potentialAction":[{"@type":"ReadAction","target":["https:\/\/bondvigilantes.com\/espanol\/2017\/04\/cae-el-techo-checo-reflexiones-sobre-la-eliminacion-del-techo-de-la-corona\/"]}]},{"@type":"ImageObject","inLanguage":"es","@id":"https:\/\/bondvigilantes.com\/espanol\/2017\/04\/cae-el-techo-checo-reflexiones-sobre-la-eliminacion-del-techo-de-la-corona\/#primaryimage","url":"https:\/\/bondvigilantes.com\/espanol\/wp-content\/uploads\/sites\/5\/2021\/12\/czech-ES1.png","contentUrl":"https:\/\/bondvigilantes.com\/espanol\/wp-content\/uploads\/sites\/5\/2021\/12\/czech-ES1.png","width":960,"height":720},{"@type":"BreadcrumbList","@id":"https:\/\/bondvigilantes.com\/espanol\/2017\/04\/cae-el-techo-checo-reflexiones-sobre-la-eliminacion-del-techo-de-la-corona\/#breadcrumb","itemListElement":[{"@type":"ListItem","position":1,"name":"Portada","item":"https:\/\/bondvigilantes.com\/espanol\/"},{"@type":"ListItem","position":2,"name":"Cae el techo checo: Reflexiones sobre la eliminaci\u00f3n del techo de la corona"}]},{"@type":"WebSite","@id":"https:\/\/bondvigilantes.com\/espanol\/#website","url":"https:\/\/bondvigilantes.com\/espanol\/","name":"Espa\u00f1ol","description":"M&amp;G","potentialAction":[{"@type":"SearchAction","target":{"@type":"EntryPoint","urlTemplate":"https:\/\/bondvigilantes.com\/espanol\/?s={search_term_string}"},"query-input":{"@type":"PropertyValueSpecification","valueRequired":true,"valueName":"search_term_string"}}],"inLanguage":"es"},{"@type":"Person","@id":"https:\/\/bondvigilantes.com\/espanol\/#\/schema\/person\/f3e2b6fe52ce4c978f63a41feb82e7b1","name":"Anjulie Rusius","image":{"@type":"ImageObject","inLanguage":"es","@id":"https:\/\/secure.gravatar.com\/avatar\/b9de06152f4be590f0a4e01df92a5c7832e7df0a3b7d7365a605132117444250?s=96&d=mm&r=g","url":"https:\/\/secure.gravatar.com\/avatar\/b9de06152f4be590f0a4e01df92a5c7832e7df0a3b7d7365a605132117444250?s=96&d=mm&r=g","contentUrl":"https:\/\/secure.gravatar.com\/avatar\/b9de06152f4be590f0a4e01df92a5c7832e7df0a3b7d7365a605132117444250?s=96&d=mm&r=g","caption":"Anjulie Rusius"},"url":"https:\/\/bondvigilantes.com\/espanol\/author\/anjulierusius\/"}]}},"_links":{"self":[{"href":"https:\/\/bondvigilantes.com\/espanol\/wp-json\/wp\/v2\/posts\/2467","targetHints":{"allow":["GET"]}}],"collection":[{"href":"https:\/\/bondvigilantes.com\/espanol\/wp-json\/wp\/v2\/posts"}],"about":[{"href":"https:\/\/bondvigilantes.com\/espanol\/wp-json\/wp\/v2\/types\/post"}],"author":[{"embeddable":true,"href":"https:\/\/bondvigilantes.com\/espanol\/wp-json\/wp\/v2\/users\/83"}],"replies":[{"embeddable":true,"href":"https:\/\/bondvigilantes.com\/espanol\/wp-json\/wp\/v2\/comments?post=2467"}],"version-history":[{"count":0,"href":"https:\/\/bondvigilantes.com\/espanol\/wp-json\/wp\/v2\/posts\/2467\/revisions"}],"wp:featuredmedia":[{"embeddable":true,"href":"https:\/\/bondvigilantes.com\/espanol\/wp-json\/wp\/v2\/media\/2488"}],"wp:attachment":[{"href":"https:\/\/bondvigilantes.com\/espanol\/wp-json\/wp\/v2\/media?parent=2467"}],"wp:term":[{"taxonomy":"category","embeddable":true,"href":"https:\/\/bondvigilantes.com\/espanol\/wp-json\/wp\/v2\/categories?post=2467"},{"taxonomy":"post_tag","embeddable":true,"href":"https:\/\/bondvigilantes.com\/espanol\/wp-json\/wp\/v2\/tags?post=2467"}],"curies":[{"name":"wp","href":"https:\/\/api.w.org\/{rel}","templated":true}]}}