{"id":631,"date":"2014-10-13T14:46:25","date_gmt":"2014-10-13T14:46:25","guid":{"rendered":"https:\/\/www.bondvigilantes.com\/espanol\/?p=631"},"modified":"2014-10-13T14:47:10","modified_gmt":"2014-10-13T14:47:10","slug":"lo-importante-es-participar-por-que-el-mercado-laboral-europeo-podria-ser-mas-solido-de-lo-que-pensamos","status":"publish","type":"post","link":"https:\/\/bondvigilantes.com\/espanol\/2014\/10\/lo-importante-es-participar-por-que-el-mercado-laboral-europeo-podria-ser-mas-solido-de-lo-que-pensamos\/","title":{"rendered":"Lo importante es participar: por qu\u00e9 el mercado laboral europeo podr\u00eda ser m\u00e1s s\u00f3lido de lo que pensamos"},"content":{"rendered":"<p>El viernes constatamos nuevas pruebas de fortalecimiento del mercado laboral estadounidense: en septiembre se crearon 248.000 nuevos puestos de trabajo y la tasa de paro se situ\u00f3 por debajo del 6% por primera vez en seis a\u00f1os. En cambio, las cifras generales de desempleo en Europa son mucho menos halag\u00fce\u00f1as: en agosto, el paro en la zona euro se situ\u00f3 en torno al 11,5%.<\/p>\n<p>No obstante, un dato menos alentador para Estados Unidos es que la tasa de participaci\u00f3n laboral cay\u00f3 hasta su nivel m\u00e1s bajo desde 1978. La tasa de participaci\u00f3n mide el n\u00famero de personas que est\u00e1n empleadas o que buscan empleo, como porcentaje de la poblaci\u00f3n en edad de trabajar. Para tener una idea mucho m\u00e1s completa de lo que est\u00e1 ocurriendo, en realidad deben analizarse las tasas de paro y de participaci\u00f3n de manera conjunta. El siguiente ejemplo, aunque sea un poco extremo, nos puede ayudar a entenderlo mejor: una econom\u00eda puede dar la impresi\u00f3n de estar en una situaci\u00f3n de pleno empleo (cero desempleo), pero si la tasa de participaci\u00f3n tambi\u00e9n es igual a cero, significar\u00eda que nadie trabaja.<\/p>\n<p>Esta ca\u00edda de la tasa de participaci\u00f3n en Estados Unidos ha sido un tema ampliamente debatido, especialmente porque la presidenta de la Reserva Federal, Janet Yellen, hace referencia a ella sistem\u00e1ticamente cuando responde preguntas relacionadas con la solidez de la econom\u00eda estadounidense. Las causas pueden ser m\u00faltiples; quiz\u00e1s haya gente que ha dejado de buscar trabajo al perder toda esperanza de encontrarlo, mientras que otros pueden haberse jubilado anticipadamente, y una parte podr\u00eda estar prolongando (o volviendo) a alg\u00fan tipo de estudio o formaci\u00f3n. En Europa, sin embargo, el tema de la tasa de participaci\u00f3n ha tenido menos difusi\u00f3n, motivo por el cual estoy muy agradecido con Erik Nielsen de Unicredit por haber destacado lo que ocurre en la regi\u00f3n.<\/p>\n<p>Aunque las cifras de desempleo esbozan una situaci\u00f3n bastante sombr\u00eda, la tasa de participaci\u00f3n viene siguiendo una trayectoria por lo general alcista. Adem\u00e1s, esta tendencia se viene observando tanto en el n\u00facleo como en la periferia de Europa (ver gr\u00e1fico), de modo que no es que los datos alemanes est\u00e9n maquillando el letargo de otros pa\u00edses. Nuevamente, las causas pueden ser diversas. En cualquier caso, factores como la incorporaci\u00f3n de una mayor proporci\u00f3n de mujeres a las filas de trabajadores en los \u00faltimos a\u00f1os y el aumento de la edad de jubilaci\u00f3n en algunos pa\u00edses podr\u00edan jugar un papel a este respecto.<\/p>\n<p><a href=\"https:\/\/bondvigilantes.com\/espanol\/wp-content\/uploads\/sites\/5\/2021\/12\/Slide12.png\" data-rel=\"lightbox-image-0\" data-rl_title=\"\" data-rl_caption=\"\" title=\"\"><img loading=\"lazy\" decoding=\"async\" class=\"aligncenter size-full wp-image-639\" src=\"https:\/\/bondvigilantes.com\/espanol\/wp-content\/uploads\/sites\/5\/2021\/12\/Slide12.png\" alt=\"Slide1\" width=\"960\" height=\"720\" \/><\/a><\/p>\n<p>A fin de evaluar la situaci\u00f3n real en varios pa\u00edses y el avance relativo de cada uno, decidimos mantener constantes sus tasas de participaci\u00f3n a sus niveles de 2000 y proyectar c\u00f3mo habr\u00eda evolucionado el paro si el n\u00famero de personas en la fuerza laboral se hubiese mantenido al mismo nivel que en 2000.<\/p>\n<p>Como se desprende de los siguientes gr\u00e1ficos, los resultados son esclarecedores. A fin de 2013 (la \u00faltima lectura disponible) el desempleo general de Italia se situaba en el 12,5%, pero una vez considerada la tasa de participaci\u00f3n de 2000, se produce un descenso de un 3,8%, hasta el 8,7%. Lo mismo puede decirse de Espa\u00f1a, pa\u00eds en que la diferencia asciende a un enorme 13,3%. Esto contrasta marcadamente con Estados Unidos, pa\u00eds sobre el que disponemos de datos m\u00e1s recientes: si aplicamos la tasa de participaci\u00f3n de 2000, el nivel actual de desempleo general del 5,9% se eleva al 12,5%.<\/p>\n<p><a href=\"https:\/\/bondvigilantes.com\/espanol\/wp-content\/uploads\/sites\/5\/2021\/12\/Slide22.png\" data-rel=\"lightbox-image-1\" data-rl_title=\"\" data-rl_caption=\"\" title=\"\"><img loading=\"lazy\" decoding=\"async\" class=\"aligncenter size-full wp-image-640\" src=\"https:\/\/bondvigilantes.com\/espanol\/wp-content\/uploads\/sites\/5\/2021\/12\/Slide22.png\" alt=\"Slide2\" width=\"960\" height=\"720\" \/><\/a><\/p>\n<p><a href=\"https:\/\/bondvigilantes.com\/espanol\/wp-content\/uploads\/sites\/5\/2021\/12\/Slide31.png\" data-rel=\"lightbox-image-2\" data-rl_title=\"\" data-rl_caption=\"\" title=\"\"><img loading=\"lazy\" decoding=\"async\" class=\"aligncenter size-full wp-image-641\" src=\"https:\/\/bondvigilantes.com\/espanol\/wp-content\/uploads\/sites\/5\/2021\/12\/Slide31.png\" alt=\"Slide3\" width=\"960\" height=\"720\" \/><\/a><\/p>\n<p><a href=\"https:\/\/bondvigilantes.com\/espanol\/wp-content\/uploads\/sites\/5\/2021\/12\/Slide4.png\" data-rel=\"lightbox-image-3\" data-rl_title=\"\" data-rl_caption=\"\" title=\"\"><img loading=\"lazy\" decoding=\"async\" class=\"aligncenter size-full wp-image-642\" src=\"https:\/\/bondvigilantes.com\/espanol\/wp-content\/uploads\/sites\/5\/2021\/12\/Slide4.png\" alt=\"Slide4\" width=\"960\" height=\"720\" \/><\/a><\/p>\n<p>Me sorprendi\u00f3 bastante la magnitud de esta divergencia, as\u00ed como el hecho de que Estados Unidos se encuentra en peor situaci\u00f3n comparado con 1999 que los pa\u00edses de la periferia europea. No estoy del todo convencido de que la zona euro est\u00e9 a las puertas de un periodo de mayor crecimiento, o si por el contrario su econom\u00eda comenzar\u00e1 a parecerse a la de Jap\u00f3n. Ahora bien, estos gr\u00e1ficos hacen que me incline decididamente m\u00e1s hacia la primera posibilidad.<\/p>\n","protected":false},"excerpt":{"rendered":"<p>El viernes constatamos nuevas pruebas de fortalecimiento del mercado laboral estadounidense: en septiembre se crearon 248.000 nuevos puestos de trabajo y la tasa de paro se situ\u00f3 por debajo del 6% por primera vez en seis a\u00f1os. En cambio, las cifras generales de desempleo en Europa son mucho menos halag\u00fce\u00f1as: en agosto, el paro en la zona euro se situ\u00f3 en torno al 11,5%. No obstante, un dato menos alentador para Estados Unidos es que la tasa de participaci\u00f3n laboral cay\u00f3 hasta su nivel m\u00e1s&#8230;<\/p>\n","protected":false},"author":187,"featured_media":0,"comment_status":"open","ping_status":"open","sticky":false,"template":"","format":"standard","meta":{"_acf_changed":false,"footnotes":""},"categories":[38,39],"tags":[77,108],"class_list":["post-631","post","type-post","status-publish","format-standard","hentry","category-bancos-centrales-y-supranacionales","category-paises","tag-europe","tag-janet-yellen"],"acf":[],"yoast_head":"<!-- This site is optimized with the Yoast SEO Premium plugin v25.8 (Yoast SEO v27.4) - https:\/\/yoast.com\/product\/yoast-seo-premium-wordpress\/ -->\n<title>Lo importante es participar: por qu\u00e9 el mercado laboral europeo podr\u00eda ser m\u00e1s s\u00f3lido de lo que pensamos - Espa\u00f1ol<\/title>\n<meta name=\"description\" content=\"El viernes constatamos nuevas pruebas de fortalecimiento del mercado laboral estadounidense: en septiembre se crearon 248.000 nuevos puestos de trabajo y\" \/>\n<meta name=\"robots\" content=\"index, follow, max-snippet:-1, max-image-preview:large, max-video-preview:-1\" \/>\n<link rel=\"canonical\" href=\"https:\/\/bondvigilantes.com\/espanol\/2014\/10\/lo-importante-es-participar-por-que-el-mercado-laboral-europeo-podria-ser-mas-solido-de-lo-que-pensamos\/\" \/>\n<meta name=\"twitter:label1\" content=\"Written by\" \/>\n\t<meta name=\"twitter:data1\" content=\"Matthew Russell\" \/>\n\t<meta name=\"twitter:label2\" content=\"Est. reading time\" \/>\n\t<meta name=\"twitter:data2\" content=\"3 minutos\" \/>\n<script type=\"application\/ld+json\" class=\"yoast-schema-graph\">{\"@context\":\"https:\\\/\\\/schema.org\",\"@graph\":[{\"@type\":\"Article\",\"@id\":\"https:\\\/\\\/bondvigilantes.com\\\/espanol\\\/2014\\\/10\\\/lo-importante-es-participar-por-que-el-mercado-laboral-europeo-podria-ser-mas-solido-de-lo-que-pensamos\\\/#article\",\"isPartOf\":{\"@id\":\"https:\\\/\\\/bondvigilantes.com\\\/espanol\\\/2014\\\/10\\\/lo-importante-es-participar-por-que-el-mercado-laboral-europeo-podria-ser-mas-solido-de-lo-que-pensamos\\\/\"},\"author\":{\"name\":\"Matthew Russell\",\"@id\":\"https:\\\/\\\/bondvigilantes.com\\\/espanol\\\/#\\\/schema\\\/person\\\/c1d71fd07fb0856453e47210ef3db976\"},\"headline\":\"Lo importante es participar: por qu\u00e9 el mercado laboral europeo podr\u00eda ser m\u00e1s s\u00f3lido de lo que pensamos\",\"datePublished\":\"2014-10-13T14:46:25+00:00\",\"dateModified\":\"2014-10-13T14:47:10+00:00\",\"mainEntityOfPage\":{\"@id\":\"https:\\\/\\\/bondvigilantes.com\\\/espanol\\\/2014\\\/10\\\/lo-importante-es-participar-por-que-el-mercado-laboral-europeo-podria-ser-mas-solido-de-lo-que-pensamos\\\/\"},\"wordCount\":706,\"commentCount\":0,\"image\":{\"@id\":\"https:\\\/\\\/bondvigilantes.com\\\/espanol\\\/2014\\\/10\\\/lo-importante-es-participar-por-que-el-mercado-laboral-europeo-podria-ser-mas-solido-de-lo-que-pensamos\\\/#primaryimage\"},\"thumbnailUrl\":\"https:\\\/\\\/bondvigilantes.com\\\/espanol\\\/wp-content\\\/uploads\\\/sites\\\/5\\\/2021\\\/12\\\/Slide12.png\",\"keywords\":[\"Europe\",\"Janet Yellen\"],\"articleSection\":[\"bancos centrales y supranacionales\",\"pa\u00edses\"],\"inLanguage\":\"es\",\"potentialAction\":[{\"@type\":\"CommentAction\",\"name\":\"Comment\",\"target\":[\"https:\\\/\\\/bondvigilantes.com\\\/espanol\\\/2014\\\/10\\\/lo-importante-es-participar-por-que-el-mercado-laboral-europeo-podria-ser-mas-solido-de-lo-que-pensamos\\\/#respond\"]}]},{\"@type\":\"WebPage\",\"@id\":\"https:\\\/\\\/bondvigilantes.com\\\/espanol\\\/2014\\\/10\\\/lo-importante-es-participar-por-que-el-mercado-laboral-europeo-podria-ser-mas-solido-de-lo-que-pensamos\\\/\",\"url\":\"https:\\\/\\\/bondvigilantes.com\\\/espanol\\\/2014\\\/10\\\/lo-importante-es-participar-por-que-el-mercado-laboral-europeo-podria-ser-mas-solido-de-lo-que-pensamos\\\/\",\"name\":\"Lo importante es participar: por qu\u00e9 el mercado laboral europeo podr\u00eda ser m\u00e1s s\u00f3lido de lo que pensamos - Espa\u00f1ol\",\"isPartOf\":{\"@id\":\"https:\\\/\\\/bondvigilantes.com\\\/espanol\\\/#website\"},\"primaryImageOfPage\":{\"@id\":\"https:\\\/\\\/bondvigilantes.com\\\/espanol\\\/2014\\\/10\\\/lo-importante-es-participar-por-que-el-mercado-laboral-europeo-podria-ser-mas-solido-de-lo-que-pensamos\\\/#primaryimage\"},\"image\":{\"@id\":\"https:\\\/\\\/bondvigilantes.com\\\/espanol\\\/2014\\\/10\\\/lo-importante-es-participar-por-que-el-mercado-laboral-europeo-podria-ser-mas-solido-de-lo-que-pensamos\\\/#primaryimage\"},\"thumbnailUrl\":\"https:\\\/\\\/bondvigilantes.com\\\/espanol\\\/wp-content\\\/uploads\\\/sites\\\/5\\\/2021\\\/12\\\/Slide12.png\",\"datePublished\":\"2014-10-13T14:46:25+00:00\",\"dateModified\":\"2014-10-13T14:47:10+00:00\",\"author\":{\"@id\":\"https:\\\/\\\/bondvigilantes.com\\\/espanol\\\/#\\\/schema\\\/person\\\/c1d71fd07fb0856453e47210ef3db976\"},\"description\":\"El viernes constatamos nuevas pruebas de fortalecimiento del mercado laboral estadounidense: en septiembre se crearon 248.000 nuevos puestos de trabajo y\",\"breadcrumb\":{\"@id\":\"https:\\\/\\\/bondvigilantes.com\\\/espanol\\\/2014\\\/10\\\/lo-importante-es-participar-por-que-el-mercado-laboral-europeo-podria-ser-mas-solido-de-lo-que-pensamos\\\/#breadcrumb\"},\"inLanguage\":\"es\",\"potentialAction\":[{\"@type\":\"ReadAction\",\"target\":[\"https:\\\/\\\/bondvigilantes.com\\\/espanol\\\/2014\\\/10\\\/lo-importante-es-participar-por-que-el-mercado-laboral-europeo-podria-ser-mas-solido-de-lo-que-pensamos\\\/\"]}]},{\"@type\":\"ImageObject\",\"inLanguage\":\"es\",\"@id\":\"https:\\\/\\\/bondvigilantes.com\\\/espanol\\\/2014\\\/10\\\/lo-importante-es-participar-por-que-el-mercado-laboral-europeo-podria-ser-mas-solido-de-lo-que-pensamos\\\/#primaryimage\",\"url\":\"https:\\\/\\\/bondvigilantes.com\\\/espanol\\\/wp-content\\\/uploads\\\/sites\\\/5\\\/2021\\\/12\\\/Slide12.png\",\"contentUrl\":\"https:\\\/\\\/bondvigilantes.com\\\/espanol\\\/wp-content\\\/uploads\\\/sites\\\/5\\\/2021\\\/12\\\/Slide12.png\",\"width\":960,\"height\":720},{\"@type\":\"BreadcrumbList\",\"@id\":\"https:\\\/\\\/bondvigilantes.com\\\/espanol\\\/2014\\\/10\\\/lo-importante-es-participar-por-que-el-mercado-laboral-europeo-podria-ser-mas-solido-de-lo-que-pensamos\\\/#breadcrumb\",\"itemListElement\":[{\"@type\":\"ListItem\",\"position\":1,\"name\":\"Portada\",\"item\":\"https:\\\/\\\/bondvigilantes.com\\\/espanol\\\/\"},{\"@type\":\"ListItem\",\"position\":2,\"name\":\"Lo importante es participar: por qu\u00e9 el mercado laboral europeo podr\u00eda ser m\u00e1s s\u00f3lido de lo que pensamos\"}]},{\"@type\":\"WebSite\",\"@id\":\"https:\\\/\\\/bondvigilantes.com\\\/espanol\\\/#website\",\"url\":\"https:\\\/\\\/bondvigilantes.com\\\/espanol\\\/\",\"name\":\"Espa\u00f1ol\",\"description\":\"M&amp;G\",\"potentialAction\":[{\"@type\":\"SearchAction\",\"target\":{\"@type\":\"EntryPoint\",\"urlTemplate\":\"https:\\\/\\\/bondvigilantes.com\\\/espanol\\\/?s={search_term_string}\"},\"query-input\":{\"@type\":\"PropertyValueSpecification\",\"valueRequired\":true,\"valueName\":\"search_term_string\"}}],\"inLanguage\":\"es\"},{\"@type\":\"Person\",\"@id\":\"https:\\\/\\\/bondvigilantes.com\\\/espanol\\\/#\\\/schema\\\/person\\\/c1d71fd07fb0856453e47210ef3db976\",\"name\":\"Matthew Russell\",\"image\":{\"@type\":\"ImageObject\",\"inLanguage\":\"es\",\"@id\":\"https:\\\/\\\/secure.gravatar.com\\\/avatar\\\/afb381c484add78d39a200dcf11de68be2f198653d74f46f5bdc6cf52709a6c2?s=96&d=mm&r=g\",\"url\":\"https:\\\/\\\/secure.gravatar.com\\\/avatar\\\/afb381c484add78d39a200dcf11de68be2f198653d74f46f5bdc6cf52709a6c2?s=96&d=mm&r=g\",\"contentUrl\":\"https:\\\/\\\/secure.gravatar.com\\\/avatar\\\/afb381c484add78d39a200dcf11de68be2f198653d74f46f5bdc6cf52709a6c2?s=96&d=mm&r=g\",\"caption\":\"Matthew Russell\"},\"url\":\"https:\\\/\\\/bondvigilantes.com\\\/espanol\\\/author\\\/matthewrussellnew\\\/\"}]}<\/script>\n<!-- \/ Yoast SEO Premium plugin. -->","yoast_head_json":{"title":"Lo importante es participar: por qu\u00e9 el mercado laboral europeo podr\u00eda ser m\u00e1s s\u00f3lido de lo que pensamos - Espa\u00f1ol","description":"El viernes constatamos nuevas pruebas de fortalecimiento del mercado laboral estadounidense: en septiembre se crearon 248.000 nuevos puestos de trabajo y","robots":{"index":"index","follow":"follow","max-snippet":"max-snippet:-1","max-image-preview":"max-image-preview:large","max-video-preview":"max-video-preview:-1"},"canonical":"https:\/\/bondvigilantes.com\/espanol\/2014\/10\/lo-importante-es-participar-por-que-el-mercado-laboral-europeo-podria-ser-mas-solido-de-lo-que-pensamos\/","twitter_misc":{"Written by":"Matthew Russell","Est. reading time":"3 minutos"},"schema":{"@context":"https:\/\/schema.org","@graph":[{"@type":"Article","@id":"https:\/\/bondvigilantes.com\/espanol\/2014\/10\/lo-importante-es-participar-por-que-el-mercado-laboral-europeo-podria-ser-mas-solido-de-lo-que-pensamos\/#article","isPartOf":{"@id":"https:\/\/bondvigilantes.com\/espanol\/2014\/10\/lo-importante-es-participar-por-que-el-mercado-laboral-europeo-podria-ser-mas-solido-de-lo-que-pensamos\/"},"author":{"name":"Matthew Russell","@id":"https:\/\/bondvigilantes.com\/espanol\/#\/schema\/person\/c1d71fd07fb0856453e47210ef3db976"},"headline":"Lo importante es participar: por qu\u00e9 el mercado laboral europeo podr\u00eda ser m\u00e1s s\u00f3lido de lo que pensamos","datePublished":"2014-10-13T14:46:25+00:00","dateModified":"2014-10-13T14:47:10+00:00","mainEntityOfPage":{"@id":"https:\/\/bondvigilantes.com\/espanol\/2014\/10\/lo-importante-es-participar-por-que-el-mercado-laboral-europeo-podria-ser-mas-solido-de-lo-que-pensamos\/"},"wordCount":706,"commentCount":0,"image":{"@id":"https:\/\/bondvigilantes.com\/espanol\/2014\/10\/lo-importante-es-participar-por-que-el-mercado-laboral-europeo-podria-ser-mas-solido-de-lo-que-pensamos\/#primaryimage"},"thumbnailUrl":"https:\/\/bondvigilantes.com\/espanol\/wp-content\/uploads\/sites\/5\/2021\/12\/Slide12.png","keywords":["Europe","Janet Yellen"],"articleSection":["bancos centrales y supranacionales","pa\u00edses"],"inLanguage":"es","potentialAction":[{"@type":"CommentAction","name":"Comment","target":["https:\/\/bondvigilantes.com\/espanol\/2014\/10\/lo-importante-es-participar-por-que-el-mercado-laboral-europeo-podria-ser-mas-solido-de-lo-que-pensamos\/#respond"]}]},{"@type":"WebPage","@id":"https:\/\/bondvigilantes.com\/espanol\/2014\/10\/lo-importante-es-participar-por-que-el-mercado-laboral-europeo-podria-ser-mas-solido-de-lo-que-pensamos\/","url":"https:\/\/bondvigilantes.com\/espanol\/2014\/10\/lo-importante-es-participar-por-que-el-mercado-laboral-europeo-podria-ser-mas-solido-de-lo-que-pensamos\/","name":"Lo importante es participar: por qu\u00e9 el mercado laboral europeo podr\u00eda ser m\u00e1s s\u00f3lido de lo que pensamos - Espa\u00f1ol","isPartOf":{"@id":"https:\/\/bondvigilantes.com\/espanol\/#website"},"primaryImageOfPage":{"@id":"https:\/\/bondvigilantes.com\/espanol\/2014\/10\/lo-importante-es-participar-por-que-el-mercado-laboral-europeo-podria-ser-mas-solido-de-lo-que-pensamos\/#primaryimage"},"image":{"@id":"https:\/\/bondvigilantes.com\/espanol\/2014\/10\/lo-importante-es-participar-por-que-el-mercado-laboral-europeo-podria-ser-mas-solido-de-lo-que-pensamos\/#primaryimage"},"thumbnailUrl":"https:\/\/bondvigilantes.com\/espanol\/wp-content\/uploads\/sites\/5\/2021\/12\/Slide12.png","datePublished":"2014-10-13T14:46:25+00:00","dateModified":"2014-10-13T14:47:10+00:00","author":{"@id":"https:\/\/bondvigilantes.com\/espanol\/#\/schema\/person\/c1d71fd07fb0856453e47210ef3db976"},"description":"El viernes constatamos nuevas pruebas de fortalecimiento del mercado laboral estadounidense: en septiembre se crearon 248.000 nuevos puestos de trabajo y","breadcrumb":{"@id":"https:\/\/bondvigilantes.com\/espanol\/2014\/10\/lo-importante-es-participar-por-que-el-mercado-laboral-europeo-podria-ser-mas-solido-de-lo-que-pensamos\/#breadcrumb"},"inLanguage":"es","potentialAction":[{"@type":"ReadAction","target":["https:\/\/bondvigilantes.com\/espanol\/2014\/10\/lo-importante-es-participar-por-que-el-mercado-laboral-europeo-podria-ser-mas-solido-de-lo-que-pensamos\/"]}]},{"@type":"ImageObject","inLanguage":"es","@id":"https:\/\/bondvigilantes.com\/espanol\/2014\/10\/lo-importante-es-participar-por-que-el-mercado-laboral-europeo-podria-ser-mas-solido-de-lo-que-pensamos\/#primaryimage","url":"https:\/\/bondvigilantes.com\/espanol\/wp-content\/uploads\/sites\/5\/2021\/12\/Slide12.png","contentUrl":"https:\/\/bondvigilantes.com\/espanol\/wp-content\/uploads\/sites\/5\/2021\/12\/Slide12.png","width":960,"height":720},{"@type":"BreadcrumbList","@id":"https:\/\/bondvigilantes.com\/espanol\/2014\/10\/lo-importante-es-participar-por-que-el-mercado-laboral-europeo-podria-ser-mas-solido-de-lo-que-pensamos\/#breadcrumb","itemListElement":[{"@type":"ListItem","position":1,"name":"Portada","item":"https:\/\/bondvigilantes.com\/espanol\/"},{"@type":"ListItem","position":2,"name":"Lo importante es participar: por qu\u00e9 el mercado laboral europeo podr\u00eda ser m\u00e1s s\u00f3lido de lo que pensamos"}]},{"@type":"WebSite","@id":"https:\/\/bondvigilantes.com\/espanol\/#website","url":"https:\/\/bondvigilantes.com\/espanol\/","name":"Espa\u00f1ol","description":"M&amp;G","potentialAction":[{"@type":"SearchAction","target":{"@type":"EntryPoint","urlTemplate":"https:\/\/bondvigilantes.com\/espanol\/?s={search_term_string}"},"query-input":{"@type":"PropertyValueSpecification","valueRequired":true,"valueName":"search_term_string"}}],"inLanguage":"es"},{"@type":"Person","@id":"https:\/\/bondvigilantes.com\/espanol\/#\/schema\/person\/c1d71fd07fb0856453e47210ef3db976","name":"Matthew Russell","image":{"@type":"ImageObject","inLanguage":"es","@id":"https:\/\/secure.gravatar.com\/avatar\/afb381c484add78d39a200dcf11de68be2f198653d74f46f5bdc6cf52709a6c2?s=96&d=mm&r=g","url":"https:\/\/secure.gravatar.com\/avatar\/afb381c484add78d39a200dcf11de68be2f198653d74f46f5bdc6cf52709a6c2?s=96&d=mm&r=g","contentUrl":"https:\/\/secure.gravatar.com\/avatar\/afb381c484add78d39a200dcf11de68be2f198653d74f46f5bdc6cf52709a6c2?s=96&d=mm&r=g","caption":"Matthew Russell"},"url":"https:\/\/bondvigilantes.com\/espanol\/author\/matthewrussellnew\/"}]}},"_links":{"self":[{"href":"https:\/\/bondvigilantes.com\/espanol\/wp-json\/wp\/v2\/posts\/631","targetHints":{"allow":["GET"]}}],"collection":[{"href":"https:\/\/bondvigilantes.com\/espanol\/wp-json\/wp\/v2\/posts"}],"about":[{"href":"https:\/\/bondvigilantes.com\/espanol\/wp-json\/wp\/v2\/types\/post"}],"author":[{"embeddable":true,"href":"https:\/\/bondvigilantes.com\/espanol\/wp-json\/wp\/v2\/users\/187"}],"replies":[{"embeddable":true,"href":"https:\/\/bondvigilantes.com\/espanol\/wp-json\/wp\/v2\/comments?post=631"}],"version-history":[{"count":0,"href":"https:\/\/bondvigilantes.com\/espanol\/wp-json\/wp\/v2\/posts\/631\/revisions"}],"wp:attachment":[{"href":"https:\/\/bondvigilantes.com\/espanol\/wp-json\/wp\/v2\/media?parent=631"}],"wp:term":[{"taxonomy":"category","embeddable":true,"href":"https:\/\/bondvigilantes.com\/espanol\/wp-json\/wp\/v2\/categories?post=631"},{"taxonomy":"post_tag","embeddable":true,"href":"https:\/\/bondvigilantes.com\/espanol\/wp-json\/wp\/v2\/tags?post=631"}],"curies":[{"name":"wp","href":"https:\/\/api.w.org\/{rel}","templated":true}]}}