{"id":1131,"date":"2015-10-23T08:40:34","date_gmt":"2015-10-23T08:40:34","guid":{"rendered":"https:\/\/www.bondvigilantes.com\/francais\/?p=1131"},"modified":"2023-06-20T14:38:35","modified_gmt":"2023-06-20T14:38:35","slug":"proces-verbal-de-la-reunion-dautomne-fmibanque-mondiale","status":"publish","type":"post","link":"https:\/\/bondvigilantes.com\/francais\/2015\/10\/proces-verbal-de-la-reunion-dautomne-fmibanque-mondiale\/","title":{"rendered":"Proc\u00e8s-verbal de la r\u00e9union d\u2019automne FMI\/Banque Mondiale"},"content":{"rendered":"\n<p>R\u00e9cemment, <strong><a href=\"https:\/\/bondvigilantes.com\/francais\/blogger\/claudia-calich\/\">Claudia<\/a><\/strong> et moi \u00e9tions \u00e0 Lima pour les r\u00e9unions annuelles du FMI et de la Banque Mondiale. Sans surprise (au vu du pays h\u00f4te et de l\u2019historique des r\u00e9unions), la majorit\u00e9 des s\u00e9ances a port\u00e9 sur les pays en d\u00e9veloppement, en particulier l\u2019Am\u00e9rique latine. Claudia publiera bient\u00f4t une s\u00e9rie de blogs plus d\u00e9taill\u00e9s sur les pays d\u2019Am\u00e9rique latine visit\u00e9s, je vais donc privil\u00e9gier un point de vue plus global.<\/p>\n\n\n\n<p>Dans l\u2019ensemble<strong>,<\/strong> le FMI table sur une croissance mondiale l\u00e9g\u00e8rement inf\u00e9rieure cette ann\u00e9e (3,1&nbsp;%) par rapport aux derniers chiffres, puis sur un regain de vigueur \u00e0 3,6&nbsp;% en 2016. Dans ce contexte<strong>,<\/strong> il faut s\u2019attendre \u00e0 un redressement de la croissance au sein des pays d\u00e9velopp\u00e9s et \u00e0 un ralentissement des pays \u00e9mergents. Le FMI indique un certain nombre de facteurs expliquant les raisons de ce ralentissement, mais l\u2019impact de la situation en Chine fait beaucoup plus parler de lui.<\/p>\n\n\n\n<p>La croissance chinoise est en perte de vitesse, mais les pr\u00e9visions de croissance pour cette ann\u00e9e et l\u2019an prochain s\u2019\u00e9l\u00e8vent encore \u00e0 6,8&nbsp;% et 6,3&nbsp;% respectivement. Hormis l\u2019Inde<strong>,<\/strong> on serait bien en peine de trouver un grand pays affichant des pr\u00e9visions de taux de croissance sup\u00e9rieurs dans le reste du monde. La vraie question est de savoir comment cette croissance sera r\u00e9alis\u00e9e. La Chine semble \u00e9voluer d\u2019une \u00e9conomie reposant sur les investissements\/la construction (qui n\u00e9cessite une grande quantit\u00e9 de mati\u00e8res premi\u00e8res import\u00e9es pour continuer \u00e0 se d\u00e9velopper) \u00e0 une \u00e9conomie o\u00f9 la demande et la consommation int\u00e9rieures jouent un r\u00f4le accru dans la croissance \u00e9conomique (une \u00e9volution que nous avons auparavant soulign\u00e9e <strong><a href=\"https:\/\/bondvigilantes.com\/blog\/2021\/12\/24\/chinas-investmentgdp-ratio-soars-to-a-totally-unsustainable-54-4-be-afraid\/\">ici<\/a><\/strong> et <strong><a href=\"https:\/\/bondvigilantes.com\/blog\/2021\/12\/20\/the-professor-michael-pettis-china-forecast-3-4-real-growth-on-average-for-the-next-decade-and-that-would-be-a-good-result\/\">ici<\/a><\/strong>).<\/p>\n\n\n<div class=\"wp-block-image\">\n<figure class=\"aligncenter size-full\"><a href=\"https:\/\/bondvigilantes.com\/francais\/wp-content\/uploads\/sites\/4\/2021\/12\/2235_1_2015-10-blog-MRu_FR.png\" data-rel=\"lightbox-gallery-Svf86mKk\" data-rl_title=\"2235_1_2015-10-blog-MRu_FR\" data-rl_caption=\"2235_1_2015-10-blog-MRu_FR\" title=\"2235_1_2015-10-blog-MRu_FR\"><img loading=\"lazy\" decoding=\"async\" width=\"960\" height=\"720\" src=\"https:\/\/bondvigilantes.com\/francais\/wp-content\/uploads\/sites\/4\/2021\/12\/2235_1_2015-10-blog-MRu_FR.png\" alt=\"\" class=\"wp-image-5536\" srcset=\"https:\/\/bondvigilantes.com\/francais\/wp-content\/uploads\/sites\/4\/2021\/12\/2235_1_2015-10-blog-MRu_FR.png 960w, https:\/\/bondvigilantes.com\/francais\/wp-content\/uploads\/sites\/4\/2021\/12\/2235_1_2015-10-blog-MRu_FR-300x225.png 300w, https:\/\/bondvigilantes.com\/francais\/wp-content\/uploads\/sites\/4\/2021\/12\/2235_1_2015-10-blog-MRu_FR-768x576.png 768w\" sizes=\"auto, (max-width: 960px) 100vw, 960px\" \/><\/a><\/figure>\n<\/div>\n\n\n<p>Il \u00e9tait fort probable que ce changement interviendrait \u00e0 un moment donn\u00e9&nbsp;: la classe moyenne en augmentation constante allait in\u00e9vitablement commencer \u00e0 profiter t\u00f4t ou tard des richesses accumul\u00e9es. Quiconque ayant fr\u00e9quent\u00e9 une galerie commerciale \u00e0 Beijing ces derni\u00e8res ann\u00e9es ne pouvait manquer de remarquer la multiplication des boutiques haut de gamme&nbsp;; j\u2019y ai tent\u00e9 d\u00e9sesp\u00e9r\u00e9ment de trouver une cravate \u00e0 moins de 100&nbsp;\u00a3 lors de ma visite <strong><a href=\"https:\/\/bondvigilantes.com\/francais\/2021\/12\/28\/voyage-de-recherche-en-chine-apercu-du-marche-de-limmobilier-du-systeme-bancaire-parallele\/\">l\u2019an dernier<\/a><\/strong>.<\/p>\n\n\n\n<p>Les cons\u00e9quences de la demande moindre de produits d\u2019importation en Chine ont \u00e9t\u00e9 <strong><a href=\"https:\/\/bondvigilantes.com\/blog\/2021\/12\/01\/if-chinas-economy-rebalances-and-growth-slows-as-it-surely-must-then-whos-screwed\/\">le plus vivement ressenties<\/a><\/strong> dans d\u2019autres parties de l\u2019Asie et dans les pays sud-am\u00e9ricains tributaires des exportations de mati\u00e8res premi\u00e8res pour une grande part de leurs revenus.<\/p>\n\n\n\n<p>Le FMI a reconnu que ces effets de \u00ab&nbsp;contagion&nbsp;\u00bb en Asie se sont r\u00e9v\u00e9l\u00e9s plus importants que pr\u00e9vu<strong>,<\/strong> et puisque les anciennes strat\u00e9gies de croissance induite par les exportations sont arriv\u00e9es en bout de course, l\u2019Asie devrait trouver de nouveaux moteurs de croissance \u00e9conomique. Alors que la d\u00e9pr\u00e9ciation de certaines devises de la r\u00e9gion est arriv\u00e9e \u00e0 point nomm\u00e9<strong>,<\/strong> davantage d\u2019efforts sont n\u00e9cessaires. Les pouvoirs publics r\u00e9gionaux sont invit\u00e9s \u00e0 am\u00e9liorer les infrastructures, \u00e0 accro\u00eetre la flexibilit\u00e9 du march\u00e9 du travail et \u00e0 renforcer le respect de la l\u00e9galit\u00e9.<\/p>\n\n\n<div class=\"wp-block-image\">\n<figure class=\"aligncenter size-full\"><a href=\"https:\/\/bondvigilantes.com\/francais\/wp-content\/uploads\/sites\/4\/2021\/12\/2235_2_2015-10-blog-MRu_FR-2.png\" data-rel=\"lightbox-gallery-Svf86mKk\" data-rl_title=\"2235_2_2015-10-blog-MRu_FR-2\" data-rl_caption=\"2235_2_2015-10-blog-MRu_FR-2\" title=\"2235_2_2015-10-blog-MRu_FR-2\"><img loading=\"lazy\" decoding=\"async\" width=\"960\" height=\"720\" src=\"https:\/\/bondvigilantes.com\/francais\/wp-content\/uploads\/sites\/4\/2021\/12\/2235_2_2015-10-blog-MRu_FR-2.png\" alt=\"\" class=\"wp-image-5537\" srcset=\"https:\/\/bondvigilantes.com\/francais\/wp-content\/uploads\/sites\/4\/2021\/12\/2235_2_2015-10-blog-MRu_FR-2.png 960w, https:\/\/bondvigilantes.com\/francais\/wp-content\/uploads\/sites\/4\/2021\/12\/2235_2_2015-10-blog-MRu_FR-2-300x225.png 300w, https:\/\/bondvigilantes.com\/francais\/wp-content\/uploads\/sites\/4\/2021\/12\/2235_2_2015-10-blog-MRu_FR-2-768x576.png 768w\" sizes=\"auto, (max-width: 960px) 100vw, 960px\" \/><\/a><\/figure>\n<\/div>\n\n\n<p>Concernant l\u2019Am\u00e9rique latine, ma principale conclusion est que le recul de la demande mondiale en mati\u00e8res premi\u00e8res et le spectre de la r\u00e9surgence de l\u2019inflation risquent de conduire certains pays auparavant performants \u00e0 une p\u00e9riode de stagflation. Les d\u00e9ficits non r\u00e9sorb\u00e9s de la balance des paiements courants, le populisme politique et la productivit\u00e9 m\u00e9diocre pourraient g\u00e9n\u00e9rer des probl\u00e8mes pour davantage de pays de la r\u00e9gion que ceux d\u00e9j\u00e0 concern\u00e9s malheureusement.<\/p>\n\n\n\n<p>Les s\u00e9ances au sujet des Etats-Unis et de l\u2019Europe ont \u00e9t\u00e9 peu nombreuses, ce qui est plut\u00f4t encourageant \u00e0 mon avis. Je tiens \u00e0 souligner que ces r\u00e9unions se sont traditionnellement int\u00e9ress\u00e9es aux march\u00e9s \u00e9mergents&nbsp;; par cons\u00e9quent, peut-\u00eatre ne faut-il pas s\u2019attendre \u00e0 ce que trop de temps soit consacr\u00e9 aux questions relatives aux pays d\u00e9velopp\u00e9s. Toutefois<strong>,<\/strong> s\u2019il existe des probl\u00e8mes majeurs dans les pays d\u00e9velopp\u00e9s, ils tendent \u00e0 s\u2019imposer dans les discussions&nbsp;; j\u2019ai entendu dire que la Gr\u00e8ce constituait le principal sujet de conversation lors de la s\u00e9rie de r\u00e9unions du printemps<strong>,<\/strong> par exemple.<\/p>\n\n\n\n<p>Toutes les s\u00e9ances auxquelles j\u2019ai assist\u00e9 sur les Etats-Unis \u00e9taient domin\u00e9es par la prochaine \u00e9lection pr\u00e9sidentielle et les divers candidats rivalisant actuellement pour obtenir le soutien de leur parti respectif. L\u2019impression g\u00e9n\u00e9rale que j\u2019ai ressentie est que l\u2019\u00e9conomie s\u2019en sort bien, qu\u2019il existe une lassitude g\u00e9n\u00e9ralis\u00e9e quant au myst\u00e8re de la date du rel\u00e8vement des taux par la Fed et il n\u2019y avait donc gu\u00e8re mati\u00e8re \u00e0 s\u2019y attarder.<\/p>\n\n\n\n<p>En Europe<strong>,<\/strong> un grand nombre des derniers facteurs de volatilit\u00e9 semble s\u2019estomper pour l\u2019instant&nbsp;: la situation en Gr\u00e8ce et en Russie\/Ukraine est d\u00e9sormais moins risqu\u00e9e qu\u2019auparavant. Je ne suis pas s\u00fbr de partager forc\u00e9ment l\u2019avis selon lequel le risque de mauvaise nouvelle s\u2019att\u00e9nue, mais selon moi, il est sans doute vrai que le march\u00e9 semble moins focalis\u00e9 sur les risques.<\/p>\n\n\n\n<p>Les risques mis en lumi\u00e8re par le FMI en Europe sont (de nouveau) le tassement de la demande chinoise et les niveaux relativement \u00e9lev\u00e9s des pr\u00eats non productifs figurant toujours aux bilans des banques. L\u2019institution est all\u00e9e jusqu\u2019\u00e0 affirmer que la reprise \u00e9conomique r\u00e9cente a peu de chances de durer plus de 18 mois si la question de ces pr\u00eats n\u2019est pas r\u00e9solue. Selon le FMI, il faut s\u2019attendre \u00e0 de nouvelles mesures d\u2019assouplissement quantitatif (QE) de la part de la BCE, et l\u2019assouplissement quantitatif en Europe s\u2019est av\u00e9r\u00e9 plus efficace qu\u2019aux Etats-Unis ou au Japon, puisque la prime \u00e0 terme dans ces deux pays a baiss\u00e9 davantage. Plus encourageant, du fait de la hausse du taux d\u2019activit\u00e9 sur le march\u00e9 du travail, le taux de ch\u00f4mage de 10&nbsp;% n\u2019est pas aussi sinistre qu\u2019il y para\u00eet \u00e0 premi\u00e8re vue. Le FMI sugg\u00e8re \u00e9galement la n\u00e9cessit\u00e9 d\u2019une r\u00e9forme structurelle en zone euro, dans la mesure o\u00f9 la croissance potentielle est trop faible.<\/p>\n\n\n\n<p>Je suis conscient d\u2019avoir bross\u00e9 un tableau g\u00e9n\u00e9ral et qu\u2019au sein de chaque zone \u00e9conomique, les pays connaissent des difficult\u00e9s et des opportunit\u00e9s totalement diff\u00e9rentes. Toutefois, certains th\u00e8mes communs reviennent sans cesse tout au long de mon voyage. La r\u00e9forme structurelle et les gains de productivit\u00e9 sont sensiblement n\u00e9cessaires partout dans le monde, et les changements v\u00e9cus par la Chine sont appel\u00e9s \u00e0 durer. Ceci dit, je suis d\u2019accord avec Christine Lagarde, Directrice G\u00e9n\u00e9rale du FMI, lorsqu\u2019elle d\u00e9clare que les changements subis par l\u2019\u00e9conomie chinoise sont salutaires et vont se r\u00e9v\u00e9ler favorables \u00e0 long terme pour le reste du monde \u00e9galement.<\/p>\n","protected":false},"excerpt":{"rendered":"<p>R\u00e9cemment, Claudia et moi \u00e9tions \u00e0 Lima pour les r\u00e9unions annuelles du FMI et de la Banque Mondiale. Sans surprise (au vu du pays h\u00f4te et de l\u2019historique des r\u00e9unions), la majorit\u00e9 des s\u00e9ances a port\u00e9 sur les pays en d\u00e9veloppement, en particulier l\u2019Am\u00e9rique latine. Claudia publiera bient\u00f4t une s\u00e9rie de blogs plus d\u00e9taill\u00e9s sur les pays d\u2019Am\u00e9rique latine visit\u00e9s, je vais donc privil\u00e9gier un point de vue plus global. Dans l\u2019ensemble, le FMI table sur une croissance mondiale l\u00e9g\u00e8rement inf\u00e9rieure cette ann\u00e9e (3,1&nbsp;%) par&#8230;<\/p>\n","protected":false},"author":187,"featured_media":1147,"comment_status":"open","ping_status":"open","sticky":false,"template":"","format":"standard","meta":{"_acf_changed":false,"footnotes":""},"categories":[41,7],"tags":[145,143],"class_list":["post-1131","post","type-post","status-publish","format-standard","has-post-thumbnail","hentry","category-croissance-economique","category-pays","tag-fmi","tag-macroeconomie-et-politique"],"acf":[],"yoast_head":"<!-- This site is optimized with the Yoast SEO Premium plugin v25.8 (Yoast SEO v27.4) - https:\/\/yoast.com\/product\/yoast-seo-premium-wordpress\/ -->\n<title>Proc\u00e8s-verbal de la r\u00e9union d\u2019automne FMI\/Banque Mondiale - Francais<\/title>\n<meta name=\"description\" content=\"R\u00e9cemment, Claudia et moi \u00e9tions \u00e0 Lima pour les r\u00e9unions annuelles du FMI et de la Banque Mondiale. Sans surprise (au vu du pays h\u00f4te et de l\u2019historique\" \/>\n<meta name=\"robots\" content=\"index, follow, max-snippet:-1, max-image-preview:large, max-video-preview:-1\" \/>\n<link rel=\"canonical\" href=\"https:\/\/bondvigilantes.com\/francais\/2015\/10\/proces-verbal-de-la-reunion-dautomne-fmibanque-mondiale\/\" \/>\n<meta name=\"twitter:label1\" content=\"Written by\" \/>\n\t<meta name=\"twitter:data1\" content=\"Matthew Russell\" \/>\n\t<meta name=\"twitter:label2\" content=\"Est. reading time\" \/>\n\t<meta name=\"twitter:data2\" content=\"6 minutes\" \/>\n<script type=\"application\/ld+json\" class=\"yoast-schema-graph\">{\"@context\":\"https:\\\/\\\/schema.org\",\"@graph\":[{\"@type\":\"Article\",\"@id\":\"https:\\\/\\\/bondvigilantes.com\\\/francais\\\/2015\\\/10\\\/proces-verbal-de-la-reunion-dautomne-fmibanque-mondiale\\\/#article\",\"isPartOf\":{\"@id\":\"https:\\\/\\\/bondvigilantes.com\\\/francais\\\/2015\\\/10\\\/proces-verbal-de-la-reunion-dautomne-fmibanque-mondiale\\\/\"},\"author\":{\"name\":\"Matthew Russell\",\"@id\":\"https:\\\/\\\/bondvigilantes.com\\\/francais\\\/#\\\/schema\\\/person\\\/c1d71fd07fb0856453e47210ef3db976\"},\"headline\":\"Proc\u00e8s-verbal de la r\u00e9union d\u2019automne FMI\\\/Banque Mondiale\",\"datePublished\":\"2015-10-23T08:40:34+00:00\",\"dateModified\":\"2023-06-20T14:38:35+00:00\",\"mainEntityOfPage\":{\"@id\":\"https:\\\/\\\/bondvigilantes.com\\\/francais\\\/2015\\\/10\\\/proces-verbal-de-la-reunion-dautomne-fmibanque-mondiale\\\/\"},\"wordCount\":1207,\"commentCount\":0,\"image\":{\"@id\":\"https:\\\/\\\/bondvigilantes.com\\\/francais\\\/2015\\\/10\\\/proces-verbal-de-la-reunion-dautomne-fmibanque-mondiale\\\/#primaryimage\"},\"thumbnailUrl\":\"https:\\\/\\\/bondvigilantes.com\\\/francais\\\/wp-content\\\/uploads\\\/sites\\\/4\\\/2021\\\/12\\\/2015-10-blog-MRu_FR.png\",\"keywords\":[\"FMI\",\"macro\u00e9conomie et politique\"],\"articleSection\":[\"croissance \u00e9conomique\",\"Pays\"],\"inLanguage\":\"fr-FR\",\"potentialAction\":[{\"@type\":\"CommentAction\",\"name\":\"Comment\",\"target\":[\"https:\\\/\\\/bondvigilantes.com\\\/francais\\\/2015\\\/10\\\/proces-verbal-de-la-reunion-dautomne-fmibanque-mondiale\\\/#respond\"]}]},{\"@type\":\"WebPage\",\"@id\":\"https:\\\/\\\/bondvigilantes.com\\\/francais\\\/2015\\\/10\\\/proces-verbal-de-la-reunion-dautomne-fmibanque-mondiale\\\/\",\"url\":\"https:\\\/\\\/bondvigilantes.com\\\/francais\\\/2015\\\/10\\\/proces-verbal-de-la-reunion-dautomne-fmibanque-mondiale\\\/\",\"name\":\"Proc\u00e8s-verbal de la r\u00e9union d\u2019automne FMI\\\/Banque Mondiale - Francais\",\"isPartOf\":{\"@id\":\"https:\\\/\\\/bondvigilantes.com\\\/francais\\\/#website\"},\"primaryImageOfPage\":{\"@id\":\"https:\\\/\\\/bondvigilantes.com\\\/francais\\\/2015\\\/10\\\/proces-verbal-de-la-reunion-dautomne-fmibanque-mondiale\\\/#primaryimage\"},\"image\":{\"@id\":\"https:\\\/\\\/bondvigilantes.com\\\/francais\\\/2015\\\/10\\\/proces-verbal-de-la-reunion-dautomne-fmibanque-mondiale\\\/#primaryimage\"},\"thumbnailUrl\":\"https:\\\/\\\/bondvigilantes.com\\\/francais\\\/wp-content\\\/uploads\\\/sites\\\/4\\\/2021\\\/12\\\/2015-10-blog-MRu_FR.png\",\"datePublished\":\"2015-10-23T08:40:34+00:00\",\"dateModified\":\"2023-06-20T14:38:35+00:00\",\"author\":{\"@id\":\"https:\\\/\\\/bondvigilantes.com\\\/francais\\\/#\\\/schema\\\/person\\\/c1d71fd07fb0856453e47210ef3db976\"},\"description\":\"R\u00e9cemment, Claudia et moi \u00e9tions \u00e0 Lima pour les r\u00e9unions annuelles du FMI et de la Banque Mondiale. Sans surprise (au vu du pays h\u00f4te et de l\u2019historique\",\"breadcrumb\":{\"@id\":\"https:\\\/\\\/bondvigilantes.com\\\/francais\\\/2015\\\/10\\\/proces-verbal-de-la-reunion-dautomne-fmibanque-mondiale\\\/#breadcrumb\"},\"inLanguage\":\"fr-FR\",\"potentialAction\":[{\"@type\":\"ReadAction\",\"target\":[\"https:\\\/\\\/bondvigilantes.com\\\/francais\\\/2015\\\/10\\\/proces-verbal-de-la-reunion-dautomne-fmibanque-mondiale\\\/\"]}]},{\"@type\":\"ImageObject\",\"inLanguage\":\"fr-FR\",\"@id\":\"https:\\\/\\\/bondvigilantes.com\\\/francais\\\/2015\\\/10\\\/proces-verbal-de-la-reunion-dautomne-fmibanque-mondiale\\\/#primaryimage\",\"url\":\"https:\\\/\\\/bondvigilantes.com\\\/francais\\\/wp-content\\\/uploads\\\/sites\\\/4\\\/2021\\\/12\\\/2015-10-blog-MRu_FR.png\",\"contentUrl\":\"https:\\\/\\\/bondvigilantes.com\\\/francais\\\/wp-content\\\/uploads\\\/sites\\\/4\\\/2021\\\/12\\\/2015-10-blog-MRu_FR.png\",\"width\":960,\"height\":720},{\"@type\":\"BreadcrumbList\",\"@id\":\"https:\\\/\\\/bondvigilantes.com\\\/francais\\\/2015\\\/10\\\/proces-verbal-de-la-reunion-dautomne-fmibanque-mondiale\\\/#breadcrumb\",\"itemListElement\":[{\"@type\":\"ListItem\",\"position\":1,\"name\":\"Accueil\",\"item\":\"https:\\\/\\\/bondvigilantes.com\\\/francais\\\/\"},{\"@type\":\"ListItem\",\"position\":2,\"name\":\"Proc\u00e8s-verbal de la r\u00e9union d\u2019automne FMI\\\/Banque Mondiale\"}]},{\"@type\":\"WebSite\",\"@id\":\"https:\\\/\\\/bondvigilantes.com\\\/francais\\\/#website\",\"url\":\"https:\\\/\\\/bondvigilantes.com\\\/francais\\\/\",\"name\":\"Francais\",\"description\":\"M&amp;G\",\"potentialAction\":[{\"@type\":\"SearchAction\",\"target\":{\"@type\":\"EntryPoint\",\"urlTemplate\":\"https:\\\/\\\/bondvigilantes.com\\\/francais\\\/?s={search_term_string}\"},\"query-input\":{\"@type\":\"PropertyValueSpecification\",\"valueRequired\":true,\"valueName\":\"search_term_string\"}}],\"inLanguage\":\"fr-FR\"},{\"@type\":\"Person\",\"@id\":\"https:\\\/\\\/bondvigilantes.com\\\/francais\\\/#\\\/schema\\\/person\\\/c1d71fd07fb0856453e47210ef3db976\",\"name\":\"Matthew Russell\",\"image\":{\"@type\":\"ImageObject\",\"inLanguage\":\"fr-FR\",\"@id\":\"https:\\\/\\\/secure.gravatar.com\\\/avatar\\\/afb381c484add78d39a200dcf11de68be2f198653d74f46f5bdc6cf52709a6c2?s=96&d=mm&r=g\",\"url\":\"https:\\\/\\\/secure.gravatar.com\\\/avatar\\\/afb381c484add78d39a200dcf11de68be2f198653d74f46f5bdc6cf52709a6c2?s=96&d=mm&r=g\",\"contentUrl\":\"https:\\\/\\\/secure.gravatar.com\\\/avatar\\\/afb381c484add78d39a200dcf11de68be2f198653d74f46f5bdc6cf52709a6c2?s=96&d=mm&r=g\",\"caption\":\"Matthew Russell\"},\"url\":\"https:\\\/\\\/bondvigilantes.com\\\/francais\\\/author\\\/matthewrussellnew\\\/\"}]}<\/script>\n<!-- \/ Yoast SEO Premium plugin. -->","yoast_head_json":{"title":"Proc\u00e8s-verbal de la r\u00e9union d\u2019automne FMI\/Banque Mondiale - Francais","description":"R\u00e9cemment, Claudia et moi \u00e9tions \u00e0 Lima pour les r\u00e9unions annuelles du FMI et de la Banque Mondiale. Sans surprise (au vu du pays h\u00f4te et de l\u2019historique","robots":{"index":"index","follow":"follow","max-snippet":"max-snippet:-1","max-image-preview":"max-image-preview:large","max-video-preview":"max-video-preview:-1"},"canonical":"https:\/\/bondvigilantes.com\/francais\/2015\/10\/proces-verbal-de-la-reunion-dautomne-fmibanque-mondiale\/","twitter_misc":{"Written by":"Matthew Russell","Est. reading time":"6 minutes"},"schema":{"@context":"https:\/\/schema.org","@graph":[{"@type":"Article","@id":"https:\/\/bondvigilantes.com\/francais\/2015\/10\/proces-verbal-de-la-reunion-dautomne-fmibanque-mondiale\/#article","isPartOf":{"@id":"https:\/\/bondvigilantes.com\/francais\/2015\/10\/proces-verbal-de-la-reunion-dautomne-fmibanque-mondiale\/"},"author":{"name":"Matthew Russell","@id":"https:\/\/bondvigilantes.com\/francais\/#\/schema\/person\/c1d71fd07fb0856453e47210ef3db976"},"headline":"Proc\u00e8s-verbal de la r\u00e9union d\u2019automne FMI\/Banque Mondiale","datePublished":"2015-10-23T08:40:34+00:00","dateModified":"2023-06-20T14:38:35+00:00","mainEntityOfPage":{"@id":"https:\/\/bondvigilantes.com\/francais\/2015\/10\/proces-verbal-de-la-reunion-dautomne-fmibanque-mondiale\/"},"wordCount":1207,"commentCount":0,"image":{"@id":"https:\/\/bondvigilantes.com\/francais\/2015\/10\/proces-verbal-de-la-reunion-dautomne-fmibanque-mondiale\/#primaryimage"},"thumbnailUrl":"https:\/\/bondvigilantes.com\/francais\/wp-content\/uploads\/sites\/4\/2021\/12\/2015-10-blog-MRu_FR.png","keywords":["FMI","macro\u00e9conomie et politique"],"articleSection":["croissance \u00e9conomique","Pays"],"inLanguage":"fr-FR","potentialAction":[{"@type":"CommentAction","name":"Comment","target":["https:\/\/bondvigilantes.com\/francais\/2015\/10\/proces-verbal-de-la-reunion-dautomne-fmibanque-mondiale\/#respond"]}]},{"@type":"WebPage","@id":"https:\/\/bondvigilantes.com\/francais\/2015\/10\/proces-verbal-de-la-reunion-dautomne-fmibanque-mondiale\/","url":"https:\/\/bondvigilantes.com\/francais\/2015\/10\/proces-verbal-de-la-reunion-dautomne-fmibanque-mondiale\/","name":"Proc\u00e8s-verbal de la r\u00e9union d\u2019automne FMI\/Banque Mondiale - Francais","isPartOf":{"@id":"https:\/\/bondvigilantes.com\/francais\/#website"},"primaryImageOfPage":{"@id":"https:\/\/bondvigilantes.com\/francais\/2015\/10\/proces-verbal-de-la-reunion-dautomne-fmibanque-mondiale\/#primaryimage"},"image":{"@id":"https:\/\/bondvigilantes.com\/francais\/2015\/10\/proces-verbal-de-la-reunion-dautomne-fmibanque-mondiale\/#primaryimage"},"thumbnailUrl":"https:\/\/bondvigilantes.com\/francais\/wp-content\/uploads\/sites\/4\/2021\/12\/2015-10-blog-MRu_FR.png","datePublished":"2015-10-23T08:40:34+00:00","dateModified":"2023-06-20T14:38:35+00:00","author":{"@id":"https:\/\/bondvigilantes.com\/francais\/#\/schema\/person\/c1d71fd07fb0856453e47210ef3db976"},"description":"R\u00e9cemment, Claudia et moi \u00e9tions \u00e0 Lima pour les r\u00e9unions annuelles du FMI et de la Banque Mondiale. Sans surprise (au vu du pays h\u00f4te et de l\u2019historique","breadcrumb":{"@id":"https:\/\/bondvigilantes.com\/francais\/2015\/10\/proces-verbal-de-la-reunion-dautomne-fmibanque-mondiale\/#breadcrumb"},"inLanguage":"fr-FR","potentialAction":[{"@type":"ReadAction","target":["https:\/\/bondvigilantes.com\/francais\/2015\/10\/proces-verbal-de-la-reunion-dautomne-fmibanque-mondiale\/"]}]},{"@type":"ImageObject","inLanguage":"fr-FR","@id":"https:\/\/bondvigilantes.com\/francais\/2015\/10\/proces-verbal-de-la-reunion-dautomne-fmibanque-mondiale\/#primaryimage","url":"https:\/\/bondvigilantes.com\/francais\/wp-content\/uploads\/sites\/4\/2021\/12\/2015-10-blog-MRu_FR.png","contentUrl":"https:\/\/bondvigilantes.com\/francais\/wp-content\/uploads\/sites\/4\/2021\/12\/2015-10-blog-MRu_FR.png","width":960,"height":720},{"@type":"BreadcrumbList","@id":"https:\/\/bondvigilantes.com\/francais\/2015\/10\/proces-verbal-de-la-reunion-dautomne-fmibanque-mondiale\/#breadcrumb","itemListElement":[{"@type":"ListItem","position":1,"name":"Accueil","item":"https:\/\/bondvigilantes.com\/francais\/"},{"@type":"ListItem","position":2,"name":"Proc\u00e8s-verbal de la r\u00e9union d\u2019automne FMI\/Banque Mondiale"}]},{"@type":"WebSite","@id":"https:\/\/bondvigilantes.com\/francais\/#website","url":"https:\/\/bondvigilantes.com\/francais\/","name":"Francais","description":"M&amp;G","potentialAction":[{"@type":"SearchAction","target":{"@type":"EntryPoint","urlTemplate":"https:\/\/bondvigilantes.com\/francais\/?s={search_term_string}"},"query-input":{"@type":"PropertyValueSpecification","valueRequired":true,"valueName":"search_term_string"}}],"inLanguage":"fr-FR"},{"@type":"Person","@id":"https:\/\/bondvigilantes.com\/francais\/#\/schema\/person\/c1d71fd07fb0856453e47210ef3db976","name":"Matthew Russell","image":{"@type":"ImageObject","inLanguage":"fr-FR","@id":"https:\/\/secure.gravatar.com\/avatar\/afb381c484add78d39a200dcf11de68be2f198653d74f46f5bdc6cf52709a6c2?s=96&d=mm&r=g","url":"https:\/\/secure.gravatar.com\/avatar\/afb381c484add78d39a200dcf11de68be2f198653d74f46f5bdc6cf52709a6c2?s=96&d=mm&r=g","contentUrl":"https:\/\/secure.gravatar.com\/avatar\/afb381c484add78d39a200dcf11de68be2f198653d74f46f5bdc6cf52709a6c2?s=96&d=mm&r=g","caption":"Matthew Russell"},"url":"https:\/\/bondvigilantes.com\/francais\/author\/matthewrussellnew\/"}]}},"_links":{"self":[{"href":"https:\/\/bondvigilantes.com\/francais\/wp-json\/wp\/v2\/posts\/1131","targetHints":{"allow":["GET"]}}],"collection":[{"href":"https:\/\/bondvigilantes.com\/francais\/wp-json\/wp\/v2\/posts"}],"about":[{"href":"https:\/\/bondvigilantes.com\/francais\/wp-json\/wp\/v2\/types\/post"}],"author":[{"embeddable":true,"href":"https:\/\/bondvigilantes.com\/francais\/wp-json\/wp\/v2\/users\/187"}],"replies":[{"embeddable":true,"href":"https:\/\/bondvigilantes.com\/francais\/wp-json\/wp\/v2\/comments?post=1131"}],"version-history":[{"count":0,"href":"https:\/\/bondvigilantes.com\/francais\/wp-json\/wp\/v2\/posts\/1131\/revisions"}],"wp:featuredmedia":[{"embeddable":true,"href":"https:\/\/bondvigilantes.com\/francais\/wp-json\/wp\/v2\/media\/1147"}],"wp:attachment":[{"href":"https:\/\/bondvigilantes.com\/francais\/wp-json\/wp\/v2\/media?parent=1131"}],"wp:term":[{"taxonomy":"category","embeddable":true,"href":"https:\/\/bondvigilantes.com\/francais\/wp-json\/wp\/v2\/categories?post=1131"},{"taxonomy":"post_tag","embeddable":true,"href":"https:\/\/bondvigilantes.com\/francais\/wp-json\/wp\/v2\/tags?post=1131"}],"curies":[{"name":"wp","href":"https:\/\/api.w.org\/{rel}","templated":true}]}}