{"id":1160,"date":"2015-10-30T09:33:04","date_gmt":"2015-10-30T09:33:04","guid":{"rendered":"https:\/\/www.bondvigilantes.com\/francais\/?p=1160"},"modified":"2015-11-03T10:34:38","modified_gmt":"2015-11-03T10:34:38","slug":"le-bresil-pris-dans-un-etau-destructeur-entre-politique-et-economie","status":"publish","type":"post","link":"https:\/\/bondvigilantes.com\/francais\/2015\/10\/le-bresil-pris-dans-un-etau-destructeur-entre-politique-et-economie\/","title":{"rendered":"Le Br\u00e9sil pris dans un \u00e9tau destructeur entre politique et \u00e9conomie"},"content":{"rendered":"<p><em>Cette analyse fait partie de l&rsquo;ABC de la s\u00e9rie d&rsquo;articles consacr\u00e9e \u00e0 la dette des pays d&rsquo;Am\u00e9rique latine<\/em><\/p>\n<p>Le Br\u00e9sil se retrouve coinc\u00e9 dans \u00e9tau destructeur entre politique et \u00e9conomie.<\/p>\n<p>Sur le plan politique, il est impossible d&rsquo;investir en fonction des rumeurs quotidiennes et des risques li\u00e9s \u00e0 l&rsquo;actualit\u00e9. La destitution \u00e9ventuelle de Dilma Rousseff (probabilit\u00e9 de 45% au pifom\u00e8tre) serait toutefois soumise \u00e0 plusieurs d\u00e9marches et obstacles juridiques et pourrait ne pas intervenir avant six \u00e0 neuf mois. Alors que 342 voix sont n\u00e9cessaires pour destituer la pr\u00e9sidente br\u00e9silienne, l&rsquo;opposition n&rsquo;en compte que 280 \u00e0 l&rsquo;heure actuelle. Entre-temps, des \u00e9v\u00e9nements viendront d\u00e9tourner l&rsquo;attention du Congr\u00e8s et l&rsquo;\u00e9conomie continuera \u00e0 s&rsquo;enliser jusqu&rsquo;\u00e0 ce que les incertitudes sur les forces au pouvoir soient balay\u00e9es. L&rsquo;objectif ultime de l&rsquo;opposition est d&rsquo;affaiblir le parti travailliste autant que possible avant les \u00e9lections de mi-mandat de 2016 et l&rsquo;\u00e9lection pr\u00e9sidentielle de 2018.<\/p>\n<p>Par ailleurs, les \u00e9conomistes du pays pensent que l&rsquo;\u00e9conomie devrait se contracter plus avant au cours des trois prochains trimestres avant d&rsquo;atteindre son point bas. La baisse des salaires r\u00e9els et la hausse du ch\u00f4mage p\u00e8sent sur la consommation et les entreprises ont gel\u00e9 leurs investissements jusqu&rsquo;\u00e0 ce que la situation politique se clarifie. Les exportations nettes peuvent soutenir la croissance de mani\u00e8re marginale, mais pas assez pour redresser l&rsquo;\u00e9conomie, car le Br\u00e9sil est une \u00e9conomie ferm\u00e9e. Parall\u00e8lement, les finances publiques se sont fortement creus\u00e9es, car les recettes fiscales affichent une \u00e9lasticit\u00e9 au PIB sup\u00e9rieure \u00e0 1 et car plus de 90% des sorties correspondent \u00e0 des d\u00e9penses non discr\u00e9tionnaires qu&rsquo;il est difficile de r\u00e9duire sans l&rsquo;accord du Congr\u00e8s. M\u00eame un nouveau gouvernement, affaibli, n&rsquo;aurait pas suffisamment de marge de man\u0153uvre pour d\u00e9sindexer les retraites et prestations sociales de l&rsquo;inflation, mesure qui pourrait permettre au Br\u00e9sil de r\u00e9duire sa dette publique. Un tel sc\u00e9nario est \u00e0 exclure sous l&rsquo;\u00e9gide du gouvernement actuel. D&rsquo;autres r\u00e9formes structurelles, si tant est qu&rsquo;elles soient adopt\u00e9es (comme la S\u00e9curit\u00e9 sociale et les retraites des fonctionnaires), enverraient un signal positif. Il convient toutefois de pr\u00e9ciser que les bienfaits de telles mesures ne se feraient sentir que sur le long terme. La possibilit\u00e9 de voter de nouvelles hausses d&rsquo;imp\u00f4ts pour r\u00e9duire le d\u00e9ficit public a donn\u00e9 lieu \u00e0 un d\u00e9bat anim\u00e9, mais st\u00e9rile au cours duquel l&rsquo;opposition a affirm\u00e9 que le Br\u00e9sil avait d&rsquo;ores et d\u00e9j\u00e0 atteint le point optimal sur la courbe de Laffer, c&rsquo;est-\u00e0-dire le point \u00e0 partir duquel toute nouvelle hausse d&rsquo;imp\u00f4ts devient contre-productive. La taxe sur les virements bancaires, qui permet de collecter l&rsquo;\u00e9quivalent de 1% du PIB, ne devrait pas \u00eatre approuv\u00e9e par le Congr\u00e8s (malgr\u00e9 la promesse d&rsquo;une redistribution \u00e0 des collectivit\u00e9s locales \u00e0 court de liquidit\u00e9s), car l&rsquo;opposition conditionne son vote en faveur de la taxe \u00e0 des coupes budg\u00e9taires dans des domaines politiquement sensibles (comme les retraites). Or, min\u00e9 par une faible cote de confiance et craignant une sanction des \u00e9lecteurs, le gouvernement n&rsquo;est pas enclin \u00e0 prendre ce genre de mesures. Le Br\u00e9sil, comme beaucoup d&rsquo;autres pays d&rsquo;Am\u00e9rique latine, d\u00e9pend de la croissance pour consolider ses comptes publics.<\/p>\n<p>Par cons\u00e9quent, la dette passera \u00e0 70%-80% du PIB si le pays poursuit sa trajectoire actuelle en termes de d\u00e9ficit primaire et de contraction de la croissance et s&rsquo;il maintient des taux d&rsquo;int\u00e9r\u00eat r\u00e9els figurant parmi les plus \u00e9lev\u00e9s au monde.<\/p>\n<p><a href=\"https:\/\/bondvigilantes.com\/wp-content\/uploads\/sites\/4\/2021\/12\/2015-10-blog-CC-Brazil_FR1.png\" data-rel=\"lightbox-gallery-1QfHdWrD\" data-rl_title=\"\" data-rl_caption=\"\" title=\"\"><img loading=\"lazy\" decoding=\"async\" class=\"alignnone wp-image-1184 size-full\" src=\"https:\/\/bondvigilantes.com\/wp-content\/uploads\/sites\/4\/2021\/12\/2015-10-blog-CC-Brazil_FR1.png\" alt=\"Le Br\u00e9sil pris dans un \u00e9tau destructeur entre politique et \u00e9conomie\" width=\"960\" height=\"720\" srcset=\"https:\/\/bondvigilantes.com\/francais\/wp-content\/uploads\/sites\/4\/2021\/12\/2015-10-blog-CC-Brazil_FR1.png 960w, https:\/\/bondvigilantes.com\/francais\/wp-content\/uploads\/sites\/4\/2021\/12\/2015-10-blog-CC-Brazil_FR1-300x225.png 300w\" sizes=\"auto, (max-width: 960px) 100vw, 960px\" \/><\/a><\/p>\n<p>La capacit\u00e9 du pays \u00e0 se refinancer n&rsquo;est pas compromise pour l&rsquo;instant, mais la maturit\u00e9 de la dette int\u00e9rieure pourrait \u00eatre de plus en plus courte (dans les ann\u00e9es 1980, la majeure partie de la dette \u00e9tait refinanc\u00e9e au taux au jour le jour). Plusieurs Etats du pays ont \u00e9galement du mal \u00e0 rembourser leur dette, et le scandale Petrobras n&rsquo;arrange pas les choses (<strong><a href=\"https:\/\/bondvigilantes.com\/blog\/panoramic-outlook\/quasi-sovereigns-in-emerging-markets\/\">voir le blog de Charles sur les obligations quasi souveraines \u00e9mergentes ici<\/a><\/strong>).<\/p>\n<p>La Banque centrale court le risque de devoir g\u00e9rer une inflation \u00e0 deux chiffres persistante (certains projets de hausse d&rsquo;imp\u00f4ts visant \u00e0 r\u00e9duire le d\u00e9ficit public ne feraient que le creuser) en pleine p\u00e9riode de r\u00e9cession et sa fonction de r\u00e9action semble pr\u00eate \u00e0 tol\u00e9rer une inflation \u00e0 court terme plus forte jusqu&rsquo;\u00e0 ce que la situation politique et budg\u00e9taire du pays soit clarifi\u00e9e. Je pense que les taux resteront inchang\u00e9s pendant un certain temps, et ce malgr\u00e9 une inflation sensiblement sup\u00e9rieure \u00e0 l&rsquo;objectif de 4,5% et au seuil maximum de 6,5% fix\u00e9s par la Banque centrale. Les observateurs exhortant la Banque centrale \u00e0 assouplir sa politique devraient se montrer plus pressants en cas de recul de l&rsquo;inflation.<\/p>\n<p>Sur une note plus positive, la balance courante du Br\u00e9sil devrait continuer \u00e0 s&rsquo;am\u00e9liorer, soutenue par une r\u00e9duction du d\u00e9ficit touristique (<strong><a href=\"https:\/\/bondvigilantes.com\/francais\/2021\/12\/31\/message-lattention-des-touristes-bresiliens-cessez-de-voyager-letranger-et-aidez-votre-pays\/\">voir mon blog pr\u00e9c\u00e9dent<\/a><\/strong>) et des importations. Le r\u00e9al s&rsquo;est fortement d\u00e9pr\u00e9ci\u00e9 et n&rsquo;est plus sur\u00e9valu\u00e9. Il pourrait toutefois se d\u00e9pr\u00e9cier davantage en cas de d\u00e9part du ministre des Finances Joaquim Levy, de d\u00e9gradation des comptes publics ou dans le cas o\u00f9 la Banque centrale commencerait \u00e0 assouplir sa politique de mani\u00e8re pr\u00e9matur\u00e9e. Malgr\u00e9 les interventions de la Banque centrale sur le march\u00e9 des changes, les r\u00e9serves de change brutes du Br\u00e9sil (370 milliards de dollars) restent sup\u00e9rieures au niveau recommand\u00e9 par le FMI, <em>dans des conditions normales<\/em>. Le gouvernement a r\u00e9ussi \u00e0 contenir la fuite des capitaux jusqu&rsquo;\u00e0 pr\u00e9sent. Toutefois, si elle venait \u00e0 s\u2019amplifier ou si les conditions venaient \u00e0 empirer au point que le march\u00e9 commence \u00e0 exiger des dollars au comptant comme couverture au lieu des contrats d&rsquo;\u00e9change de la Banque centrale pour couvrir le risque de contrepartie (dont le montant notionnel s&rsquo;\u00e9l\u00e8ve \u00e0 110 milliards de dollars), les r\u00e9serves pourraient se tarir rapidement.<\/p>\n<p>Fin septembre, les actifs (\u00e9carts de cr\u00e9dit, taux d&rsquo;int\u00e9r\u00eat locaux et devise) affichaient des valorisations qui semblaient indiquer que le march\u00e9 avait d&rsquo;ores et d\u00e9j\u00e0 anticip\u00e9 les mauvaises nouvelles \u00e0 court terme. La correction marqu\u00e9e et soudaine du march\u00e9 s&rsquo;est r\u00e9v\u00e9l\u00e9e b\u00e9n\u00e9fique, car les investisseurs avaient adopt\u00e9 un positionnement tr\u00e8s d\u00e9fensif. Depuis, les investisseurs se sont positionn\u00e9s \u00e0 la baisse et les cours des actifs ont l\u00e9g\u00e8rement rebondi.<\/p>\n<p><a href=\"https:\/\/bondvigilantes.com\/wp-content\/uploads\/sites\/4\/2021\/12\/2015-10-blog-CC-Brazil_FR2.png\" data-rel=\"lightbox-gallery-1QfHdWrD\" data-rl_title=\"\" data-rl_caption=\"\" title=\"\"><img loading=\"lazy\" decoding=\"async\" class=\"alignnone size-full wp-image-1185\" src=\"https:\/\/bondvigilantes.com\/wp-content\/uploads\/sites\/4\/2021\/12\/2015-10-blog-CC-Brazil_FR2.png\" alt=\"Le Br\u00e9sil pris dans un \u00e9tau destructeur entre politique et \u00e9conomie\" width=\"960\" height=\"720\" srcset=\"https:\/\/bondvigilantes.com\/francais\/wp-content\/uploads\/sites\/4\/2021\/12\/2015-10-blog-CC-Brazil_FR2.png 960w, https:\/\/bondvigilantes.com\/francais\/wp-content\/uploads\/sites\/4\/2021\/12\/2015-10-blog-CC-Brazil_FR2-300x225.png 300w\" sizes=\"auto, (max-width: 960px) 100vw, 960px\" \/><\/a><\/p>\n<p>Les observateurs s&rsquo;accordent \u00e0 dire que la destitution de Dilma Rousseff entra\u00eenerait un rebond du march\u00e9. Si cela devait se produire, les investisseurs seraient bien inspir\u00e9s de ne pas se positionner \u00e0 la hausse, car le nouveau gouvernement (potentiellement non \u00e9lu) aura \u00e9galement toutes les peines du monde \u00e0 diriger le pays. En effet, de nombreuses r\u00e9formes sont n\u00e9cessaires, notamment sur le plan budg\u00e9taire, pour surmonter les difficult\u00e9s auxquelles le pays est confront\u00e9. Mon avis est que la situation devrait empirer plus qu&rsquo;elle ne devrait s&rsquo;am\u00e9liorer.<\/p>\n","protected":false},"excerpt":{"rendered":"<p>Cette analyse fait partie de l&rsquo;ABC de la s\u00e9rie d&rsquo;articles consacr\u00e9e \u00e0 la dette des pays d&rsquo;Am\u00e9rique latine Le Br\u00e9sil se retrouve coinc\u00e9 dans \u00e9tau destructeur entre politique et \u00e9conomie. Sur le plan politique, il est impossible d&rsquo;investir en fonction des rumeurs quotidiennes et des risques li\u00e9s \u00e0 l&rsquo;actualit\u00e9. La destitution \u00e9ventuelle de Dilma Rousseff (probabilit\u00e9 de 45% au pifom\u00e8tre) serait toutefois soumise \u00e0 plusieurs d\u00e9marches et obstacles juridiques et pourrait ne pas intervenir avant six \u00e0 neuf mois. Alors que 342 voix sont n\u00e9cessaires&#8230;<\/p>\n","protected":false},"author":90,"featured_media":0,"comment_status":"open","ping_status":"open","sticky":false,"template":"","format":"standard","meta":{"_acf_changed":false,"footnotes":""},"categories":[8,47],"tags":[143,140],"class_list":["post-1160","post","type-post","status-publish","format-standard","hentry","category-macroeconomie-et-politique","category-marches-emergents","tag-macroeconomie-et-politique","tag-marches-emergents"],"acf":[],"yoast_head":"<!-- This site is optimized with the Yoast SEO Premium plugin v25.8 (Yoast SEO v27.4) - https:\/\/yoast.com\/product\/yoast-seo-premium-wordpress\/ -->\n<title>Le Br\u00e9sil pris dans un \u00e9tau destructeur entre politique et \u00e9conomie - Francais<\/title>\n<meta name=\"description\" content=\"Cette analyse fait partie de l&#039;ABC de la s\u00e9rie d&#039;articles consacr\u00e9e \u00e0 la dette des pays d&#039;Am\u00e9rique latine Le Br\u00e9sil se retrouve coinc\u00e9 dans \u00e9tau\" \/>\n<meta name=\"robots\" content=\"index, follow, max-snippet:-1, max-image-preview:large, max-video-preview:-1\" \/>\n<link rel=\"canonical\" href=\"https:\/\/bondvigilantes.com\/francais\/2015\/10\/le-bresil-pris-dans-un-etau-destructeur-entre-politique-et-economie\/\" \/>\n<meta name=\"twitter:label1\" content=\"Written by\" \/>\n\t<meta name=\"twitter:data1\" content=\"Claudia Calich\" \/>\n\t<meta name=\"twitter:label2\" content=\"Est. reading time\" \/>\n\t<meta name=\"twitter:data2\" content=\"6 minutes\" \/>\n<script type=\"application\/ld+json\" class=\"yoast-schema-graph\">{\"@context\":\"https:\\\/\\\/schema.org\",\"@graph\":[{\"@type\":\"Article\",\"@id\":\"https:\\\/\\\/bondvigilantes.com\\\/francais\\\/2015\\\/10\\\/le-bresil-pris-dans-un-etau-destructeur-entre-politique-et-economie\\\/#article\",\"isPartOf\":{\"@id\":\"https:\\\/\\\/bondvigilantes.com\\\/francais\\\/2015\\\/10\\\/le-bresil-pris-dans-un-etau-destructeur-entre-politique-et-economie\\\/\"},\"author\":{\"name\":\"Claudia Calich\",\"@id\":\"https:\\\/\\\/bondvigilantes.com\\\/francais\\\/#\\\/schema\\\/person\\\/3a0912d22f4a2dc25a49a45bf4e42998\"},\"headline\":\"Le Br\u00e9sil pris dans un \u00e9tau destructeur entre politique et \u00e9conomie\",\"datePublished\":\"2015-10-30T09:33:04+00:00\",\"dateModified\":\"2015-11-03T10:34:38+00:00\",\"mainEntityOfPage\":{\"@id\":\"https:\\\/\\\/bondvigilantes.com\\\/francais\\\/2015\\\/10\\\/le-bresil-pris-dans-un-etau-destructeur-entre-politique-et-economie\\\/\"},\"wordCount\":1171,\"commentCount\":0,\"image\":{\"@id\":\"https:\\\/\\\/bondvigilantes.com\\\/francais\\\/2015\\\/10\\\/le-bresil-pris-dans-un-etau-destructeur-entre-politique-et-economie\\\/#primaryimage\"},\"thumbnailUrl\":\"https:\\\/\\\/bondvigilantes.com\\\/wp-content\\\/uploads\\\/sites\\\/4\\\/2021\\\/12\\\/2015-10-blog-CC-Brazil_FR1.png\",\"keywords\":[\"macro\u00e9conomie et politique\",\"march\u00e9s \u00e9mergents\"],\"articleSection\":[\"macro\u00e9conomie et politique\",\"march\u00e9s \u00e9mergents\"],\"inLanguage\":\"fr-FR\",\"potentialAction\":[{\"@type\":\"CommentAction\",\"name\":\"Comment\",\"target\":[\"https:\\\/\\\/bondvigilantes.com\\\/francais\\\/2015\\\/10\\\/le-bresil-pris-dans-un-etau-destructeur-entre-politique-et-economie\\\/#respond\"]}]},{\"@type\":\"WebPage\",\"@id\":\"https:\\\/\\\/bondvigilantes.com\\\/francais\\\/2015\\\/10\\\/le-bresil-pris-dans-un-etau-destructeur-entre-politique-et-economie\\\/\",\"url\":\"https:\\\/\\\/bondvigilantes.com\\\/francais\\\/2015\\\/10\\\/le-bresil-pris-dans-un-etau-destructeur-entre-politique-et-economie\\\/\",\"name\":\"Le Br\u00e9sil pris dans un \u00e9tau destructeur entre politique et \u00e9conomie - Francais\",\"isPartOf\":{\"@id\":\"https:\\\/\\\/bondvigilantes.com\\\/francais\\\/#website\"},\"primaryImageOfPage\":{\"@id\":\"https:\\\/\\\/bondvigilantes.com\\\/francais\\\/2015\\\/10\\\/le-bresil-pris-dans-un-etau-destructeur-entre-politique-et-economie\\\/#primaryimage\"},\"image\":{\"@id\":\"https:\\\/\\\/bondvigilantes.com\\\/francais\\\/2015\\\/10\\\/le-bresil-pris-dans-un-etau-destructeur-entre-politique-et-economie\\\/#primaryimage\"},\"thumbnailUrl\":\"https:\\\/\\\/bondvigilantes.com\\\/wp-content\\\/uploads\\\/sites\\\/4\\\/2021\\\/12\\\/2015-10-blog-CC-Brazil_FR1.png\",\"datePublished\":\"2015-10-30T09:33:04+00:00\",\"dateModified\":\"2015-11-03T10:34:38+00:00\",\"author\":{\"@id\":\"https:\\\/\\\/bondvigilantes.com\\\/francais\\\/#\\\/schema\\\/person\\\/3a0912d22f4a2dc25a49a45bf4e42998\"},\"description\":\"Cette analyse fait partie de l'ABC de la s\u00e9rie d'articles consacr\u00e9e \u00e0 la dette des pays d'Am\u00e9rique latine Le Br\u00e9sil se retrouve coinc\u00e9 dans \u00e9tau\",\"breadcrumb\":{\"@id\":\"https:\\\/\\\/bondvigilantes.com\\\/francais\\\/2015\\\/10\\\/le-bresil-pris-dans-un-etau-destructeur-entre-politique-et-economie\\\/#breadcrumb\"},\"inLanguage\":\"fr-FR\",\"potentialAction\":[{\"@type\":\"ReadAction\",\"target\":[\"https:\\\/\\\/bondvigilantes.com\\\/francais\\\/2015\\\/10\\\/le-bresil-pris-dans-un-etau-destructeur-entre-politique-et-economie\\\/\"]}]},{\"@type\":\"ImageObject\",\"inLanguage\":\"fr-FR\",\"@id\":\"https:\\\/\\\/bondvigilantes.com\\\/francais\\\/2015\\\/10\\\/le-bresil-pris-dans-un-etau-destructeur-entre-politique-et-economie\\\/#primaryimage\",\"url\":\"https:\\\/\\\/bondvigilantes.com\\\/wp-content\\\/uploads\\\/sites\\\/4\\\/2021\\\/12\\\/2015-10-blog-CC-Brazil_FR1.png\",\"contentUrl\":\"https:\\\/\\\/bondvigilantes.com\\\/wp-content\\\/uploads\\\/sites\\\/4\\\/2021\\\/12\\\/2015-10-blog-CC-Brazil_FR1.png\"},{\"@type\":\"BreadcrumbList\",\"@id\":\"https:\\\/\\\/bondvigilantes.com\\\/francais\\\/2015\\\/10\\\/le-bresil-pris-dans-un-etau-destructeur-entre-politique-et-economie\\\/#breadcrumb\",\"itemListElement\":[{\"@type\":\"ListItem\",\"position\":1,\"name\":\"Accueil\",\"item\":\"https:\\\/\\\/bondvigilantes.com\\\/francais\\\/\"},{\"@type\":\"ListItem\",\"position\":2,\"name\":\"Le Br\u00e9sil pris dans un \u00e9tau destructeur entre politique et \u00e9conomie\"}]},{\"@type\":\"WebSite\",\"@id\":\"https:\\\/\\\/bondvigilantes.com\\\/francais\\\/#website\",\"url\":\"https:\\\/\\\/bondvigilantes.com\\\/francais\\\/\",\"name\":\"Francais\",\"description\":\"M&amp;G\",\"potentialAction\":[{\"@type\":\"SearchAction\",\"target\":{\"@type\":\"EntryPoint\",\"urlTemplate\":\"https:\\\/\\\/bondvigilantes.com\\\/francais\\\/?s={search_term_string}\"},\"query-input\":{\"@type\":\"PropertyValueSpecification\",\"valueRequired\":true,\"valueName\":\"search_term_string\"}}],\"inLanguage\":\"fr-FR\"},{\"@type\":\"Person\",\"@id\":\"https:\\\/\\\/bondvigilantes.com\\\/francais\\\/#\\\/schema\\\/person\\\/3a0912d22f4a2dc25a49a45bf4e42998\",\"name\":\"Claudia Calich\",\"image\":{\"@type\":\"ImageObject\",\"inLanguage\":\"fr-FR\",\"@id\":\"https:\\\/\\\/secure.gravatar.com\\\/avatar\\\/ce94407cc4621826514ca38d4b6ecd24f285f7861f846be948814df28c5545e1?s=96&d=mm&r=g\",\"url\":\"https:\\\/\\\/secure.gravatar.com\\\/avatar\\\/ce94407cc4621826514ca38d4b6ecd24f285f7861f846be948814df28c5545e1?s=96&d=mm&r=g\",\"contentUrl\":\"https:\\\/\\\/secure.gravatar.com\\\/avatar\\\/ce94407cc4621826514ca38d4b6ecd24f285f7861f846be948814df28c5545e1?s=96&d=mm&r=g\",\"caption\":\"Claudia Calich\"},\"url\":\"https:\\\/\\\/bondvigilantes.com\\\/francais\\\/author\\\/claudiacalich\\\/\"}]}<\/script>\n<!-- \/ Yoast SEO Premium plugin. -->","yoast_head_json":{"title":"Le Br\u00e9sil pris dans un \u00e9tau destructeur entre politique et \u00e9conomie - Francais","description":"Cette analyse fait partie de l'ABC de la s\u00e9rie d'articles consacr\u00e9e \u00e0 la dette des pays d'Am\u00e9rique latine Le Br\u00e9sil se retrouve coinc\u00e9 dans \u00e9tau","robots":{"index":"index","follow":"follow","max-snippet":"max-snippet:-1","max-image-preview":"max-image-preview:large","max-video-preview":"max-video-preview:-1"},"canonical":"https:\/\/bondvigilantes.com\/francais\/2015\/10\/le-bresil-pris-dans-un-etau-destructeur-entre-politique-et-economie\/","twitter_misc":{"Written by":"Claudia Calich","Est. reading time":"6 minutes"},"schema":{"@context":"https:\/\/schema.org","@graph":[{"@type":"Article","@id":"https:\/\/bondvigilantes.com\/francais\/2015\/10\/le-bresil-pris-dans-un-etau-destructeur-entre-politique-et-economie\/#article","isPartOf":{"@id":"https:\/\/bondvigilantes.com\/francais\/2015\/10\/le-bresil-pris-dans-un-etau-destructeur-entre-politique-et-economie\/"},"author":{"name":"Claudia Calich","@id":"https:\/\/bondvigilantes.com\/francais\/#\/schema\/person\/3a0912d22f4a2dc25a49a45bf4e42998"},"headline":"Le Br\u00e9sil pris dans un \u00e9tau destructeur entre politique et \u00e9conomie","datePublished":"2015-10-30T09:33:04+00:00","dateModified":"2015-11-03T10:34:38+00:00","mainEntityOfPage":{"@id":"https:\/\/bondvigilantes.com\/francais\/2015\/10\/le-bresil-pris-dans-un-etau-destructeur-entre-politique-et-economie\/"},"wordCount":1171,"commentCount":0,"image":{"@id":"https:\/\/bondvigilantes.com\/francais\/2015\/10\/le-bresil-pris-dans-un-etau-destructeur-entre-politique-et-economie\/#primaryimage"},"thumbnailUrl":"https:\/\/bondvigilantes.com\/wp-content\/uploads\/sites\/4\/2021\/12\/2015-10-blog-CC-Brazil_FR1.png","keywords":["macro\u00e9conomie et politique","march\u00e9s \u00e9mergents"],"articleSection":["macro\u00e9conomie et politique","march\u00e9s \u00e9mergents"],"inLanguage":"fr-FR","potentialAction":[{"@type":"CommentAction","name":"Comment","target":["https:\/\/bondvigilantes.com\/francais\/2015\/10\/le-bresil-pris-dans-un-etau-destructeur-entre-politique-et-economie\/#respond"]}]},{"@type":"WebPage","@id":"https:\/\/bondvigilantes.com\/francais\/2015\/10\/le-bresil-pris-dans-un-etau-destructeur-entre-politique-et-economie\/","url":"https:\/\/bondvigilantes.com\/francais\/2015\/10\/le-bresil-pris-dans-un-etau-destructeur-entre-politique-et-economie\/","name":"Le Br\u00e9sil pris dans un \u00e9tau destructeur entre politique et \u00e9conomie - Francais","isPartOf":{"@id":"https:\/\/bondvigilantes.com\/francais\/#website"},"primaryImageOfPage":{"@id":"https:\/\/bondvigilantes.com\/francais\/2015\/10\/le-bresil-pris-dans-un-etau-destructeur-entre-politique-et-economie\/#primaryimage"},"image":{"@id":"https:\/\/bondvigilantes.com\/francais\/2015\/10\/le-bresil-pris-dans-un-etau-destructeur-entre-politique-et-economie\/#primaryimage"},"thumbnailUrl":"https:\/\/bondvigilantes.com\/wp-content\/uploads\/sites\/4\/2021\/12\/2015-10-blog-CC-Brazil_FR1.png","datePublished":"2015-10-30T09:33:04+00:00","dateModified":"2015-11-03T10:34:38+00:00","author":{"@id":"https:\/\/bondvigilantes.com\/francais\/#\/schema\/person\/3a0912d22f4a2dc25a49a45bf4e42998"},"description":"Cette analyse fait partie de l'ABC de la s\u00e9rie d'articles consacr\u00e9e \u00e0 la dette des pays d'Am\u00e9rique latine Le Br\u00e9sil se retrouve coinc\u00e9 dans \u00e9tau","breadcrumb":{"@id":"https:\/\/bondvigilantes.com\/francais\/2015\/10\/le-bresil-pris-dans-un-etau-destructeur-entre-politique-et-economie\/#breadcrumb"},"inLanguage":"fr-FR","potentialAction":[{"@type":"ReadAction","target":["https:\/\/bondvigilantes.com\/francais\/2015\/10\/le-bresil-pris-dans-un-etau-destructeur-entre-politique-et-economie\/"]}]},{"@type":"ImageObject","inLanguage":"fr-FR","@id":"https:\/\/bondvigilantes.com\/francais\/2015\/10\/le-bresil-pris-dans-un-etau-destructeur-entre-politique-et-economie\/#primaryimage","url":"https:\/\/bondvigilantes.com\/wp-content\/uploads\/sites\/4\/2021\/12\/2015-10-blog-CC-Brazil_FR1.png","contentUrl":"https:\/\/bondvigilantes.com\/wp-content\/uploads\/sites\/4\/2021\/12\/2015-10-blog-CC-Brazil_FR1.png"},{"@type":"BreadcrumbList","@id":"https:\/\/bondvigilantes.com\/francais\/2015\/10\/le-bresil-pris-dans-un-etau-destructeur-entre-politique-et-economie\/#breadcrumb","itemListElement":[{"@type":"ListItem","position":1,"name":"Accueil","item":"https:\/\/bondvigilantes.com\/francais\/"},{"@type":"ListItem","position":2,"name":"Le Br\u00e9sil pris dans un \u00e9tau destructeur entre politique et \u00e9conomie"}]},{"@type":"WebSite","@id":"https:\/\/bondvigilantes.com\/francais\/#website","url":"https:\/\/bondvigilantes.com\/francais\/","name":"Francais","description":"M&amp;G","potentialAction":[{"@type":"SearchAction","target":{"@type":"EntryPoint","urlTemplate":"https:\/\/bondvigilantes.com\/francais\/?s={search_term_string}"},"query-input":{"@type":"PropertyValueSpecification","valueRequired":true,"valueName":"search_term_string"}}],"inLanguage":"fr-FR"},{"@type":"Person","@id":"https:\/\/bondvigilantes.com\/francais\/#\/schema\/person\/3a0912d22f4a2dc25a49a45bf4e42998","name":"Claudia Calich","image":{"@type":"ImageObject","inLanguage":"fr-FR","@id":"https:\/\/secure.gravatar.com\/avatar\/ce94407cc4621826514ca38d4b6ecd24f285f7861f846be948814df28c5545e1?s=96&d=mm&r=g","url":"https:\/\/secure.gravatar.com\/avatar\/ce94407cc4621826514ca38d4b6ecd24f285f7861f846be948814df28c5545e1?s=96&d=mm&r=g","contentUrl":"https:\/\/secure.gravatar.com\/avatar\/ce94407cc4621826514ca38d4b6ecd24f285f7861f846be948814df28c5545e1?s=96&d=mm&r=g","caption":"Claudia Calich"},"url":"https:\/\/bondvigilantes.com\/francais\/author\/claudiacalich\/"}]}},"_links":{"self":[{"href":"https:\/\/bondvigilantes.com\/francais\/wp-json\/wp\/v2\/posts\/1160","targetHints":{"allow":["GET"]}}],"collection":[{"href":"https:\/\/bondvigilantes.com\/francais\/wp-json\/wp\/v2\/posts"}],"about":[{"href":"https:\/\/bondvigilantes.com\/francais\/wp-json\/wp\/v2\/types\/post"}],"author":[{"embeddable":true,"href":"https:\/\/bondvigilantes.com\/francais\/wp-json\/wp\/v2\/users\/90"}],"replies":[{"embeddable":true,"href":"https:\/\/bondvigilantes.com\/francais\/wp-json\/wp\/v2\/comments?post=1160"}],"version-history":[{"count":0,"href":"https:\/\/bondvigilantes.com\/francais\/wp-json\/wp\/v2\/posts\/1160\/revisions"}],"wp:attachment":[{"href":"https:\/\/bondvigilantes.com\/francais\/wp-json\/wp\/v2\/media?parent=1160"}],"wp:term":[{"taxonomy":"category","embeddable":true,"href":"https:\/\/bondvigilantes.com\/francais\/wp-json\/wp\/v2\/categories?post=1160"},{"taxonomy":"post_tag","embeddable":true,"href":"https:\/\/bondvigilantes.com\/francais\/wp-json\/wp\/v2\/tags?post=1160"}],"curies":[{"name":"wp","href":"https:\/\/api.w.org\/{rel}","templated":true}]}}