{"id":1846,"date":"2016-09-26T13:34:25","date_gmt":"2016-09-26T13:34:25","guid":{"rendered":"https:\/\/www.bondvigilantes.com\/francais\/?p=1846"},"modified":"2023-03-06T13:06:24","modified_gmt":"2023-03-06T13:06:24","slug":"le-livre-qui-fait-sensation-en-france-critique-deconomie-du-bien-commun","status":"publish","type":"post","link":"https:\/\/bondvigilantes.com\/francais\/2016\/09\/le-livre-qui-fait-sensation-en-france-critique-deconomie-du-bien-commun\/","title":{"rendered":"Le livre qui fait sensation en France. Critique d\u2019\u00c9conomie du Bien Commun."},"content":{"rendered":"<p>Durant mon temps libre au mois d\u2019ao\u00fbt, j&rsquo;ai lu l\u2019ouvrage qui fait sensation dans les cercles politiques et \u00e9conomiques fran\u00e7ais (non, il ne s\u2019agit pas de \u00ab Capital \u00bb de Thomas Piketty). Prix Nobel d&rsquo;\u00e9conomie, Jean Tirole, est l\u2019auteur du livre intitul\u00e9 \u00ab \u00c9conomie du Bien Commun \u00bb. R\u00e9dig\u00e9 dans un style clair, ce livre s\u2019adresse \u00e0 un large public, y compris les novices en mati\u00e8re d\u2019\u00e9conomie. Il se lit facilement et, en 17 chapitres et un peu plus de 600 pages, l\u2019auteur aborde pratiquement toutes les probl\u00e9matiques auxquelles est actuellement confront\u00e9e l\u2019\u00e9conomie fran\u00e7aise, du changement climatique aux d\u00e9fis de l&rsquo;Union europ\u00e9enne en passant par l&rsquo;\u00e9conomie num\u00e9rique.<\/p>\n<p>\u00c0 mon sens, le chapitre le plus pertinent du livre concerne l\u2019analyse affut\u00e9e du march\u00e9 du travail en France \u00e0 laquelle se livre Jean Tirole. La s\u00e9curit\u00e9 nationale et le ch\u00f4mage seront les deux principaux th\u00e8mes de la campagne pr\u00e9sidentielle de 2017. Le th\u00e8me de la s\u00e9curit\u00e9 s\u2019est naturellement impos\u00e9 au vu de l\u2019ampleur des attaques terroristes qui ont frapp\u00e9 le pays ces deux derni\u00e8res ann\u00e9es. Le ch\u00f4mage, en revanche, est <a href=\"https:\/\/bondvigilantes.com\/blog\/2021\/12\/18\/french-government-push-tax-labour-market-reforms\/\" target=\"_blank\" rel=\"noopener\"><strong>un probl\u00e8me structurel qui dure depuis 40 ans<\/strong><\/a>.<\/p>\n<p>L\u2019auteur n\u2019y va pas par quatre chemins, faisant valoir que le taux de ch\u00f4mage historiquement \u00e9lev\u00e9 en France n&rsquo;est pas le r\u00e9sultat des effets de la globalisation &#8211; une excuse fr\u00e9quemment invoqu\u00e9e par la classe politique fran\u00e7aise &#8211; mais plut\u00f4t la cons\u00e9quence d\u2019un choix de soci\u00e9t\u00e9 qui a abouti \u00e0 un march\u00e9 du travail extr\u00eamement rigide. Conscient de la mont\u00e9e persistante du ch\u00f4mage, le gouvernement fran\u00e7ais a d\u00e9cid\u00e9 de cr\u00e9er des contrats \u00e0 dur\u00e9e d\u00e9termin\u00e9e CDD) et de nombreux emplois subventionn\u00e9s au lieu d&rsquo;ajouter un certain degr\u00e9 de flexibilit\u00e9 aux contrats \u00e0 dur\u00e9e ind\u00e9termin\u00e9e (CDI) excessivement rigides et de r\u00e9duire le lourd fardeau des cotisations de s\u00e9curit\u00e9 sociale pesant sur les emplois. Les chiffres parlent d\u2019eux-m\u00eames : en 2013, 85 % des emplois \u00e9taient des CDD. De plus, 77 % du nombre total de licenciements concernaient des CDD.<\/p>\n<p>En r\u00e9alit\u00e9, un CDD ne convient ni \u00e0 l\u2019employ\u00e9 ni \u00e0 l\u2019employeur. Les salari\u00e9s ne b\u00e9n\u00e9ficient que d\u2019une faible protection de l&#8217;emploi, tandis que les employeurs ne sont gu\u00e8re incit\u00e9s \u00e0 renouveler un CDD puisqu\u2019en vertu de la l\u00e9gislation fran\u00e7aise, il doit automatiquement \u00eatre converti en CDI. Par cons\u00e9quent, Jean Tirole recommande d&rsquo;assouplir davantage les CDI afin d&rsquo;encourager les entreprises fran\u00e7aises \u00e0 recruter un plus grand nombre de collaborateurs en CDI et donc de promouvoir \u00ab les emplois de meilleure qualit\u00e9 \u00bb au d\u00e9triment des emplois pr\u00e9caires et des CDD.<\/p>\n<p>Il conteste aussi le syst\u00e8me actuel qui veut qu\u2019une entreprise qui licencie un employ\u00e9 doit lui payer des indemnit\u00e9s de licenciement sans pour autant supporter directement le co\u00fbt (relativement \u00e9lev\u00e9) de ses allocations ch\u00f4mage, qui est financ\u00e9 par la s\u00e9curit\u00e9 sociale. Actuellement, les allocations ch\u00f4mage sont financ\u00e9es gr\u00e2ce aux contributions des employ\u00e9s et des employeurs (et aussi au march\u00e9 obligataire). Par cons\u00e9quent, tout licenciement d\u00e9cid\u00e9 par une entreprise est \u00e0 la fois pr\u00e9judiciable pour l\u2019employ\u00e9 concern\u00e9 (financi\u00e8rement, psychologiquement et socialement) et pour le syst\u00e8me social. Jean Tirole a donc imagin\u00e9 un concept similaire \u00e0 celui de \u00ab pollueur-payeur \u00bb transposable aux licenciements, gr\u00e2ce auquel une entreprise ne se contenterait pas de payer les indemnit\u00e9s de licenciement d&rsquo;un employ\u00e9 mais contribuerait \u00e9galement au co\u00fbt des allocations ch\u00f4mage vers\u00e9es par le syst\u00e8me social \u00e0 la personne concern\u00e9e pendant sa p\u00e9riode d\u2019inactivit\u00e9. Il ajoute que cette mesure serait neutre sur le plan fiscal pour l\u2019ensemble des entreprises \u00e9tant donn\u00e9 que la p\u00e9nalit\u00e9 financi\u00e8re serait compens\u00e9e par des primes pour les autres entreprises (sous forme de r\u00e9duction des cotisations de s\u00e9curit\u00e9 sociale).<\/p>\n<p>Enfin, Jean Tirole reconna\u00eet que ce n\u2019est pas le r\u00f4le d\u2019un \u00e9conomiste de d\u00e9terminer si la population doit travailler 35, 18 ou 45 heures par semaine. N\u00e9anmoins, il rejette \u00e9nergiquement l\u2019argument selon lequel la r\u00e9duction du temps de travail est synonyme de cr\u00e9ation d&#8217;emplois (argument qu\u2019il d\u00e9crit comme une \u00ab fausse solution \u00bb qui ne repose sur aucun fondement th\u00e9orique ni empirique). Il ne fait aucun doute que les opposants \u00e0 l&rsquo;un des principaux syndicats fran\u00e7ais qui milite en faveur d\u2019un temps de travail hebdomadaire de 32 heures (contre 35 actuellement) ne manqueront pas de citer Jean Tirole.<\/p>\n<p>J&rsquo;esp\u00e8re que l\u2019autorit\u00e9 du prix Nobel 2014 en mati\u00e8re d\u2019\u00e9conomie donnera \u00e0 r\u00e9fl\u00e9chir aux candidats \u00e0 l\u2019\u00e9lection pr\u00e9sidentielle fran\u00e7aise. Dans le pass\u00e9, Thomas Piketty a \u00e9t\u00e9 conseiller de S\u00e9gol\u00e8ne Royal, candidate du Parti socialiste, au cours de la campagne pr\u00e9sidentielle fran\u00e7aise de 2007. Son id\u00e9e de simplifier le syst\u00e8me fiscal \u00e9tait int\u00e9ressante autant que n\u00e9cessaire. Toutefois, Mme Royal a \u00e9t\u00e9 battue par Nicolas Sarkozy et depuis, aucune simplification du syst\u00e8me fiscal n\u2019a \u00e9t\u00e9 mise en place. Esp\u00e9rons que le bon sens de Jean Tirole concernant le march\u00e9 du travail recueillera les faveurs du prochain chef d&rsquo;\u00c9tat. Cela pourrait servir l\u2019int\u00e9r\u00eat commun.<\/p>\n","protected":false},"excerpt":{"rendered":"<p>Durant mon temps libre au mois d\u2019ao\u00fbt, j&rsquo;ai lu l\u2019ouvrage qui fait sensation dans les cercles politiques et \u00e9conomiques fran\u00e7ais (non, il ne s\u2019agit pas de \u00ab Capital \u00bb de Thomas Piketty). Prix Nobel d&rsquo;\u00e9conomie, Jean Tirole, est l\u2019auteur du livre intitul\u00e9 \u00ab \u00c9conomie du Bien Commun \u00bb. R\u00e9dig\u00e9 dans un style clair, ce livre s\u2019adresse \u00e0 un large public, y compris les novices en mati\u00e8re d\u2019\u00e9conomie. Il se lit facilement et, en 17 chapitres et un peu plus de 600 pages, l\u2019auteur aborde pratiquement&#8230;<\/p>\n","protected":false},"author":93,"featured_media":0,"comment_status":"open","ping_status":"open","sticky":false,"template":"","format":"standard","meta":{"_acf_changed":false,"footnotes":""},"categories":[8,7],"tags":[110,77],"class_list":["post-1846","post","type-post","status-publish","format-standard","hentry","category-macroeconomie-et-politique","category-pays","tag-chomage","tag-europe"],"acf":[],"yoast_head":"<!-- This site is optimized with the Yoast SEO Premium plugin v25.8 (Yoast SEO v27.4) - https:\/\/yoast.com\/product\/yoast-seo-premium-wordpress\/ -->\n<title>Le livre qui fait sensation en France. Critique d\u2019\u00c9conomie du Bien Commun. - Francais<\/title>\n<meta name=\"description\" content=\"Durant mon temps libre au mois d\u2019ao\u00fbt, j&#039;ai lu l\u2019ouvrage qui fait sensation dans les cercles politiques et \u00e9conomiques fran\u00e7ais (non, il ne s\u2019agit pas de\" \/>\n<meta name=\"robots\" content=\"index, follow, max-snippet:-1, max-image-preview:large, max-video-preview:-1\" \/>\n<link rel=\"canonical\" href=\"https:\/\/bondvigilantes.com\/francais\/2016\/09\/le-livre-qui-fait-sensation-en-france-critique-deconomie-du-bien-commun\/\" \/>\n<meta name=\"twitter:label1\" content=\"Written by\" \/>\n\t<meta name=\"twitter:data1\" content=\"Charles de Quinsonas\" \/>\n\t<meta name=\"twitter:label2\" content=\"Est. reading time\" \/>\n\t<meta name=\"twitter:data2\" content=\"4 minutes\" \/>\n<script type=\"application\/ld+json\" class=\"yoast-schema-graph\">{\"@context\":\"https:\\\/\\\/schema.org\",\"@graph\":[{\"@type\":\"Article\",\"@id\":\"https:\\\/\\\/bondvigilantes.com\\\/francais\\\/2016\\\/09\\\/le-livre-qui-fait-sensation-en-france-critique-deconomie-du-bien-commun\\\/#article\",\"isPartOf\":{\"@id\":\"https:\\\/\\\/bondvigilantes.com\\\/francais\\\/2016\\\/09\\\/le-livre-qui-fait-sensation-en-france-critique-deconomie-du-bien-commun\\\/\"},\"author\":{\"name\":\"Charles de Quinsonas\",\"@id\":\"https:\\\/\\\/bondvigilantes.com\\\/francais\\\/#\\\/schema\\\/person\\\/d59663f84b4459947ae06d4410e2a255\"},\"headline\":\"Le livre qui fait sensation en France. Critique d\u2019\u00c9conomie du Bien Commun.\",\"datePublished\":\"2016-09-26T13:34:25+00:00\",\"dateModified\":\"2023-03-06T13:06:24+00:00\",\"mainEntityOfPage\":{\"@id\":\"https:\\\/\\\/bondvigilantes.com\\\/francais\\\/2016\\\/09\\\/le-livre-qui-fait-sensation-en-france-critique-deconomie-du-bien-commun\\\/\"},\"wordCount\":908,\"commentCount\":0,\"keywords\":[\"ch\u00f4mage\",\"Europe\"],\"articleSection\":[\"macro\u00e9conomie et politique\",\"Pays\"],\"inLanguage\":\"fr-FR\",\"potentialAction\":[{\"@type\":\"CommentAction\",\"name\":\"Comment\",\"target\":[\"https:\\\/\\\/bondvigilantes.com\\\/francais\\\/2016\\\/09\\\/le-livre-qui-fait-sensation-en-france-critique-deconomie-du-bien-commun\\\/#respond\"]}]},{\"@type\":\"WebPage\",\"@id\":\"https:\\\/\\\/bondvigilantes.com\\\/francais\\\/2016\\\/09\\\/le-livre-qui-fait-sensation-en-france-critique-deconomie-du-bien-commun\\\/\",\"url\":\"https:\\\/\\\/bondvigilantes.com\\\/francais\\\/2016\\\/09\\\/le-livre-qui-fait-sensation-en-france-critique-deconomie-du-bien-commun\\\/\",\"name\":\"Le livre qui fait sensation en France. Critique d\u2019\u00c9conomie du Bien Commun. - Francais\",\"isPartOf\":{\"@id\":\"https:\\\/\\\/bondvigilantes.com\\\/francais\\\/#website\"},\"datePublished\":\"2016-09-26T13:34:25+00:00\",\"dateModified\":\"2023-03-06T13:06:24+00:00\",\"author\":{\"@id\":\"https:\\\/\\\/bondvigilantes.com\\\/francais\\\/#\\\/schema\\\/person\\\/d59663f84b4459947ae06d4410e2a255\"},\"description\":\"Durant mon temps libre au mois d\u2019ao\u00fbt, j'ai lu l\u2019ouvrage qui fait sensation dans les cercles politiques et \u00e9conomiques fran\u00e7ais (non, il ne s\u2019agit pas de\",\"breadcrumb\":{\"@id\":\"https:\\\/\\\/bondvigilantes.com\\\/francais\\\/2016\\\/09\\\/le-livre-qui-fait-sensation-en-france-critique-deconomie-du-bien-commun\\\/#breadcrumb\"},\"inLanguage\":\"fr-FR\",\"potentialAction\":[{\"@type\":\"ReadAction\",\"target\":[\"https:\\\/\\\/bondvigilantes.com\\\/francais\\\/2016\\\/09\\\/le-livre-qui-fait-sensation-en-france-critique-deconomie-du-bien-commun\\\/\"]}]},{\"@type\":\"BreadcrumbList\",\"@id\":\"https:\\\/\\\/bondvigilantes.com\\\/francais\\\/2016\\\/09\\\/le-livre-qui-fait-sensation-en-france-critique-deconomie-du-bien-commun\\\/#breadcrumb\",\"itemListElement\":[{\"@type\":\"ListItem\",\"position\":1,\"name\":\"Accueil\",\"item\":\"https:\\\/\\\/bondvigilantes.com\\\/francais\\\/\"},{\"@type\":\"ListItem\",\"position\":2,\"name\":\"Le livre qui fait sensation en France. Critique d\u2019\u00c9conomie du Bien Commun.\"}]},{\"@type\":\"WebSite\",\"@id\":\"https:\\\/\\\/bondvigilantes.com\\\/francais\\\/#website\",\"url\":\"https:\\\/\\\/bondvigilantes.com\\\/francais\\\/\",\"name\":\"Francais\",\"description\":\"M&amp;G\",\"potentialAction\":[{\"@type\":\"SearchAction\",\"target\":{\"@type\":\"EntryPoint\",\"urlTemplate\":\"https:\\\/\\\/bondvigilantes.com\\\/francais\\\/?s={search_term_string}\"},\"query-input\":{\"@type\":\"PropertyValueSpecification\",\"valueRequired\":true,\"valueName\":\"search_term_string\"}}],\"inLanguage\":\"fr-FR\"},{\"@type\":\"Person\",\"@id\":\"https:\\\/\\\/bondvigilantes.com\\\/francais\\\/#\\\/schema\\\/person\\\/d59663f84b4459947ae06d4410e2a255\",\"name\":\"Charles de Quinsonas\",\"image\":{\"@type\":\"ImageObject\",\"inLanguage\":\"fr-FR\",\"@id\":\"https:\\\/\\\/secure.gravatar.com\\\/avatar\\\/f45d2254c3dd5975e9cf91fd60201250b40929aa88944e4cdf2a317c5c74b0f3?s=96&d=mm&r=g\",\"url\":\"https:\\\/\\\/secure.gravatar.com\\\/avatar\\\/f45d2254c3dd5975e9cf91fd60201250b40929aa88944e4cdf2a317c5c74b0f3?s=96&d=mm&r=g\",\"contentUrl\":\"https:\\\/\\\/secure.gravatar.com\\\/avatar\\\/f45d2254c3dd5975e9cf91fd60201250b40929aa88944e4cdf2a317c5c74b0f3?s=96&d=mm&r=g\",\"caption\":\"Charles de Quinsonas\"},\"url\":\"https:\\\/\\\/bondvigilantes.com\\\/francais\\\/author\\\/charlesdequinsonas\\\/\"}]}<\/script>\n<!-- \/ Yoast SEO Premium plugin. -->","yoast_head_json":{"title":"Le livre qui fait sensation en France. Critique d\u2019\u00c9conomie du Bien Commun. - Francais","description":"Durant mon temps libre au mois d\u2019ao\u00fbt, j'ai lu l\u2019ouvrage qui fait sensation dans les cercles politiques et \u00e9conomiques fran\u00e7ais (non, il ne s\u2019agit pas de","robots":{"index":"index","follow":"follow","max-snippet":"max-snippet:-1","max-image-preview":"max-image-preview:large","max-video-preview":"max-video-preview:-1"},"canonical":"https:\/\/bondvigilantes.com\/francais\/2016\/09\/le-livre-qui-fait-sensation-en-france-critique-deconomie-du-bien-commun\/","twitter_misc":{"Written by":"Charles de Quinsonas","Est. reading time":"4 minutes"},"schema":{"@context":"https:\/\/schema.org","@graph":[{"@type":"Article","@id":"https:\/\/bondvigilantes.com\/francais\/2016\/09\/le-livre-qui-fait-sensation-en-france-critique-deconomie-du-bien-commun\/#article","isPartOf":{"@id":"https:\/\/bondvigilantes.com\/francais\/2016\/09\/le-livre-qui-fait-sensation-en-france-critique-deconomie-du-bien-commun\/"},"author":{"name":"Charles de Quinsonas","@id":"https:\/\/bondvigilantes.com\/francais\/#\/schema\/person\/d59663f84b4459947ae06d4410e2a255"},"headline":"Le livre qui fait sensation en France. Critique d\u2019\u00c9conomie du Bien Commun.","datePublished":"2016-09-26T13:34:25+00:00","dateModified":"2023-03-06T13:06:24+00:00","mainEntityOfPage":{"@id":"https:\/\/bondvigilantes.com\/francais\/2016\/09\/le-livre-qui-fait-sensation-en-france-critique-deconomie-du-bien-commun\/"},"wordCount":908,"commentCount":0,"keywords":["ch\u00f4mage","Europe"],"articleSection":["macro\u00e9conomie et politique","Pays"],"inLanguage":"fr-FR","potentialAction":[{"@type":"CommentAction","name":"Comment","target":["https:\/\/bondvigilantes.com\/francais\/2016\/09\/le-livre-qui-fait-sensation-en-france-critique-deconomie-du-bien-commun\/#respond"]}]},{"@type":"WebPage","@id":"https:\/\/bondvigilantes.com\/francais\/2016\/09\/le-livre-qui-fait-sensation-en-france-critique-deconomie-du-bien-commun\/","url":"https:\/\/bondvigilantes.com\/francais\/2016\/09\/le-livre-qui-fait-sensation-en-france-critique-deconomie-du-bien-commun\/","name":"Le livre qui fait sensation en France. Critique d\u2019\u00c9conomie du Bien Commun. - Francais","isPartOf":{"@id":"https:\/\/bondvigilantes.com\/francais\/#website"},"datePublished":"2016-09-26T13:34:25+00:00","dateModified":"2023-03-06T13:06:24+00:00","author":{"@id":"https:\/\/bondvigilantes.com\/francais\/#\/schema\/person\/d59663f84b4459947ae06d4410e2a255"},"description":"Durant mon temps libre au mois d\u2019ao\u00fbt, j'ai lu l\u2019ouvrage qui fait sensation dans les cercles politiques et \u00e9conomiques fran\u00e7ais (non, il ne s\u2019agit pas de","breadcrumb":{"@id":"https:\/\/bondvigilantes.com\/francais\/2016\/09\/le-livre-qui-fait-sensation-en-france-critique-deconomie-du-bien-commun\/#breadcrumb"},"inLanguage":"fr-FR","potentialAction":[{"@type":"ReadAction","target":["https:\/\/bondvigilantes.com\/francais\/2016\/09\/le-livre-qui-fait-sensation-en-france-critique-deconomie-du-bien-commun\/"]}]},{"@type":"BreadcrumbList","@id":"https:\/\/bondvigilantes.com\/francais\/2016\/09\/le-livre-qui-fait-sensation-en-france-critique-deconomie-du-bien-commun\/#breadcrumb","itemListElement":[{"@type":"ListItem","position":1,"name":"Accueil","item":"https:\/\/bondvigilantes.com\/francais\/"},{"@type":"ListItem","position":2,"name":"Le livre qui fait sensation en France. Critique d\u2019\u00c9conomie du Bien Commun."}]},{"@type":"WebSite","@id":"https:\/\/bondvigilantes.com\/francais\/#website","url":"https:\/\/bondvigilantes.com\/francais\/","name":"Francais","description":"M&amp;G","potentialAction":[{"@type":"SearchAction","target":{"@type":"EntryPoint","urlTemplate":"https:\/\/bondvigilantes.com\/francais\/?s={search_term_string}"},"query-input":{"@type":"PropertyValueSpecification","valueRequired":true,"valueName":"search_term_string"}}],"inLanguage":"fr-FR"},{"@type":"Person","@id":"https:\/\/bondvigilantes.com\/francais\/#\/schema\/person\/d59663f84b4459947ae06d4410e2a255","name":"Charles de Quinsonas","image":{"@type":"ImageObject","inLanguage":"fr-FR","@id":"https:\/\/secure.gravatar.com\/avatar\/f45d2254c3dd5975e9cf91fd60201250b40929aa88944e4cdf2a317c5c74b0f3?s=96&d=mm&r=g","url":"https:\/\/secure.gravatar.com\/avatar\/f45d2254c3dd5975e9cf91fd60201250b40929aa88944e4cdf2a317c5c74b0f3?s=96&d=mm&r=g","contentUrl":"https:\/\/secure.gravatar.com\/avatar\/f45d2254c3dd5975e9cf91fd60201250b40929aa88944e4cdf2a317c5c74b0f3?s=96&d=mm&r=g","caption":"Charles de Quinsonas"},"url":"https:\/\/bondvigilantes.com\/francais\/author\/charlesdequinsonas\/"}]}},"_links":{"self":[{"href":"https:\/\/bondvigilantes.com\/francais\/wp-json\/wp\/v2\/posts\/1846","targetHints":{"allow":["GET"]}}],"collection":[{"href":"https:\/\/bondvigilantes.com\/francais\/wp-json\/wp\/v2\/posts"}],"about":[{"href":"https:\/\/bondvigilantes.com\/francais\/wp-json\/wp\/v2\/types\/post"}],"author":[{"embeddable":true,"href":"https:\/\/bondvigilantes.com\/francais\/wp-json\/wp\/v2\/users\/93"}],"replies":[{"embeddable":true,"href":"https:\/\/bondvigilantes.com\/francais\/wp-json\/wp\/v2\/comments?post=1846"}],"version-history":[{"count":0,"href":"https:\/\/bondvigilantes.com\/francais\/wp-json\/wp\/v2\/posts\/1846\/revisions"}],"wp:attachment":[{"href":"https:\/\/bondvigilantes.com\/francais\/wp-json\/wp\/v2\/media?parent=1846"}],"wp:term":[{"taxonomy":"category","embeddable":true,"href":"https:\/\/bondvigilantes.com\/francais\/wp-json\/wp\/v2\/categories?post=1846"},{"taxonomy":"post_tag","embeddable":true,"href":"https:\/\/bondvigilantes.com\/francais\/wp-json\/wp\/v2\/tags?post=1846"}],"curies":[{"name":"wp","href":"https:\/\/api.w.org\/{rel}","templated":true}]}}