{"id":2074,"date":"2017-01-09T14:45:13","date_gmt":"2017-01-09T14:45:13","guid":{"rendered":"https:\/\/www.bondvigilantes.com\/francais\/?p=2074"},"modified":"2017-02-08T11:33:56","modified_gmt":"2017-02-08T11:33:56","slug":"la-dette-des-marches-emergents-retrospective-2016-et-perspectives-2017","status":"publish","type":"post","link":"https:\/\/bondvigilantes.com\/francais\/2017\/01\/la-dette-des-marches-emergents-retrospective-2016-et-perspectives-2017\/","title":{"rendered":"La dette des march\u00e9s \u00e9mergents : r\u00e9trospective 2016 et perspectives 2017"},"content":{"rendered":"<p>En d\u00e9pit d\u2019une ann\u00e9e houleuse sur le front politique, laquelle a bien s\u00fbr notamment \u00e9t\u00e9 le t\u00e9moin du r\u00e9f\u00e9rendum sur l\u2019appartenance du Royaume-Uni \u00e0 l\u2019UE et de l\u2019\u00e9lection pr\u00e9sidentielle aux \u00c9tats-Unis, les actifs des march\u00e9s \u00e9mergents se sont r\u00e9v\u00e9l\u00e9s \u00e9tonnamment r\u00e9sistants aux diff\u00e9rents \u00e9v\u00e9nements internationaux, m\u00eame face \u00e0 la hausse des rendements des emprunts d\u2019\u00c9tat refuges au second semestre 2016.\u00a0 Gr\u00e2ce \u00e0 des valorisations, tant des spreads de cr\u00e9dit que des devises, qui refl\u00e9taient d\u00e9j\u00e0 en d\u00e9but d&rsquo;ann\u00e9e un certain nombre de mauvaises nouvelles, la classe d\u2019actifs est ainsi parvenue \u00e0 traverser l\u2019ann\u00e9e de mani\u00e8re relativement satisfaisante. Le retour des flux de capitaux \u00e0 destination de la classe d\u2019actifs \u00e0 la suite du vote en faveur du \u00ab\u00a0Brexit\u00a0\u00bb et le rebond des prix des mati\u00e8res premi\u00e8res, surtout du p\u00e9trole, ont \u00e9galement contribu\u00e9 \u00e0 la contraction des spreads. Je fais ci-apr\u00e8s une br\u00e8ve synth\u00e8se de l\u2019ann\u00e9e \u00e9coul\u00e9e et pr\u00e9sente mes principales perspectives pour les march\u00e9s \u00e9mergents pour 2017.<\/p>\n<ol>\n<li><strong> L\u2019allocation d\u2019actifs n\u2019a pas \u00e9t\u00e9 une grande source de performance<\/strong><\/li>\n<\/ol>\n<p><a href=\"https:\/\/bondvigilantes.com\/wp-content\/uploads\/sites\/4\/2021\/12\/wrap-up-FR.png\" data-rel=\"lightbox-gallery-UhdBKOSm\" data-rl_title=\"\" data-rl_caption=\"\" title=\"\"><img loading=\"lazy\" decoding=\"async\" class=\"alignnone size-full wp-image-2082\" src=\"https:\/\/bondvigilantes.com\/wp-content\/uploads\/sites\/4\/2021\/12\/wrap-up-FR.png\" alt=\"wrap-up-fr\" width=\"960\" height=\"720\" srcset=\"https:\/\/bondvigilantes.com\/francais\/wp-content\/uploads\/sites\/4\/2021\/12\/wrap-up-FR.png 960w, https:\/\/bondvigilantes.com\/francais\/wp-content\/uploads\/sites\/4\/2021\/12\/wrap-up-FR-300x225.png 300w, https:\/\/bondvigilantes.com\/francais\/wp-content\/uploads\/sites\/4\/2021\/12\/wrap-up-FR-768x576.png 768w\" sizes=\"auto, (max-width: 960px) 100vw, 960px\" \/><\/a><\/p>\n<p>Les performances totales se sont av\u00e9r\u00e9es quasiment identiques pour la dette en devise forte, en devise locale et des entreprises en 2016. Dans le cadre des <a href=\"https:\/\/bondvigilantes.com\/francais\/2021\/12\/13\/dette-des-marches-emergents-performances-2015-post-mortem-et-perspectives-2016\/\" target=\"_blank\"><strong>perspectives pour l\u2019ann\u00e9e pass\u00e9e<\/strong><\/a>, j\u2019avais anticip\u00e9 que l\u2019allocation d\u2019actifs n\u2019allait pas \u00eatre une source de performance pr\u00e9dominante pour la classe d\u2019actifs et je m\u2019attends \u00e0 ce qu\u2019il en soit de m\u00eame en 2017. Je pense que le b\u00eata et le risque global seront plus importants que l\u2019allocation d\u2019actifs dans la mesure o\u00f9 les valorisations initiales sont moins g\u00e9n\u00e9reuses cette ann\u00e9e, particuli\u00e8rement au sein de la dette souveraine en devise forte et des spreads de cr\u00e9dit.<\/p>\n<ol start=\"2\">\n<li><strong> Les valorisations des devises offrent une certaine protection contre une appr\u00e9ciation du dollar am\u00e9ricain<\/strong><\/li>\n<\/ol>\n<p>Pour la plupart d\u2019entre elles, les devises sont correctement valoris\u00e9es ou l\u00e9g\u00e8rement sous-\u00e9valu\u00e9es et, ce faisant, offrent une certaine protection contre une appr\u00e9ciation du dollar provoqu\u00e9e par la hausse des taux d&rsquo;int\u00e9r\u00eat aux \u00c9tats-Unis. Le r\u00e9cent rebond du prix du p\u00e9trole constitue un soutien de plus pour les devises telles que le rouble russe et le ringgit malaisien. La valorisation du peso mexicain int\u00e8gre quant \u00e0 elle de nombreuses mauvaises nouvelles, mais je ne pense pas que de profonds changements seront apport\u00e9s \u00e0 l\u2019ALENA par la prochaine administration am\u00e9ricaine.<\/p>\n<p>La hausse du prix du p\u00e9trole att\u00e9nue quelque peu les pressions sur les devises \u00e0 taux de change fixe des pays du Conseil de coop\u00e9ration du Golfe. Elle permettra en effet \u00e0 la r\u00e9gion de continuer d\u2019emprunter \u00e0 des taux plus favorables sur les march\u00e9s internationaux, la contraction des spreads ayant pour effet de neutraliser partiellement la hausse des rendements aux \u00c9tats-Unis.<\/p>\n<p>L\u2019ajustement des balances courantes est bien engag\u00e9 (ou achev\u00e9 dans plusieurs pays \u00e9mergents), mais il existe des exceptions notables telles que la Turquie et l\u2019Afrique du Sud. Toutefois, le gros point noir est le yuan chinois qui continue d\u2019\u00eatre vuln\u00e9rable \u00e0 des sorties de capitaux et \u00e0 des nouvelles potentiellement n\u00e9gatives si la prochaine administration am\u00e9ricaine devait appliquer des politiques commerciales hostiles et\/ou voir dans la Chine un pays manipulateur de devise.\u00a0 Mon sc\u00e9nario central ne pr\u00e9voit pas le flottement de la devise en 2017, mais c\u2019est l\u00e0 un risque extr\u00eame qui subsiste et qui m\u00e9rite d\u2019y \u00eatre attentif.<\/p>\n<p>Les march\u00e9s en devise locale ont sign\u00e9 des performances tr\u00e8s divergentes, tant au niveau des devises que des rendements, mais cette dispersion devrait \u00eatre beaucoup moins prononc\u00e9e en 2017.<\/p>\n<p><a href=\"https:\/\/bondvigilantes.com\/wp-content\/uploads\/sites\/4\/2021\/12\/wrap-up-FR2.png\" data-rel=\"lightbox-gallery-UhdBKOSm\" data-rl_title=\"\" data-rl_caption=\"\" title=\"\"><img loading=\"lazy\" decoding=\"async\" class=\"alignnone size-full wp-image-2083\" src=\"https:\/\/bondvigilantes.com\/wp-content\/uploads\/sites\/4\/2021\/12\/wrap-up-FR2.png\" alt=\"wrap-up-fr2\" width=\"960\" height=\"720\" srcset=\"https:\/\/bondvigilantes.com\/francais\/wp-content\/uploads\/sites\/4\/2021\/12\/wrap-up-FR2.png 960w, https:\/\/bondvigilantes.com\/francais\/wp-content\/uploads\/sites\/4\/2021\/12\/wrap-up-FR2-300x225.png 300w, https:\/\/bondvigilantes.com\/francais\/wp-content\/uploads\/sites\/4\/2021\/12\/wrap-up-FR2-768x576.png 768w\" sizes=\"auto, (max-width: 960px) 100vw, 960px\" \/><\/a><\/p>\n<ol start=\"3\">\n<li><strong> Les spreads se sont contract\u00e9s, surtout parmi les \u00e9metteurs li\u00e9s aux mati\u00e8res premi\u00e8res et au Br\u00e9sil<\/strong><\/li>\n<\/ol>\n<p>2016 s\u2019est r\u00e9v\u00e9l\u00e9e \u00eatre l\u2019image invers\u00e9e de l\u2019ann\u00e9e 2015. Dans des pays tels que le Br\u00e9sil et l\u2019Argentine, le rebond des prix des mati\u00e8res premi\u00e8res et l\u2019am\u00e9lioration ressentie du climat politique ont conduit \u00e0 une importante progression de ces \u00e9missions. A vrai dire, exception faite de l\u2019Ukraine, toutes les meilleures performances en 2016 ont \u00e9t\u00e9 le fait des \u00e9metteurs li\u00e9s aux mati\u00e8res premi\u00e8res plus fragiles et moins bien not\u00e9s qui avaient \u00e9t\u00e9 \u00e0 la peine en 2015.<\/p>\n<p><a href=\"https:\/\/bondvigilantes.com\/wp-content\/uploads\/sites\/4\/2021\/12\/wrap-up-FR3.png\" data-rel=\"lightbox-gallery-UhdBKOSm\" data-rl_title=\"\" data-rl_caption=\"\" title=\"\"><img loading=\"lazy\" decoding=\"async\" class=\"alignnone size-full wp-image-2084\" src=\"https:\/\/bondvigilantes.com\/wp-content\/uploads\/sites\/4\/2021\/12\/wrap-up-FR3.png\" alt=\"wrap-up-fr3\" width=\"960\" height=\"720\" srcset=\"https:\/\/bondvigilantes.com\/francais\/wp-content\/uploads\/sites\/4\/2021\/12\/wrap-up-FR3.png 960w, https:\/\/bondvigilantes.com\/francais\/wp-content\/uploads\/sites\/4\/2021\/12\/wrap-up-FR3-300x225.png 300w, https:\/\/bondvigilantes.com\/francais\/wp-content\/uploads\/sites\/4\/2021\/12\/wrap-up-FR3-768x576.png 768w\" sizes=\"auto, (max-width: 960px) 100vw, 960px\" \/><\/a><\/p>\n<p>A l\u2019extr\u00e9mit\u00e9 oppos\u00e9e, le Mozambique et le Belize ont annonc\u00e9 des restructurations en 2016 et, ce faisant, la probabilit\u00e9 de nouveaux \u00e9v\u00e9nements de cr\u00e9dit souverain sont d\u00e9sormais centr\u00e9s sur le Venezuela qui sera l\u2019issue binaire par excellence en 2017. Une fois encore, soit le pays se r\u00e9v\u00e9lera l\u2019\u00e9metteur le plus performant s\u2019il ne fait pas d\u00e9faut, soit il sera le moins performant s\u2019il fait d\u00e9faut. Compte tenu de la moindre perspective d\u2019un changement politique et de politiques \u00e9conomiques plus pragmatiques, le risque d\u2019un \u00e9v\u00e9nement de cr\u00e9dit v\u00e9n\u00e9zu\u00e9lien s\u2019est renforc\u00e9 en 2017 dans la mesure o\u00f9 la hausse du prix du p\u00e9trole est encore insuffisante afin de r\u00e9sorber le d\u00e9s\u00e9quilibre de financement. Toutefois, dans l\u2019ensemble, moins d\u2019\u00c9tats pr\u00e9sentent un risque de d\u00e9faut en 2017. En cons\u00e9quence, la dispersion des performances et la diff\u00e9renciation \u00ab\u00a0bottom-up\u00a0\u00bb au sein des march\u00e9s \u00e9mergents devraient \u00eatre moins extr\u00eames cette ann\u00e9e.<\/p>\n<p>Le Br\u00e9sil ne sera pas le plus performant en 2017, les valorisations actuelles int\u00e9grant d\u00e9j\u00e0 une mise en \u0153uvre parfaite de la politique.\u00a0 Qui plus est, les \u00c9tats ayant surperform\u00e9 en 2016 ne g\u00e9n\u00e8reront pas de progressions de plus de 10 %. En effet, il leur faudrait pour cela pr\u00e9senter des spreads \u00e0 des niveaux irr\u00e9alistes, \u00e0 savoir une contraction suppl\u00e9mentaire de 200 \u00e0 300 pb.\u00a0 Je m\u2019attends plut\u00f4t \u00e0 des performances plus modestes de l\u2019ordre de 5 %, globalement conformes au portage.<\/p>\n<ol start=\"4\">\n<li><strong> Des risques idiosyncratiques en provenance des pays d\u00e9velopp\u00e9s subsistent en 2017<\/strong><\/li>\n<\/ol>\n<p>L\u2019\u00e9volution de la situation politique et \u00e9conomique aux \u00c9tats-Unis et les \u00e9lections de premi\u00e8re importance en Europe sont les principaux \u00e9v\u00e9nements pr\u00e9visibles qui seront \u00e0 assimiler en 2017. La normalisation de la politique mon\u00e9taire se poursuit outre-Atlantique et, les rendements des emprunts d\u2019\u00c9tat, bien que n\u2019\u00e9tant pas historiquement bon march\u00e9, se sont au moins rapproch\u00e9s de leur juste valeur \u00e0 court terme et devraient \u00eatre moins pr\u00e9judiciables aux performances en 2017. C\u2019est l\u00e0 un point important dans la mesure o\u00f9 les performances des spreads devraient elles aussi \u00eatre bien inf\u00e9rieures \u00e0 celles de 2016.<\/p>\n<p><a href=\"https:\/\/bondvigilantes.com\/wp-content\/uploads\/sites\/4\/2021\/12\/wrap-up-FR4.png\" data-rel=\"lightbox-gallery-UhdBKOSm\" data-rl_title=\"\" data-rl_caption=\"\" title=\"\"><img loading=\"lazy\" decoding=\"async\" class=\"alignnone size-full wp-image-2085\" src=\"https:\/\/bondvigilantes.com\/wp-content\/uploads\/sites\/4\/2021\/12\/wrap-up-FR4.png\" alt=\"wrap-up-fr4\" width=\"960\" height=\"720\" srcset=\"https:\/\/bondvigilantes.com\/francais\/wp-content\/uploads\/sites\/4\/2021\/12\/wrap-up-FR4.png 960w, https:\/\/bondvigilantes.com\/francais\/wp-content\/uploads\/sites\/4\/2021\/12\/wrap-up-FR4-300x225.png 300w, https:\/\/bondvigilantes.com\/francais\/wp-content\/uploads\/sites\/4\/2021\/12\/wrap-up-FR4-768x576.png 768w\" sizes=\"auto, (max-width: 960px) 100vw, 960px\" \/><\/a><\/p>\n<p>Selon moi, l\u2019allocation d\u2019actifs entre la dette en devise forte et en devise locale devrait demeurer un modeste d\u00e9terminant des performances en 2017. La s\u00e9lection \u00ab\u00a0bottom-up\u00a0\u00bb des titres en devise forte et en devise locale restera assez importante, mais la dispersion des performances sera bien moindre qu\u2019en 2016. Je pense que le b\u00eata et le risque global seront plus importants compte tenu des valorisations initiales.<\/p>\n","protected":false},"excerpt":{"rendered":"<p>En d\u00e9pit d\u2019une ann\u00e9e houleuse sur le front politique, laquelle a bien s\u00fbr notamment \u00e9t\u00e9 le t\u00e9moin du r\u00e9f\u00e9rendum sur l\u2019appartenance du Royaume-Uni \u00e0 l\u2019UE et de l\u2019\u00e9lection pr\u00e9sidentielle aux \u00c9tats-Unis, les actifs des march\u00e9s \u00e9mergents se sont r\u00e9v\u00e9l\u00e9s \u00e9tonnamment r\u00e9sistants aux diff\u00e9rents \u00e9v\u00e9nements internationaux, m\u00eame face \u00e0 la hausse des rendements des emprunts d\u2019\u00c9tat refuges au second semestre 2016.\u00a0 Gr\u00e2ce \u00e0 des valorisations, tant des spreads de cr\u00e9dit que des devises, qui refl\u00e9taient d\u00e9j\u00e0 en d\u00e9but d&rsquo;ann\u00e9e un certain nombre de mauvaises nouvelles, la&#8230;<\/p>\n","protected":false},"author":90,"featured_media":2082,"comment_status":"open","ping_status":"open","sticky":false,"template":"","format":"standard","meta":{"_acf_changed":false,"footnotes":""},"categories":[24,47],"tags":[132,140],"class_list":["post-2074","post","type-post","status-publish","format-standard","has-post-thumbnail","hentry","category-devises","category-marches-emergents","tag-dette","tag-marches-emergents"],"acf":[],"yoast_head":"<!-- This site is optimized with the Yoast SEO Premium plugin v25.8 (Yoast SEO v27.4) - https:\/\/yoast.com\/product\/yoast-seo-premium-wordpress\/ -->\n<title>La dette des march\u00e9s \u00e9mergents : r\u00e9trospective 2016 et perspectives 2017 - Francais<\/title>\n<meta name=\"description\" content=\"En d\u00e9pit d\u2019une ann\u00e9e houleuse sur le front politique, laquelle a bien s\u00fbr notamment \u00e9t\u00e9 le t\u00e9moin du r\u00e9f\u00e9rendum sur l\u2019appartenance du Royaume-Uni \u00e0 l\u2019UE\" \/>\n<meta name=\"robots\" content=\"index, follow, max-snippet:-1, max-image-preview:large, max-video-preview:-1\" \/>\n<link rel=\"canonical\" href=\"https:\/\/bondvigilantes.com\/francais\/2017\/01\/la-dette-des-marches-emergents-retrospective-2016-et-perspectives-2017\/\" \/>\n<meta name=\"twitter:label1\" content=\"Written by\" \/>\n\t<meta name=\"twitter:data1\" content=\"Claudia Calich\" \/>\n\t<meta name=\"twitter:label2\" content=\"Est. reading time\" \/>\n\t<meta name=\"twitter:data2\" content=\"6 minutes\" \/>\n<script type=\"application\/ld+json\" class=\"yoast-schema-graph\">{\"@context\":\"https:\\\/\\\/schema.org\",\"@graph\":[{\"@type\":\"Article\",\"@id\":\"https:\\\/\\\/bondvigilantes.com\\\/francais\\\/2017\\\/01\\\/la-dette-des-marches-emergents-retrospective-2016-et-perspectives-2017\\\/#article\",\"isPartOf\":{\"@id\":\"https:\\\/\\\/bondvigilantes.com\\\/francais\\\/2017\\\/01\\\/la-dette-des-marches-emergents-retrospective-2016-et-perspectives-2017\\\/\"},\"author\":{\"name\":\"Claudia Calich\",\"@id\":\"https:\\\/\\\/bondvigilantes.com\\\/francais\\\/#\\\/schema\\\/person\\\/3a0912d22f4a2dc25a49a45bf4e42998\"},\"headline\":\"La dette des march\u00e9s \u00e9mergents : r\u00e9trospective 2016 et perspectives 2017\",\"datePublished\":\"2017-01-09T14:45:13+00:00\",\"dateModified\":\"2017-02-08T11:33:56+00:00\",\"mainEntityOfPage\":{\"@id\":\"https:\\\/\\\/bondvigilantes.com\\\/francais\\\/2017\\\/01\\\/la-dette-des-marches-emergents-retrospective-2016-et-perspectives-2017\\\/\"},\"wordCount\":1206,\"commentCount\":0,\"image\":{\"@id\":\"https:\\\/\\\/bondvigilantes.com\\\/francais\\\/2017\\\/01\\\/la-dette-des-marches-emergents-retrospective-2016-et-perspectives-2017\\\/#primaryimage\"},\"thumbnailUrl\":\"https:\\\/\\\/bondvigilantes.com\\\/francais\\\/wp-content\\\/uploads\\\/sites\\\/4\\\/2021\\\/12\\\/wrap-up-FR.png\",\"keywords\":[\"dette\",\"march\u00e9s \u00e9mergents\"],\"articleSection\":[\"devises\",\"march\u00e9s \u00e9mergents\"],\"inLanguage\":\"fr-FR\",\"potentialAction\":[{\"@type\":\"CommentAction\",\"name\":\"Comment\",\"target\":[\"https:\\\/\\\/bondvigilantes.com\\\/francais\\\/2017\\\/01\\\/la-dette-des-marches-emergents-retrospective-2016-et-perspectives-2017\\\/#respond\"]}]},{\"@type\":\"WebPage\",\"@id\":\"https:\\\/\\\/bondvigilantes.com\\\/francais\\\/2017\\\/01\\\/la-dette-des-marches-emergents-retrospective-2016-et-perspectives-2017\\\/\",\"url\":\"https:\\\/\\\/bondvigilantes.com\\\/francais\\\/2017\\\/01\\\/la-dette-des-marches-emergents-retrospective-2016-et-perspectives-2017\\\/\",\"name\":\"La dette des march\u00e9s \u00e9mergents : r\u00e9trospective 2016 et perspectives 2017 - Francais\",\"isPartOf\":{\"@id\":\"https:\\\/\\\/bondvigilantes.com\\\/francais\\\/#website\"},\"primaryImageOfPage\":{\"@id\":\"https:\\\/\\\/bondvigilantes.com\\\/francais\\\/2017\\\/01\\\/la-dette-des-marches-emergents-retrospective-2016-et-perspectives-2017\\\/#primaryimage\"},\"image\":{\"@id\":\"https:\\\/\\\/bondvigilantes.com\\\/francais\\\/2017\\\/01\\\/la-dette-des-marches-emergents-retrospective-2016-et-perspectives-2017\\\/#primaryimage\"},\"thumbnailUrl\":\"https:\\\/\\\/bondvigilantes.com\\\/francais\\\/wp-content\\\/uploads\\\/sites\\\/4\\\/2021\\\/12\\\/wrap-up-FR.png\",\"datePublished\":\"2017-01-09T14:45:13+00:00\",\"dateModified\":\"2017-02-08T11:33:56+00:00\",\"author\":{\"@id\":\"https:\\\/\\\/bondvigilantes.com\\\/francais\\\/#\\\/schema\\\/person\\\/3a0912d22f4a2dc25a49a45bf4e42998\"},\"description\":\"En d\u00e9pit d\u2019une ann\u00e9e houleuse sur le front politique, laquelle a bien s\u00fbr notamment \u00e9t\u00e9 le t\u00e9moin du r\u00e9f\u00e9rendum sur l\u2019appartenance du Royaume-Uni \u00e0 l\u2019UE\",\"breadcrumb\":{\"@id\":\"https:\\\/\\\/bondvigilantes.com\\\/francais\\\/2017\\\/01\\\/la-dette-des-marches-emergents-retrospective-2016-et-perspectives-2017\\\/#breadcrumb\"},\"inLanguage\":\"fr-FR\",\"potentialAction\":[{\"@type\":\"ReadAction\",\"target\":[\"https:\\\/\\\/bondvigilantes.com\\\/francais\\\/2017\\\/01\\\/la-dette-des-marches-emergents-retrospective-2016-et-perspectives-2017\\\/\"]}]},{\"@type\":\"ImageObject\",\"inLanguage\":\"fr-FR\",\"@id\":\"https:\\\/\\\/bondvigilantes.com\\\/francais\\\/2017\\\/01\\\/la-dette-des-marches-emergents-retrospective-2016-et-perspectives-2017\\\/#primaryimage\",\"url\":\"https:\\\/\\\/bondvigilantes.com\\\/francais\\\/wp-content\\\/uploads\\\/sites\\\/4\\\/2021\\\/12\\\/wrap-up-FR.png\",\"contentUrl\":\"https:\\\/\\\/bondvigilantes.com\\\/francais\\\/wp-content\\\/uploads\\\/sites\\\/4\\\/2021\\\/12\\\/wrap-up-FR.png\",\"width\":960,\"height\":720},{\"@type\":\"BreadcrumbList\",\"@id\":\"https:\\\/\\\/bondvigilantes.com\\\/francais\\\/2017\\\/01\\\/la-dette-des-marches-emergents-retrospective-2016-et-perspectives-2017\\\/#breadcrumb\",\"itemListElement\":[{\"@type\":\"ListItem\",\"position\":1,\"name\":\"Accueil\",\"item\":\"https:\\\/\\\/bondvigilantes.com\\\/francais\\\/\"},{\"@type\":\"ListItem\",\"position\":2,\"name\":\"La dette des march\u00e9s \u00e9mergents : r\u00e9trospective 2016 et perspectives 2017\"}]},{\"@type\":\"WebSite\",\"@id\":\"https:\\\/\\\/bondvigilantes.com\\\/francais\\\/#website\",\"url\":\"https:\\\/\\\/bondvigilantes.com\\\/francais\\\/\",\"name\":\"Francais\",\"description\":\"M&amp;G\",\"potentialAction\":[{\"@type\":\"SearchAction\",\"target\":{\"@type\":\"EntryPoint\",\"urlTemplate\":\"https:\\\/\\\/bondvigilantes.com\\\/francais\\\/?s={search_term_string}\"},\"query-input\":{\"@type\":\"PropertyValueSpecification\",\"valueRequired\":true,\"valueName\":\"search_term_string\"}}],\"inLanguage\":\"fr-FR\"},{\"@type\":\"Person\",\"@id\":\"https:\\\/\\\/bondvigilantes.com\\\/francais\\\/#\\\/schema\\\/person\\\/3a0912d22f4a2dc25a49a45bf4e42998\",\"name\":\"Claudia Calich\",\"image\":{\"@type\":\"ImageObject\",\"inLanguage\":\"fr-FR\",\"@id\":\"https:\\\/\\\/secure.gravatar.com\\\/avatar\\\/ce94407cc4621826514ca38d4b6ecd24f285f7861f846be948814df28c5545e1?s=96&d=mm&r=g\",\"url\":\"https:\\\/\\\/secure.gravatar.com\\\/avatar\\\/ce94407cc4621826514ca38d4b6ecd24f285f7861f846be948814df28c5545e1?s=96&d=mm&r=g\",\"contentUrl\":\"https:\\\/\\\/secure.gravatar.com\\\/avatar\\\/ce94407cc4621826514ca38d4b6ecd24f285f7861f846be948814df28c5545e1?s=96&d=mm&r=g\",\"caption\":\"Claudia Calich\"},\"url\":\"https:\\\/\\\/bondvigilantes.com\\\/francais\\\/author\\\/claudiacalich\\\/\"}]}<\/script>\n<!-- \/ Yoast SEO Premium plugin. -->","yoast_head_json":{"title":"La dette des march\u00e9s \u00e9mergents : r\u00e9trospective 2016 et perspectives 2017 - Francais","description":"En d\u00e9pit d\u2019une ann\u00e9e houleuse sur le front politique, laquelle a bien s\u00fbr notamment \u00e9t\u00e9 le t\u00e9moin du r\u00e9f\u00e9rendum sur l\u2019appartenance du Royaume-Uni \u00e0 l\u2019UE","robots":{"index":"index","follow":"follow","max-snippet":"max-snippet:-1","max-image-preview":"max-image-preview:large","max-video-preview":"max-video-preview:-1"},"canonical":"https:\/\/bondvigilantes.com\/francais\/2017\/01\/la-dette-des-marches-emergents-retrospective-2016-et-perspectives-2017\/","twitter_misc":{"Written by":"Claudia Calich","Est. reading time":"6 minutes"},"schema":{"@context":"https:\/\/schema.org","@graph":[{"@type":"Article","@id":"https:\/\/bondvigilantes.com\/francais\/2017\/01\/la-dette-des-marches-emergents-retrospective-2016-et-perspectives-2017\/#article","isPartOf":{"@id":"https:\/\/bondvigilantes.com\/francais\/2017\/01\/la-dette-des-marches-emergents-retrospective-2016-et-perspectives-2017\/"},"author":{"name":"Claudia Calich","@id":"https:\/\/bondvigilantes.com\/francais\/#\/schema\/person\/3a0912d22f4a2dc25a49a45bf4e42998"},"headline":"La dette des march\u00e9s \u00e9mergents : r\u00e9trospective 2016 et perspectives 2017","datePublished":"2017-01-09T14:45:13+00:00","dateModified":"2017-02-08T11:33:56+00:00","mainEntityOfPage":{"@id":"https:\/\/bondvigilantes.com\/francais\/2017\/01\/la-dette-des-marches-emergents-retrospective-2016-et-perspectives-2017\/"},"wordCount":1206,"commentCount":0,"image":{"@id":"https:\/\/bondvigilantes.com\/francais\/2017\/01\/la-dette-des-marches-emergents-retrospective-2016-et-perspectives-2017\/#primaryimage"},"thumbnailUrl":"https:\/\/bondvigilantes.com\/francais\/wp-content\/uploads\/sites\/4\/2021\/12\/wrap-up-FR.png","keywords":["dette","march\u00e9s \u00e9mergents"],"articleSection":["devises","march\u00e9s \u00e9mergents"],"inLanguage":"fr-FR","potentialAction":[{"@type":"CommentAction","name":"Comment","target":["https:\/\/bondvigilantes.com\/francais\/2017\/01\/la-dette-des-marches-emergents-retrospective-2016-et-perspectives-2017\/#respond"]}]},{"@type":"WebPage","@id":"https:\/\/bondvigilantes.com\/francais\/2017\/01\/la-dette-des-marches-emergents-retrospective-2016-et-perspectives-2017\/","url":"https:\/\/bondvigilantes.com\/francais\/2017\/01\/la-dette-des-marches-emergents-retrospective-2016-et-perspectives-2017\/","name":"La dette des march\u00e9s \u00e9mergents : r\u00e9trospective 2016 et perspectives 2017 - Francais","isPartOf":{"@id":"https:\/\/bondvigilantes.com\/francais\/#website"},"primaryImageOfPage":{"@id":"https:\/\/bondvigilantes.com\/francais\/2017\/01\/la-dette-des-marches-emergents-retrospective-2016-et-perspectives-2017\/#primaryimage"},"image":{"@id":"https:\/\/bondvigilantes.com\/francais\/2017\/01\/la-dette-des-marches-emergents-retrospective-2016-et-perspectives-2017\/#primaryimage"},"thumbnailUrl":"https:\/\/bondvigilantes.com\/francais\/wp-content\/uploads\/sites\/4\/2021\/12\/wrap-up-FR.png","datePublished":"2017-01-09T14:45:13+00:00","dateModified":"2017-02-08T11:33:56+00:00","author":{"@id":"https:\/\/bondvigilantes.com\/francais\/#\/schema\/person\/3a0912d22f4a2dc25a49a45bf4e42998"},"description":"En d\u00e9pit d\u2019une ann\u00e9e houleuse sur le front politique, laquelle a bien s\u00fbr notamment \u00e9t\u00e9 le t\u00e9moin du r\u00e9f\u00e9rendum sur l\u2019appartenance du Royaume-Uni \u00e0 l\u2019UE","breadcrumb":{"@id":"https:\/\/bondvigilantes.com\/francais\/2017\/01\/la-dette-des-marches-emergents-retrospective-2016-et-perspectives-2017\/#breadcrumb"},"inLanguage":"fr-FR","potentialAction":[{"@type":"ReadAction","target":["https:\/\/bondvigilantes.com\/francais\/2017\/01\/la-dette-des-marches-emergents-retrospective-2016-et-perspectives-2017\/"]}]},{"@type":"ImageObject","inLanguage":"fr-FR","@id":"https:\/\/bondvigilantes.com\/francais\/2017\/01\/la-dette-des-marches-emergents-retrospective-2016-et-perspectives-2017\/#primaryimage","url":"https:\/\/bondvigilantes.com\/francais\/wp-content\/uploads\/sites\/4\/2021\/12\/wrap-up-FR.png","contentUrl":"https:\/\/bondvigilantes.com\/francais\/wp-content\/uploads\/sites\/4\/2021\/12\/wrap-up-FR.png","width":960,"height":720},{"@type":"BreadcrumbList","@id":"https:\/\/bondvigilantes.com\/francais\/2017\/01\/la-dette-des-marches-emergents-retrospective-2016-et-perspectives-2017\/#breadcrumb","itemListElement":[{"@type":"ListItem","position":1,"name":"Accueil","item":"https:\/\/bondvigilantes.com\/francais\/"},{"@type":"ListItem","position":2,"name":"La dette des march\u00e9s \u00e9mergents : r\u00e9trospective 2016 et perspectives 2017"}]},{"@type":"WebSite","@id":"https:\/\/bondvigilantes.com\/francais\/#website","url":"https:\/\/bondvigilantes.com\/francais\/","name":"Francais","description":"M&amp;G","potentialAction":[{"@type":"SearchAction","target":{"@type":"EntryPoint","urlTemplate":"https:\/\/bondvigilantes.com\/francais\/?s={search_term_string}"},"query-input":{"@type":"PropertyValueSpecification","valueRequired":true,"valueName":"search_term_string"}}],"inLanguage":"fr-FR"},{"@type":"Person","@id":"https:\/\/bondvigilantes.com\/francais\/#\/schema\/person\/3a0912d22f4a2dc25a49a45bf4e42998","name":"Claudia Calich","image":{"@type":"ImageObject","inLanguage":"fr-FR","@id":"https:\/\/secure.gravatar.com\/avatar\/ce94407cc4621826514ca38d4b6ecd24f285f7861f846be948814df28c5545e1?s=96&d=mm&r=g","url":"https:\/\/secure.gravatar.com\/avatar\/ce94407cc4621826514ca38d4b6ecd24f285f7861f846be948814df28c5545e1?s=96&d=mm&r=g","contentUrl":"https:\/\/secure.gravatar.com\/avatar\/ce94407cc4621826514ca38d4b6ecd24f285f7861f846be948814df28c5545e1?s=96&d=mm&r=g","caption":"Claudia Calich"},"url":"https:\/\/bondvigilantes.com\/francais\/author\/claudiacalich\/"}]}},"_links":{"self":[{"href":"https:\/\/bondvigilantes.com\/francais\/wp-json\/wp\/v2\/posts\/2074","targetHints":{"allow":["GET"]}}],"collection":[{"href":"https:\/\/bondvigilantes.com\/francais\/wp-json\/wp\/v2\/posts"}],"about":[{"href":"https:\/\/bondvigilantes.com\/francais\/wp-json\/wp\/v2\/types\/post"}],"author":[{"embeddable":true,"href":"https:\/\/bondvigilantes.com\/francais\/wp-json\/wp\/v2\/users\/90"}],"replies":[{"embeddable":true,"href":"https:\/\/bondvigilantes.com\/francais\/wp-json\/wp\/v2\/comments?post=2074"}],"version-history":[{"count":0,"href":"https:\/\/bondvigilantes.com\/francais\/wp-json\/wp\/v2\/posts\/2074\/revisions"}],"wp:featuredmedia":[{"embeddable":true,"href":"https:\/\/bondvigilantes.com\/francais\/wp-json\/wp\/v2\/media\/2082"}],"wp:attachment":[{"href":"https:\/\/bondvigilantes.com\/francais\/wp-json\/wp\/v2\/media?parent=2074"}],"wp:term":[{"taxonomy":"category","embeddable":true,"href":"https:\/\/bondvigilantes.com\/francais\/wp-json\/wp\/v2\/categories?post=2074"},{"taxonomy":"post_tag","embeddable":true,"href":"https:\/\/bondvigilantes.com\/francais\/wp-json\/wp\/v2\/tags?post=2074"}],"curies":[{"name":"wp","href":"https:\/\/api.w.org\/{rel}","templated":true}]}}