{"id":227,"date":"2014-04-10T10:53:34","date_gmt":"2014-04-10T10:53:34","guid":{"rendered":"https:\/\/www.bondvigilantes.com\/francais\/?p=227"},"modified":"2023-08-15T10:38:18","modified_gmt":"2023-08-15T10:38:18","slug":"lexercice-de-reequilibrage-des-marches-emergents","status":"publish","type":"post","link":"https:\/\/bondvigilantes.com\/francais\/2014\/04\/lexercice-de-reequilibrage-des-marches-emergents\/","title":{"rendered":"L\u2019exercice de r\u00e9\u00e9quilibrage des march\u00e9s \u00e9mergents"},"content":{"rendered":"\n<p>Au cours des 12 derniers mois, les investisseurs ont chang\u00e9 d\u2019attitude \u00e0 l\u2019\u00e9gard des obligations des march\u00e9s \u00e9mergents, l\u2019optimisme affich\u00e9 jusqu\u2019alors laissant place au pessimisme. La prise en compte, dans le cours des titres, de la r\u00e9duction du programme d\u2019assouplissement quantitatif de la R\u00e9serve f\u00e9d\u00e9rale (Fed) et la hausse des rendements des bons du Tr\u00e9sor am\u00e9ricain ont aliment\u00e9 en grande partie ce revirement de tendance li\u00e9 aux pr\u00e9occupations concernant l\u2019interruption soudaine des flux de capitaux et la volatilit\u00e9 des devises. Les \u00e9conomies des march\u00e9s \u00e9mergents devront s\u2019adapter \u00e0 la baisse des flux de capitaux, cet ajustement s\u2019effectuant sur plusieurs fronts et sur plusieurs ann\u00e9es.<\/p>\n\n\n\n<p>Tous les pays \u00e9mergents n\u2019en sont pas au m\u00eame stade dans ce processus de r\u00e9\u00e9quilibrage. Dans certains cas, ce dernier peut m\u00eame s\u2019av\u00e9rer inutile. Aussi, l\u2019ampleur du r\u00e9\u00e9quilibrage n\u00e9cessaire doit \u00eatre \u00e9valu\u00e9e au cas par cas, dans la mesure o\u00f9 les co\u00fbts \u00e9conomiques et politiques doivent \u00eatre compar\u00e9s aux avantages potentiels. En g\u00e9n\u00e9ral, il s\u2019agit de r\u00e9duire les vuln\u00e9rabilit\u00e9s ext\u00e9rieures comme les d\u00e9ficits courants importants (notamment ceux qui sont financ\u00e9s par des flux de capitaux volatils), corriger les lourds d\u00e9ficits budg\u00e9taires et les fragilit\u00e9s du secteur bancaire, ou \u00e9quilibrer l\u2019\u00e9conomie r\u00e9elle entre investissement, cr\u00e9dit et consommation.<\/p>\n\n\n\n<p>Dans la derni\u00e8re \u00e9dition de notre s\u00e9rie <a href=\"https:\/\/bondvigilantes.com\/francais\/panoramic-outlook\/perspectives-obligataires-de-claudia-calich\/\"><b>Panorama<\/b><\/a>, nous examinons les principaux canaux de transmission, les r\u00e9ponses politiques apport\u00e9es et l\u2019\u00e9volution du cours des actifs. Nous soulignons par ailleurs les risques et les opportunit\u00e9s qui se pr\u00e9sentent au sein de la classe d\u2019actifs. Dans cette analyse, nous mettons l\u2019accent sur la dette souveraine libell\u00e9e en devise forte et en devise locale.<\/p>\n","protected":false},"excerpt":{"rendered":"<p>Au cours des 12 derniers mois, les investisseurs ont chang\u00e9 d\u2019attitude \u00e0 l\u2019\u00e9gard des obligations des march\u00e9s \u00e9mergents, l\u2019optimisme affich\u00e9 jusqu\u2019alors laissant place au pessimisme. La prise en compte, dans le cours des titres, de la r\u00e9duction du programme d\u2019assouplissement quantitatif de la R\u00e9serve f\u00e9d\u00e9rale (Fed) et la hausse des rendements des bons du Tr\u00e9sor am\u00e9ricain ont aliment\u00e9 en grande partie ce revirement de tendance li\u00e9 aux pr\u00e9occupations concernant l\u2019interruption soudaine des flux de capitaux et la volatilit\u00e9 des devises. Les \u00e9conomies des march\u00e9s \u00e9mergents&#8230;<\/p>\n","protected":false},"author":90,"featured_media":0,"comment_status":"open","ping_status":"open","sticky":false,"template":"","format":"standard","meta":{"_acf_changed":false,"footnotes":""},"categories":[7],"tags":[140],"class_list":["post-227","post","type-post","status-publish","format-standard","hentry","category-pays","tag-marches-emergents"],"acf":[],"yoast_head":"<!-- This site is optimized with the Yoast SEO Premium plugin v25.8 (Yoast SEO v27.4) - https:\/\/yoast.com\/product\/yoast-seo-premium-wordpress\/ -->\n<title>L\u2019exercice de r\u00e9\u00e9quilibrage des march\u00e9s \u00e9mergents - Francais<\/title>\n<meta name=\"description\" content=\"Au cours des 12 derniers mois, les investisseurs ont chang\u00e9 d\u2019attitude \u00e0 l\u2019\u00e9gard des obligations des march\u00e9s \u00e9mergents, l\u2019optimisme affich\u00e9 jusqu\u2019alors\" \/>\n<meta name=\"robots\" content=\"index, follow, max-snippet:-1, max-image-preview:large, max-video-preview:-1\" \/>\n<link rel=\"canonical\" href=\"https:\/\/bondvigilantes.com\/francais\/2014\/04\/lexercice-de-reequilibrage-des-marches-emergents\/\" \/>\n<meta name=\"twitter:label1\" content=\"Written by\" \/>\n\t<meta name=\"twitter:data1\" content=\"Claudia Calich\" \/>\n\t<meta name=\"twitter:label2\" content=\"Est. reading time\" \/>\n\t<meta name=\"twitter:data2\" content=\"2 minutes\" \/>\n<script type=\"application\/ld+json\" class=\"yoast-schema-graph\">{\"@context\":\"https:\\\/\\\/schema.org\",\"@graph\":[{\"@type\":\"Article\",\"@id\":\"https:\\\/\\\/bondvigilantes.com\\\/francais\\\/2014\\\/04\\\/lexercice-de-reequilibrage-des-marches-emergents\\\/#article\",\"isPartOf\":{\"@id\":\"https:\\\/\\\/bondvigilantes.com\\\/francais\\\/2014\\\/04\\\/lexercice-de-reequilibrage-des-marches-emergents\\\/\"},\"author\":{\"name\":\"Claudia Calich\",\"@id\":\"https:\\\/\\\/bondvigilantes.com\\\/francais\\\/#\\\/schema\\\/person\\\/3a0912d22f4a2dc25a49a45bf4e42998\"},\"headline\":\"L\u2019exercice de r\u00e9\u00e9quilibrage des march\u00e9s \u00e9mergents\",\"datePublished\":\"2014-04-10T10:53:34+00:00\",\"dateModified\":\"2023-08-15T10:38:18+00:00\",\"mainEntityOfPage\":{\"@id\":\"https:\\\/\\\/bondvigilantes.com\\\/francais\\\/2014\\\/04\\\/lexercice-de-reequilibrage-des-marches-emergents\\\/\"},\"wordCount\":322,\"commentCount\":0,\"keywords\":[\"march\u00e9s \u00e9mergents\"],\"articleSection\":[\"Pays\"],\"inLanguage\":\"fr-FR\",\"potentialAction\":[{\"@type\":\"CommentAction\",\"name\":\"Comment\",\"target\":[\"https:\\\/\\\/bondvigilantes.com\\\/francais\\\/2014\\\/04\\\/lexercice-de-reequilibrage-des-marches-emergents\\\/#respond\"]}]},{\"@type\":\"WebPage\",\"@id\":\"https:\\\/\\\/bondvigilantes.com\\\/francais\\\/2014\\\/04\\\/lexercice-de-reequilibrage-des-marches-emergents\\\/\",\"url\":\"https:\\\/\\\/bondvigilantes.com\\\/francais\\\/2014\\\/04\\\/lexercice-de-reequilibrage-des-marches-emergents\\\/\",\"name\":\"L\u2019exercice de r\u00e9\u00e9quilibrage des march\u00e9s \u00e9mergents - Francais\",\"isPartOf\":{\"@id\":\"https:\\\/\\\/bondvigilantes.com\\\/francais\\\/#website\"},\"datePublished\":\"2014-04-10T10:53:34+00:00\",\"dateModified\":\"2023-08-15T10:38:18+00:00\",\"author\":{\"@id\":\"https:\\\/\\\/bondvigilantes.com\\\/francais\\\/#\\\/schema\\\/person\\\/3a0912d22f4a2dc25a49a45bf4e42998\"},\"description\":\"Au cours des 12 derniers mois, les investisseurs ont chang\u00e9 d\u2019attitude \u00e0 l\u2019\u00e9gard des obligations des march\u00e9s \u00e9mergents, l\u2019optimisme affich\u00e9 jusqu\u2019alors\",\"breadcrumb\":{\"@id\":\"https:\\\/\\\/bondvigilantes.com\\\/francais\\\/2014\\\/04\\\/lexercice-de-reequilibrage-des-marches-emergents\\\/#breadcrumb\"},\"inLanguage\":\"fr-FR\",\"potentialAction\":[{\"@type\":\"ReadAction\",\"target\":[\"https:\\\/\\\/bondvigilantes.com\\\/francais\\\/2014\\\/04\\\/lexercice-de-reequilibrage-des-marches-emergents\\\/\"]}]},{\"@type\":\"BreadcrumbList\",\"@id\":\"https:\\\/\\\/bondvigilantes.com\\\/francais\\\/2014\\\/04\\\/lexercice-de-reequilibrage-des-marches-emergents\\\/#breadcrumb\",\"itemListElement\":[{\"@type\":\"ListItem\",\"position\":1,\"name\":\"Accueil\",\"item\":\"https:\\\/\\\/bondvigilantes.com\\\/francais\\\/\"},{\"@type\":\"ListItem\",\"position\":2,\"name\":\"L\u2019exercice de r\u00e9\u00e9quilibrage des march\u00e9s \u00e9mergents\"}]},{\"@type\":\"WebSite\",\"@id\":\"https:\\\/\\\/bondvigilantes.com\\\/francais\\\/#website\",\"url\":\"https:\\\/\\\/bondvigilantes.com\\\/francais\\\/\",\"name\":\"Francais\",\"description\":\"M&amp;G\",\"potentialAction\":[{\"@type\":\"SearchAction\",\"target\":{\"@type\":\"EntryPoint\",\"urlTemplate\":\"https:\\\/\\\/bondvigilantes.com\\\/francais\\\/?s={search_term_string}\"},\"query-input\":{\"@type\":\"PropertyValueSpecification\",\"valueRequired\":true,\"valueName\":\"search_term_string\"}}],\"inLanguage\":\"fr-FR\"},{\"@type\":\"Person\",\"@id\":\"https:\\\/\\\/bondvigilantes.com\\\/francais\\\/#\\\/schema\\\/person\\\/3a0912d22f4a2dc25a49a45bf4e42998\",\"name\":\"Claudia Calich\",\"image\":{\"@type\":\"ImageObject\",\"inLanguage\":\"fr-FR\",\"@id\":\"https:\\\/\\\/secure.gravatar.com\\\/avatar\\\/ce94407cc4621826514ca38d4b6ecd24f285f7861f846be948814df28c5545e1?s=96&d=mm&r=g\",\"url\":\"https:\\\/\\\/secure.gravatar.com\\\/avatar\\\/ce94407cc4621826514ca38d4b6ecd24f285f7861f846be948814df28c5545e1?s=96&d=mm&r=g\",\"contentUrl\":\"https:\\\/\\\/secure.gravatar.com\\\/avatar\\\/ce94407cc4621826514ca38d4b6ecd24f285f7861f846be948814df28c5545e1?s=96&d=mm&r=g\",\"caption\":\"Claudia Calich\"},\"url\":\"https:\\\/\\\/bondvigilantes.com\\\/francais\\\/author\\\/claudiacalich\\\/\"}]}<\/script>\n<!-- \/ Yoast SEO Premium plugin. -->","yoast_head_json":{"title":"L\u2019exercice de r\u00e9\u00e9quilibrage des march\u00e9s \u00e9mergents - Francais","description":"Au cours des 12 derniers mois, les investisseurs ont chang\u00e9 d\u2019attitude \u00e0 l\u2019\u00e9gard des obligations des march\u00e9s \u00e9mergents, l\u2019optimisme affich\u00e9 jusqu\u2019alors","robots":{"index":"index","follow":"follow","max-snippet":"max-snippet:-1","max-image-preview":"max-image-preview:large","max-video-preview":"max-video-preview:-1"},"canonical":"https:\/\/bondvigilantes.com\/francais\/2014\/04\/lexercice-de-reequilibrage-des-marches-emergents\/","twitter_misc":{"Written by":"Claudia Calich","Est. reading time":"2 minutes"},"schema":{"@context":"https:\/\/schema.org","@graph":[{"@type":"Article","@id":"https:\/\/bondvigilantes.com\/francais\/2014\/04\/lexercice-de-reequilibrage-des-marches-emergents\/#article","isPartOf":{"@id":"https:\/\/bondvigilantes.com\/francais\/2014\/04\/lexercice-de-reequilibrage-des-marches-emergents\/"},"author":{"name":"Claudia Calich","@id":"https:\/\/bondvigilantes.com\/francais\/#\/schema\/person\/3a0912d22f4a2dc25a49a45bf4e42998"},"headline":"L\u2019exercice de r\u00e9\u00e9quilibrage des march\u00e9s \u00e9mergents","datePublished":"2014-04-10T10:53:34+00:00","dateModified":"2023-08-15T10:38:18+00:00","mainEntityOfPage":{"@id":"https:\/\/bondvigilantes.com\/francais\/2014\/04\/lexercice-de-reequilibrage-des-marches-emergents\/"},"wordCount":322,"commentCount":0,"keywords":["march\u00e9s \u00e9mergents"],"articleSection":["Pays"],"inLanguage":"fr-FR","potentialAction":[{"@type":"CommentAction","name":"Comment","target":["https:\/\/bondvigilantes.com\/francais\/2014\/04\/lexercice-de-reequilibrage-des-marches-emergents\/#respond"]}]},{"@type":"WebPage","@id":"https:\/\/bondvigilantes.com\/francais\/2014\/04\/lexercice-de-reequilibrage-des-marches-emergents\/","url":"https:\/\/bondvigilantes.com\/francais\/2014\/04\/lexercice-de-reequilibrage-des-marches-emergents\/","name":"L\u2019exercice de r\u00e9\u00e9quilibrage des march\u00e9s \u00e9mergents - Francais","isPartOf":{"@id":"https:\/\/bondvigilantes.com\/francais\/#website"},"datePublished":"2014-04-10T10:53:34+00:00","dateModified":"2023-08-15T10:38:18+00:00","author":{"@id":"https:\/\/bondvigilantes.com\/francais\/#\/schema\/person\/3a0912d22f4a2dc25a49a45bf4e42998"},"description":"Au cours des 12 derniers mois, les investisseurs ont chang\u00e9 d\u2019attitude \u00e0 l\u2019\u00e9gard des obligations des march\u00e9s \u00e9mergents, l\u2019optimisme affich\u00e9 jusqu\u2019alors","breadcrumb":{"@id":"https:\/\/bondvigilantes.com\/francais\/2014\/04\/lexercice-de-reequilibrage-des-marches-emergents\/#breadcrumb"},"inLanguage":"fr-FR","potentialAction":[{"@type":"ReadAction","target":["https:\/\/bondvigilantes.com\/francais\/2014\/04\/lexercice-de-reequilibrage-des-marches-emergents\/"]}]},{"@type":"BreadcrumbList","@id":"https:\/\/bondvigilantes.com\/francais\/2014\/04\/lexercice-de-reequilibrage-des-marches-emergents\/#breadcrumb","itemListElement":[{"@type":"ListItem","position":1,"name":"Accueil","item":"https:\/\/bondvigilantes.com\/francais\/"},{"@type":"ListItem","position":2,"name":"L\u2019exercice de r\u00e9\u00e9quilibrage des march\u00e9s \u00e9mergents"}]},{"@type":"WebSite","@id":"https:\/\/bondvigilantes.com\/francais\/#website","url":"https:\/\/bondvigilantes.com\/francais\/","name":"Francais","description":"M&amp;G","potentialAction":[{"@type":"SearchAction","target":{"@type":"EntryPoint","urlTemplate":"https:\/\/bondvigilantes.com\/francais\/?s={search_term_string}"},"query-input":{"@type":"PropertyValueSpecification","valueRequired":true,"valueName":"search_term_string"}}],"inLanguage":"fr-FR"},{"@type":"Person","@id":"https:\/\/bondvigilantes.com\/francais\/#\/schema\/person\/3a0912d22f4a2dc25a49a45bf4e42998","name":"Claudia Calich","image":{"@type":"ImageObject","inLanguage":"fr-FR","@id":"https:\/\/secure.gravatar.com\/avatar\/ce94407cc4621826514ca38d4b6ecd24f285f7861f846be948814df28c5545e1?s=96&d=mm&r=g","url":"https:\/\/secure.gravatar.com\/avatar\/ce94407cc4621826514ca38d4b6ecd24f285f7861f846be948814df28c5545e1?s=96&d=mm&r=g","contentUrl":"https:\/\/secure.gravatar.com\/avatar\/ce94407cc4621826514ca38d4b6ecd24f285f7861f846be948814df28c5545e1?s=96&d=mm&r=g","caption":"Claudia Calich"},"url":"https:\/\/bondvigilantes.com\/francais\/author\/claudiacalich\/"}]}},"_links":{"self":[{"href":"https:\/\/bondvigilantes.com\/francais\/wp-json\/wp\/v2\/posts\/227","targetHints":{"allow":["GET"]}}],"collection":[{"href":"https:\/\/bondvigilantes.com\/francais\/wp-json\/wp\/v2\/posts"}],"about":[{"href":"https:\/\/bondvigilantes.com\/francais\/wp-json\/wp\/v2\/types\/post"}],"author":[{"embeddable":true,"href":"https:\/\/bondvigilantes.com\/francais\/wp-json\/wp\/v2\/users\/90"}],"replies":[{"embeddable":true,"href":"https:\/\/bondvigilantes.com\/francais\/wp-json\/wp\/v2\/comments?post=227"}],"version-history":[{"count":0,"href":"https:\/\/bondvigilantes.com\/francais\/wp-json\/wp\/v2\/posts\/227\/revisions"}],"wp:attachment":[{"href":"https:\/\/bondvigilantes.com\/francais\/wp-json\/wp\/v2\/media?parent=227"}],"wp:term":[{"taxonomy":"category","embeddable":true,"href":"https:\/\/bondvigilantes.com\/francais\/wp-json\/wp\/v2\/categories?post=227"},{"taxonomy":"post_tag","embeddable":true,"href":"https:\/\/bondvigilantes.com\/francais\/wp-json\/wp\/v2\/tags?post=227"}],"curies":[{"name":"wp","href":"https:\/\/api.w.org\/{rel}","templated":true}]}}