{"id":2597,"date":"2017-09-26T09:23:02","date_gmt":"2017-09-26T09:23:02","guid":{"rendered":"https:\/\/www.bondvigilantes.com\/francais\/?p=2597"},"modified":"2017-09-26T16:00:00","modified_gmt":"2017-09-26T16:00:00","slug":"angela-merkels-pyrrhic-victory","status":"publish","type":"post","link":"https:\/\/bondvigilantes.com\/francais\/2017\/09\/angela-merkels-pyrrhic-victory\/","title":{"rendered":"Une victoire en demi-teinte pour Angela Merkel"},"content":{"rendered":"<p>Et on dit que les \u00e9lections allemandes sont ennuyeuses&#8230; \u00c0 la lumi\u00e8re des r\u00e9sultats provisoires, voici selon nous les points importants \u00e0 retenir.<\/p>\n<p><strong>(1) Un quatri\u00e8me mandat pour Angela Merkel<\/strong><\/p>\n<p>Commen\u00e7ons par le d\u00e9but\u00a0: Angela Merkel a remport\u00e9 les \u00e9lections. Le CDU et son parti-fr\u00e8re bavarois, le CSU, restent majoritaires au Bundestag (33\u00a0% des voix en cumul\u00e9). Tout semble indiquer que la chanceli\u00e8re s\u2019appr\u00eate \u00e0 effectuer un quatri\u00e8me mandat. Ce n\u2019est \u00e9videmment pas surprenant compte tenu de la vigueur de l\u2019\u00e9conomie allemande. Le taux de ch\u00f4mage a \u00e9t\u00e9 divis\u00e9 par deux depuis sa premi\u00e8re prise de fonction en novembre\u00a02005, et la croissance du PIB d\u00e9passe les 2\u00a0%.<\/p>\n<p><a href=\"https:\/\/bondvigilantes.com\/wp-content\/uploads\/sites\/4\/2021\/12\/Taux-de-chomage.png\" data-rel=\"lightbox-gallery-Q6FXfHHS\" data-rl_title=\"\" data-rl_caption=\"\" title=\"\"><img loading=\"lazy\" decoding=\"async\" class=\"aligncenter size-full wp-image-2601\" src=\"https:\/\/bondvigilantes.com\/wp-content\/uploads\/sites\/4\/2021\/12\/Taux-de-chomage.png\" alt=\"Taux de ch\u00f4mage et croissance du PIB r\u00e9el en Allemagne\" width=\"960\" height=\"720\" srcset=\"https:\/\/bondvigilantes.com\/francais\/wp-content\/uploads\/sites\/4\/2021\/12\/Taux-de-chomage.png 960w, https:\/\/bondvigilantes.com\/francais\/wp-content\/uploads\/sites\/4\/2021\/12\/Taux-de-chomage-300x225.png 300w, https:\/\/bondvigilantes.com\/francais\/wp-content\/uploads\/sites\/4\/2021\/12\/Taux-de-chomage-768x576.png 768w\" sizes=\"auto, (max-width: 960px) 100vw, 960px\" \/><\/a><\/p>\n<p>Pour autant, ce n\u2019est pas le plus important. Le score du CDU\/CSU a nettement r\u00e9gress\u00e9 (de 8,5\u00a0% par rapport aux \u00e9lections de 2013), ce qui est d\u2019autant plus d\u00e9cevant que le contexte \u00e9conomique solide aurait pourtant d\u00fb jouer en faveur d\u2019Angela Merkel en tant que chanceli\u00e8re sortante. Deux facteurs sont susceptibles d\u2019avoir jou\u00e9 un r\u00f4le d\u00e9terminant\u00a0: \u00ab\u00a0la lassitude d\u2019Angela Merkel\u00a0\u00bb \u2013 apr\u00e8s douze ans au pouvoir, de nombreux \u00e9lecteurs ont sans doute pens\u00e9 qu\u2019il \u00e9tait temps pour elle de passer la main. De plus, sa gestion de la crise des r\u00e9fugi\u00e9s\/migrants a frustr\u00e9 une partie des \u00e9lecteurs les plus conservateurs de la sph\u00e8re politique.<\/p>\n<p><strong>(2) Le jeu des coalitions<\/strong><\/p>\n<p>Le partenaire actuel d\u2019Angela Merkel au sein de la coalition a \u00e9galement connu une soir\u00e9e difficile. Le SPD n\u2019a obtenu que 20,5\u00a0% des suffrages, ce qui constitue son score historique le plus faible. Ses responsables ont rapidement rejet\u00e9 l\u2019id\u00e9e d\u2019une prolongation de la \u00ab\u00a0grande coalition\u00a0\u00bb avec le CDU\/CSU d\u2019Angela Merkel. Cela ob\u00e9it \u00e9videmment \u00e0 une certaine logique. Les deux principales forces politiques du pays \u2013 le CDU\/CSU et le SPD \u2013 sont en proie \u00e0 d\u2019importantes difficult\u00e9s, ce qui ne facilite gu\u00e8re le statu\u00a0quo. Se poser en v\u00e9ritable leader de l\u2019opposition pourrait permettre au SPD de constituer une alternative cr\u00e9dible au CDU\/CSU lors du prochain scrutin. L\u2019avenir nous dira si le parti de centre gauche souhaite r\u00e9ellement renoncer \u00e0 gouverner et quitter la coalition ou s\u2019il fait seulement preuve de fermet\u00e9 afin de renforcer son pouvoir de n\u00e9gociation en vue des discussions concernant une future coalition.<\/p>\n<p>La seule autre alternative r\u00e9aliste \u00e0 la \u00ab\u00a0grande coalition\u00a0\u00bb serait une \u00ab\u00a0coalition jama\u00efcaine\u00a0\u00bb entre le CDU\/CSU, le FDP et le parti des Verts, que l\u2019on surnomme ainsi en raison des couleurs embl\u00e9matiques des partis concern\u00e9s qui correspondent \u00e0 celles du drapeau jama\u00efcain (noir, jaune et vert). Ce mod\u00e8le de coalition a d\u00e9j\u00e0 exist\u00e9 au sein des parlements r\u00e9gionaux, comme c\u2019est actuellement le cas dans l\u2019\u00c9tat du Schleswig-Holsteinn, mais il existe assur\u00e9ment des obstacles majeurs \u00e0 l\u2019\u00e9chelon f\u00e9d\u00e9ral. Les Verts pr\u00e9sentent des divergences id\u00e9ologiques avec les lib\u00e9raux du FDP (notamment sur la politique \u00e9conomique ou les r\u00e9formes fiscales) et l\u2019aile conservatrice du CDU\/CSU (sur la politique d\u2019immigration, les questions sociales, etc.). Une telle coalition pourrait entra\u00eener une certaine instabilit\u00e9 et des luttes intestines.<\/p>\n<p>Quel que soit le mod\u00e8le que choisira le CDU, les n\u00e9gociations seront ardues et pourraient durer un certain temps. Il est certain que cela fragilise la position d\u2019Angela Merkel \u00e0 la fois en Allemagne et sur la sc\u00e8ne internationale. Le pr\u00e9sident fran\u00e7ais Emmanuel Macron pourrait m\u00eame lui disputer le leadership officieux de l\u2019UE. Si ce dernier est capable de saisir cette opportunit\u00e9, cela pourrait encourager la mutualisation de la dette de la zone euro et la cr\u00e9ation d\u2019un minist\u00e8re des Finances europ\u00e9en, au moins \u00e0 moyen terme. Les rumeurs au sujet du projet d\u2019Angela Merkel de placer Jens Weidmann, l\u2019actuel pr\u00e9sident de la Bundesbank, au poste de pr\u00e9sident de la BCE au terme du mandat de Mario Draghi en 2019 semblent d\u00e9sormais moins r\u00e9alistes. En revanche, cela augmente les chances de voir la BCE poursuivre sa politique expansionniste.<\/p>\n<p><strong>(3) Le retour en force du populisme<\/strong><\/p>\n<p>L\u2019un des r\u00e9sultats les plus frappants de ces \u00e9lections est certainement le score significatif des nationalistes d\u2019extr\u00eame-droite d\u2019AfD (12,6\u00a0%). Non seulement l\u2019AfD fait son entr\u00e9e au Bundestag pour la premi\u00e8re fois, mais il devient directement la troisi\u00e8me formation la plus repr\u00e9sent\u00e9e. Si la grande coalition devait se perp\u00e9tuer \u2013 ce qui n\u2019est pas totalement exclu \u00e0 ce stade \u2013 l\u2019AfD deviendrait de facto le leader de l\u2019opposition. Si ce r\u00e9sultat est marquant, \u00e0 tout le moins, les cons\u00e9quences politiques directes devraient \u00eatre insignifiantes. Aucun parti ne souhaitera former de coalition avec l\u2019AfD, et ses repr\u00e9sentants au parlement seront vraisemblablement trait\u00e9s comme des parias au sens politique. C\u2019est ce qui s\u2019est d\u00e9j\u00e0 produit plusieurs fois par le pass\u00e9 au sein des parlements r\u00e9gionaux.<\/p>\n<p>Je pense toutefois que le succ\u00e8s \u00e9lectoral de l\u2019AfD pourrait avoir deux cons\u00e9quences indirectes importantes. Premi\u00e8rement, la pression sur Angela Merkel devrait s\u2019accro\u00eetre en Allemagne, en particulier au sein de son propre parti, concernant les changements d\u2019ordre politique. Pour des raisons \u00e9videntes, le fait de limiter la mont\u00e9e des mouvements nationalistes d\u2019extr\u00eame-droite constituait jusqu\u2019\u00e0 pr\u00e9sent un principe essentiel au sein de la sph\u00e8re politique allemande. Ce principe a vol\u00e9 en \u00e9clats hier soir apr\u00e8s le score \u00e0 deux chiffres r\u00e9alis\u00e9 par l\u2019AfD \u2013 sous le nez d\u2019Angela Merkel. Jusqu\u2019ici, la chanceli\u00e8re s\u2019\u00e9tait montr\u00e9e soucieuse de reconsid\u00e9rer des positions d\u00e9fendues de longue date (sur l\u2019\u00e9nergie nucl\u00e9aire, le salaire minimum, le mariage homosexuel, etc.) lorsqu\u2019elle sentait que l\u2019opinion publique \u00e9voluait sur ces sujets. Elle pourrait \u00e0 nouveau changer de strat\u00e9gie afin de reconqu\u00e9rir des \u00e9lecteurs aupr\u00e8s de l\u2019AfD, en adoptant un discours plus conservateur et une position plus stricte sur des th\u00e8mes comme l\u2019immigration, la centralisation des institutions europ\u00e9ennes, etc.<\/p>\n<p>Deuxi\u00e8mement, le succ\u00e8s de l\u2019AfD lors du scrutin de ce week-end pourrait remettre en question les certitudes r\u00e9pandues, en particulier depuis les \u00e9lections aux Pays-bas et en France, selon lesquelles le populisme eurosceptique est sur le d\u00e9clin. Cela pourrait avoir des cons\u00e9quences sur les march\u00e9s, qui ont vraisemblablement rel\u00e2ch\u00e9 quelque peu leur vigilance \u00e0 cet \u00e9gard. L\u2019euro, qui n\u2019a cess\u00e9 de s\u2019appr\u00e9cier ces derniers mois, pourrait \u00eatre mis sous pression. Les primes de risque relatives aux \u00e9missions souveraines et aux obligations d\u2019entreprises des pays p\u00e9riph\u00e9riques, qui s\u2019\u00e9taient repli\u00e9es, pourraient s\u2019appr\u00e9cier de nouveau compte tenu de l\u2019actualit\u00e9 politique \u00e0 venir (en l\u2019occurrence le r\u00e9f\u00e9rendum sur l\u2019ind\u00e9pendance de la Catalogne et les \u00e9ch\u00e9ances \u00e9lectorales en Autriche et en Italie).<\/p>\n<p><a href=\"https:\/\/bondvigilantes.com\/wp-content\/uploads\/sites\/4\/2021\/12\/Indice-de-leuro.png\" data-rel=\"lightbox-gallery-Q6FXfHHS\" data-rl_title=\"\" data-rl_caption=\"\" title=\"\"><img loading=\"lazy\" decoding=\"async\" class=\"aligncenter size-full wp-image-2602\" src=\"https:\/\/bondvigilantes.com\/wp-content\/uploads\/sites\/4\/2021\/12\/Indice-de-leuro.png\" alt=\"Indice de l\u2019euro pond\u00e9r\u00e9 par les \u00e9changes\" width=\"960\" height=\"720\" srcset=\"https:\/\/bondvigilantes.com\/francais\/wp-content\/uploads\/sites\/4\/2021\/12\/Indice-de-leuro.png 960w, https:\/\/bondvigilantes.com\/francais\/wp-content\/uploads\/sites\/4\/2021\/12\/Indice-de-leuro-300x225.png 300w, https:\/\/bondvigilantes.com\/francais\/wp-content\/uploads\/sites\/4\/2021\/12\/Indice-de-leuro-768x576.png 768w\" sizes=\"auto, (max-width: 960px) 100vw, 960px\" \/><\/a><\/p>\n<p>&nbsp;<\/p>\n<p><a href=\"https:\/\/bondvigilantes.com\/wp-content\/uploads\/sites\/4\/2021\/12\/Primes-de-risque-des-emprunts.png\" data-rel=\"lightbox-gallery-Q6FXfHHS\" data-rl_title=\"\" data-rl_caption=\"\" title=\"\"><img loading=\"lazy\" decoding=\"async\" class=\"aligncenter size-full wp-image-2600\" src=\"https:\/\/bondvigilantes.com\/wp-content\/uploads\/sites\/4\/2021\/12\/Primes-de-risque-des-emprunts.png\" alt=\"Primes de risque des emprunts d\u2019\u00c9tat p\u00e9riph\u00e9riques\" width=\"960\" height=\"720\" srcset=\"https:\/\/bondvigilantes.com\/francais\/wp-content\/uploads\/sites\/4\/2021\/12\/Primes-de-risque-des-emprunts.png 960w, https:\/\/bondvigilantes.com\/francais\/wp-content\/uploads\/sites\/4\/2021\/12\/Primes-de-risque-des-emprunts-300x225.png 300w, https:\/\/bondvigilantes.com\/francais\/wp-content\/uploads\/sites\/4\/2021\/12\/Primes-de-risque-des-emprunts-768x576.png 768w\" sizes=\"auto, (max-width: 960px) 100vw, 960px\" \/><\/a><\/p>\n","protected":false},"excerpt":{"rendered":"<p>Et on dit que les \u00e9lections allemandes sont ennuyeuses&#8230; \u00c0 la lumi\u00e8re des r\u00e9sultats provisoires, voici selon nous les points importants \u00e0 retenir. (1) Un quatri\u00e8me mandat pour Angela Merkel Commen\u00e7ons par le d\u00e9but\u00a0: Angela Merkel a remport\u00e9 les \u00e9lections. Le CDU et son parti-fr\u00e8re bavarois, le CSU, restent majoritaires au Bundestag (33\u00a0% des voix en cumul\u00e9). Tout semble indiquer que la chanceli\u00e8re s\u2019appr\u00eate \u00e0 effectuer un quatri\u00e8me mandat. Ce n\u2019est \u00e9videmment pas surprenant compte tenu de la vigueur de l\u2019\u00e9conomie allemande. Le taux de&#8230;<\/p>\n","protected":false},"author":85,"featured_media":2601,"comment_status":"open","ping_status":"open","sticky":false,"template":"","format":"standard","meta":{"_acf_changed":false,"footnotes":""},"categories":[8],"tags":[50],"class_list":["post-2597","post","type-post","status-publish","format-standard","has-post-thumbnail","hentry","category-macroeconomie-et-politique","tag-zone-euro"],"acf":[],"yoast_head":"<!-- This site is optimized with the Yoast SEO Premium plugin v25.8 (Yoast SEO v27.4) - https:\/\/yoast.com\/product\/yoast-seo-premium-wordpress\/ -->\n<title>Une victoire en demi-teinte pour Angela Merkel - Francais<\/title>\n<meta name=\"description\" content=\"Et on dit que les \u00e9lections allemandes sont ennuyeuses... \u00c0 la lumi\u00e8re des r\u00e9sultats provisoires, voici selon nous les points importants \u00e0 retenir. (1) Un\" \/>\n<meta name=\"robots\" content=\"index, follow, max-snippet:-1, max-image-preview:large, max-video-preview:-1\" \/>\n<link rel=\"canonical\" href=\"https:\/\/bondvigilantes.com\/francais\/2017\/09\/angela-merkels-pyrrhic-victory\/\" \/>\n<meta name=\"twitter:label1\" content=\"Written by\" \/>\n\t<meta name=\"twitter:data1\" content=\"Wolfgang Bauer\" \/>\n\t<meta name=\"twitter:label2\" content=\"Est. reading time\" \/>\n\t<meta name=\"twitter:data2\" content=\"6 minutes\" \/>\n<script type=\"application\/ld+json\" class=\"yoast-schema-graph\">{\"@context\":\"https:\\\/\\\/schema.org\",\"@graph\":[{\"@type\":\"Article\",\"@id\":\"https:\\\/\\\/bondvigilantes.com\\\/francais\\\/2017\\\/09\\\/angela-merkels-pyrrhic-victory\\\/#article\",\"isPartOf\":{\"@id\":\"https:\\\/\\\/bondvigilantes.com\\\/francais\\\/2017\\\/09\\\/angela-merkels-pyrrhic-victory\\\/\"},\"author\":{\"name\":\"Wolfgang Bauer\",\"@id\":\"https:\\\/\\\/bondvigilantes.com\\\/francais\\\/#\\\/schema\\\/person\\\/9c7e5af2cd398614a69442588f7066ea\"},\"headline\":\"Une victoire en demi-teinte pour Angela Merkel\",\"datePublished\":\"2017-09-26T09:23:02+00:00\",\"dateModified\":\"2017-09-26T16:00:00+00:00\",\"mainEntityOfPage\":{\"@id\":\"https:\\\/\\\/bondvigilantes.com\\\/francais\\\/2017\\\/09\\\/angela-merkels-pyrrhic-victory\\\/\"},\"wordCount\":1180,\"commentCount\":0,\"image\":{\"@id\":\"https:\\\/\\\/bondvigilantes.com\\\/francais\\\/2017\\\/09\\\/angela-merkels-pyrrhic-victory\\\/#primaryimage\"},\"thumbnailUrl\":\"https:\\\/\\\/bondvigilantes.com\\\/francais\\\/wp-content\\\/uploads\\\/sites\\\/4\\\/2021\\\/12\\\/Taux-de-chomage.png\",\"keywords\":[\"zone Euro\"],\"articleSection\":[\"macro\u00e9conomie et politique\"],\"inLanguage\":\"fr-FR\",\"potentialAction\":[{\"@type\":\"CommentAction\",\"name\":\"Comment\",\"target\":[\"https:\\\/\\\/bondvigilantes.com\\\/francais\\\/2017\\\/09\\\/angela-merkels-pyrrhic-victory\\\/#respond\"]}]},{\"@type\":\"WebPage\",\"@id\":\"https:\\\/\\\/bondvigilantes.com\\\/francais\\\/2017\\\/09\\\/angela-merkels-pyrrhic-victory\\\/\",\"url\":\"https:\\\/\\\/bondvigilantes.com\\\/francais\\\/2017\\\/09\\\/angela-merkels-pyrrhic-victory\\\/\",\"name\":\"Une victoire en demi-teinte pour Angela Merkel - Francais\",\"isPartOf\":{\"@id\":\"https:\\\/\\\/bondvigilantes.com\\\/francais\\\/#website\"},\"primaryImageOfPage\":{\"@id\":\"https:\\\/\\\/bondvigilantes.com\\\/francais\\\/2017\\\/09\\\/angela-merkels-pyrrhic-victory\\\/#primaryimage\"},\"image\":{\"@id\":\"https:\\\/\\\/bondvigilantes.com\\\/francais\\\/2017\\\/09\\\/angela-merkels-pyrrhic-victory\\\/#primaryimage\"},\"thumbnailUrl\":\"https:\\\/\\\/bondvigilantes.com\\\/francais\\\/wp-content\\\/uploads\\\/sites\\\/4\\\/2021\\\/12\\\/Taux-de-chomage.png\",\"datePublished\":\"2017-09-26T09:23:02+00:00\",\"dateModified\":\"2017-09-26T16:00:00+00:00\",\"author\":{\"@id\":\"https:\\\/\\\/bondvigilantes.com\\\/francais\\\/#\\\/schema\\\/person\\\/9c7e5af2cd398614a69442588f7066ea\"},\"description\":\"Et on dit que les \u00e9lections allemandes sont ennuyeuses... \u00c0 la lumi\u00e8re des r\u00e9sultats provisoires, voici selon nous les points importants \u00e0 retenir. (1) Un\",\"breadcrumb\":{\"@id\":\"https:\\\/\\\/bondvigilantes.com\\\/francais\\\/2017\\\/09\\\/angela-merkels-pyrrhic-victory\\\/#breadcrumb\"},\"inLanguage\":\"fr-FR\",\"potentialAction\":[{\"@type\":\"ReadAction\",\"target\":[\"https:\\\/\\\/bondvigilantes.com\\\/francais\\\/2017\\\/09\\\/angela-merkels-pyrrhic-victory\\\/\"]}]},{\"@type\":\"ImageObject\",\"inLanguage\":\"fr-FR\",\"@id\":\"https:\\\/\\\/bondvigilantes.com\\\/francais\\\/2017\\\/09\\\/angela-merkels-pyrrhic-victory\\\/#primaryimage\",\"url\":\"https:\\\/\\\/bondvigilantes.com\\\/francais\\\/wp-content\\\/uploads\\\/sites\\\/4\\\/2021\\\/12\\\/Taux-de-chomage.png\",\"contentUrl\":\"https:\\\/\\\/bondvigilantes.com\\\/francais\\\/wp-content\\\/uploads\\\/sites\\\/4\\\/2021\\\/12\\\/Taux-de-chomage.png\",\"width\":960,\"height\":720,\"caption\":\"Taux de ch\u00f4mage et croissance du PIB r\u00e9el en Allemagne\"},{\"@type\":\"BreadcrumbList\",\"@id\":\"https:\\\/\\\/bondvigilantes.com\\\/francais\\\/2017\\\/09\\\/angela-merkels-pyrrhic-victory\\\/#breadcrumb\",\"itemListElement\":[{\"@type\":\"ListItem\",\"position\":1,\"name\":\"Accueil\",\"item\":\"https:\\\/\\\/bondvigilantes.com\\\/francais\\\/\"},{\"@type\":\"ListItem\",\"position\":2,\"name\":\"Une victoire en demi-teinte pour Angela Merkel\"}]},{\"@type\":\"WebSite\",\"@id\":\"https:\\\/\\\/bondvigilantes.com\\\/francais\\\/#website\",\"url\":\"https:\\\/\\\/bondvigilantes.com\\\/francais\\\/\",\"name\":\"Francais\",\"description\":\"M&amp;G\",\"potentialAction\":[{\"@type\":\"SearchAction\",\"target\":{\"@type\":\"EntryPoint\",\"urlTemplate\":\"https:\\\/\\\/bondvigilantes.com\\\/francais\\\/?s={search_term_string}\"},\"query-input\":{\"@type\":\"PropertyValueSpecification\",\"valueRequired\":true,\"valueName\":\"search_term_string\"}}],\"inLanguage\":\"fr-FR\"},{\"@type\":\"Person\",\"@id\":\"https:\\\/\\\/bondvigilantes.com\\\/francais\\\/#\\\/schema\\\/person\\\/9c7e5af2cd398614a69442588f7066ea\",\"name\":\"Wolfgang Bauer\",\"image\":{\"@type\":\"ImageObject\",\"inLanguage\":\"fr-FR\",\"@id\":\"https:\\\/\\\/secure.gravatar.com\\\/avatar\\\/861e3a05ad2cd51e156d4301f75a1984d51701715c3016d8cc243b3dfb83c401?s=96&d=mm&r=g\",\"url\":\"https:\\\/\\\/secure.gravatar.com\\\/avatar\\\/861e3a05ad2cd51e156d4301f75a1984d51701715c3016d8cc243b3dfb83c401?s=96&d=mm&r=g\",\"contentUrl\":\"https:\\\/\\\/secure.gravatar.com\\\/avatar\\\/861e3a05ad2cd51e156d4301f75a1984d51701715c3016d8cc243b3dfb83c401?s=96&d=mm&r=g\",\"caption\":\"Wolfgang Bauer\"},\"url\":\"https:\\\/\\\/bondvigilantes.com\\\/francais\\\/author\\\/wolfgangbauer\\\/\"}]}<\/script>\n<!-- \/ Yoast SEO Premium plugin. -->","yoast_head_json":{"title":"Une victoire en demi-teinte pour Angela Merkel - Francais","description":"Et on dit que les \u00e9lections allemandes sont ennuyeuses... \u00c0 la lumi\u00e8re des r\u00e9sultats provisoires, voici selon nous les points importants \u00e0 retenir. (1) Un","robots":{"index":"index","follow":"follow","max-snippet":"max-snippet:-1","max-image-preview":"max-image-preview:large","max-video-preview":"max-video-preview:-1"},"canonical":"https:\/\/bondvigilantes.com\/francais\/2017\/09\/angela-merkels-pyrrhic-victory\/","twitter_misc":{"Written by":"Wolfgang Bauer","Est. reading time":"6 minutes"},"schema":{"@context":"https:\/\/schema.org","@graph":[{"@type":"Article","@id":"https:\/\/bondvigilantes.com\/francais\/2017\/09\/angela-merkels-pyrrhic-victory\/#article","isPartOf":{"@id":"https:\/\/bondvigilantes.com\/francais\/2017\/09\/angela-merkels-pyrrhic-victory\/"},"author":{"name":"Wolfgang Bauer","@id":"https:\/\/bondvigilantes.com\/francais\/#\/schema\/person\/9c7e5af2cd398614a69442588f7066ea"},"headline":"Une victoire en demi-teinte pour Angela Merkel","datePublished":"2017-09-26T09:23:02+00:00","dateModified":"2017-09-26T16:00:00+00:00","mainEntityOfPage":{"@id":"https:\/\/bondvigilantes.com\/francais\/2017\/09\/angela-merkels-pyrrhic-victory\/"},"wordCount":1180,"commentCount":0,"image":{"@id":"https:\/\/bondvigilantes.com\/francais\/2017\/09\/angela-merkels-pyrrhic-victory\/#primaryimage"},"thumbnailUrl":"https:\/\/bondvigilantes.com\/francais\/wp-content\/uploads\/sites\/4\/2021\/12\/Taux-de-chomage.png","keywords":["zone Euro"],"articleSection":["macro\u00e9conomie et politique"],"inLanguage":"fr-FR","potentialAction":[{"@type":"CommentAction","name":"Comment","target":["https:\/\/bondvigilantes.com\/francais\/2017\/09\/angela-merkels-pyrrhic-victory\/#respond"]}]},{"@type":"WebPage","@id":"https:\/\/bondvigilantes.com\/francais\/2017\/09\/angela-merkels-pyrrhic-victory\/","url":"https:\/\/bondvigilantes.com\/francais\/2017\/09\/angela-merkels-pyrrhic-victory\/","name":"Une victoire en demi-teinte pour Angela Merkel - Francais","isPartOf":{"@id":"https:\/\/bondvigilantes.com\/francais\/#website"},"primaryImageOfPage":{"@id":"https:\/\/bondvigilantes.com\/francais\/2017\/09\/angela-merkels-pyrrhic-victory\/#primaryimage"},"image":{"@id":"https:\/\/bondvigilantes.com\/francais\/2017\/09\/angela-merkels-pyrrhic-victory\/#primaryimage"},"thumbnailUrl":"https:\/\/bondvigilantes.com\/francais\/wp-content\/uploads\/sites\/4\/2021\/12\/Taux-de-chomage.png","datePublished":"2017-09-26T09:23:02+00:00","dateModified":"2017-09-26T16:00:00+00:00","author":{"@id":"https:\/\/bondvigilantes.com\/francais\/#\/schema\/person\/9c7e5af2cd398614a69442588f7066ea"},"description":"Et on dit que les \u00e9lections allemandes sont ennuyeuses... \u00c0 la lumi\u00e8re des r\u00e9sultats provisoires, voici selon nous les points importants \u00e0 retenir. (1) Un","breadcrumb":{"@id":"https:\/\/bondvigilantes.com\/francais\/2017\/09\/angela-merkels-pyrrhic-victory\/#breadcrumb"},"inLanguage":"fr-FR","potentialAction":[{"@type":"ReadAction","target":["https:\/\/bondvigilantes.com\/francais\/2017\/09\/angela-merkels-pyrrhic-victory\/"]}]},{"@type":"ImageObject","inLanguage":"fr-FR","@id":"https:\/\/bondvigilantes.com\/francais\/2017\/09\/angela-merkels-pyrrhic-victory\/#primaryimage","url":"https:\/\/bondvigilantes.com\/francais\/wp-content\/uploads\/sites\/4\/2021\/12\/Taux-de-chomage.png","contentUrl":"https:\/\/bondvigilantes.com\/francais\/wp-content\/uploads\/sites\/4\/2021\/12\/Taux-de-chomage.png","width":960,"height":720,"caption":"Taux de ch\u00f4mage et croissance du PIB r\u00e9el en Allemagne"},{"@type":"BreadcrumbList","@id":"https:\/\/bondvigilantes.com\/francais\/2017\/09\/angela-merkels-pyrrhic-victory\/#breadcrumb","itemListElement":[{"@type":"ListItem","position":1,"name":"Accueil","item":"https:\/\/bondvigilantes.com\/francais\/"},{"@type":"ListItem","position":2,"name":"Une victoire en demi-teinte pour Angela Merkel"}]},{"@type":"WebSite","@id":"https:\/\/bondvigilantes.com\/francais\/#website","url":"https:\/\/bondvigilantes.com\/francais\/","name":"Francais","description":"M&amp;G","potentialAction":[{"@type":"SearchAction","target":{"@type":"EntryPoint","urlTemplate":"https:\/\/bondvigilantes.com\/francais\/?s={search_term_string}"},"query-input":{"@type":"PropertyValueSpecification","valueRequired":true,"valueName":"search_term_string"}}],"inLanguage":"fr-FR"},{"@type":"Person","@id":"https:\/\/bondvigilantes.com\/francais\/#\/schema\/person\/9c7e5af2cd398614a69442588f7066ea","name":"Wolfgang Bauer","image":{"@type":"ImageObject","inLanguage":"fr-FR","@id":"https:\/\/secure.gravatar.com\/avatar\/861e3a05ad2cd51e156d4301f75a1984d51701715c3016d8cc243b3dfb83c401?s=96&d=mm&r=g","url":"https:\/\/secure.gravatar.com\/avatar\/861e3a05ad2cd51e156d4301f75a1984d51701715c3016d8cc243b3dfb83c401?s=96&d=mm&r=g","contentUrl":"https:\/\/secure.gravatar.com\/avatar\/861e3a05ad2cd51e156d4301f75a1984d51701715c3016d8cc243b3dfb83c401?s=96&d=mm&r=g","caption":"Wolfgang Bauer"},"url":"https:\/\/bondvigilantes.com\/francais\/author\/wolfgangbauer\/"}]}},"_links":{"self":[{"href":"https:\/\/bondvigilantes.com\/francais\/wp-json\/wp\/v2\/posts\/2597","targetHints":{"allow":["GET"]}}],"collection":[{"href":"https:\/\/bondvigilantes.com\/francais\/wp-json\/wp\/v2\/posts"}],"about":[{"href":"https:\/\/bondvigilantes.com\/francais\/wp-json\/wp\/v2\/types\/post"}],"author":[{"embeddable":true,"href":"https:\/\/bondvigilantes.com\/francais\/wp-json\/wp\/v2\/users\/85"}],"replies":[{"embeddable":true,"href":"https:\/\/bondvigilantes.com\/francais\/wp-json\/wp\/v2\/comments?post=2597"}],"version-history":[{"count":0,"href":"https:\/\/bondvigilantes.com\/francais\/wp-json\/wp\/v2\/posts\/2597\/revisions"}],"wp:featuredmedia":[{"embeddable":true,"href":"https:\/\/bondvigilantes.com\/francais\/wp-json\/wp\/v2\/media\/2601"}],"wp:attachment":[{"href":"https:\/\/bondvigilantes.com\/francais\/wp-json\/wp\/v2\/media?parent=2597"}],"wp:term":[{"taxonomy":"category","embeddable":true,"href":"https:\/\/bondvigilantes.com\/francais\/wp-json\/wp\/v2\/categories?post=2597"},{"taxonomy":"post_tag","embeddable":true,"href":"https:\/\/bondvigilantes.com\/francais\/wp-json\/wp\/v2\/tags?post=2597"}],"curies":[{"name":"wp","href":"https:\/\/api.w.org\/{rel}","templated":true}]}}