{"id":4089,"date":"2020-08-14T12:45:00","date_gmt":"2020-08-14T12:45:00","guid":{"rendered":"https:\/\/www.bondvigilantes.com\/francais\/?p=4089"},"modified":"2021-12-06T13:42:25","modified_gmt":"2021-12-06T13:42:25","slug":"le-fonds-de-relance-de-lue-va-t-il-redynamiser-le-marche-des-obligations-vertes","status":"publish","type":"post","link":"https:\/\/bondvigilantes.com\/francais\/2020\/08\/le-fonds-de-relance-de-lue-va-t-il-redynamiser-le-marche-des-obligations-vertes\/","title":{"rendered":"Le fonds de relance de l\u2019UE va-t-il redynamiser le march\u00e9 des obligations vertes ?"},"content":{"rendered":"\r\n<p>Le fonds de relance de 750 milliards d\u2019euros peut \u00eatre consid\u00e9r\u00e9 comme une avanc\u00e9e politique majeure pour l\u2019UE. Il s\u2019agit \u00e9galement d&rsquo;une bonne nouvelle pour les investisseurs car ce plan permettra de r\u00e9duire le risque d&rsquo;un \u00e9clatement du bloc, dans le sillage de la pand\u00e9mie de Covid-19.<\/p>\r\n\r\n\r\n\r\n<p>Il a aussi \u00e9t\u00e9 salu\u00e9 par les investisseurs soucieux de l\u2019environnement. En effet, il peut attribuer des ressources financi\u00e8res non seulement aux secteurs les plus mal en point mais aussi \u00e0 ceux qui n\u2019ont pas \u00e9t\u00e9 p\u00e9nalis\u00e9s directement par le virus, comme les technologies et les infrastructures vertes. On ne sait pas encore pr\u00e9cis\u00e9ment quelle part des futures \u00e9missions de l&rsquo;UE sera consacr\u00e9e aux obligations vertes, mais je ne serais pas surpris de voir les autorit\u00e9s europ\u00e9ennes mettre \u00e0 profit la flexibilit\u00e9 du plan pour tendre vers son objectif\u00a0: devenir le premier continent neutre en carbone d&rsquo;ici 2050. Cette d\u00e9marche donnerait certainement un coup de fouet bienvenu au march\u00e9 des obligations vertes, dont la croissance en glissement annuel s&rsquo;est interrompue en 2020.<\/p>\r\n\r\n\r\n\r\n<figure class=\"wp-block-image size-large\"><img loading=\"lazy\" decoding=\"async\" width=\"960\" height=\"720\" class=\"wp-image-4091\" src=\"https:\/\/bondvigilantes.com\/wp-content\/uploads\/sites\/4\/2021\/12\/1-fr-P20-08-068-Will-the-EU-Recovery-Fund-kickstart-the-green-bond-market-FR-VF.png\" alt=\"\" srcset=\"https:\/\/bondvigilantes.com\/francais\/wp-content\/uploads\/sites\/4\/2021\/12\/1-fr-P20-08-068-Will-the-EU-Recovery-Fund-kickstart-the-green-bond-market-FR-VF.png 960w, https:\/\/bondvigilantes.com\/francais\/wp-content\/uploads\/sites\/4\/2021\/12\/1-fr-P20-08-068-Will-the-EU-Recovery-Fund-kickstart-the-green-bond-market-FR-VF-300x225.png 300w, https:\/\/bondvigilantes.com\/francais\/wp-content\/uploads\/sites\/4\/2021\/12\/1-fr-P20-08-068-Will-the-EU-Recovery-Fund-kickstart-the-green-bond-market-FR-VF-768x576.png 768w\" sizes=\"auto, (max-width: 960px) 100vw, 960px\" \/><\/figure>\r\n\r\n\r\n\r\n<p><strong>Les obligations vertes pourraient devenir un actif sans risque attractif, avec un surcro\u00eet de performance<\/strong><\/p>\r\n\r\n\r\n\r\n<p>Je m\u2019attends \u00e0 ce que les obligations vertes europ\u00e9ennes suscitent un v\u00e9ritable int\u00e9r\u00eat de la part des intervenants de march\u00e9 (en fonction de leurs prix) et la demande devrait venir essentiellement des investisseurs passifs et d\u2019autres dont les mandats leur imposent de s\u2019exposer \u00e0 des actifs de grande qualit\u00e9. Ces obligations devraient \u00eatre not\u00e9es AAA et pourraient donc constituer une alternative int\u00e9ressante aux actifs sans risque existants comme les <em>bunds <\/em>allemands. Toutefois, si l&rsquo;UE va devenir un \u00e9metteur de dette important au cours des prochaines ann\u00e9es, le montant total des obligations europ\u00e9ennes en circulation ne repr\u00e9sentera encore qu&rsquo;une petite fraction des emprunts d\u2019\u00c9tat allemands existants.<\/p>\r\n\r\n\r\n\r\n<p>Je pense donc que les obligations vertes de l\u2019UE se traiteront sur la base d&rsquo;une l\u00e9g\u00e8re prime de liquidit\u00e9 par rapport aux <em>bunds<\/em>. Les obligations \u00e9mises par l\u2019UE pr\u00e9sentent \u00e9galement un risque de red\u00e9nomination, qui devrait \u00e9galement se refl\u00e9ter dans des spreads un plus \u00e9lev\u00e9s. Ces titres pourraient donc s\u00e9duire non seulement les investisseurs familiers des obligations durables mais aussi les g\u00e9rants de portefeuille en qu\u00eate d\u2019actifs sans risque offrant des rendements un peu plus \u00e9lev\u00e9s. En outre, comme la BCE aura la possibilit\u00e9 d\u2019utiliser son programme d\u2019achat d\u2019actifs pour atteindre ses objectifs \u00ab\u00a0verts\u00a0\u00bb, un facteur technique int\u00e9ressant pourrait se mat\u00e9rialiser.<\/p>\r\n\r\n\r\n\r\n<p><strong>Un catalyseur de nouvelles \u00e9missions<\/strong><\/p>\r\n\r\n\r\n\r\n<p>La mani\u00e8re dont les gouvernements d\u00e9pensent leur budget tient toujours \u00e0 des d\u00e9cisions politiques. Comme les obligations vertes r\u00e9pondent en particulier \u00e0 des questions de finance \u00e9thique et de durabilit\u00e9 \u00e0 long terme, elles pourraient contribuer \u00e0 l\u2019augmentation des niveaux d&rsquo;endettement afin de stimuler la croissance \u00e9conomique, en investissant dans des projets respectueux de l&rsquo;environnement. Je m&rsquo;attends donc \u00e0 ce que d&rsquo;autres pays rejoignent les rangs des leaders actuels du march\u00e9 des obligations vertes que sont la France, la Belgique, les Pays-Bas, le Chili et l&rsquo;Irlande. Outre l&rsquo;Allemagne, qui pr\u00e9voit d&rsquo;\u00e9mettre sa premi\u00e8re obligation verte via une op\u00e9ration de syndication en septembre prochain, l&rsquo;Espagne et le Danemark ont \u00e9galement montr\u00e9 un int\u00e9r\u00eat r\u00e9cent pour ce type de titres. Apr\u00e8s tout, les obligations vertes permettent tout \u00e0 la fois d\u2019encourager les objectifs environnementaux et de contribuer \u00e0 la relance de l\u2019\u00e9conomie.<\/p>\r\n\r\n\r\n\r\n<p>Ce dont ont besoin les investisseurs obligataires verts, c\u2019est un march\u00e9 plus diversifi\u00e9. Si l\u2019on prend en r\u00e9f\u00e9rence l\u2019indice Merrill Lynch Green Bond, on observe clairement les limites impos\u00e9es en mati\u00e8re de construction de portefeuille (cf. graphique ci-apr\u00e8s). 50\u00a0% des titres de cet indice sont not\u00e9s au minimum AA. Si l\u2019on regarde la r\u00e9partition du secteur, 49\u00a0% des \u00e9metteurs sont souverains ou quasi-souverains et ceux des services aux collectivit\u00e9s et des banques repr\u00e9sentent 21\u00a0% et 16\u00a0% de la pond\u00e9ration restante de l\u2019indice, respectivement. Il sera donc essentiel d\u2019approfondir et de diversifier encore davantage le march\u00e9. En l\u2019\u00e9tat actuel des choses, la question des profils risque\/rendement se pose encore car il est difficile de construire un portefeuille liquide et bien diversifi\u00e9 assortis d&rsquo;un risque de cr\u00e9dit suffisant uniquement \u00e0 partir d\u2019obligations vertes. Sur Bloomberg, il n\u2019existe actuellement que 55 obligations (de 36 \u00e9metteurs) avec une notation de cr\u00e9dit \u00e0 haut rendement.<\/p>\r\n\r\n\r\n\r\n<figure class=\"wp-block-image size-large\"><img loading=\"lazy\" decoding=\"async\" width=\"960\" height=\"720\" class=\"wp-image-4092\" src=\"https:\/\/bondvigilantes.com\/wp-content\/uploads\/sites\/4\/2021\/12\/2-fr-.png\" alt=\"\" srcset=\"https:\/\/bondvigilantes.com\/francais\/wp-content\/uploads\/sites\/4\/2021\/12\/2-fr-.png 960w, https:\/\/bondvigilantes.com\/francais\/wp-content\/uploads\/sites\/4\/2021\/12\/2-fr--300x225.png 300w, https:\/\/bondvigilantes.com\/francais\/wp-content\/uploads\/sites\/4\/2021\/12\/2-fr--768x576.png 768w\" sizes=\"auto, (max-width: 960px) 100vw, 960px\" \/><\/figure>\r\n\r\n\r\n\r\n<p>Les entreprises sont toutefois plus sensibilis\u00e9es aux possibilit\u00e9s offertes par le march\u00e9 des obligations vertes. Cette ann\u00e9e, BBVA a \u00e9mis sa premi\u00e8re obligation convertible contingente (CoCo) verte. Cette tendance ouvre, dans une certaine mesure, un d\u00e9bat\u00a0: ces obligations doivent-elles \u00eatre servir d\u2019instrument de capital mais aussi d\u2019outil de financement de l\u2019\u00e9conomie verte\u00a0? \u00c0 mon avis, tout d\u00e9pend de l&rsquo;utilisation du produit des \u00e9missions et du degr\u00e9 de transparence et il faut esp\u00e9rer que la taxonomie de l&rsquo;UE apporte une plus grande clart\u00e9 \u00e0 ce sujet.<\/p>\r\n\r\n\r\n\r\n<p><strong>Les premi\u00e8res obligations vertes de l\u2019UE pourraient \u00eatre \u00e9mises d\u00e8s 2021<\/strong><\/p>\r\n\r\n\r\n\r\n<p>Quand les investisseurs pourront-ils int\u00e9grer des obligations vertes europ\u00e9ennes dans leurs portefeuilles\u00a0? Pour l\u2019instant, c\u2019est encore difficile \u00e0 dire. Pour \u00eatre mis en \u0153uvre, le Fonds de relance doit encore franchir quelques obstacles et notamment \u00eatre ratifi\u00e9 par le Parlement. Si tout se passe bien, les premi\u00e8res \u00e9missions sont pr\u00e9vues d\u00e9but 2021, mais il n\u2019est pas encore certain qu\u2019elles incluront des obligations vertes de l\u2019UE. Dans l&rsquo;hypoth\u00e8se o\u00f9 2 \u00e0 3 mois sont n\u00e9cessaires pour pr\u00e9parer une \u00e9mission, nous devrions avoir des informations plus pr\u00e9cises au 4<sup>\u00e8me<\/sup> trimestre 2020. D\u2019ici l\u00e0, l\u2019UE devrait \u00e9mettre des obligations dans le cadre de son programme SURE (<em>Support to mitigate Unemployment Risks in an Emergency<\/em>, ou Plan de soutien pour att\u00e9nuer des risques de ch\u00f4mage en situation d&rsquo;urgence) d\u00e8s le mois de septembre. Il est selon moi assez peu probable que ces instruments prennent la forme d\u2019obligations vertes puisque leur produit sera r\u00e9investi pour lutter contre les d\u00e9fis imm\u00e9diats de la pand\u00e9mie, et non pour financer des projets environnementaux.<\/p>\r\n\r\n\r\n\r\n<p>Par ailleurs, le groupe de travail technique, qui assiste la Commission europ\u00e9enne dans le d\u00e9veloppement de la taxonomie de l&rsquo;UE et de la norme europ\u00e9enne sur les obligations vertes, est encore en train de d\u00e9finir les crit\u00e8res de s\u00e9lection pour certains segments du march\u00e9. Il faudra donc attendre peut-\u00eatre un peu plus longtemps avant d\u2019assister \u00e0 des \u00e9missions d\u2019obligations vertes \u00e0 grande \u00e9chelle de la part de l&rsquo;UE. N\u00e9anmoins, selon les recherches de Morgan Stanley, l&rsquo;UE pourrait \u00e9mettre au total 800 \u00e0 900 milliards d&rsquo;euros d&rsquo;ici 2025 si tous les fonds sont utilis\u00e9s et r\u00e9investis dans leur int\u00e9gralit\u00e9. Une partie de ces nouvelles \u00e9missions sera tr\u00e8s certainement propos\u00e9es au march\u00e9 sous forme d&rsquo;obligations vertes europ\u00e9ennes.<\/p>\r\n","protected":false},"excerpt":{"rendered":"<p>Le fonds de relance de 750 milliards d\u2019euros peut \u00eatre consid\u00e9r\u00e9 comme une avanc\u00e9e politique majeure pour l\u2019UE. Il s\u2019agit \u00e9galement d&rsquo;une bonne nouvelle pour les investisseurs car ce plan permettra de r\u00e9duire le risque d&rsquo;un \u00e9clatement du bloc, dans le sillage de la pand\u00e9mie de Covid-19. Il a aussi \u00e9t\u00e9 salu\u00e9 par les investisseurs soucieux de l\u2019environnement. En effet, il peut attribuer des ressources financi\u00e8res non seulement aux secteurs les plus mal en point mais aussi \u00e0 ceux qui n\u2019ont pas \u00e9t\u00e9 p\u00e9nalis\u00e9s directement&#8230;<\/p>\n","protected":false},"author":107,"featured_media":4091,"comment_status":"open","ping_status":"open","sticky":false,"template":"","format":"standard","meta":{"_acf_changed":false,"footnotes":""},"categories":[20,287],"tags":[],"class_list":["post-4089","post","type-post","status-publish","format-standard","has-post-thumbnail","hentry","category-categories-obligataires","category-europe"],"acf":[],"yoast_head":"<!-- This site is optimized with the Yoast SEO Premium plugin v25.8 (Yoast SEO v27.4) - https:\/\/yoast.com\/product\/yoast-seo-premium-wordpress\/ -->\n<title>Le fonds de relance de l\u2019UE va-t-il redynamiser le march\u00e9 des obligations vertes ? - Francais<\/title>\n<meta name=\"description\" content=\"Le fonds de relance de 750 milliards d\u2019euros peut \u00eatre consid\u00e9r\u00e9 comme une avanc\u00e9e politique majeure pour l\u2019UE. Il s\u2019agit \u00e9galement d&#039;une bonne nouvelle\" \/>\n<meta name=\"robots\" content=\"index, follow, max-snippet:-1, max-image-preview:large, max-video-preview:-1\" \/>\n<link rel=\"canonical\" href=\"https:\/\/bondvigilantes.com\/francais\/2020\/08\/le-fonds-de-relance-de-lue-va-t-il-redynamiser-le-marche-des-obligations-vertes\/\" \/>\n<meta name=\"twitter:label1\" content=\"Written by\" \/>\n\t<meta name=\"twitter:data1\" content=\"Mario Eisenegger\" \/>\n\t<meta name=\"twitter:label2\" content=\"Est. reading time\" \/>\n\t<meta name=\"twitter:data2\" content=\"6 minutes\" \/>\n<script type=\"application\/ld+json\" class=\"yoast-schema-graph\">{\"@context\":\"https:\\\/\\\/schema.org\",\"@graph\":[{\"@type\":\"Article\",\"@id\":\"https:\\\/\\\/bondvigilantes.com\\\/francais\\\/2020\\\/08\\\/le-fonds-de-relance-de-lue-va-t-il-redynamiser-le-marche-des-obligations-vertes\\\/#article\",\"isPartOf\":{\"@id\":\"https:\\\/\\\/bondvigilantes.com\\\/francais\\\/2020\\\/08\\\/le-fonds-de-relance-de-lue-va-t-il-redynamiser-le-marche-des-obligations-vertes\\\/\"},\"author\":{\"name\":\"Mario Eisenegger\",\"@id\":\"https:\\\/\\\/bondvigilantes.com\\\/francais\\\/#\\\/schema\\\/person\\\/373ae74798e4406641c6ba2da1fa57f8\"},\"headline\":\"Le fonds de relance de l\u2019UE va-t-il redynamiser le march\u00e9 des obligations vertes ?\",\"datePublished\":\"2020-08-14T12:45:00+00:00\",\"dateModified\":\"2021-12-06T13:42:25+00:00\",\"mainEntityOfPage\":{\"@id\":\"https:\\\/\\\/bondvigilantes.com\\\/francais\\\/2020\\\/08\\\/le-fonds-de-relance-de-lue-va-t-il-redynamiser-le-marche-des-obligations-vertes\\\/\"},\"wordCount\":1178,\"commentCount\":0,\"image\":{\"@id\":\"https:\\\/\\\/bondvigilantes.com\\\/francais\\\/2020\\\/08\\\/le-fonds-de-relance-de-lue-va-t-il-redynamiser-le-marche-des-obligations-vertes\\\/#primaryimage\"},\"thumbnailUrl\":\"https:\\\/\\\/bondvigilantes.com\\\/francais\\\/wp-content\\\/uploads\\\/sites\\\/4\\\/2021\\\/12\\\/1-fr-P20-08-068-Will-the-EU-Recovery-Fund-kickstart-the-green-bond-market-FR-VF.png\",\"articleSection\":[\"cat\u00e9gories obligataires\",\"Europe\"],\"inLanguage\":\"fr-FR\",\"potentialAction\":[{\"@type\":\"CommentAction\",\"name\":\"Comment\",\"target\":[\"https:\\\/\\\/bondvigilantes.com\\\/francais\\\/2020\\\/08\\\/le-fonds-de-relance-de-lue-va-t-il-redynamiser-le-marche-des-obligations-vertes\\\/#respond\"]}]},{\"@type\":\"WebPage\",\"@id\":\"https:\\\/\\\/bondvigilantes.com\\\/francais\\\/2020\\\/08\\\/le-fonds-de-relance-de-lue-va-t-il-redynamiser-le-marche-des-obligations-vertes\\\/\",\"url\":\"https:\\\/\\\/bondvigilantes.com\\\/francais\\\/2020\\\/08\\\/le-fonds-de-relance-de-lue-va-t-il-redynamiser-le-marche-des-obligations-vertes\\\/\",\"name\":\"Le fonds de relance de l\u2019UE va-t-il redynamiser le march\u00e9 des obligations vertes ? - Francais\",\"isPartOf\":{\"@id\":\"https:\\\/\\\/bondvigilantes.com\\\/francais\\\/#website\"},\"primaryImageOfPage\":{\"@id\":\"https:\\\/\\\/bondvigilantes.com\\\/francais\\\/2020\\\/08\\\/le-fonds-de-relance-de-lue-va-t-il-redynamiser-le-marche-des-obligations-vertes\\\/#primaryimage\"},\"image\":{\"@id\":\"https:\\\/\\\/bondvigilantes.com\\\/francais\\\/2020\\\/08\\\/le-fonds-de-relance-de-lue-va-t-il-redynamiser-le-marche-des-obligations-vertes\\\/#primaryimage\"},\"thumbnailUrl\":\"https:\\\/\\\/bondvigilantes.com\\\/francais\\\/wp-content\\\/uploads\\\/sites\\\/4\\\/2021\\\/12\\\/1-fr-P20-08-068-Will-the-EU-Recovery-Fund-kickstart-the-green-bond-market-FR-VF.png\",\"datePublished\":\"2020-08-14T12:45:00+00:00\",\"dateModified\":\"2021-12-06T13:42:25+00:00\",\"author\":{\"@id\":\"https:\\\/\\\/bondvigilantes.com\\\/francais\\\/#\\\/schema\\\/person\\\/373ae74798e4406641c6ba2da1fa57f8\"},\"description\":\"Le fonds de relance de 750 milliards d\u2019euros peut \u00eatre consid\u00e9r\u00e9 comme une avanc\u00e9e politique majeure pour l\u2019UE. Il s\u2019agit \u00e9galement d'une bonne nouvelle\",\"breadcrumb\":{\"@id\":\"https:\\\/\\\/bondvigilantes.com\\\/francais\\\/2020\\\/08\\\/le-fonds-de-relance-de-lue-va-t-il-redynamiser-le-marche-des-obligations-vertes\\\/#breadcrumb\"},\"inLanguage\":\"fr-FR\",\"potentialAction\":[{\"@type\":\"ReadAction\",\"target\":[\"https:\\\/\\\/bondvigilantes.com\\\/francais\\\/2020\\\/08\\\/le-fonds-de-relance-de-lue-va-t-il-redynamiser-le-marche-des-obligations-vertes\\\/\"]}]},{\"@type\":\"ImageObject\",\"inLanguage\":\"fr-FR\",\"@id\":\"https:\\\/\\\/bondvigilantes.com\\\/francais\\\/2020\\\/08\\\/le-fonds-de-relance-de-lue-va-t-il-redynamiser-le-marche-des-obligations-vertes\\\/#primaryimage\",\"url\":\"https:\\\/\\\/bondvigilantes.com\\\/francais\\\/wp-content\\\/uploads\\\/sites\\\/4\\\/2021\\\/12\\\/1-fr-P20-08-068-Will-the-EU-Recovery-Fund-kickstart-the-green-bond-market-FR-VF.png\",\"contentUrl\":\"https:\\\/\\\/bondvigilantes.com\\\/francais\\\/wp-content\\\/uploads\\\/sites\\\/4\\\/2021\\\/12\\\/1-fr-P20-08-068-Will-the-EU-Recovery-Fund-kickstart-the-green-bond-market-FR-VF.png\",\"width\":960,\"height\":720},{\"@type\":\"BreadcrumbList\",\"@id\":\"https:\\\/\\\/bondvigilantes.com\\\/francais\\\/2020\\\/08\\\/le-fonds-de-relance-de-lue-va-t-il-redynamiser-le-marche-des-obligations-vertes\\\/#breadcrumb\",\"itemListElement\":[{\"@type\":\"ListItem\",\"position\":1,\"name\":\"Accueil\",\"item\":\"https:\\\/\\\/bondvigilantes.com\\\/francais\\\/\"},{\"@type\":\"ListItem\",\"position\":2,\"name\":\"Le fonds de relance de l\u2019UE va-t-il redynamiser le march\u00e9 des obligations vertes ?\"}]},{\"@type\":\"WebSite\",\"@id\":\"https:\\\/\\\/bondvigilantes.com\\\/francais\\\/#website\",\"url\":\"https:\\\/\\\/bondvigilantes.com\\\/francais\\\/\",\"name\":\"Francais\",\"description\":\"M&amp;G\",\"potentialAction\":[{\"@type\":\"SearchAction\",\"target\":{\"@type\":\"EntryPoint\",\"urlTemplate\":\"https:\\\/\\\/bondvigilantes.com\\\/francais\\\/?s={search_term_string}\"},\"query-input\":{\"@type\":\"PropertyValueSpecification\",\"valueRequired\":true,\"valueName\":\"search_term_string\"}}],\"inLanguage\":\"fr-FR\"},{\"@type\":\"Person\",\"@id\":\"https:\\\/\\\/bondvigilantes.com\\\/francais\\\/#\\\/schema\\\/person\\\/373ae74798e4406641c6ba2da1fa57f8\",\"name\":\"Mario Eisenegger\",\"image\":{\"@type\":\"ImageObject\",\"inLanguage\":\"fr-FR\",\"@id\":\"https:\\\/\\\/secure.gravatar.com\\\/avatar\\\/9e5663d5ab99373ed8a792656acdbfbe8dc8a16c24a617e92f2c99d193d5d282?s=96&d=mm&r=g\",\"url\":\"https:\\\/\\\/secure.gravatar.com\\\/avatar\\\/9e5663d5ab99373ed8a792656acdbfbe8dc8a16c24a617e92f2c99d193d5d282?s=96&d=mm&r=g\",\"contentUrl\":\"https:\\\/\\\/secure.gravatar.com\\\/avatar\\\/9e5663d5ab99373ed8a792656acdbfbe8dc8a16c24a617e92f2c99d193d5d282?s=96&d=mm&r=g\",\"caption\":\"Mario Eisenegger\"},\"url\":\"https:\\\/\\\/bondvigilantes.com\\\/francais\\\/author\\\/marioeisenegger\\\/\"}]}<\/script>\n<!-- \/ Yoast SEO Premium plugin. -->","yoast_head_json":{"title":"Le fonds de relance de l\u2019UE va-t-il redynamiser le march\u00e9 des obligations vertes ? - Francais","description":"Le fonds de relance de 750 milliards d\u2019euros peut \u00eatre consid\u00e9r\u00e9 comme une avanc\u00e9e politique majeure pour l\u2019UE. Il s\u2019agit \u00e9galement d'une bonne nouvelle","robots":{"index":"index","follow":"follow","max-snippet":"max-snippet:-1","max-image-preview":"max-image-preview:large","max-video-preview":"max-video-preview:-1"},"canonical":"https:\/\/bondvigilantes.com\/francais\/2020\/08\/le-fonds-de-relance-de-lue-va-t-il-redynamiser-le-marche-des-obligations-vertes\/","twitter_misc":{"Written by":"Mario Eisenegger","Est. reading time":"6 minutes"},"schema":{"@context":"https:\/\/schema.org","@graph":[{"@type":"Article","@id":"https:\/\/bondvigilantes.com\/francais\/2020\/08\/le-fonds-de-relance-de-lue-va-t-il-redynamiser-le-marche-des-obligations-vertes\/#article","isPartOf":{"@id":"https:\/\/bondvigilantes.com\/francais\/2020\/08\/le-fonds-de-relance-de-lue-va-t-il-redynamiser-le-marche-des-obligations-vertes\/"},"author":{"name":"Mario Eisenegger","@id":"https:\/\/bondvigilantes.com\/francais\/#\/schema\/person\/373ae74798e4406641c6ba2da1fa57f8"},"headline":"Le fonds de relance de l\u2019UE va-t-il redynamiser le march\u00e9 des obligations vertes ?","datePublished":"2020-08-14T12:45:00+00:00","dateModified":"2021-12-06T13:42:25+00:00","mainEntityOfPage":{"@id":"https:\/\/bondvigilantes.com\/francais\/2020\/08\/le-fonds-de-relance-de-lue-va-t-il-redynamiser-le-marche-des-obligations-vertes\/"},"wordCount":1178,"commentCount":0,"image":{"@id":"https:\/\/bondvigilantes.com\/francais\/2020\/08\/le-fonds-de-relance-de-lue-va-t-il-redynamiser-le-marche-des-obligations-vertes\/#primaryimage"},"thumbnailUrl":"https:\/\/bondvigilantes.com\/francais\/wp-content\/uploads\/sites\/4\/2021\/12\/1-fr-P20-08-068-Will-the-EU-Recovery-Fund-kickstart-the-green-bond-market-FR-VF.png","articleSection":["cat\u00e9gories obligataires","Europe"],"inLanguage":"fr-FR","potentialAction":[{"@type":"CommentAction","name":"Comment","target":["https:\/\/bondvigilantes.com\/francais\/2020\/08\/le-fonds-de-relance-de-lue-va-t-il-redynamiser-le-marche-des-obligations-vertes\/#respond"]}]},{"@type":"WebPage","@id":"https:\/\/bondvigilantes.com\/francais\/2020\/08\/le-fonds-de-relance-de-lue-va-t-il-redynamiser-le-marche-des-obligations-vertes\/","url":"https:\/\/bondvigilantes.com\/francais\/2020\/08\/le-fonds-de-relance-de-lue-va-t-il-redynamiser-le-marche-des-obligations-vertes\/","name":"Le fonds de relance de l\u2019UE va-t-il redynamiser le march\u00e9 des obligations vertes ? - Francais","isPartOf":{"@id":"https:\/\/bondvigilantes.com\/francais\/#website"},"primaryImageOfPage":{"@id":"https:\/\/bondvigilantes.com\/francais\/2020\/08\/le-fonds-de-relance-de-lue-va-t-il-redynamiser-le-marche-des-obligations-vertes\/#primaryimage"},"image":{"@id":"https:\/\/bondvigilantes.com\/francais\/2020\/08\/le-fonds-de-relance-de-lue-va-t-il-redynamiser-le-marche-des-obligations-vertes\/#primaryimage"},"thumbnailUrl":"https:\/\/bondvigilantes.com\/francais\/wp-content\/uploads\/sites\/4\/2021\/12\/1-fr-P20-08-068-Will-the-EU-Recovery-Fund-kickstart-the-green-bond-market-FR-VF.png","datePublished":"2020-08-14T12:45:00+00:00","dateModified":"2021-12-06T13:42:25+00:00","author":{"@id":"https:\/\/bondvigilantes.com\/francais\/#\/schema\/person\/373ae74798e4406641c6ba2da1fa57f8"},"description":"Le fonds de relance de 750 milliards d\u2019euros peut \u00eatre consid\u00e9r\u00e9 comme une avanc\u00e9e politique majeure pour l\u2019UE. Il s\u2019agit \u00e9galement d'une bonne nouvelle","breadcrumb":{"@id":"https:\/\/bondvigilantes.com\/francais\/2020\/08\/le-fonds-de-relance-de-lue-va-t-il-redynamiser-le-marche-des-obligations-vertes\/#breadcrumb"},"inLanguage":"fr-FR","potentialAction":[{"@type":"ReadAction","target":["https:\/\/bondvigilantes.com\/francais\/2020\/08\/le-fonds-de-relance-de-lue-va-t-il-redynamiser-le-marche-des-obligations-vertes\/"]}]},{"@type":"ImageObject","inLanguage":"fr-FR","@id":"https:\/\/bondvigilantes.com\/francais\/2020\/08\/le-fonds-de-relance-de-lue-va-t-il-redynamiser-le-marche-des-obligations-vertes\/#primaryimage","url":"https:\/\/bondvigilantes.com\/francais\/wp-content\/uploads\/sites\/4\/2021\/12\/1-fr-P20-08-068-Will-the-EU-Recovery-Fund-kickstart-the-green-bond-market-FR-VF.png","contentUrl":"https:\/\/bondvigilantes.com\/francais\/wp-content\/uploads\/sites\/4\/2021\/12\/1-fr-P20-08-068-Will-the-EU-Recovery-Fund-kickstart-the-green-bond-market-FR-VF.png","width":960,"height":720},{"@type":"BreadcrumbList","@id":"https:\/\/bondvigilantes.com\/francais\/2020\/08\/le-fonds-de-relance-de-lue-va-t-il-redynamiser-le-marche-des-obligations-vertes\/#breadcrumb","itemListElement":[{"@type":"ListItem","position":1,"name":"Accueil","item":"https:\/\/bondvigilantes.com\/francais\/"},{"@type":"ListItem","position":2,"name":"Le fonds de relance de l\u2019UE va-t-il redynamiser le march\u00e9 des obligations vertes ?"}]},{"@type":"WebSite","@id":"https:\/\/bondvigilantes.com\/francais\/#website","url":"https:\/\/bondvigilantes.com\/francais\/","name":"Francais","description":"M&amp;G","potentialAction":[{"@type":"SearchAction","target":{"@type":"EntryPoint","urlTemplate":"https:\/\/bondvigilantes.com\/francais\/?s={search_term_string}"},"query-input":{"@type":"PropertyValueSpecification","valueRequired":true,"valueName":"search_term_string"}}],"inLanguage":"fr-FR"},{"@type":"Person","@id":"https:\/\/bondvigilantes.com\/francais\/#\/schema\/person\/373ae74798e4406641c6ba2da1fa57f8","name":"Mario Eisenegger","image":{"@type":"ImageObject","inLanguage":"fr-FR","@id":"https:\/\/secure.gravatar.com\/avatar\/9e5663d5ab99373ed8a792656acdbfbe8dc8a16c24a617e92f2c99d193d5d282?s=96&d=mm&r=g","url":"https:\/\/secure.gravatar.com\/avatar\/9e5663d5ab99373ed8a792656acdbfbe8dc8a16c24a617e92f2c99d193d5d282?s=96&d=mm&r=g","contentUrl":"https:\/\/secure.gravatar.com\/avatar\/9e5663d5ab99373ed8a792656acdbfbe8dc8a16c24a617e92f2c99d193d5d282?s=96&d=mm&r=g","caption":"Mario Eisenegger"},"url":"https:\/\/bondvigilantes.com\/francais\/author\/marioeisenegger\/"}]}},"_links":{"self":[{"href":"https:\/\/bondvigilantes.com\/francais\/wp-json\/wp\/v2\/posts\/4089","targetHints":{"allow":["GET"]}}],"collection":[{"href":"https:\/\/bondvigilantes.com\/francais\/wp-json\/wp\/v2\/posts"}],"about":[{"href":"https:\/\/bondvigilantes.com\/francais\/wp-json\/wp\/v2\/types\/post"}],"author":[{"embeddable":true,"href":"https:\/\/bondvigilantes.com\/francais\/wp-json\/wp\/v2\/users\/107"}],"replies":[{"embeddable":true,"href":"https:\/\/bondvigilantes.com\/francais\/wp-json\/wp\/v2\/comments?post=4089"}],"version-history":[{"count":0,"href":"https:\/\/bondvigilantes.com\/francais\/wp-json\/wp\/v2\/posts\/4089\/revisions"}],"wp:featuredmedia":[{"embeddable":true,"href":"https:\/\/bondvigilantes.com\/francais\/wp-json\/wp\/v2\/media\/4091"}],"wp:attachment":[{"href":"https:\/\/bondvigilantes.com\/francais\/wp-json\/wp\/v2\/media?parent=4089"}],"wp:term":[{"taxonomy":"category","embeddable":true,"href":"https:\/\/bondvigilantes.com\/francais\/wp-json\/wp\/v2\/categories?post=4089"},{"taxonomy":"post_tag","embeddable":true,"href":"https:\/\/bondvigilantes.com\/francais\/wp-json\/wp\/v2\/tags?post=4089"}],"curies":[{"name":"wp","href":"https:\/\/api.w.org\/{rel}","templated":true}]}}