{"id":493,"date":"2014-10-02T14:47:37","date_gmt":"2014-10-02T14:47:37","guid":{"rendered":"https:\/\/www.bondvigilantes.com\/francais\/?p=493"},"modified":"2014-10-02T14:49:03","modified_gmt":"2014-10-02T14:49:03","slug":"les-salaires-tournant-marche-du-travail-americain","status":"publish","type":"post","link":"https:\/\/bondvigilantes.com\/francais\/2014\/10\/les-salaires-tournant-marche-du-travail-americain\/","title":{"rendered":"Les salaires sont-ils \u00e0 un tournant sur le march\u00e9 du travail am\u00e9ricain ?"},"content":{"rendered":"<p>Cinq ans apr\u00e8s le d\u00e9but de la reprise aux Etats-Unis, le march\u00e9 du travail retrouve rapidement sa vigueur. Les embauches se multiplient, le chiffre robuste de 1,3 million de cr\u00e9ations d\u2019emplois a \u00e9t\u00e9 enregistr\u00e9 au cours des 6 derniers mois et le taux de ch\u00f4mage se rapproche \u00e0 grands pas d\u2019un niveau qui pourrait inciter la Fed \u00e0 commencer \u00e0 envisager un rel\u00e8vement de taux d\u2019int\u00e9r\u00eat.\u00a0 Tous les indicateurs du march\u00e9 du travail semblent faire \u00e9tat d\u2019une am\u00e9lioration, sauf celui qui devrait pr\u00e9occuper le plus les travailleurs,\u00a0\u00e0 savoir les salaires.<\/p>\n<p>En effet, la hausse des salaires est le principal \u00e9l\u00e9ment manquant de la reprise, et son absence semble quelque peu contradictoire dans le cadre d\u2019un redressement rapide de l\u2019\u00e9conomie. Il est notoire que les salaires constituent un indicateur retard\u00e9 procyclique, ce qui pourrait repr\u00e9senter une raison valable. Autre hypoth\u00e8se, comme l\u2019a soulign\u00e9 r\u00e9cemment la pr\u00e9sidente de la R\u00e9serve F\u00e9d\u00e9rale Janet Yellen, les salaires n\u2019ont pas fait l\u2019objet d\u2019un ajustement suffisant au cours de la r\u00e9cession s\u00e9v\u00e8re et n\u2019augmenteront qu\u2019une fois que les employeurs auront compens\u00e9 les \u00ab\u00a0r\u00e9mun\u00e9rations excessives\u00a0\u00bb.<\/p>\n<p>Au fil de la reprise \u00e9conomique aux Etats-Unis et du red\u00e9marrage des entreprises, le march\u00e9 du travail pourrait bient\u00f4t assister \u00e0 une acc\u00e9l\u00e9ration de la hausse des salaires. L\u2019histoire \u00e9conomique a toujours repr\u00e9sent\u00e9 un terrain id\u00e9al pour rechercher des indices relatifs aux futures performances \u00e9conomiques \u00e0 la lumi\u00e8re des \u00e9v\u00e8nements ult\u00e9rieurs. L\u2019\u00e9tude des statistiques du march\u00e9 du travail am\u00e9ricain sur 30 ans r\u00e9v\u00e8le une relation int\u00e9ressante entre le taux de ch\u00f4mage officiel et les salaires, mesur\u00e9s par les r\u00e9mun\u00e9rations horaires de tous les salari\u00e9s des emplois non agricoles dans le secteur priv\u00e9. Comme le montre le graphique ci-dessous, les salaires semblent avoir connu une acc\u00e9l\u00e9ration \u00e0 chaque fois que le taux de ch\u00f4mage aux Etats-Unis a atteint ou avoisin\u00e9 le seuil de 6%. L\u2019Histoire ne se r\u00e9p\u00e8te peut-\u00eatre pas, mais elle rime.<\/p>\n<p><a href=\"https:\/\/bondvigilantes.com\/francais\/wp-content\/uploads\/sites\/4\/2021\/12\/Acceleration-historique.png\" data-rel=\"lightbox-gallery-NVHujVdg\" data-rl_title=\"Acc\u00e9l\u00e9ration historique des salaires d\u00e8s que le taux de ch\u00f4mage avoisine le seuil de 6%\" data-rl_caption=\"Acc\u00e9l\u00e9ration historique des salaires d\u00e8s que le taux de ch\u00f4mage avoisine le seuil de 6%\" title=\"Acc\u00e9l\u00e9ration historique des salaires d\u00e8s que le taux de ch\u00f4mage avoisine le seuil de 6%\"><img loading=\"lazy\" decoding=\"async\" class=\"aligncenter size-full wp-image-532\" src=\"https:\/\/bondvigilantes.com\/francais\/wp-content\/uploads\/sites\/4\/2021\/12\/Acceleration-historique.png\" alt=\"Acc\u00e9l\u00e9ration historique des salaires d\u00e8s que le taux de ch\u00f4mage avoisine le seuil de 6%\" width=\"960\" height=\"720\" \/><\/a><\/p>\n<p>Compte tenu du recul du taux de ch\u00f4mage \u00e0 6,1% et de l\u2019augmentation des salaires nominaux, l\u2019\u00e9conomie am\u00e9ricaine pourrait se rapprocher du plein emploi plus vite que pr\u00e9vu par la Fed. Quel taux de ch\u00f4mage correspond au plein emploi ? La question reste ouverte. Selon les estimations du Federal Open Market Committee (FOMC),le taux de ch\u00f4mage non inflationniste actuel(NAIRU, c\u2019est-\u00e0-dire le niveau auquel le taux de ch\u00f4mage peut baisser sans poser de probl\u00e8mes de capacit\u00e9 ni provoquer une inflation par la demande) se situe aux alentours de 5,4%\u00a0 au vu des pr\u00e9occupations li\u00e9es \u00e0 la sous-utilisation de la main-d\u2019\u0153uvre, mais la hausse des salaires indiquerait un taux plus \u00e9lev\u00e9.<\/p>\n<p>Un autre signe de pression naissante sur les salaires est visible dans l\u2019indice prospectif de r\u00e9mun\u00e9ration de la National Federation of Independent Business(NFIB), bien connu pour ses pr\u00e9visions de hausses de salaires dans les petites entreprises au cours des 12 prochains mois. Cet indice semble particuli\u00e8rement pertinent, dans la mesure o\u00f9 les PME (entreprises de moins de 500 salari\u00e9s) forment le v\u00e9ritable pilier de l\u2019\u00e9conomie am\u00e9ricaine, qui donne lieu \u00e0 la cr\u00e9ation nette de deux emplois sur trois. Le graphique ci-dessous t\u00e9moigne du redressement de l\u2019indice NFIB l\u2019an dernier, qui affiche d\u00e9sormais des niveaux \u00e9quivalents \u00e0 ceux d\u2019avant la r\u00e9cession.<\/p>\n<p><a href=\"https:\/\/bondvigilantes.com\/francais\/wp-content\/uploads\/sites\/4\/2021\/12\/Tendance1.png\" data-rel=\"lightbox-gallery-NVHujVdg\" data-rl_title=\"Tendance \u00e0 la hausse des entreprises pr\u00e9voyant d\u2019augmenter la r\u00e9mun\u00e9ration\" data-rl_caption=\"Tendance \u00e0 la hausse des entreprises pr\u00e9voyant d\u2019augmenter la r\u00e9mun\u00e9ration\" title=\"Tendance \u00e0 la hausse des entreprises pr\u00e9voyant d\u2019augmenter la r\u00e9mun\u00e9ration\"><img loading=\"lazy\" decoding=\"async\" class=\"aligncenter size-full wp-image-534\" src=\"https:\/\/bondvigilantes.com\/francais\/wp-content\/uploads\/sites\/4\/2021\/12\/Tendance1.png\" alt=\"Tendance \u00e0 la hausse des entreprises pr\u00e9voyant d\u2019augmenter la r\u00e9mun\u00e9ration\" width=\"960\" height=\"720\" \/><\/a><\/p>\n<p>Selon le dernier rapport sur les offres d\u2019emploi et la rotation de la main-d\u2019\u0153uvre (Job Openings and Labour Turnover Survey, JOLTS) r\u00e9alis\u00e9 par le Minist\u00e8re du Travail am\u00e9ricain, les postes vacants ont retrouv\u00e9 leurs niveaux d\u2019avant la crise, puisque une forte proportion d\u2019employeurs a des difficult\u00e9s \u00e0 trouver des travailleurs qualifi\u00e9s. Afin d\u2019attirer les candidats souhait\u00e9s, les employeurs sont contraints d\u2019augmenter la r\u00e9mun\u00e9ration. Fait int\u00e9ressant, la comparaison de l\u2019indice NFIB et des indicateurs retard\u00e9s sur les salaires r\u00e9v\u00e8le une corr\u00e9lation marqu\u00e9e \u00e0 long terme. Alors que le nombre d\u2019entreprises pr\u00e9voyant un accroissement de la r\u00e9mun\u00e9ration fait \u00e9tat d\u2019une nette tendance \u00e0 la hausse, les salaires vont probablement suivre la m\u00eame voie.<\/p>\n<p>Compte tenu du march\u00e9 du travail toujours tendu, une hausse accrue des salaires n\u2019aura rien de surprenant. La plupart des indicateurs salariaux (notamment l\u2019Indice du Co\u00fbt de l\u2019Emploi et les Co\u00fbts salariaux unitaires, tr\u00e8s suivis) sont actuellement orient\u00e9s \u00e0 la hausse, tendance qui devrait se poursuivre \u00e0 moins d\u2019un ralentissement de la croissance \u00e9conomique ou d\u2019un gain soudain de productivit\u00e9.\u00a0En 1994, alors que la Fed venait juste d\u2019amorcer une s\u00e9rie de rel\u00e8vements de taux muscl\u00e9s, la progression des salaires aux Etats-Unis n\u2019\u00e9tait que de 2,4% en glissement annuel, contre 2,5% aujourd\u2019hui. Toutefois, selon les porte-parole de la Fed, une certaine langueur persiste sur le march\u00e9 du travail, d\u2019o\u00f9 la n\u00e9cessit\u00e9 de s\u2019armer de patience\u00a0; la perspective d\u2019une augmentation des salaires dans une \u00e9conomie tr\u00e8s proche du plein emploi pourrait-elle marquer le tournant qui am\u00e8ne la Fed \u00e0 modifier son discours\u00a0?<\/p>\n","protected":false},"excerpt":{"rendered":"<p>Cinq ans apr\u00e8s le d\u00e9but de la reprise aux Etats-Unis, le march\u00e9 du travail retrouve rapidement sa vigueur. Les embauches se multiplient, le chiffre robuste de 1,3 million de cr\u00e9ations d\u2019emplois a \u00e9t\u00e9 enregistr\u00e9 au cours des 6 derniers mois et le taux de ch\u00f4mage se rapproche \u00e0 grands pas d\u2019un niveau qui pourrait inciter la Fed \u00e0 commencer \u00e0 envisager un rel\u00e8vement de taux d\u2019int\u00e9r\u00eat.\u00a0 Tous les indicateurs du march\u00e9 du travail semblent faire \u00e9tat d\u2019une am\u00e9lioration, sauf celui qui devrait pr\u00e9occuper le plus&#8230;<\/p>\n","protected":false},"author":70,"featured_media":0,"comment_status":"open","ping_status":"open","sticky":false,"template":"","format":"standard","meta":{"_acf_changed":false,"footnotes":""},"categories":[8,7],"tags":[110,141],"class_list":["post-493","post","type-post","status-publish","format-standard","hentry","category-macroeconomie-et-politique","category-pays","tag-chomage","tag-etats-unis"],"acf":[],"yoast_head":"<!-- This site is optimized with the Yoast SEO Premium plugin v25.8 (Yoast SEO v27.4) - https:\/\/yoast.com\/product\/yoast-seo-premium-wordpress\/ -->\n<title>Les salaires sont-ils \u00e0 un tournant sur le march\u00e9 du travail am\u00e9ricain ?  - Francais<\/title>\n<meta name=\"description\" content=\"Cinq ans apr\u00e8s le d\u00e9but de la reprise aux Etats-Unis, le march\u00e9 du travail retrouve rapidement sa vigueur. Les embauches se multiplient, le chiffre\" \/>\n<meta name=\"robots\" content=\"index, follow, max-snippet:-1, max-image-preview:large, max-video-preview:-1\" \/>\n<link rel=\"canonical\" href=\"https:\/\/bondvigilantes.com\/francais\/2014\/10\/les-salaires-tournant-marche-du-travail-americain\/\" \/>\n<meta name=\"twitter:label1\" content=\"Written by\" \/>\n\t<meta name=\"twitter:data1\" content=\"Ana Gil\" \/>\n\t<meta name=\"twitter:label2\" content=\"Est. reading time\" \/>\n\t<meta name=\"twitter:data2\" content=\"4 minutes\" \/>\n<script type=\"application\/ld+json\" class=\"yoast-schema-graph\">{\"@context\":\"https:\\\/\\\/schema.org\",\"@graph\":[{\"@type\":\"Article\",\"@id\":\"https:\\\/\\\/bondvigilantes.com\\\/francais\\\/2014\\\/10\\\/les-salaires-tournant-marche-du-travail-americain\\\/#article\",\"isPartOf\":{\"@id\":\"https:\\\/\\\/bondvigilantes.com\\\/francais\\\/2014\\\/10\\\/les-salaires-tournant-marche-du-travail-americain\\\/\"},\"author\":{\"name\":\"Ana Gil\",\"@id\":\"https:\\\/\\\/bondvigilantes.com\\\/francais\\\/#\\\/schema\\\/person\\\/6f8e1ec6e97ab48adc76532ad10b41e9\"},\"headline\":\"Les salaires sont-ils \u00e0 un tournant sur le march\u00e9 du travail am\u00e9ricain ?\",\"datePublished\":\"2014-10-02T14:47:37+00:00\",\"dateModified\":\"2014-10-02T14:49:03+00:00\",\"mainEntityOfPage\":{\"@id\":\"https:\\\/\\\/bondvigilantes.com\\\/francais\\\/2014\\\/10\\\/les-salaires-tournant-marche-du-travail-americain\\\/\"},\"wordCount\":897,\"commentCount\":0,\"image\":{\"@id\":\"https:\\\/\\\/bondvigilantes.com\\\/francais\\\/2014\\\/10\\\/les-salaires-tournant-marche-du-travail-americain\\\/#primaryimage\"},\"thumbnailUrl\":\"https:\\\/\\\/bondvigilantes.com\\\/francais\\\/wp-content\\\/uploads\\\/sites\\\/4\\\/2021\\\/12\\\/Acceleration-historique.png\",\"keywords\":[\"ch\u00f4mage\",\"\u00c9tats-Unis\"],\"articleSection\":[\"macro\u00e9conomie et politique\",\"Pays\"],\"inLanguage\":\"fr-FR\",\"potentialAction\":[{\"@type\":\"CommentAction\",\"name\":\"Comment\",\"target\":[\"https:\\\/\\\/bondvigilantes.com\\\/francais\\\/2014\\\/10\\\/les-salaires-tournant-marche-du-travail-americain\\\/#respond\"]}]},{\"@type\":\"WebPage\",\"@id\":\"https:\\\/\\\/bondvigilantes.com\\\/francais\\\/2014\\\/10\\\/les-salaires-tournant-marche-du-travail-americain\\\/\",\"url\":\"https:\\\/\\\/bondvigilantes.com\\\/francais\\\/2014\\\/10\\\/les-salaires-tournant-marche-du-travail-americain\\\/\",\"name\":\"Les salaires sont-ils \u00e0 un tournant sur le march\u00e9 du travail am\u00e9ricain ? - Francais\",\"isPartOf\":{\"@id\":\"https:\\\/\\\/bondvigilantes.com\\\/francais\\\/#website\"},\"primaryImageOfPage\":{\"@id\":\"https:\\\/\\\/bondvigilantes.com\\\/francais\\\/2014\\\/10\\\/les-salaires-tournant-marche-du-travail-americain\\\/#primaryimage\"},\"image\":{\"@id\":\"https:\\\/\\\/bondvigilantes.com\\\/francais\\\/2014\\\/10\\\/les-salaires-tournant-marche-du-travail-americain\\\/#primaryimage\"},\"thumbnailUrl\":\"https:\\\/\\\/bondvigilantes.com\\\/francais\\\/wp-content\\\/uploads\\\/sites\\\/4\\\/2021\\\/12\\\/Acceleration-historique.png\",\"datePublished\":\"2014-10-02T14:47:37+00:00\",\"dateModified\":\"2014-10-02T14:49:03+00:00\",\"author\":{\"@id\":\"https:\\\/\\\/bondvigilantes.com\\\/francais\\\/#\\\/schema\\\/person\\\/6f8e1ec6e97ab48adc76532ad10b41e9\"},\"description\":\"Cinq ans apr\u00e8s le d\u00e9but de la reprise aux Etats-Unis, le march\u00e9 du travail retrouve rapidement sa vigueur. Les embauches se multiplient, le chiffre\",\"breadcrumb\":{\"@id\":\"https:\\\/\\\/bondvigilantes.com\\\/francais\\\/2014\\\/10\\\/les-salaires-tournant-marche-du-travail-americain\\\/#breadcrumb\"},\"inLanguage\":\"fr-FR\",\"potentialAction\":[{\"@type\":\"ReadAction\",\"target\":[\"https:\\\/\\\/bondvigilantes.com\\\/francais\\\/2014\\\/10\\\/les-salaires-tournant-marche-du-travail-americain\\\/\"]}]},{\"@type\":\"ImageObject\",\"inLanguage\":\"fr-FR\",\"@id\":\"https:\\\/\\\/bondvigilantes.com\\\/francais\\\/2014\\\/10\\\/les-salaires-tournant-marche-du-travail-americain\\\/#primaryimage\",\"url\":\"https:\\\/\\\/bondvigilantes.com\\\/francais\\\/wp-content\\\/uploads\\\/sites\\\/4\\\/2021\\\/12\\\/Acceleration-historique.png\",\"contentUrl\":\"https:\\\/\\\/bondvigilantes.com\\\/francais\\\/wp-content\\\/uploads\\\/sites\\\/4\\\/2021\\\/12\\\/Acceleration-historique.png\",\"width\":960,\"height\":720},{\"@type\":\"BreadcrumbList\",\"@id\":\"https:\\\/\\\/bondvigilantes.com\\\/francais\\\/2014\\\/10\\\/les-salaires-tournant-marche-du-travail-americain\\\/#breadcrumb\",\"itemListElement\":[{\"@type\":\"ListItem\",\"position\":1,\"name\":\"Accueil\",\"item\":\"https:\\\/\\\/bondvigilantes.com\\\/francais\\\/\"},{\"@type\":\"ListItem\",\"position\":2,\"name\":\"Les salaires sont-ils \u00e0 un tournant sur le march\u00e9 du travail am\u00e9ricain ?\"}]},{\"@type\":\"WebSite\",\"@id\":\"https:\\\/\\\/bondvigilantes.com\\\/francais\\\/#website\",\"url\":\"https:\\\/\\\/bondvigilantes.com\\\/francais\\\/\",\"name\":\"Francais\",\"description\":\"M&amp;G\",\"potentialAction\":[{\"@type\":\"SearchAction\",\"target\":{\"@type\":\"EntryPoint\",\"urlTemplate\":\"https:\\\/\\\/bondvigilantes.com\\\/francais\\\/?s={search_term_string}\"},\"query-input\":{\"@type\":\"PropertyValueSpecification\",\"valueRequired\":true,\"valueName\":\"search_term_string\"}}],\"inLanguage\":\"fr-FR\"},{\"@type\":\"Person\",\"@id\":\"https:\\\/\\\/bondvigilantes.com\\\/francais\\\/#\\\/schema\\\/person\\\/6f8e1ec6e97ab48adc76532ad10b41e9\",\"name\":\"Ana Gil\",\"image\":{\"@type\":\"ImageObject\",\"inLanguage\":\"fr-FR\",\"@id\":\"https:\\\/\\\/secure.gravatar.com\\\/avatar\\\/a37e0cf970c1674b017178c64ab0fc8ecd3e4465bd2a338caa48f276e89dd9ef?s=96&d=mm&r=g\",\"url\":\"https:\\\/\\\/secure.gravatar.com\\\/avatar\\\/a37e0cf970c1674b017178c64ab0fc8ecd3e4465bd2a338caa48f276e89dd9ef?s=96&d=mm&r=g\",\"contentUrl\":\"https:\\\/\\\/secure.gravatar.com\\\/avatar\\\/a37e0cf970c1674b017178c64ab0fc8ecd3e4465bd2a338caa48f276e89dd9ef?s=96&d=mm&r=g\",\"caption\":\"Ana Gil\"},\"url\":\"https:\\\/\\\/bondvigilantes.com\\\/francais\\\/author\\\/anagil\\\/\"}]}<\/script>\n<!-- \/ Yoast SEO Premium plugin. -->","yoast_head_json":{"title":"Les salaires sont-ils \u00e0 un tournant sur le march\u00e9 du travail am\u00e9ricain ?  - Francais","description":"Cinq ans apr\u00e8s le d\u00e9but de la reprise aux Etats-Unis, le march\u00e9 du travail retrouve rapidement sa vigueur. Les embauches se multiplient, le chiffre","robots":{"index":"index","follow":"follow","max-snippet":"max-snippet:-1","max-image-preview":"max-image-preview:large","max-video-preview":"max-video-preview:-1"},"canonical":"https:\/\/bondvigilantes.com\/francais\/2014\/10\/les-salaires-tournant-marche-du-travail-americain\/","twitter_misc":{"Written by":"Ana Gil","Est. reading time":"4 minutes"},"schema":{"@context":"https:\/\/schema.org","@graph":[{"@type":"Article","@id":"https:\/\/bondvigilantes.com\/francais\/2014\/10\/les-salaires-tournant-marche-du-travail-americain\/#article","isPartOf":{"@id":"https:\/\/bondvigilantes.com\/francais\/2014\/10\/les-salaires-tournant-marche-du-travail-americain\/"},"author":{"name":"Ana Gil","@id":"https:\/\/bondvigilantes.com\/francais\/#\/schema\/person\/6f8e1ec6e97ab48adc76532ad10b41e9"},"headline":"Les salaires sont-ils \u00e0 un tournant sur le march\u00e9 du travail am\u00e9ricain ?","datePublished":"2014-10-02T14:47:37+00:00","dateModified":"2014-10-02T14:49:03+00:00","mainEntityOfPage":{"@id":"https:\/\/bondvigilantes.com\/francais\/2014\/10\/les-salaires-tournant-marche-du-travail-americain\/"},"wordCount":897,"commentCount":0,"image":{"@id":"https:\/\/bondvigilantes.com\/francais\/2014\/10\/les-salaires-tournant-marche-du-travail-americain\/#primaryimage"},"thumbnailUrl":"https:\/\/bondvigilantes.com\/francais\/wp-content\/uploads\/sites\/4\/2021\/12\/Acceleration-historique.png","keywords":["ch\u00f4mage","\u00c9tats-Unis"],"articleSection":["macro\u00e9conomie et politique","Pays"],"inLanguage":"fr-FR","potentialAction":[{"@type":"CommentAction","name":"Comment","target":["https:\/\/bondvigilantes.com\/francais\/2014\/10\/les-salaires-tournant-marche-du-travail-americain\/#respond"]}]},{"@type":"WebPage","@id":"https:\/\/bondvigilantes.com\/francais\/2014\/10\/les-salaires-tournant-marche-du-travail-americain\/","url":"https:\/\/bondvigilantes.com\/francais\/2014\/10\/les-salaires-tournant-marche-du-travail-americain\/","name":"Les salaires sont-ils \u00e0 un tournant sur le march\u00e9 du travail am\u00e9ricain ? - Francais","isPartOf":{"@id":"https:\/\/bondvigilantes.com\/francais\/#website"},"primaryImageOfPage":{"@id":"https:\/\/bondvigilantes.com\/francais\/2014\/10\/les-salaires-tournant-marche-du-travail-americain\/#primaryimage"},"image":{"@id":"https:\/\/bondvigilantes.com\/francais\/2014\/10\/les-salaires-tournant-marche-du-travail-americain\/#primaryimage"},"thumbnailUrl":"https:\/\/bondvigilantes.com\/francais\/wp-content\/uploads\/sites\/4\/2021\/12\/Acceleration-historique.png","datePublished":"2014-10-02T14:47:37+00:00","dateModified":"2014-10-02T14:49:03+00:00","author":{"@id":"https:\/\/bondvigilantes.com\/francais\/#\/schema\/person\/6f8e1ec6e97ab48adc76532ad10b41e9"},"description":"Cinq ans apr\u00e8s le d\u00e9but de la reprise aux Etats-Unis, le march\u00e9 du travail retrouve rapidement sa vigueur. Les embauches se multiplient, le chiffre","breadcrumb":{"@id":"https:\/\/bondvigilantes.com\/francais\/2014\/10\/les-salaires-tournant-marche-du-travail-americain\/#breadcrumb"},"inLanguage":"fr-FR","potentialAction":[{"@type":"ReadAction","target":["https:\/\/bondvigilantes.com\/francais\/2014\/10\/les-salaires-tournant-marche-du-travail-americain\/"]}]},{"@type":"ImageObject","inLanguage":"fr-FR","@id":"https:\/\/bondvigilantes.com\/francais\/2014\/10\/les-salaires-tournant-marche-du-travail-americain\/#primaryimage","url":"https:\/\/bondvigilantes.com\/francais\/wp-content\/uploads\/sites\/4\/2021\/12\/Acceleration-historique.png","contentUrl":"https:\/\/bondvigilantes.com\/francais\/wp-content\/uploads\/sites\/4\/2021\/12\/Acceleration-historique.png","width":960,"height":720},{"@type":"BreadcrumbList","@id":"https:\/\/bondvigilantes.com\/francais\/2014\/10\/les-salaires-tournant-marche-du-travail-americain\/#breadcrumb","itemListElement":[{"@type":"ListItem","position":1,"name":"Accueil","item":"https:\/\/bondvigilantes.com\/francais\/"},{"@type":"ListItem","position":2,"name":"Les salaires sont-ils \u00e0 un tournant sur le march\u00e9 du travail am\u00e9ricain ?"}]},{"@type":"WebSite","@id":"https:\/\/bondvigilantes.com\/francais\/#website","url":"https:\/\/bondvigilantes.com\/francais\/","name":"Francais","description":"M&amp;G","potentialAction":[{"@type":"SearchAction","target":{"@type":"EntryPoint","urlTemplate":"https:\/\/bondvigilantes.com\/francais\/?s={search_term_string}"},"query-input":{"@type":"PropertyValueSpecification","valueRequired":true,"valueName":"search_term_string"}}],"inLanguage":"fr-FR"},{"@type":"Person","@id":"https:\/\/bondvigilantes.com\/francais\/#\/schema\/person\/6f8e1ec6e97ab48adc76532ad10b41e9","name":"Ana Gil","image":{"@type":"ImageObject","inLanguage":"fr-FR","@id":"https:\/\/secure.gravatar.com\/avatar\/a37e0cf970c1674b017178c64ab0fc8ecd3e4465bd2a338caa48f276e89dd9ef?s=96&d=mm&r=g","url":"https:\/\/secure.gravatar.com\/avatar\/a37e0cf970c1674b017178c64ab0fc8ecd3e4465bd2a338caa48f276e89dd9ef?s=96&d=mm&r=g","contentUrl":"https:\/\/secure.gravatar.com\/avatar\/a37e0cf970c1674b017178c64ab0fc8ecd3e4465bd2a338caa48f276e89dd9ef?s=96&d=mm&r=g","caption":"Ana Gil"},"url":"https:\/\/bondvigilantes.com\/francais\/author\/anagil\/"}]}},"_links":{"self":[{"href":"https:\/\/bondvigilantes.com\/francais\/wp-json\/wp\/v2\/posts\/493","targetHints":{"allow":["GET"]}}],"collection":[{"href":"https:\/\/bondvigilantes.com\/francais\/wp-json\/wp\/v2\/posts"}],"about":[{"href":"https:\/\/bondvigilantes.com\/francais\/wp-json\/wp\/v2\/types\/post"}],"author":[{"embeddable":true,"href":"https:\/\/bondvigilantes.com\/francais\/wp-json\/wp\/v2\/users\/70"}],"replies":[{"embeddable":true,"href":"https:\/\/bondvigilantes.com\/francais\/wp-json\/wp\/v2\/comments?post=493"}],"version-history":[{"count":0,"href":"https:\/\/bondvigilantes.com\/francais\/wp-json\/wp\/v2\/posts\/493\/revisions"}],"wp:attachment":[{"href":"https:\/\/bondvigilantes.com\/francais\/wp-json\/wp\/v2\/media?parent=493"}],"wp:term":[{"taxonomy":"category","embeddable":true,"href":"https:\/\/bondvigilantes.com\/francais\/wp-json\/wp\/v2\/categories?post=493"},{"taxonomy":"post_tag","embeddable":true,"href":"https:\/\/bondvigilantes.com\/francais\/wp-json\/wp\/v2\/tags?post=493"}],"curies":[{"name":"wp","href":"https:\/\/api.w.org\/{rel}","templated":true}]}}