{"id":978,"date":"2015-07-31T08:21:11","date_gmt":"2015-07-31T08:21:11","guid":{"rendered":"https:\/\/www.bondvigilantes.com\/francais\/?p=978"},"modified":"2015-08-11T09:26:49","modified_gmt":"2015-08-11T09:26:49","slug":"effacement-de-la-dette-grecque-quand-veut-peut","status":"publish","type":"post","link":"https:\/\/bondvigilantes.com\/francais\/2015\/07\/effacement-de-la-dette-grecque-quand-veut-peut\/","title":{"rendered":"Effacement de la dette grecque : quand on veut, on peut"},"content":{"rendered":"<p>La r\u00e9union du Sommet de la zone euro \u00e0 Bruxelles, qui s&rsquo;est tenue il y a quelques semaines, semble avoir mis fin provisoirement \u00e0 la crise de la dette grecque. Le sc\u00e9nario redout\u00e9 de sortie de la Gr\u00e8ce a \u00e9t\u00e9 \u00e9vit\u00e9 (tout au moins pour l&rsquo;heure) et l&rsquo;\u00c9tat grec a \u00e9t\u00e9 en mesure de rembourser ses arri\u00e9r\u00e9s au FMI et \u00e0 la BCE en utilisant le pr\u00eat-relais de 7,2 milliards d&rsquo;euros accord\u00e9 par le Conseil europ\u00e9en. En ce qui concerne l&rsquo;avenir, ce pr\u00eat \u00e0 court terme offre \u00e0 la Gr\u00e8ce et \u00e0 ses cr\u00e9anciers un peu de r\u00e9pit pour mettre en place un \u00ab\u00a0protocole d&rsquo;accord\u00a0\u00bb ax\u00e9 sur un plan de sauvetage plus complet, estim\u00e9 \u00e0 un total d&rsquo;environ 85 milliards d&rsquo;euros au cours des trois prochaines ann\u00e9es. Pour ce qui est des concessions faites par le gouvernement grec, le Premier ministre Tsipras a \u00e9t\u00e9 contraint de franchir plusieurs limites fix\u00e9es par son parti en termes d&rsquo;imp\u00f4ts et de r\u00e9duction des d\u00e9penses publiques, et ces mesures d&rsquo;aust\u00e9rit\u00e9 vont probablement continuer \u00e0 exercer des pressions sur l&rsquo;\u00e9conomie grecque au cours des prochains mois et des prochaines ann\u00e9es.<\/p>\n<p>Alors que les longues n\u00e9gociations ont jusqu&rsquo;alors \u00e9t\u00e9 principalement ax\u00e9es sur les r\u00e9formes \u00e0 mettre en \u0153uvre par le gouvernement grec, je trouve \u00e9tonnant que <strong>tr\u00e8s peu de progr\u00e8s aient \u00e9t\u00e9 accomplis en ce qui concerne l&rsquo;octroi \u00e0 l&rsquo;\u00c9tat grec et \u00e0 ses citoyens d&rsquo;un certain type d&rsquo;all\u00e9gement de la dette. <\/strong>En effet, bien qu&rsquo;il ait consid\u00e9rablement baiss\u00e9 en 2012, le ratio dette\/PIB de la Gr\u00e8ce a rebondi, passant de moins de 130\u00a0% en 2009 \u00e0 plus de 180\u00a0% aujourd&rsquo;hui et, selon le FMI, il devrait culminer \u00e0 200\u00a0% dans les deux prochaines ann\u00e9es. Plus alarmant encore, la dynamique de la dette grecque continue d&rsquo;\u00eatre extr\u00eamement inqui\u00e9tante, la poursuite du d\u00e9rapage budg\u00e9taire et les chiffres de croissance d\u00e9cevants (la Commission europ\u00e9enne a r\u00e9cemment r\u00e9duit ses pr\u00e9visions de croissance pour la Gr\u00e8ce en 2015 de 2,5\u00a0% \u00e0 0,5\u00a0%) laissant penser que <strong>la situation risque de s&rsquo;aggraver encore davantage avant de s&rsquo;am\u00e9liorer<\/strong>. Plus r\u00e9cemment, la fermeture forc\u00e9e des banques et la mise en place d&rsquo;un contr\u00f4le des capitaux n&rsquo;ont fait qu&rsquo;exacerber les difficult\u00e9s du pays dans la mesure o\u00f9 une injection de capitaux plus importante que pr\u00e9vu dans le secteur bancaire grec sera d\u00e9sormais n\u00e9cessaire pour le maintenir \u00e0 flot.<\/p>\n<p>Face \u00e0 cette \u00e9volution r\u00e9cente de la situation, la notion selon laquelle la dette publique grecque est insoutenable dans sa forme actuelle semble \u00eatre d\u00e9sormais largement accept\u00e9e. Cela a \u00e9t\u00e9 non seulement mentionn\u00e9 de fa\u00e7on assez explicite par le FMI dans la mise \u00e0 jour de son \u00ab\u00a0projet pr\u00e9liminaire d&rsquo;analyse de la viabilit\u00e9 de la dette\u00a0\u00bb (publi\u00e9 le 14 juillet dernier), mais \u00e9galement par de nombreuses personnalit\u00e9s impliqu\u00e9es dans le dossier, comme Pierre Moscovici, commissaire europ\u00e9en aux affaires \u00e9conomiques et financi\u00e8res. <strong>La question cruciale et \u00e2prement d\u00e9battue est d\u00e9sormais de savoir si l&rsquo;all\u00e8gement de la dette grecque doit intervenir via une r\u00e9duction du montant de cette dette<\/strong> (\u00e9galement connu sous le nom de \u00ab\u00a0d\u00e9cote\u00a0\u00bb ou de \u00ab\u00a0remise de dette\u00a0\u00bb), comme le demandent Tsipras et le gouvernement grec, <strong>ou par le biais d&rsquo;une restructuration de la dette<\/strong> (l&rsquo;option privil\u00e9gi\u00e9e par l&rsquo;Eurogroupe dirig\u00e9 par Angela Merkel) qui maintiendrait inchang\u00e9e la valeur totale de la dette mais permettrait de prolonger les \u00e9ch\u00e9ances et de diminuer les charges d&rsquo;int\u00e9r\u00eat.<\/p>\n<p>Depuis le d\u00e9but de la crise, Angela Merkel et ses partenaires de la zone euro n&rsquo;ont eu de cesse de d\u00e9clarer qu&rsquo;il \u00e9tait hors de question d&rsquo;effacer la dette de la Gr\u00e8ce, et cette intransigeance leur a attir\u00e9 de nombreuses critiques de la part des observateurs internationaux et du peuple grec lui-m\u00eame. Certes, la notion de remise de dette comporte plusieurs inconv\u00e9nients\u00a0:<\/p>\n<ul>\n<li>Elle alimenterait, par exemple, les voix populistes dans d&rsquo;autres pays endett\u00e9s, notamment en Espagne o\u00f9 le parti Podemos verrait sa position renforc\u00e9e.<\/li>\n<li>Elle aurait \u00e9galement un impact n\u00e9gatif imm\u00e9diat sur le secteur bancaire grec, qui d\u00e9tient encore environ 26 milliards d&rsquo;euros d&rsquo;obligations d&rsquo;\u00c9tat grecques (bien que ce chiffre repr\u00e9sente moins de 10\u00a0% du total de la dette grecque) et qui serait contraint d&rsquo;enregistrer de nouvelles pertes.<\/li>\n<li>La Banque centrale europ\u00e9enne, qui a achet\u00e9 plus de 20 milliards d&rsquo;euros d&rsquo;obligations grecques en 2010 au travers de son Programme SMP (Securities Market Program), serait elle aussi contrainte de constater des pertes, et les cons\u00e9quences juridiques d&rsquo;une telle situation restent incertaines.<\/li>\n<li>Enfin, et c&rsquo;est-l\u00e0 la principale objection de Merkel \u00e0 cette id\u00e9e de remise de dette, une telle mesure serait impossible car elle irait \u00e0 l&rsquo;encontre de l&rsquo;article 125 du Trait\u00e9 de Lisbonne (connu sous le nom de \u00ab\u00a0clause de non-renflouement\u00a0\u00bb) qui stipule que l&rsquo;Union ne doit pas r\u00e9pondre des engagements d&rsquo;autres entit\u00e9s publiques, ni les prendre \u00e0 sa charge.<\/li>\n<\/ul>\n<p>Personnellement, je trouve cet argument quelque peu douteux de la part de la m\u00eame Angela Merkel qui, le 29 mai dernier, a r\u00e9pondu \u00e0 la demande de David Cameron concernant une r\u00e9forme des trait\u00e9s europ\u00e9ens\u00a0: \u00ab\u00a0quand on veut, on peut \u00bb. Pour l&rsquo;anecdote, signalons qu\u2019elle a r\u00e9p\u00e9t\u00e9 la m\u00eame phrase \u00e0 Tsipras le 12 juin lorsque les n\u00e9gociations \u00e9taient au point mort, ce qui sugg\u00e8re que l\u2019expression lui plait en ce moment. Quoi qu&rsquo;il en soit, <strong>dans la r\u00e9alit\u00e9, il semble que le Trait\u00e9 de Lisbonne puisse \u00eatre modifi\u00e9 pour les r\u00e9formes de David Cameron concernant l&rsquo;immigration et les retraites en Europe, mais pas lorsqu&rsquo;il s&rsquo;agit d&rsquo;all\u00e9ger la dette de la Gr\u00e8ce. <\/strong><\/p>\n<p>Je pense que c&rsquo;est regrettable dans la mesure o\u00f9, malgr\u00e9 les inconv\u00e9nients, plusieurs arguments convaincants plaident en faveur d&rsquo;un tel all\u00e8gement\u00a0:<\/p>\n<p>1.\u00a0\u00c9tant donn\u00e9 que la dette grecque a d\u00e9j\u00e0 \u00e9t\u00e9 restructur\u00e9e, tout d&rsquo;abord en 2010, puis \u00e0 nouveau en 2012, le taux d&rsquo;int\u00e9r\u00eat moyen que l&rsquo;\u00c9tat grec paye actuellement sur sa dette est d\u00e9j\u00e0 tr\u00e8s faible (environ 2,4\u00a0% selon la Commission europ\u00e9enne), soit seulement 0,2\u00a0% de plus que la France et l&rsquo;Allemagne, comme le montre le graphique ci-dessous\u00a0:<\/p>\n<p><a href=\"https:\/\/bondvigilantes.com\/wp-content\/uploads\/sites\/4\/2021\/12\/EU-implicit-interest-rates_FR-2.png\" data-rel=\"lightbox-gallery-Z0wxn3bG\" data-rl_title=\"\" data-rl_caption=\"\" title=\"\"><img loading=\"lazy\" decoding=\"async\" class=\"aligncenter size-full wp-image-983\" src=\"https:\/\/bondvigilantes.com\/wp-content\/uploads\/sites\/4\/2021\/12\/EU-implicit-interest-rates_FR-2.png\" alt=\"EU implicit interest rates_FR (2)\" width=\"945\" height=\"472\" srcset=\"https:\/\/bondvigilantes.com\/francais\/wp-content\/uploads\/sites\/4\/2021\/12\/EU-implicit-interest-rates_FR-2.png 945w, https:\/\/bondvigilantes.com\/francais\/wp-content\/uploads\/sites\/4\/2021\/12\/EU-implicit-interest-rates_FR-2-300x150.png 300w\" sizes=\"auto, (max-width: 945px) 100vw, 945px\" \/><\/a><\/p>\n<p>En outre, \u00e0 plus de 20 ans, l&rsquo;\u00e9ch\u00e9ance moyenne de la dette est d\u00e9j\u00e0 assez longue elle aussi. C&rsquo;est pourquoi non seulement une restructuration ne r\u00e9duirait le co\u00fbt de la dette que de fa\u00e7on marginale, mais elle prolongerait \u00e9galement de plusieurs d\u00e9cennies la tutelle financi\u00e8re de la Gr\u00e8ce et la n\u00e9cessit\u00e9 de poursuivre les mesures d&rsquo;aust\u00e9rit\u00e9. Par exemple, le fait de r\u00e9duire le taux d&rsquo;int\u00e9r\u00eat moyen sur la dette grecque de 2,4\u00a0% \u00e0 1,4 % et d&rsquo;allonger l&rsquo;\u00e9ch\u00e9ance moyenne de la dette de 30 ans (comme certaines institutions l&rsquo;ont recommand\u00e9) ne r\u00e9duirait la valeur nette actualis\u00e9e de la dette que d&rsquo;environ 30\u00a0%1.\u00a0Ce serait un pas dans la bonne direction, mais cela n&rsquo;offrirait vraisemblablement que peu de marge de man\u0153uvre \u00e0 la Gr\u00e8ce.<\/p>\n<p>Et si les taux d&rsquo;int\u00e9r\u00eat sont abaiss\u00e9s et les \u00e9ch\u00e9ances prolong\u00e9es pour la Gr\u00e8ce, quelle sera la r\u00e9action des partis populistes en Europe\u00a0? En mati\u00e8re d&rsquo;all\u00e9gement de la dette, leur cause n&rsquo;est-elle pas quasiment aussi solide que celle de la Gr\u00e8ce, que cet all\u00e9gement intervienne via une remise de dette ou au travers d&rsquo;une restructuration\u00a0?<\/p>\n<p>2. Alors que la Gr\u00e8ce entame sa 7<sup>e<\/sup> ann\u00e9e de r\u00e9cession, on peut faire valoir que le pays et ses citoyens ont atteint les limites de ce qu&rsquo;ils peuvent supporter en termes de mesures d&rsquo;aust\u00e9rit\u00e9. Une d\u00e9cote grecque permettrait de relancer les d\u00e9penses \u00e0 court terme dont le pays a grandement besoin, en vue de stimuler l&rsquo;investissement et de r\u00e9duire le ch\u00f4mage.<\/p>\n<p>On peut esp\u00e9rer que l&rsquo;Allemagne et ses partenaires de l&rsquo;Eurogroupe sont sensibles aux avantages potentiels d&rsquo;une remise de dette et qu&rsquo;ils ont refus\u00e9 d&rsquo;envisager cette option jusqu&rsquo;\u00e0 pr\u00e9sent parce qu&rsquo;ils estiment que le moment n&rsquo;est pas opportun. Il est vrai qu&rsquo;\u00e0 l&rsquo;approche des \u00e9lections nationales au Portugal, en Espagne et en Irlande et des \u00e9lections f\u00e9d\u00e9rales allemandes en 2017, ce n&rsquo;est sans doute pas le meilleur moment de cristalliser une perte sur les pr\u00eats consentis \u00e0 la Gr\u00e8ce.<\/p>\n<p>\u00c0 cet \u00e9gard, la strat\u00e9gie de l&rsquo;Allemagne est sans doute logique et <strong>on ne peut qu&rsquo;esp\u00e9rer que dans quelques ann\u00e9es<\/strong>, si la Gr\u00e8ce a fait preuve d&rsquo;un solide engagement envers les r\u00e9formes et si les pressions politiques ont diminu\u00e9 en Europe, <strong>l&rsquo;id\u00e9e de la remise de dette soit remise sur la table<\/strong>. \u00c0 cette occasion, peut-\u00eatre entendrons-nous m\u00eame Angela Merkel r\u00e9utiliser son slogan favori&#8230; quand on veut, on peut&#8230; n&rsquo;est-ce pas Madame Merkel\u00a0?<\/p>\n<p>1 Sur la base d&rsquo;un taux d&rsquo;actualisation fixe de 2,4\u00a0%<\/p>\n","protected":false},"excerpt":{"rendered":"<p>La r\u00e9union du Sommet de la zone euro \u00e0 Bruxelles, qui s&rsquo;est tenue il y a quelques semaines, semble avoir mis fin provisoirement \u00e0 la crise de la dette grecque. Le sc\u00e9nario redout\u00e9 de sortie de la Gr\u00e8ce a \u00e9t\u00e9 \u00e9vit\u00e9 (tout au moins pour l&rsquo;heure) et l&rsquo;\u00c9tat grec a \u00e9t\u00e9 en mesure de rembourser ses arri\u00e9r\u00e9s au FMI et \u00e0 la BCE en utilisant le pr\u00eat-relais de 7,2 milliards d&rsquo;euros accord\u00e9 par le Conseil europ\u00e9en. En ce qui concerne l&rsquo;avenir, ce pr\u00eat \u00e0 court&#8230;<\/p>\n","protected":false},"author":88,"featured_media":0,"comment_status":"open","ping_status":"open","sticky":false,"template":"","format":"standard","meta":{"_acf_changed":false,"footnotes":""},"categories":[8,67],"tags":[132,77],"class_list":["post-978","post","type-post","status-publish","format-standard","hentry","category-macroeconomie-et-politique","category-zone-euro-2","tag-dette","tag-europe"],"acf":[],"yoast_head":"<!-- This site is optimized with the Yoast SEO Premium plugin v25.8 (Yoast SEO v27.4) - https:\/\/yoast.com\/product\/yoast-seo-premium-wordpress\/ -->\n<title>Effacement de la dette grecque : quand on veut, on peut - Francais<\/title>\n<meta name=\"description\" content=\"La r\u00e9union du Sommet de la zone euro \u00e0 Bruxelles, qui s&#039;est tenue il y a quelques semaines, semble avoir mis fin provisoirement \u00e0 la crise de la dette\" \/>\n<meta name=\"robots\" content=\"index, follow, max-snippet:-1, max-image-preview:large, max-video-preview:-1\" \/>\n<link rel=\"canonical\" href=\"https:\/\/bondvigilantes.com\/francais\/2015\/07\/effacement-de-la-dette-grecque-quand-veut-peut\/\" \/>\n<meta name=\"twitter:label1\" content=\"Written by\" \/>\n\t<meta name=\"twitter:data1\" content=\"Pierre Chartres\" \/>\n\t<meta name=\"twitter:label2\" content=\"Est. reading time\" \/>\n\t<meta name=\"twitter:data2\" content=\"7 minutes\" \/>\n<script type=\"application\/ld+json\" class=\"yoast-schema-graph\">{\"@context\":\"https:\\\/\\\/schema.org\",\"@graph\":[{\"@type\":\"Article\",\"@id\":\"https:\\\/\\\/bondvigilantes.com\\\/francais\\\/2015\\\/07\\\/effacement-de-la-dette-grecque-quand-veut-peut\\\/#article\",\"isPartOf\":{\"@id\":\"https:\\\/\\\/bondvigilantes.com\\\/francais\\\/2015\\\/07\\\/effacement-de-la-dette-grecque-quand-veut-peut\\\/\"},\"author\":{\"name\":\"Pierre Chartres\",\"@id\":\"https:\\\/\\\/bondvigilantes.com\\\/francais\\\/#\\\/schema\\\/person\\\/b7da04115725a37dc0c80e021ae49ad6\"},\"headline\":\"Effacement de la dette grecque : quand on veut, on peut\",\"datePublished\":\"2015-07-31T08:21:11+00:00\",\"dateModified\":\"2015-08-11T09:26:49+00:00\",\"mainEntityOfPage\":{\"@id\":\"https:\\\/\\\/bondvigilantes.com\\\/francais\\\/2015\\\/07\\\/effacement-de-la-dette-grecque-quand-veut-peut\\\/\"},\"wordCount\":1482,\"commentCount\":0,\"image\":{\"@id\":\"https:\\\/\\\/bondvigilantes.com\\\/francais\\\/2015\\\/07\\\/effacement-de-la-dette-grecque-quand-veut-peut\\\/#primaryimage\"},\"thumbnailUrl\":\"https:\\\/\\\/bondvigilantes.com\\\/wp-content\\\/uploads\\\/sites\\\/4\\\/2021\\\/12\\\/EU-implicit-interest-rates_FR-2.png\",\"keywords\":[\"dette\",\"Europe\"],\"articleSection\":[\"macro\u00e9conomie et politique\",\"zone euro\"],\"inLanguage\":\"fr-FR\",\"potentialAction\":[{\"@type\":\"CommentAction\",\"name\":\"Comment\",\"target\":[\"https:\\\/\\\/bondvigilantes.com\\\/francais\\\/2015\\\/07\\\/effacement-de-la-dette-grecque-quand-veut-peut\\\/#respond\"]}]},{\"@type\":\"WebPage\",\"@id\":\"https:\\\/\\\/bondvigilantes.com\\\/francais\\\/2015\\\/07\\\/effacement-de-la-dette-grecque-quand-veut-peut\\\/\",\"url\":\"https:\\\/\\\/bondvigilantes.com\\\/francais\\\/2015\\\/07\\\/effacement-de-la-dette-grecque-quand-veut-peut\\\/\",\"name\":\"Effacement de la dette grecque : quand on veut, on peut - Francais\",\"isPartOf\":{\"@id\":\"https:\\\/\\\/bondvigilantes.com\\\/francais\\\/#website\"},\"primaryImageOfPage\":{\"@id\":\"https:\\\/\\\/bondvigilantes.com\\\/francais\\\/2015\\\/07\\\/effacement-de-la-dette-grecque-quand-veut-peut\\\/#primaryimage\"},\"image\":{\"@id\":\"https:\\\/\\\/bondvigilantes.com\\\/francais\\\/2015\\\/07\\\/effacement-de-la-dette-grecque-quand-veut-peut\\\/#primaryimage\"},\"thumbnailUrl\":\"https:\\\/\\\/bondvigilantes.com\\\/wp-content\\\/uploads\\\/sites\\\/4\\\/2021\\\/12\\\/EU-implicit-interest-rates_FR-2.png\",\"datePublished\":\"2015-07-31T08:21:11+00:00\",\"dateModified\":\"2015-08-11T09:26:49+00:00\",\"author\":{\"@id\":\"https:\\\/\\\/bondvigilantes.com\\\/francais\\\/#\\\/schema\\\/person\\\/b7da04115725a37dc0c80e021ae49ad6\"},\"description\":\"La r\u00e9union du Sommet de la zone euro \u00e0 Bruxelles, qui s'est tenue il y a quelques semaines, semble avoir mis fin provisoirement \u00e0 la crise de la dette\",\"breadcrumb\":{\"@id\":\"https:\\\/\\\/bondvigilantes.com\\\/francais\\\/2015\\\/07\\\/effacement-de-la-dette-grecque-quand-veut-peut\\\/#breadcrumb\"},\"inLanguage\":\"fr-FR\",\"potentialAction\":[{\"@type\":\"ReadAction\",\"target\":[\"https:\\\/\\\/bondvigilantes.com\\\/francais\\\/2015\\\/07\\\/effacement-de-la-dette-grecque-quand-veut-peut\\\/\"]}]},{\"@type\":\"ImageObject\",\"inLanguage\":\"fr-FR\",\"@id\":\"https:\\\/\\\/bondvigilantes.com\\\/francais\\\/2015\\\/07\\\/effacement-de-la-dette-grecque-quand-veut-peut\\\/#primaryimage\",\"url\":\"https:\\\/\\\/bondvigilantes.com\\\/wp-content\\\/uploads\\\/sites\\\/4\\\/2021\\\/12\\\/EU-implicit-interest-rates_FR-2.png\",\"contentUrl\":\"https:\\\/\\\/bondvigilantes.com\\\/wp-content\\\/uploads\\\/sites\\\/4\\\/2021\\\/12\\\/EU-implicit-interest-rates_FR-2.png\"},{\"@type\":\"BreadcrumbList\",\"@id\":\"https:\\\/\\\/bondvigilantes.com\\\/francais\\\/2015\\\/07\\\/effacement-de-la-dette-grecque-quand-veut-peut\\\/#breadcrumb\",\"itemListElement\":[{\"@type\":\"ListItem\",\"position\":1,\"name\":\"Accueil\",\"item\":\"https:\\\/\\\/bondvigilantes.com\\\/francais\\\/\"},{\"@type\":\"ListItem\",\"position\":2,\"name\":\"Effacement de la dette grecque : quand on veut, on peut\"}]},{\"@type\":\"WebSite\",\"@id\":\"https:\\\/\\\/bondvigilantes.com\\\/francais\\\/#website\",\"url\":\"https:\\\/\\\/bondvigilantes.com\\\/francais\\\/\",\"name\":\"Francais\",\"description\":\"M&amp;G\",\"potentialAction\":[{\"@type\":\"SearchAction\",\"target\":{\"@type\":\"EntryPoint\",\"urlTemplate\":\"https:\\\/\\\/bondvigilantes.com\\\/francais\\\/?s={search_term_string}\"},\"query-input\":{\"@type\":\"PropertyValueSpecification\",\"valueRequired\":true,\"valueName\":\"search_term_string\"}}],\"inLanguage\":\"fr-FR\"},{\"@type\":\"Person\",\"@id\":\"https:\\\/\\\/bondvigilantes.com\\\/francais\\\/#\\\/schema\\\/person\\\/b7da04115725a37dc0c80e021ae49ad6\",\"name\":\"Pierre Chartres\",\"image\":{\"@type\":\"ImageObject\",\"inLanguage\":\"fr-FR\",\"@id\":\"https:\\\/\\\/secure.gravatar.com\\\/avatar\\\/7ece867b56b47716377cd8e1ca7a41bd602479cb8186097ce023d8a71b9821b8?s=96&d=mm&r=g\",\"url\":\"https:\\\/\\\/secure.gravatar.com\\\/avatar\\\/7ece867b56b47716377cd8e1ca7a41bd602479cb8186097ce023d8a71b9821b8?s=96&d=mm&r=g\",\"contentUrl\":\"https:\\\/\\\/secure.gravatar.com\\\/avatar\\\/7ece867b56b47716377cd8e1ca7a41bd602479cb8186097ce023d8a71b9821b8?s=96&d=mm&r=g\",\"caption\":\"Pierre Chartres\"},\"url\":\"https:\\\/\\\/bondvigilantes.com\\\/francais\\\/author\\\/pierrechartres\\\/\"}]}<\/script>\n<!-- \/ Yoast SEO Premium plugin. -->","yoast_head_json":{"title":"Effacement de la dette grecque : quand on veut, on peut - Francais","description":"La r\u00e9union du Sommet de la zone euro \u00e0 Bruxelles, qui s'est tenue il y a quelques semaines, semble avoir mis fin provisoirement \u00e0 la crise de la dette","robots":{"index":"index","follow":"follow","max-snippet":"max-snippet:-1","max-image-preview":"max-image-preview:large","max-video-preview":"max-video-preview:-1"},"canonical":"https:\/\/bondvigilantes.com\/francais\/2015\/07\/effacement-de-la-dette-grecque-quand-veut-peut\/","twitter_misc":{"Written by":"Pierre Chartres","Est. reading time":"7 minutes"},"schema":{"@context":"https:\/\/schema.org","@graph":[{"@type":"Article","@id":"https:\/\/bondvigilantes.com\/francais\/2015\/07\/effacement-de-la-dette-grecque-quand-veut-peut\/#article","isPartOf":{"@id":"https:\/\/bondvigilantes.com\/francais\/2015\/07\/effacement-de-la-dette-grecque-quand-veut-peut\/"},"author":{"name":"Pierre Chartres","@id":"https:\/\/bondvigilantes.com\/francais\/#\/schema\/person\/b7da04115725a37dc0c80e021ae49ad6"},"headline":"Effacement de la dette grecque : quand on veut, on peut","datePublished":"2015-07-31T08:21:11+00:00","dateModified":"2015-08-11T09:26:49+00:00","mainEntityOfPage":{"@id":"https:\/\/bondvigilantes.com\/francais\/2015\/07\/effacement-de-la-dette-grecque-quand-veut-peut\/"},"wordCount":1482,"commentCount":0,"image":{"@id":"https:\/\/bondvigilantes.com\/francais\/2015\/07\/effacement-de-la-dette-grecque-quand-veut-peut\/#primaryimage"},"thumbnailUrl":"https:\/\/bondvigilantes.com\/wp-content\/uploads\/sites\/4\/2021\/12\/EU-implicit-interest-rates_FR-2.png","keywords":["dette","Europe"],"articleSection":["macro\u00e9conomie et politique","zone euro"],"inLanguage":"fr-FR","potentialAction":[{"@type":"CommentAction","name":"Comment","target":["https:\/\/bondvigilantes.com\/francais\/2015\/07\/effacement-de-la-dette-grecque-quand-veut-peut\/#respond"]}]},{"@type":"WebPage","@id":"https:\/\/bondvigilantes.com\/francais\/2015\/07\/effacement-de-la-dette-grecque-quand-veut-peut\/","url":"https:\/\/bondvigilantes.com\/francais\/2015\/07\/effacement-de-la-dette-grecque-quand-veut-peut\/","name":"Effacement de la dette grecque : quand on veut, on peut - Francais","isPartOf":{"@id":"https:\/\/bondvigilantes.com\/francais\/#website"},"primaryImageOfPage":{"@id":"https:\/\/bondvigilantes.com\/francais\/2015\/07\/effacement-de-la-dette-grecque-quand-veut-peut\/#primaryimage"},"image":{"@id":"https:\/\/bondvigilantes.com\/francais\/2015\/07\/effacement-de-la-dette-grecque-quand-veut-peut\/#primaryimage"},"thumbnailUrl":"https:\/\/bondvigilantes.com\/wp-content\/uploads\/sites\/4\/2021\/12\/EU-implicit-interest-rates_FR-2.png","datePublished":"2015-07-31T08:21:11+00:00","dateModified":"2015-08-11T09:26:49+00:00","author":{"@id":"https:\/\/bondvigilantes.com\/francais\/#\/schema\/person\/b7da04115725a37dc0c80e021ae49ad6"},"description":"La r\u00e9union du Sommet de la zone euro \u00e0 Bruxelles, qui s'est tenue il y a quelques semaines, semble avoir mis fin provisoirement \u00e0 la crise de la dette","breadcrumb":{"@id":"https:\/\/bondvigilantes.com\/francais\/2015\/07\/effacement-de-la-dette-grecque-quand-veut-peut\/#breadcrumb"},"inLanguage":"fr-FR","potentialAction":[{"@type":"ReadAction","target":["https:\/\/bondvigilantes.com\/francais\/2015\/07\/effacement-de-la-dette-grecque-quand-veut-peut\/"]}]},{"@type":"ImageObject","inLanguage":"fr-FR","@id":"https:\/\/bondvigilantes.com\/francais\/2015\/07\/effacement-de-la-dette-grecque-quand-veut-peut\/#primaryimage","url":"https:\/\/bondvigilantes.com\/wp-content\/uploads\/sites\/4\/2021\/12\/EU-implicit-interest-rates_FR-2.png","contentUrl":"https:\/\/bondvigilantes.com\/wp-content\/uploads\/sites\/4\/2021\/12\/EU-implicit-interest-rates_FR-2.png"},{"@type":"BreadcrumbList","@id":"https:\/\/bondvigilantes.com\/francais\/2015\/07\/effacement-de-la-dette-grecque-quand-veut-peut\/#breadcrumb","itemListElement":[{"@type":"ListItem","position":1,"name":"Accueil","item":"https:\/\/bondvigilantes.com\/francais\/"},{"@type":"ListItem","position":2,"name":"Effacement de la dette grecque : quand on veut, on peut"}]},{"@type":"WebSite","@id":"https:\/\/bondvigilantes.com\/francais\/#website","url":"https:\/\/bondvigilantes.com\/francais\/","name":"Francais","description":"M&amp;G","potentialAction":[{"@type":"SearchAction","target":{"@type":"EntryPoint","urlTemplate":"https:\/\/bondvigilantes.com\/francais\/?s={search_term_string}"},"query-input":{"@type":"PropertyValueSpecification","valueRequired":true,"valueName":"search_term_string"}}],"inLanguage":"fr-FR"},{"@type":"Person","@id":"https:\/\/bondvigilantes.com\/francais\/#\/schema\/person\/b7da04115725a37dc0c80e021ae49ad6","name":"Pierre Chartres","image":{"@type":"ImageObject","inLanguage":"fr-FR","@id":"https:\/\/secure.gravatar.com\/avatar\/7ece867b56b47716377cd8e1ca7a41bd602479cb8186097ce023d8a71b9821b8?s=96&d=mm&r=g","url":"https:\/\/secure.gravatar.com\/avatar\/7ece867b56b47716377cd8e1ca7a41bd602479cb8186097ce023d8a71b9821b8?s=96&d=mm&r=g","contentUrl":"https:\/\/secure.gravatar.com\/avatar\/7ece867b56b47716377cd8e1ca7a41bd602479cb8186097ce023d8a71b9821b8?s=96&d=mm&r=g","caption":"Pierre Chartres"},"url":"https:\/\/bondvigilantes.com\/francais\/author\/pierrechartres\/"}]}},"_links":{"self":[{"href":"https:\/\/bondvigilantes.com\/francais\/wp-json\/wp\/v2\/posts\/978","targetHints":{"allow":["GET"]}}],"collection":[{"href":"https:\/\/bondvigilantes.com\/francais\/wp-json\/wp\/v2\/posts"}],"about":[{"href":"https:\/\/bondvigilantes.com\/francais\/wp-json\/wp\/v2\/types\/post"}],"author":[{"embeddable":true,"href":"https:\/\/bondvigilantes.com\/francais\/wp-json\/wp\/v2\/users\/88"}],"replies":[{"embeddable":true,"href":"https:\/\/bondvigilantes.com\/francais\/wp-json\/wp\/v2\/comments?post=978"}],"version-history":[{"count":0,"href":"https:\/\/bondvigilantes.com\/francais\/wp-json\/wp\/v2\/posts\/978\/revisions"}],"wp:attachment":[{"href":"https:\/\/bondvigilantes.com\/francais\/wp-json\/wp\/v2\/media?parent=978"}],"wp:term":[{"taxonomy":"category","embeddable":true,"href":"https:\/\/bondvigilantes.com\/francais\/wp-json\/wp\/v2\/categories?post=978"},{"taxonomy":"post_tag","embeddable":true,"href":"https:\/\/bondvigilantes.com\/francais\/wp-json\/wp\/v2\/tags?post=978"}],"curies":[{"name":"wp","href":"https:\/\/api.w.org\/{rel}","templated":true}]}}