{"id":1062,"date":"2013-03-15T17:02:51","date_gmt":"2013-03-15T17:02:51","guid":{"rendered":"https:\/\/www.bondvigilantes.com\/italiano\/?p=1062"},"modified":"2024-11-12T14:43:02","modified_gmt":"2024-11-12T14:43:02","slug":"inflazione-salariale-nel-2013-pressioni-al-rialzo-sui-costi-del-lavoro-in-germania","status":"publish","type":"post","link":"https:\/\/bondvigilantes.com\/italiano\/2013\/03\/inflazione-salariale-nel-2013-pressioni-al-rialzo-sui-costi-del-lavoro-in-germania\/","title":{"rendered":"Inflazione salariale: nel 2013 pressioni al rialzo sui costi del lavoro in Germania"},"content":{"rendered":"\n<p>Quando ho lasciato la Germania, pi\u00f9 di tre anni e mezzo fa, la vita nel Paese non era affatto male. L\u2019amato-odiato <a href=\"http:\/\/www.guardian.co.uk\/football\/blog\/2013\/feb\/18\/bayern-munich-arsenal-superpower\" target=\"_blank\" rel=\"noopener\">Bayern Monaco<\/a> aveva appena perso la Bundesliga, la carne di cavallo si mangiava alla luce del giorno nella &#8220;Rheinischer Sauerbraten\u201d e circa 40 milioni di Tedeschi avevano un lavoro. Oggi, nonostante le cattive notizie \u2013 il Bayern Monaco \u00e8 ai primi posti della classifica e la carne di cavallo \u00e8 diventata un ingrediente di base di quasi tutti i piatti pronti industriali \u2013 in Germania si vive ancora bene. L\u2019occupazione \u00e8 ai massimi storici in termini assoluti e il tasso di senza lavoro si attesta stabilmente al 6,9%.<\/p>\n\n\n\n<p>Anche se alcuni Paesi periferici hanno fatto dei progressi nella riduzione dei costi salariali unitari grazie a rigide misure di austerit\u00e0 (secondo le proiezioni dell\u2019Organizzazione per la cooperazione e lo sviluppo economico, OCSE), la Germania si conferma uno degli Stati europei pi\u00f9 competitivi. L\u2019austerit\u00e0 \u00e8 una medicina amara e dubito che i Greci, gli Spagnoli e soprattutto gli Italiani (stando al recente esito elettorale) siano disposti a prenderla finch\u00e9 non raggiungeranno un livello di competitivit\u00e0 analogo a quello della Germania.<\/p>\n\n\n<div class=\"wp-block-image\">\n<figure class=\"aligncenter size-full\"><a href=\"https:\/\/bondvigilantes.com\/italiano\/wp-content\/uploads\/sites\/2\/2021\/12\/3409_1_13.png\" data-rel=\"lightbox-image-0\" data-rl_title=\"\" data-rl_caption=\"\" title=\"\"><img loading=\"lazy\" decoding=\"async\" width=\"768\" height=\"576\" src=\"https:\/\/bondvigilantes.com\/italiano\/wp-content\/uploads\/sites\/2\/2021\/12\/3409_1_13.png\" alt=\"\" class=\"wp-image-8348\" srcset=\"https:\/\/bondvigilantes.com\/italiano\/wp-content\/uploads\/sites\/2\/2021\/12\/3409_1_13.png 768w, https:\/\/bondvigilantes.com\/italiano\/wp-content\/uploads\/sites\/2\/2021\/12\/3409_1_13-300x225.png 300w\" sizes=\"auto, (max-width: 768px) 100vw, 768px\" \/><\/a><\/figure>\n<\/div>\n\n\n<p>Per questo motivo, si pensa solitamente che il riequilibrio dell\u2019eurozona debba passare non solo per le riforme strutturali nella periferia, ma anche per una svalutazione interna nello zoccolo duro della regione. A differenza della periferia che sta cercando di ridurre i costi salariali, nel 2012 l\u2019economia tedesca ha visto un incremento annuo degli stipendi reali per il terzo anno consecutivo. Dopo aver stretto la cinghia per anni, i dipendenti chiedono un aumento. I piani di assunzione e la fiducia delle imprese non hanno risentito neanche troppo del rallentamento congiunturale dell\u2019ultimo trimestre. Ma soprattutto, la Germania \u00e8 in periodo elettorale.<\/p>\n\n\n\n<p>A inizio marzo, l\u2019SPD, i Verdi e la sinistra (\u201cDie Linke\u201d) hanno ufficialmente dato il via alla campagna affrontando il tema della giustizia sociale (\u201cSoziale Gerechtigkeit\u201d). Al Bundesrat, i tre partiti, che hanno attualmente la maggioranza alla camera alta del Parlamento tedesco, hanno votato a favore di un salario minimo garantito di 8,50 euro l\u2019ora (ovvero circa 1.300 euro mensili ipotizzando una settimana lavorativa media di 35 ore per i dipendenti a tempo pieno).<\/p>\n\n\n\n<p>La Germania \u00e8 uno dei pochi Paesi europei che non hanno un salario minimo di legge. L\u2019importo in discussione sarebbe sostanzialmente equivalente a quello in vigore nel Regno Unito e inferiore a quello previsto in Francia, Olanda e Irlanda (guardando il grafico seguente, mi sono chiesto se non possa essere uno dei motivi per cui gli Irlandesi non sono scesi in piazza come gli Spagnoli o i Greci). Il disegno di legge \u00e8 per\u00f2 soggetto all\u2019approvazione del Parlamento controllato da CDU e FDP. Anche se \u00e8 molto improbabile che venga ratificata nella sua forma attuale, la proposta costringer\u00e0 Angela Merkel a fare delle concessioni e a introdurre una soglia per gli stipendi dei lavoratori tedeschi.<\/p>\n\n\n<div class=\"wp-block-image\">\n<figure class=\"aligncenter size-full\"><a href=\"https:\/\/bondvigilantes.com\/italiano\/wp-content\/uploads\/sites\/2\/2021\/12\/3409_2_2.png\" data-rel=\"lightbox-image-1\" data-rl_title=\"\" data-rl_caption=\"\" title=\"\"><img loading=\"lazy\" decoding=\"async\" width=\"769\" height=\"576\" src=\"https:\/\/bondvigilantes.com\/italiano\/wp-content\/uploads\/sites\/2\/2021\/12\/3409_2_2.png\" alt=\"\" class=\"wp-image-8349\" srcset=\"https:\/\/bondvigilantes.com\/italiano\/wp-content\/uploads\/sites\/2\/2021\/12\/3409_2_2.png 769w, https:\/\/bondvigilantes.com\/italiano\/wp-content\/uploads\/sites\/2\/2021\/12\/3409_2_2-300x225.png 300w\" sizes=\"auto, (max-width: 769px) 100vw, 769px\" \/><\/a><\/figure>\n<\/div>\n\n\n<p>Ma la maggiore fonte di pressione salariale \u00e8 la scadenza dei contratti di lavoro collettivi fra l\u2019industria e i potenti sindacati tedeschi. Si stima che nel corso dell\u2019anno dovranno essere rinnovati i contratti relativi a 12,5 milioni di Tedeschi, vale a dire il 30% circa della forza lavoro nazionale. Nel 2013 le organizzazioni sindacali Ver.di e IG Metall rappresentano gli interessi di circa 9 milioni di persone. Le trattative pi\u00f9 rilevanti riguardano il settore metalmeccanico ed elettronico (circa 3,4 milioni di dipendenti), la distribuzione al dettaglio (1,3 milioni), il commercio all\u2019ingrosso (780.000) e l\u2019edilizia (650.000).<\/p>\n\n\n\n<p>Ma che cosa chiedono i lavoratori? Lo scorso fine settimana \u00e8 stato rinnovato uno dei primi contratti. Ver.di e i rappresentanti del settore pubblico hanno accettato un aumento salariale del 5,6% fra il 2013 (+2,65%) e il 2014 (+2,95%) per circa 800.000 dipendenti pubblici. Gli apprendisti del settore pubblico si sono inoltre visti riconoscere delle garanzie e 30 giorni di ferie l\u2019anno. Per i lavoratori dell\u2019industria metalmeccanica ed elettronica, IG Metall chiede attualmente una crescita dei salari nominali del 5,5%, mentre nell\u2019edilizia IG Bau punta al 6,6%. Ci\u00f2 significherebbe senza dubbio un notevole incremento dei salari reali di buona parte dei 41,7 milioni di lavoratori tedeschi.<\/p>\n\n\n\n<p>Il potere dei sindacati tedeschi, soprattutto nel periodo elettorale, non \u00e8 da sottovalutare. I \u201ccolletti blu\u201d votano tradizionalmente a sinistra, quindi i socialdemocratici faranno di tutto per sostenere i sindacati. Angela Merkel deve trovare il modo di accogliere le richieste degli operai, se non vuole rischiare di regalare all\u2019opposizione 12,5 milioni di voti.<\/p>\n\n\n<div class=\"wp-block-image\">\n<figure class=\"aligncenter size-full\"><a href=\"https:\/\/bondvigilantes.com\/italiano\/wp-content\/uploads\/sites\/2\/2021\/12\/3409_3_3.png\" data-rel=\"lightbox-image-2\" data-rl_title=\"\" data-rl_caption=\"\" title=\"\"><img loading=\"lazy\" decoding=\"async\" width=\"768\" height=\"574\" src=\"https:\/\/bondvigilantes.com\/italiano\/wp-content\/uploads\/sites\/2\/2021\/12\/3409_3_3.png\" alt=\"\" class=\"wp-image-8350\" srcset=\"https:\/\/bondvigilantes.com\/italiano\/wp-content\/uploads\/sites\/2\/2021\/12\/3409_3_3.png 768w, https:\/\/bondvigilantes.com\/italiano\/wp-content\/uploads\/sites\/2\/2021\/12\/3409_3_3-300x224.png 300w\" sizes=\"auto, (max-width: 768px) 100vw, 768px\" \/><\/a><\/figure>\n<\/div>\n\n\n<p>Prima o poi l\u2019inflazione salariale arriver\u00e0 anche in Germania, forse proprio al momento giusto per l\u2019economia. Mentre la domanda di prodotti tedeschi nell\u2019eurozona non sembra aumentare e in <a href=\"https:\/\/bondvigilantes.com\/italiano\/2021\/12\/04\/se-il-modello-economico-cinese-cambia-e-la-crescita-rallenta-chi-ci-rimette\/?noredirect=it\" target=\"_blank\" rel=\"noopener\">Cina <\/a>tende addirittura a rallentare, \u00e8 un bene che i lavoratori possano consumare di pi\u00f9, riducendo cos\u00ec la dipendenza del Paese dalle esportazioni. Ma sono in gioco equilibri molto delicati. Una crescita salariale eccessiva potrebbe erodere la competitivit\u00e0. Il salario minimo al vaglio del Parlamento non ci sembra una minaccia concreta, in quanto \u00e8 troppo basso per avere un impatto negativo immediato. A lungo andare, per\u00f2, il livello salariale minimo potrebbe diventare una facile tentazione per i governi desiderosi di compiacere l\u2019elettorato in vista del voto.<\/p>\n\n\n\n<p>Nel prossimo futuro, probabilmente, peseranno di pi\u00f9 gli aumenti contrattuali negoziati dai sindacati. Secondo i rigidi <a href=\"https:\/\/www.bis.org\/review\/r130226b.pdf\" target=\"_blank\" rel=\"noopener\">modelli della Bundesbank<\/a>, un incremento del 2% dei salari reali tedeschi si tradurrebbe in un calo della crescita del PIL di 75 punti base e in un aumento della disoccupazione dell\u20191%. Gli stessi modelli indicano che la perdita di competitivit\u00e0 della Germania sarebbe quasi irrilevante per i Paesi periferici a causa della struttura dei flussi commerciali. Nell\u2019insieme, quindi, il commercio europeo subirebbe un effetto netto negativo poich\u00e9, per dirla con il Presidente della Bundesbank Jens Weidmann, \u201cl\u2019Europa non \u00e8 un\u2019isola, ma fa parte di un mondo globalizzato\u201d. A nostro parere sarebbe interessante vedere che cosa direbbero i modelli se, ad esempio, si ipotizzasse una svalutazione dello yen e della sterlina, rispettivamente del 30% e del 20%, contro l\u2019euro e come penserebbe di reagire la Bundesbank a questo scenario.<\/p>\n","protected":false},"excerpt":{"rendered":"<p>Quando ho lasciato la Germania, pi\u00f9 di tre anni e mezzo fa, la vita nel Paese non era affatto male. L\u2019amato-odiato Bayern Monaco aveva appena perso la Bundesliga, la carne di cavallo si mangiava alla luce del giorno nella &#8220;Rheinischer Sauerbraten\u201d e circa 40 milioni di Tedeschi avevano un lavoro. Oggi, nonostante le cattive notizie \u2013 il Bayern Monaco \u00e8 ai primi posti della classifica e la carne di cavallo \u00e8 diventata un ingrediente di base di quasi tutti i piatti pronti industriali \u2013 in&#8230;<\/p>\n","protected":false},"author":64,"featured_media":8348,"comment_status":"open","ping_status":"closed","sticky":false,"template":"","format":"standard","meta":{"_acf_changed":false,"footnotes":""},"categories":[12,20,8],"tags":[100,31,78],"class_list":["post-1062","post","type-post","status-publish","format-standard","has-post-thumbnail","hentry","category-inflazione","category-macro-e-politica","category-paesi","tag-disoccupazione","tag-eurozona","tag-inflazione-2"],"acf":[],"yoast_head":"<!-- This site is optimized with the Yoast SEO Premium plugin v25.8 (Yoast SEO v27.4) - https:\/\/yoast.com\/product\/yoast-seo-premium-wordpress\/ -->\n<title>Inflazione salariale: nel 2013 pressioni al rialzo sui costi del lavoro in Germania - Italian<\/title>\n<meta name=\"description\" content=\"Quando ho lasciato la Germania, pi\u00f9 di tre anni e mezzo fa, la vita nel Paese non era affatto male. L\u2019amato-odiato Bayern Monaco aveva appena perso la\" \/>\n<meta name=\"robots\" content=\"index, follow, max-snippet:-1, max-image-preview:large, max-video-preview:-1\" \/>\n<link rel=\"canonical\" href=\"https:\/\/bondvigilantes.com\/italiano\/2013\/03\/inflazione-salariale-nel-2013-pressioni-al-rialzo-sui-costi-del-lavoro-in-germania\/\" \/>\n<meta name=\"twitter:label1\" content=\"Written by\" \/>\n\t<meta name=\"twitter:data1\" content=\"Markus Peters\" \/>\n\t<meta name=\"twitter:label2\" content=\"Est. reading time\" \/>\n\t<meta name=\"twitter:data2\" content=\"7 minuti\" \/>\n<script type=\"application\/ld+json\" class=\"yoast-schema-graph\">{\"@context\":\"https:\\\/\\\/schema.org\",\"@graph\":[{\"@type\":\"Article\",\"@id\":\"https:\\\/\\\/bondvigilantes.com\\\/italiano\\\/2013\\\/03\\\/inflazione-salariale-nel-2013-pressioni-al-rialzo-sui-costi-del-lavoro-in-germania\\\/#article\",\"isPartOf\":{\"@id\":\"https:\\\/\\\/bondvigilantes.com\\\/italiano\\\/2013\\\/03\\\/inflazione-salariale-nel-2013-pressioni-al-rialzo-sui-costi-del-lavoro-in-germania\\\/\"},\"author\":{\"name\":\"Markus Peters\",\"@id\":\"https:\\\/\\\/bondvigilantes.com\\\/italiano\\\/#\\\/schema\\\/person\\\/31621b444a6d2a5b2b5794c4bd1f77bb\"},\"headline\":\"Inflazione salariale: nel 2013 pressioni al rialzo sui costi del lavoro in Germania\",\"datePublished\":\"2013-03-15T17:02:51+00:00\",\"dateModified\":\"2024-11-12T14:43:02+00:00\",\"mainEntityOfPage\":{\"@id\":\"https:\\\/\\\/bondvigilantes.com\\\/italiano\\\/2013\\\/03\\\/inflazione-salariale-nel-2013-pressioni-al-rialzo-sui-costi-del-lavoro-in-germania\\\/\"},\"wordCount\":985,\"commentCount\":1,\"image\":{\"@id\":\"https:\\\/\\\/bondvigilantes.com\\\/italiano\\\/2013\\\/03\\\/inflazione-salariale-nel-2013-pressioni-al-rialzo-sui-costi-del-lavoro-in-germania\\\/#primaryimage\"},\"thumbnailUrl\":\"https:\\\/\\\/bondvigilantes.com\\\/italiano\\\/wp-content\\\/uploads\\\/sites\\\/2\\\/2021\\\/12\\\/3409_1_13.png\",\"keywords\":[\"disoccupazione\",\"Eurozona;\",\"inflazione\"],\"articleSection\":[\"Inflazione\",\"Macro e Politica\",\"Paesi\"],\"inLanguage\":\"it-IT\",\"potentialAction\":[{\"@type\":\"CommentAction\",\"name\":\"Comment\",\"target\":[\"https:\\\/\\\/bondvigilantes.com\\\/italiano\\\/2013\\\/03\\\/inflazione-salariale-nel-2013-pressioni-al-rialzo-sui-costi-del-lavoro-in-germania\\\/#respond\"]}]},{\"@type\":\"WebPage\",\"@id\":\"https:\\\/\\\/bondvigilantes.com\\\/italiano\\\/2013\\\/03\\\/inflazione-salariale-nel-2013-pressioni-al-rialzo-sui-costi-del-lavoro-in-germania\\\/\",\"url\":\"https:\\\/\\\/bondvigilantes.com\\\/italiano\\\/2013\\\/03\\\/inflazione-salariale-nel-2013-pressioni-al-rialzo-sui-costi-del-lavoro-in-germania\\\/\",\"name\":\"Inflazione salariale: nel 2013 pressioni al rialzo sui costi del lavoro in Germania - Italian\",\"isPartOf\":{\"@id\":\"https:\\\/\\\/bondvigilantes.com\\\/italiano\\\/#website\"},\"primaryImageOfPage\":{\"@id\":\"https:\\\/\\\/bondvigilantes.com\\\/italiano\\\/2013\\\/03\\\/inflazione-salariale-nel-2013-pressioni-al-rialzo-sui-costi-del-lavoro-in-germania\\\/#primaryimage\"},\"image\":{\"@id\":\"https:\\\/\\\/bondvigilantes.com\\\/italiano\\\/2013\\\/03\\\/inflazione-salariale-nel-2013-pressioni-al-rialzo-sui-costi-del-lavoro-in-germania\\\/#primaryimage\"},\"thumbnailUrl\":\"https:\\\/\\\/bondvigilantes.com\\\/italiano\\\/wp-content\\\/uploads\\\/sites\\\/2\\\/2021\\\/12\\\/3409_1_13.png\",\"datePublished\":\"2013-03-15T17:02:51+00:00\",\"dateModified\":\"2024-11-12T14:43:02+00:00\",\"author\":{\"@id\":\"https:\\\/\\\/bondvigilantes.com\\\/italiano\\\/#\\\/schema\\\/person\\\/31621b444a6d2a5b2b5794c4bd1f77bb\"},\"description\":\"Quando ho lasciato la Germania, pi\u00f9 di tre anni e mezzo fa, la vita nel Paese non era affatto male. L\u2019amato-odiato Bayern Monaco aveva appena perso la\",\"breadcrumb\":{\"@id\":\"https:\\\/\\\/bondvigilantes.com\\\/italiano\\\/2013\\\/03\\\/inflazione-salariale-nel-2013-pressioni-al-rialzo-sui-costi-del-lavoro-in-germania\\\/#breadcrumb\"},\"inLanguage\":\"it-IT\",\"potentialAction\":[{\"@type\":\"ReadAction\",\"target\":[\"https:\\\/\\\/bondvigilantes.com\\\/italiano\\\/2013\\\/03\\\/inflazione-salariale-nel-2013-pressioni-al-rialzo-sui-costi-del-lavoro-in-germania\\\/\"]}]},{\"@type\":\"ImageObject\",\"inLanguage\":\"it-IT\",\"@id\":\"https:\\\/\\\/bondvigilantes.com\\\/italiano\\\/2013\\\/03\\\/inflazione-salariale-nel-2013-pressioni-al-rialzo-sui-costi-del-lavoro-in-germania\\\/#primaryimage\",\"url\":\"https:\\\/\\\/bondvigilantes.com\\\/italiano\\\/wp-content\\\/uploads\\\/sites\\\/2\\\/2021\\\/12\\\/3409_1_13.png\",\"contentUrl\":\"https:\\\/\\\/bondvigilantes.com\\\/italiano\\\/wp-content\\\/uploads\\\/sites\\\/2\\\/2021\\\/12\\\/3409_1_13.png\",\"width\":768,\"height\":576},{\"@type\":\"BreadcrumbList\",\"@id\":\"https:\\\/\\\/bondvigilantes.com\\\/italiano\\\/2013\\\/03\\\/inflazione-salariale-nel-2013-pressioni-al-rialzo-sui-costi-del-lavoro-in-germania\\\/#breadcrumb\",\"itemListElement\":[{\"@type\":\"ListItem\",\"position\":1,\"name\":\"Home\",\"item\":\"https:\\\/\\\/bondvigilantes.com\\\/italiano\\\/\"},{\"@type\":\"ListItem\",\"position\":2,\"name\":\"Inflazione salariale: nel 2013 pressioni al rialzo sui costi del lavoro in Germania\"}]},{\"@type\":\"WebSite\",\"@id\":\"https:\\\/\\\/bondvigilantes.com\\\/italiano\\\/#website\",\"url\":\"https:\\\/\\\/bondvigilantes.com\\\/italiano\\\/\",\"name\":\"Italian\",\"description\":\"M&amp;G\",\"potentialAction\":[{\"@type\":\"SearchAction\",\"target\":{\"@type\":\"EntryPoint\",\"urlTemplate\":\"https:\\\/\\\/bondvigilantes.com\\\/italiano\\\/?s={search_term_string}\"},\"query-input\":{\"@type\":\"PropertyValueSpecification\",\"valueRequired\":true,\"valueName\":\"search_term_string\"}}],\"inLanguage\":\"it-IT\"},{\"@type\":\"Person\",\"@id\":\"https:\\\/\\\/bondvigilantes.com\\\/italiano\\\/#\\\/schema\\\/person\\\/31621b444a6d2a5b2b5794c4bd1f77bb\",\"name\":\"Markus Peters\",\"image\":{\"@type\":\"ImageObject\",\"inLanguage\":\"it-IT\",\"@id\":\"https:\\\/\\\/secure.gravatar.com\\\/avatar\\\/049bade4e583bee1277bbba7e170c047ad57250823971c011321b7e6232b3dde?s=96&d=mm&r=g\",\"url\":\"https:\\\/\\\/secure.gravatar.com\\\/avatar\\\/049bade4e583bee1277bbba7e170c047ad57250823971c011321b7e6232b3dde?s=96&d=mm&r=g\",\"contentUrl\":\"https:\\\/\\\/secure.gravatar.com\\\/avatar\\\/049bade4e583bee1277bbba7e170c047ad57250823971c011321b7e6232b3dde?s=96&d=mm&r=g\",\"caption\":\"Markus Peters\"},\"url\":\"https:\\\/\\\/bondvigilantes.com\\\/italiano\\\/author\\\/markuspeters\\\/\"}]}<\/script>\n<!-- \/ Yoast SEO Premium plugin. -->","yoast_head_json":{"title":"Inflazione salariale: nel 2013 pressioni al rialzo sui costi del lavoro in Germania - Italian","description":"Quando ho lasciato la Germania, pi\u00f9 di tre anni e mezzo fa, la vita nel Paese non era affatto male. L\u2019amato-odiato Bayern Monaco aveva appena perso la","robots":{"index":"index","follow":"follow","max-snippet":"max-snippet:-1","max-image-preview":"max-image-preview:large","max-video-preview":"max-video-preview:-1"},"canonical":"https:\/\/bondvigilantes.com\/italiano\/2013\/03\/inflazione-salariale-nel-2013-pressioni-al-rialzo-sui-costi-del-lavoro-in-germania\/","twitter_misc":{"Written by":"Markus Peters","Est. reading time":"7 minuti"},"schema":{"@context":"https:\/\/schema.org","@graph":[{"@type":"Article","@id":"https:\/\/bondvigilantes.com\/italiano\/2013\/03\/inflazione-salariale-nel-2013-pressioni-al-rialzo-sui-costi-del-lavoro-in-germania\/#article","isPartOf":{"@id":"https:\/\/bondvigilantes.com\/italiano\/2013\/03\/inflazione-salariale-nel-2013-pressioni-al-rialzo-sui-costi-del-lavoro-in-germania\/"},"author":{"name":"Markus Peters","@id":"https:\/\/bondvigilantes.com\/italiano\/#\/schema\/person\/31621b444a6d2a5b2b5794c4bd1f77bb"},"headline":"Inflazione salariale: nel 2013 pressioni al rialzo sui costi del lavoro in Germania","datePublished":"2013-03-15T17:02:51+00:00","dateModified":"2024-11-12T14:43:02+00:00","mainEntityOfPage":{"@id":"https:\/\/bondvigilantes.com\/italiano\/2013\/03\/inflazione-salariale-nel-2013-pressioni-al-rialzo-sui-costi-del-lavoro-in-germania\/"},"wordCount":985,"commentCount":1,"image":{"@id":"https:\/\/bondvigilantes.com\/italiano\/2013\/03\/inflazione-salariale-nel-2013-pressioni-al-rialzo-sui-costi-del-lavoro-in-germania\/#primaryimage"},"thumbnailUrl":"https:\/\/bondvigilantes.com\/italiano\/wp-content\/uploads\/sites\/2\/2021\/12\/3409_1_13.png","keywords":["disoccupazione","Eurozona;","inflazione"],"articleSection":["Inflazione","Macro e Politica","Paesi"],"inLanguage":"it-IT","potentialAction":[{"@type":"CommentAction","name":"Comment","target":["https:\/\/bondvigilantes.com\/italiano\/2013\/03\/inflazione-salariale-nel-2013-pressioni-al-rialzo-sui-costi-del-lavoro-in-germania\/#respond"]}]},{"@type":"WebPage","@id":"https:\/\/bondvigilantes.com\/italiano\/2013\/03\/inflazione-salariale-nel-2013-pressioni-al-rialzo-sui-costi-del-lavoro-in-germania\/","url":"https:\/\/bondvigilantes.com\/italiano\/2013\/03\/inflazione-salariale-nel-2013-pressioni-al-rialzo-sui-costi-del-lavoro-in-germania\/","name":"Inflazione salariale: nel 2013 pressioni al rialzo sui costi del lavoro in Germania - Italian","isPartOf":{"@id":"https:\/\/bondvigilantes.com\/italiano\/#website"},"primaryImageOfPage":{"@id":"https:\/\/bondvigilantes.com\/italiano\/2013\/03\/inflazione-salariale-nel-2013-pressioni-al-rialzo-sui-costi-del-lavoro-in-germania\/#primaryimage"},"image":{"@id":"https:\/\/bondvigilantes.com\/italiano\/2013\/03\/inflazione-salariale-nel-2013-pressioni-al-rialzo-sui-costi-del-lavoro-in-germania\/#primaryimage"},"thumbnailUrl":"https:\/\/bondvigilantes.com\/italiano\/wp-content\/uploads\/sites\/2\/2021\/12\/3409_1_13.png","datePublished":"2013-03-15T17:02:51+00:00","dateModified":"2024-11-12T14:43:02+00:00","author":{"@id":"https:\/\/bondvigilantes.com\/italiano\/#\/schema\/person\/31621b444a6d2a5b2b5794c4bd1f77bb"},"description":"Quando ho lasciato la Germania, pi\u00f9 di tre anni e mezzo fa, la vita nel Paese non era affatto male. L\u2019amato-odiato Bayern Monaco aveva appena perso la","breadcrumb":{"@id":"https:\/\/bondvigilantes.com\/italiano\/2013\/03\/inflazione-salariale-nel-2013-pressioni-al-rialzo-sui-costi-del-lavoro-in-germania\/#breadcrumb"},"inLanguage":"it-IT","potentialAction":[{"@type":"ReadAction","target":["https:\/\/bondvigilantes.com\/italiano\/2013\/03\/inflazione-salariale-nel-2013-pressioni-al-rialzo-sui-costi-del-lavoro-in-germania\/"]}]},{"@type":"ImageObject","inLanguage":"it-IT","@id":"https:\/\/bondvigilantes.com\/italiano\/2013\/03\/inflazione-salariale-nel-2013-pressioni-al-rialzo-sui-costi-del-lavoro-in-germania\/#primaryimage","url":"https:\/\/bondvigilantes.com\/italiano\/wp-content\/uploads\/sites\/2\/2021\/12\/3409_1_13.png","contentUrl":"https:\/\/bondvigilantes.com\/italiano\/wp-content\/uploads\/sites\/2\/2021\/12\/3409_1_13.png","width":768,"height":576},{"@type":"BreadcrumbList","@id":"https:\/\/bondvigilantes.com\/italiano\/2013\/03\/inflazione-salariale-nel-2013-pressioni-al-rialzo-sui-costi-del-lavoro-in-germania\/#breadcrumb","itemListElement":[{"@type":"ListItem","position":1,"name":"Home","item":"https:\/\/bondvigilantes.com\/italiano\/"},{"@type":"ListItem","position":2,"name":"Inflazione salariale: nel 2013 pressioni al rialzo sui costi del lavoro in Germania"}]},{"@type":"WebSite","@id":"https:\/\/bondvigilantes.com\/italiano\/#website","url":"https:\/\/bondvigilantes.com\/italiano\/","name":"Italian","description":"M&amp;G","potentialAction":[{"@type":"SearchAction","target":{"@type":"EntryPoint","urlTemplate":"https:\/\/bondvigilantes.com\/italiano\/?s={search_term_string}"},"query-input":{"@type":"PropertyValueSpecification","valueRequired":true,"valueName":"search_term_string"}}],"inLanguage":"it-IT"},{"@type":"Person","@id":"https:\/\/bondvigilantes.com\/italiano\/#\/schema\/person\/31621b444a6d2a5b2b5794c4bd1f77bb","name":"Markus Peters","image":{"@type":"ImageObject","inLanguage":"it-IT","@id":"https:\/\/secure.gravatar.com\/avatar\/049bade4e583bee1277bbba7e170c047ad57250823971c011321b7e6232b3dde?s=96&d=mm&r=g","url":"https:\/\/secure.gravatar.com\/avatar\/049bade4e583bee1277bbba7e170c047ad57250823971c011321b7e6232b3dde?s=96&d=mm&r=g","contentUrl":"https:\/\/secure.gravatar.com\/avatar\/049bade4e583bee1277bbba7e170c047ad57250823971c011321b7e6232b3dde?s=96&d=mm&r=g","caption":"Markus Peters"},"url":"https:\/\/bondvigilantes.com\/italiano\/author\/markuspeters\/"}]}},"_links":{"self":[{"href":"https:\/\/bondvigilantes.com\/italiano\/wp-json\/wp\/v2\/posts\/1062","targetHints":{"allow":["GET"]}}],"collection":[{"href":"https:\/\/bondvigilantes.com\/italiano\/wp-json\/wp\/v2\/posts"}],"about":[{"href":"https:\/\/bondvigilantes.com\/italiano\/wp-json\/wp\/v2\/types\/post"}],"author":[{"embeddable":true,"href":"https:\/\/bondvigilantes.com\/italiano\/wp-json\/wp\/v2\/users\/64"}],"replies":[{"embeddable":true,"href":"https:\/\/bondvigilantes.com\/italiano\/wp-json\/wp\/v2\/comments?post=1062"}],"version-history":[{"count":0,"href":"https:\/\/bondvigilantes.com\/italiano\/wp-json\/wp\/v2\/posts\/1062\/revisions"}],"wp:featuredmedia":[{"embeddable":true,"href":"https:\/\/bondvigilantes.com\/italiano\/wp-json\/wp\/v2\/media\/8348"}],"wp:attachment":[{"href":"https:\/\/bondvigilantes.com\/italiano\/wp-json\/wp\/v2\/media?parent=1062"}],"wp:term":[{"taxonomy":"category","embeddable":true,"href":"https:\/\/bondvigilantes.com\/italiano\/wp-json\/wp\/v2\/categories?post=1062"},{"taxonomy":"post_tag","embeddable":true,"href":"https:\/\/bondvigilantes.com\/italiano\/wp-json\/wp\/v2\/tags?post=1062"}],"curies":[{"name":"wp","href":"https:\/\/api.w.org\/{rel}","templated":true}]}}