{"id":1070,"date":"2013-03-18T12:39:23","date_gmt":"2013-03-18T12:39:23","guid":{"rendered":"https:\/\/www.bondvigilantes.com\/italiano\/?p=1070"},"modified":"2013-03-18T12:39:23","modified_gmt":"2013-03-18T12:39:23","slug":"anche-gli-irlandesi-piangono","status":"publish","type":"post","link":"https:\/\/bondvigilantes.com\/italiano\/2013\/03\/anche-gli-irlandesi-piangono\/","title":{"rendered":"Anche gli Irlandesi piangono"},"content":{"rendered":"<p>Aspettando il giorno di San Patrizio, abbiamo pensato di fare il punto sull\u2019economia irlandese.<\/p>\n<p>Nel novembre 2010, l\u2019Irlanda \u00e8 fallita. La promessa del governo di tutelare i creditori delle banche si era tradotta in un aumento insostenibile del debito pubblico. Era impensabile che il Paese potesse far fronte ai propri impegni, soprattutto dopo che i rendimenti dei titoli di Stato a 8 anni erano saliti oltre il 7% (in seguito avrebbero superato il 15%). Disperata, l\u2019Irlanda si rivolse alla Commissione europea, all\u2019UE e al Fondo monetario internazionale (la cosiddetta Troika).<\/p>\n<p><span style=\"text-decoration: underline\"><a href=\"https:\/\/bondvigilantes.com\/italiano\/wp-content\/uploads\/sites\/2\/2021\/12\/15.png\" data-rel=\"lightbox-image-0\" data-rl_title=\"\" data-rl_caption=\"\" title=\"\"><img loading=\"lazy\" decoding=\"async\" class=\"alignnone size-full wp-image-1091\" alt=\"1\" src=\"https:\/\/bondvigilantes.com\/italiano\/wp-content\/uploads\/sites\/2\/2021\/12\/15.png\" width=\"956\" height=\"715\" \/><\/a><\/span><br \/>\nDopo lunghe trattative, quando i tassi obbligazionari avevano ormai raggiunto livelli record, l\u2019Irlanda ricevette un pacchetto di aiuti di 67,5 miliardi di euro. In cambio, il governo si impegnava a riorganizzare e ridimensionare il settore bancario in proporzione all\u2019economia del Paese. Dublino avrebbe inoltre realizzato significative riforme fiscali e strutturali, adottando fra l\u2019altro delle misure di austerit\u00e0 per un totale di 15 miliardi di euro nell\u2019arco di quattro anni, di cui 10 miliardi di tagli alla spesa e 5 miliardi di gettito fiscale. Il programma di aiuti triennale si concluder\u00e0 a fine 2013.<\/p>\n<p>Si sperava che grazie alle riforme l\u2019Irlanda sarebbe tornata a finanziarsi sui mercati internazionali. E cos\u00ec \u00e8 stato: lo scorso gennaio il governo ha emesso 2,5 miliardi di euro di bond in scadenza nel 2017 a un tasso del 3,32%. Per il 2013 \u00e8 inoltre previsto il lancio di un titolo di riferimento decennale ed eventualmente di un linker.<\/p>\n<p>L\u2019Irlanda non pu\u00f2 usare gli aiuti ricevuti dalla Troika per varare politiche di stimolo economico. I fondi inviati a Dublino sono destinati alle banche e, in ultima analisi, ai loro obbligazionisti. Il comune cittadino non vede un centesimo. Eppure, il bailout avrebbe potuto favorire il contribuente evitando misure di austerit\u00e0 ancora pi\u00f9 rigide.<\/p>\n<p>Detto questo, com\u2019\u00e8 andata l\u2019economia reale?<\/p>\n<p><span style=\"text-decoration: underline\"><a href=\"https:\/\/bondvigilantes.com\/italiano\/wp-content\/uploads\/sites\/2\/2021\/12\/22.png\" data-rel=\"lightbox-image-1\" data-rl_title=\"\" data-rl_caption=\"\" title=\"\"><img loading=\"lazy\" decoding=\"async\" class=\"alignnone size-full wp-image-1092\" alt=\"2\" src=\"https:\/\/bondvigilantes.com\/italiano\/wp-content\/uploads\/sites\/2\/2021\/12\/22.png\" width=\"958\" height=\"716\" \/><\/a><\/span><br \/>\nCome prevedibile, i dati indicano nella migliore delle ipotesi una debole ripresa.\u00a0 Nei dodici mesi al settembre 2012 il PIL irlandese ha registrato una crescita dello 0,8% nonostante un\u2019elevata disoccupazione e l\u2019austerit\u00e0 fiscale. Analizzando i settori che contribuiscono all\u2019espansione economica, constatiamo qualche progresso nelle aree aggregate della distribuzione, dei trasporti, dei software e delle comunicazioni. Il governo si augura che la crescente domanda di beni irlandesi (25% circa dell\u2019economia), in particolare in ambito farmaceutico e informatico, possa sostenere la crescita nel medio periodo. La debolezza dell\u2019euro, soprattutto contro il dollaro (il mercato statunitense rappresenta il 24% circa dell\u2019export), avr\u00e0 un ruolo positivo, ma non \u00e8 sufficiente.<\/p>\n<p>Le industrie pi\u00f9 importanti per il Paese (come quella farmaceutica), ad alta intensit\u00e0 di capitale, hanno solitamente pochi dipendenti. Inoltre, il capitale sociale \u00e8 in mano soprattutto agli investitori esteri e i profitti finiscono quindi oltre confine. Pertanto, per valutare l\u2019andamento dell\u2019economia \u00e8 meglio considerare il prodotto nazionale lordo, che non comprende il reddito percepito dagli stranieri. In base a tale parametro, l\u2019economia irlandese non \u00e8 poi cos\u00ec vivace, ma resta decisamente al di sotto del trend pre-crisi.<\/p>\n<p>Il grafico 2 illustra chiaramente il boom dell\u2019edilizia residenziale che ha preceduto la crisi finanziaria del 2008. Dopo il picco di marzo 2007, l\u2019attivit\u00e0 immobiliare ha subito una contrazione del 65% in termini reali. Pur rappresentando appena il 7,5% dell\u2019economia al suo apice nel 2006, questo settore, con la sua ascesa vertiginosa e il successivo crollo, mette bene in luce i possibili effetti di moltiplicazione del mercato delle case sull\u2019economia (<a href=\"https:\/\/bondvigilantes.com\/italiano\/2021\/12\/29\/il-fiscal-cliff-e-una-bella-gatta-da-pelare-ma-in-qualche-modo-la-questione-sara-risolta-quindi-non-perdiamo-di-vista-il-netto-miglioramento-delledilizia-residenziale-usa\/?noredirect=it\" target=\"_blank\">qui <\/a>evidenziati).<\/p>\n<p>Quanto al mercato del lavoro, nell\u2019ultimo anno la crisi si \u00e8 fermata. Dopo aver raggiunto un massimo del 15%, il tasso di disoccupazione \u00e8 sceso ora al 14,2%. Per molti \u00e8 un segnale che l\u2019economia si sta riprendendo, ma noi non ne siamo cos\u00ec sicuri.<\/p>\n<p><span style=\"text-decoration: underline\"><a href=\"https:\/\/bondvigilantes.com\/italiano\/wp-content\/uploads\/sites\/2\/2021\/12\/31.png\" data-rel=\"lightbox-image-2\" data-rl_title=\"\" data-rl_caption=\"\" title=\"\"><img loading=\"lazy\" decoding=\"async\" class=\"alignnone size-full wp-image-1093\" alt=\"3\" src=\"https:\/\/bondvigilantes.com\/italiano\/wp-content\/uploads\/sites\/2\/2021\/12\/31.png\" width=\"956\" height=\"716\" \/><\/a><\/span><br \/>\nMantenendo un tasso di attivit\u00e0 costante ai livelli di settembre 2008, il tasso di disoccupazione si avvicina al 19,5%, ben il 5,3% in pi\u00f9 di quanto suggerirebbe l\u2019attuale 14,2% di senza lavoro. Ci\u00f2 equivale a circa 140.000 persone. Dove sono finite?<\/p>\n<p><span style=\"text-decoration: underline\"><a href=\"https:\/\/bondvigilantes.com\/italiano\/wp-content\/uploads\/sites\/2\/2021\/12\/4.png\" data-rel=\"lightbox-image-3\" data-rl_title=\"\" data-rl_caption=\"\" title=\"\"><img loading=\"lazy\" decoding=\"async\" class=\"alignnone size-full wp-image-1094\" alt=\"4\" src=\"https:\/\/bondvigilantes.com\/italiano\/wp-content\/uploads\/sites\/2\/2021\/12\/4.png\" width=\"957\" height=\"716\" \/><\/a><\/span><br \/>\nSecondo i dati sui flussi migratori netti, nel periodo 2009-2012, 87.000 Irlandesi, per lo pi\u00f9 di et\u00e0 compresa fra 15 e 44 anni, hanno lasciato il Paese. L\u2019emigrazione, un minor tasso di attivit\u00e0 e la crescente sfiducia fra i lavoratori spiegano in parte il calo del tasso di disoccupazione. Il mercato del lavoro non \u00e8 in via di guarigione: di fatto il numero di impiegati \u00e8 sceso da un picco di 2,16 milioni nel terzo trimestre 2007 a 1,85 milioni a fine 2012.<\/p>\n<p>Si \u00e8 parlato molto di svalutazione interna, che sembrava preludere a una maggiore competitivit\u00e0 dell\u2019Irlanda nell\u2019economia globale. Certo, i costi salariali unitari sono scesi del 16% dall\u2019apice del quarto trimestre 2008 al terzo trimestre 2012. Una flessione che per\u00f2 non rispecchia il trend pi\u00f9 recente. Dal primo trimestre 2010 al terzo del 2012, i costi salariali unitari sono diminuiti appena del 3,4% e dal primo trimestre 2011 al terzo del 2012 sono rimasti di fatto invariati. Dato il recente rallentamento del trend, ci vorr\u00e0 almeno un decennio perch\u00e9 l\u2019Irlanda diventi davvero competitiva. \u00c8 opinione comune che il Paese abbia un mercato del lavoro fra i pi\u00f9 flessibili dell\u2019eurozona.\u00a0 Che speranze hanno allora Italia, Grecia, Spagna e Portogallo, con le loro rigidit\u00e0?<\/p>\n<p>L\u2019economia irlandese ci preoccupa. Servono stimoli, non austerit\u00e0. In assenza di misure di sostegno, nel prossimo futuro il Paese registrer\u00e0 una crescita subtendenziale (in contrasto con le previsioni del FMI \u2013 v. <a href=\"https:\/\/bondvigilantes.com\/italiano\/2021\/12\/18\/la-migliore-economia-europea-nel-2016-sara-la-grecia-e-altre-bizzarre-previsioni-dellfmi\/?noredirect=it\" target=\"_blank\">qui<\/a>). Tanto per cominciare, per stimolare l\u2019economia si potrebbe utilizzare parte dei finanziamenti ottenuti sui mercati a tassi di interesse eccezionalmente bassi. Il pacchetto da 2,25 miliardi di euro dello scorso luglio \u00e8 un buon inizio, ma serve molto di pi\u00f9. Un\u2019iniezione di liquidit\u00e0 alla Bernanke. Perch\u00e9 non dare 200 euro a ognuno dei 4,5 milioni di Irlandesi? Costerebbe soltanto 900 milioni di euro. E poi ridurre l\u2019imposta sul reddito. Incentivare gli investimenti e il credito. Costruire infrastrutture. Creare nuovi posti di lavoro. Dire basta all\u2019austerit\u00e0.<\/p>\n<p><span style=\"text-decoration: underline\"><a href=\"https:\/\/bondvigilantes.com\/italiano\/wp-content\/uploads\/sites\/2\/2021\/12\/5.png\" data-rel=\"lightbox-image-4\" data-rl_title=\"\" data-rl_caption=\"\" title=\"\"><img loading=\"lazy\" decoding=\"async\" class=\"alignnone size-full wp-image-1095\" alt=\"5\" src=\"https:\/\/bondvigilantes.com\/italiano\/wp-content\/uploads\/sites\/2\/2021\/12\/5.png\" width=\"955\" height=\"715\" \/><\/a><\/span><br \/>\nO ancora, usare i fondi raccolti per i programmi di remissione del debito per aiutare i proprietari di case in difficolt\u00e0. Dare loro la possibilit\u00e0 di rifinanziarsi approfittando di tassi di interesse modesti anche a fronte di un capitale immobiliare limitato\/negativo. Consentire il rifinanziamento su larga scala.<\/p>\n<p>Lo so, lo so, resta la sfiducia nel merito di credito dell\u2019Irlanda. E che dire dell\u2019impennata dei rendimenti dei titoli di Stato? Beh, forse il pacchetto di stimoli servirebbe a qualcosa. E poi, il Presidente della BCE Mario Draghi far\u00e0 \u201cquanto necessario\u201d. E se dice: \u201ccredetemi, sar\u00e0 abbastanza\u201d, noi gli crediamo.<\/p>\n<p>Ma se l\u2019Irlanda continua ad attaccare la bandiera all\u2019albero dell\u2019austerit\u00e0, nei prossimi dieci anni sar\u00e0 difficile veder rifiorire il sorriso sulla bocca degli Irlandesi.<\/p>\n","protected":false},"excerpt":{"rendered":"<p>Aspettando il giorno di San Patrizio, abbiamo pensato di fare il punto sull\u2019economia irlandese. Nel novembre 2010, l\u2019Irlanda \u00e8 fallita. La promessa del governo di tutelare i creditori delle banche si era tradotta in un aumento insostenibile del debito pubblico. Era impensabile che il Paese potesse far fronte ai propri impegni, soprattutto dopo che i rendimenti dei titoli di Stato a 8 anni erano saliti oltre il 7% (in seguito avrebbero superato il 15%). Disperata, l\u2019Irlanda si rivolse alla Commissione europea, all\u2019UE e al Fondo&#8230;<\/p>\n","protected":false},"author":191,"featured_media":0,"comment_status":"open","ping_status":"closed","sticky":false,"template":"","format":"standard","meta":{"_acf_changed":false,"footnotes":""},"categories":[20,8],"tags":[57,67,27,50],"class_list":["post-1070","post","type-post","status-publish","format-standard","hentry","category-macro-e-politica","category-paesi","tag-debito","tag-politica-monetaria","tag-repressione-finanziaria","tag-titoli-di-stato"],"acf":[],"yoast_head":"<!-- This site is optimized with the Yoast SEO Premium plugin v25.8 (Yoast SEO v27.4) - https:\/\/yoast.com\/product\/yoast-seo-premium-wordpress\/ -->\n<title>Anche gli Irlandesi piangono - Italian<\/title>\n<meta name=\"description\" content=\"Aspettando il giorno di San Patrizio, abbiamo pensato di fare il punto sull\u2019economia irlandese. Nel novembre 2010, l\u2019Irlanda \u00e8 fallita. La promessa del\" \/>\n<meta name=\"robots\" content=\"index, follow, max-snippet:-1, max-image-preview:large, max-video-preview:-1\" \/>\n<link rel=\"canonical\" href=\"https:\/\/bondvigilantes.com\/italiano\/2013\/03\/anche-gli-irlandesi-piangono\/\" \/>\n<meta name=\"twitter:label1\" content=\"Written by\" \/>\n\t<meta name=\"twitter:data1\" content=\"Anthony Doyle\" \/>\n\t<meta name=\"twitter:label2\" content=\"Est. reading time\" \/>\n\t<meta name=\"twitter:data2\" content=\"5 minuti\" \/>\n<script type=\"application\/ld+json\" class=\"yoast-schema-graph\">{\"@context\":\"https:\\\/\\\/schema.org\",\"@graph\":[{\"@type\":\"Article\",\"@id\":\"https:\\\/\\\/bondvigilantes.com\\\/italiano\\\/2013\\\/03\\\/anche-gli-irlandesi-piangono\\\/#article\",\"isPartOf\":{\"@id\":\"https:\\\/\\\/bondvigilantes.com\\\/italiano\\\/2013\\\/03\\\/anche-gli-irlandesi-piangono\\\/\"},\"author\":{\"name\":\"Anthony Doyle\",\"@id\":\"https:\\\/\\\/bondvigilantes.com\\\/italiano\\\/#\\\/schema\\\/person\\\/18694630210f0f0d07a4b9199358e117\"},\"headline\":\"Anche gli Irlandesi piangono\",\"datePublished\":\"2013-03-18T12:39:23+00:00\",\"mainEntityOfPage\":{\"@id\":\"https:\\\/\\\/bondvigilantes.com\\\/italiano\\\/2013\\\/03\\\/anche-gli-irlandesi-piangono\\\/\"},\"wordCount\":1070,\"commentCount\":0,\"image\":{\"@id\":\"https:\\\/\\\/bondvigilantes.com\\\/italiano\\\/2013\\\/03\\\/anche-gli-irlandesi-piangono\\\/#primaryimage\"},\"thumbnailUrl\":\"https:\\\/\\\/bondvigilantes.com\\\/italiano\\\/wp-content\\\/uploads\\\/sites\\\/2\\\/2021\\\/12\\\/15.png\",\"keywords\":[\"debito\",\"Politica monetaria\",\"repressione finanziaria;\",\"Titoli di Stato\"],\"articleSection\":[\"Macro e Politica\",\"Paesi\"],\"inLanguage\":\"it-IT\",\"potentialAction\":[{\"@type\":\"CommentAction\",\"name\":\"Comment\",\"target\":[\"https:\\\/\\\/bondvigilantes.com\\\/italiano\\\/2013\\\/03\\\/anche-gli-irlandesi-piangono\\\/#respond\"]}]},{\"@type\":\"WebPage\",\"@id\":\"https:\\\/\\\/bondvigilantes.com\\\/italiano\\\/2013\\\/03\\\/anche-gli-irlandesi-piangono\\\/\",\"url\":\"https:\\\/\\\/bondvigilantes.com\\\/italiano\\\/2013\\\/03\\\/anche-gli-irlandesi-piangono\\\/\",\"name\":\"Anche gli Irlandesi piangono - Italian\",\"isPartOf\":{\"@id\":\"https:\\\/\\\/bondvigilantes.com\\\/italiano\\\/#website\"},\"primaryImageOfPage\":{\"@id\":\"https:\\\/\\\/bondvigilantes.com\\\/italiano\\\/2013\\\/03\\\/anche-gli-irlandesi-piangono\\\/#primaryimage\"},\"image\":{\"@id\":\"https:\\\/\\\/bondvigilantes.com\\\/italiano\\\/2013\\\/03\\\/anche-gli-irlandesi-piangono\\\/#primaryimage\"},\"thumbnailUrl\":\"https:\\\/\\\/bondvigilantes.com\\\/italiano\\\/wp-content\\\/uploads\\\/sites\\\/2\\\/2021\\\/12\\\/15.png\",\"datePublished\":\"2013-03-18T12:39:23+00:00\",\"author\":{\"@id\":\"https:\\\/\\\/bondvigilantes.com\\\/italiano\\\/#\\\/schema\\\/person\\\/18694630210f0f0d07a4b9199358e117\"},\"description\":\"Aspettando il giorno di San Patrizio, abbiamo pensato di fare il punto sull\u2019economia irlandese. Nel novembre 2010, l\u2019Irlanda \u00e8 fallita. La promessa del\",\"breadcrumb\":{\"@id\":\"https:\\\/\\\/bondvigilantes.com\\\/italiano\\\/2013\\\/03\\\/anche-gli-irlandesi-piangono\\\/#breadcrumb\"},\"inLanguage\":\"it-IT\",\"potentialAction\":[{\"@type\":\"ReadAction\",\"target\":[\"https:\\\/\\\/bondvigilantes.com\\\/italiano\\\/2013\\\/03\\\/anche-gli-irlandesi-piangono\\\/\"]}]},{\"@type\":\"ImageObject\",\"inLanguage\":\"it-IT\",\"@id\":\"https:\\\/\\\/bondvigilantes.com\\\/italiano\\\/2013\\\/03\\\/anche-gli-irlandesi-piangono\\\/#primaryimage\",\"url\":\"https:\\\/\\\/bondvigilantes.com\\\/italiano\\\/wp-content\\\/uploads\\\/sites\\\/2\\\/2021\\\/12\\\/15.png\",\"contentUrl\":\"https:\\\/\\\/bondvigilantes.com\\\/italiano\\\/wp-content\\\/uploads\\\/sites\\\/2\\\/2021\\\/12\\\/15.png\",\"width\":957,\"height\":718},{\"@type\":\"BreadcrumbList\",\"@id\":\"https:\\\/\\\/bondvigilantes.com\\\/italiano\\\/2013\\\/03\\\/anche-gli-irlandesi-piangono\\\/#breadcrumb\",\"itemListElement\":[{\"@type\":\"ListItem\",\"position\":1,\"name\":\"Home\",\"item\":\"https:\\\/\\\/bondvigilantes.com\\\/italiano\\\/\"},{\"@type\":\"ListItem\",\"position\":2,\"name\":\"Anche gli Irlandesi piangono\"}]},{\"@type\":\"WebSite\",\"@id\":\"https:\\\/\\\/bondvigilantes.com\\\/italiano\\\/#website\",\"url\":\"https:\\\/\\\/bondvigilantes.com\\\/italiano\\\/\",\"name\":\"Italian\",\"description\":\"M&amp;G\",\"potentialAction\":[{\"@type\":\"SearchAction\",\"target\":{\"@type\":\"EntryPoint\",\"urlTemplate\":\"https:\\\/\\\/bondvigilantes.com\\\/italiano\\\/?s={search_term_string}\"},\"query-input\":{\"@type\":\"PropertyValueSpecification\",\"valueRequired\":true,\"valueName\":\"search_term_string\"}}],\"inLanguage\":\"it-IT\"},{\"@type\":\"Person\",\"@id\":\"https:\\\/\\\/bondvigilantes.com\\\/italiano\\\/#\\\/schema\\\/person\\\/18694630210f0f0d07a4b9199358e117\",\"name\":\"Anthony Doyle\",\"image\":{\"@type\":\"ImageObject\",\"inLanguage\":\"it-IT\",\"@id\":\"https:\\\/\\\/secure.gravatar.com\\\/avatar\\\/bd54eab4fd7c4934fb4ddfc7aa3400e74a314c847e3163ecba6d4a854eb61918?s=96&d=mm&r=g\",\"url\":\"https:\\\/\\\/secure.gravatar.com\\\/avatar\\\/bd54eab4fd7c4934fb4ddfc7aa3400e74a314c847e3163ecba6d4a854eb61918?s=96&d=mm&r=g\",\"contentUrl\":\"https:\\\/\\\/secure.gravatar.com\\\/avatar\\\/bd54eab4fd7c4934fb4ddfc7aa3400e74a314c847e3163ecba6d4a854eb61918?s=96&d=mm&r=g\",\"caption\":\"Anthony Doyle\"},\"url\":\"https:\\\/\\\/bondvigilantes.com\\\/italiano\\\/author\\\/anthonydoylenew\\\/\"}]}<\/script>\n<!-- \/ Yoast SEO Premium plugin. -->","yoast_head_json":{"title":"Anche gli Irlandesi piangono - Italian","description":"Aspettando il giorno di San Patrizio, abbiamo pensato di fare il punto sull\u2019economia irlandese. Nel novembre 2010, l\u2019Irlanda \u00e8 fallita. La promessa del","robots":{"index":"index","follow":"follow","max-snippet":"max-snippet:-1","max-image-preview":"max-image-preview:large","max-video-preview":"max-video-preview:-1"},"canonical":"https:\/\/bondvigilantes.com\/italiano\/2013\/03\/anche-gli-irlandesi-piangono\/","twitter_misc":{"Written by":"Anthony Doyle","Est. reading time":"5 minuti"},"schema":{"@context":"https:\/\/schema.org","@graph":[{"@type":"Article","@id":"https:\/\/bondvigilantes.com\/italiano\/2013\/03\/anche-gli-irlandesi-piangono\/#article","isPartOf":{"@id":"https:\/\/bondvigilantes.com\/italiano\/2013\/03\/anche-gli-irlandesi-piangono\/"},"author":{"name":"Anthony Doyle","@id":"https:\/\/bondvigilantes.com\/italiano\/#\/schema\/person\/18694630210f0f0d07a4b9199358e117"},"headline":"Anche gli Irlandesi piangono","datePublished":"2013-03-18T12:39:23+00:00","mainEntityOfPage":{"@id":"https:\/\/bondvigilantes.com\/italiano\/2013\/03\/anche-gli-irlandesi-piangono\/"},"wordCount":1070,"commentCount":0,"image":{"@id":"https:\/\/bondvigilantes.com\/italiano\/2013\/03\/anche-gli-irlandesi-piangono\/#primaryimage"},"thumbnailUrl":"https:\/\/bondvigilantes.com\/italiano\/wp-content\/uploads\/sites\/2\/2021\/12\/15.png","keywords":["debito","Politica monetaria","repressione finanziaria;","Titoli di Stato"],"articleSection":["Macro e Politica","Paesi"],"inLanguage":"it-IT","potentialAction":[{"@type":"CommentAction","name":"Comment","target":["https:\/\/bondvigilantes.com\/italiano\/2013\/03\/anche-gli-irlandesi-piangono\/#respond"]}]},{"@type":"WebPage","@id":"https:\/\/bondvigilantes.com\/italiano\/2013\/03\/anche-gli-irlandesi-piangono\/","url":"https:\/\/bondvigilantes.com\/italiano\/2013\/03\/anche-gli-irlandesi-piangono\/","name":"Anche gli Irlandesi piangono - Italian","isPartOf":{"@id":"https:\/\/bondvigilantes.com\/italiano\/#website"},"primaryImageOfPage":{"@id":"https:\/\/bondvigilantes.com\/italiano\/2013\/03\/anche-gli-irlandesi-piangono\/#primaryimage"},"image":{"@id":"https:\/\/bondvigilantes.com\/italiano\/2013\/03\/anche-gli-irlandesi-piangono\/#primaryimage"},"thumbnailUrl":"https:\/\/bondvigilantes.com\/italiano\/wp-content\/uploads\/sites\/2\/2021\/12\/15.png","datePublished":"2013-03-18T12:39:23+00:00","author":{"@id":"https:\/\/bondvigilantes.com\/italiano\/#\/schema\/person\/18694630210f0f0d07a4b9199358e117"},"description":"Aspettando il giorno di San Patrizio, abbiamo pensato di fare il punto sull\u2019economia irlandese. Nel novembre 2010, l\u2019Irlanda \u00e8 fallita. La promessa del","breadcrumb":{"@id":"https:\/\/bondvigilantes.com\/italiano\/2013\/03\/anche-gli-irlandesi-piangono\/#breadcrumb"},"inLanguage":"it-IT","potentialAction":[{"@type":"ReadAction","target":["https:\/\/bondvigilantes.com\/italiano\/2013\/03\/anche-gli-irlandesi-piangono\/"]}]},{"@type":"ImageObject","inLanguage":"it-IT","@id":"https:\/\/bondvigilantes.com\/italiano\/2013\/03\/anche-gli-irlandesi-piangono\/#primaryimage","url":"https:\/\/bondvigilantes.com\/italiano\/wp-content\/uploads\/sites\/2\/2021\/12\/15.png","contentUrl":"https:\/\/bondvigilantes.com\/italiano\/wp-content\/uploads\/sites\/2\/2021\/12\/15.png","width":957,"height":718},{"@type":"BreadcrumbList","@id":"https:\/\/bondvigilantes.com\/italiano\/2013\/03\/anche-gli-irlandesi-piangono\/#breadcrumb","itemListElement":[{"@type":"ListItem","position":1,"name":"Home","item":"https:\/\/bondvigilantes.com\/italiano\/"},{"@type":"ListItem","position":2,"name":"Anche gli Irlandesi piangono"}]},{"@type":"WebSite","@id":"https:\/\/bondvigilantes.com\/italiano\/#website","url":"https:\/\/bondvigilantes.com\/italiano\/","name":"Italian","description":"M&amp;G","potentialAction":[{"@type":"SearchAction","target":{"@type":"EntryPoint","urlTemplate":"https:\/\/bondvigilantes.com\/italiano\/?s={search_term_string}"},"query-input":{"@type":"PropertyValueSpecification","valueRequired":true,"valueName":"search_term_string"}}],"inLanguage":"it-IT"},{"@type":"Person","@id":"https:\/\/bondvigilantes.com\/italiano\/#\/schema\/person\/18694630210f0f0d07a4b9199358e117","name":"Anthony Doyle","image":{"@type":"ImageObject","inLanguage":"it-IT","@id":"https:\/\/secure.gravatar.com\/avatar\/bd54eab4fd7c4934fb4ddfc7aa3400e74a314c847e3163ecba6d4a854eb61918?s=96&d=mm&r=g","url":"https:\/\/secure.gravatar.com\/avatar\/bd54eab4fd7c4934fb4ddfc7aa3400e74a314c847e3163ecba6d4a854eb61918?s=96&d=mm&r=g","contentUrl":"https:\/\/secure.gravatar.com\/avatar\/bd54eab4fd7c4934fb4ddfc7aa3400e74a314c847e3163ecba6d4a854eb61918?s=96&d=mm&r=g","caption":"Anthony Doyle"},"url":"https:\/\/bondvigilantes.com\/italiano\/author\/anthonydoylenew\/"}]}},"_links":{"self":[{"href":"https:\/\/bondvigilantes.com\/italiano\/wp-json\/wp\/v2\/posts\/1070","targetHints":{"allow":["GET"]}}],"collection":[{"href":"https:\/\/bondvigilantes.com\/italiano\/wp-json\/wp\/v2\/posts"}],"about":[{"href":"https:\/\/bondvigilantes.com\/italiano\/wp-json\/wp\/v2\/types\/post"}],"author":[{"embeddable":true,"href":"https:\/\/bondvigilantes.com\/italiano\/wp-json\/wp\/v2\/users\/191"}],"replies":[{"embeddable":true,"href":"https:\/\/bondvigilantes.com\/italiano\/wp-json\/wp\/v2\/comments?post=1070"}],"version-history":[{"count":0,"href":"https:\/\/bondvigilantes.com\/italiano\/wp-json\/wp\/v2\/posts\/1070\/revisions"}],"wp:attachment":[{"href":"https:\/\/bondvigilantes.com\/italiano\/wp-json\/wp\/v2\/media?parent=1070"}],"wp:term":[{"taxonomy":"category","embeddable":true,"href":"https:\/\/bondvigilantes.com\/italiano\/wp-json\/wp\/v2\/categories?post=1070"},{"taxonomy":"post_tag","embeddable":true,"href":"https:\/\/bondvigilantes.com\/italiano\/wp-json\/wp\/v2\/tags?post=1070"}],"curies":[{"name":"wp","href":"https:\/\/api.w.org\/{rel}","templated":true}]}}