{"id":1323,"date":"2013-07-02T08:12:20","date_gmt":"2013-07-02T08:12:20","guid":{"rendered":"https:\/\/www.bondvigilantes.com\/italiano\/?p=1323"},"modified":"2013-07-02T08:12:20","modified_gmt":"2013-07-02T08:12:20","slug":"video-mentre-il-mercato-si-entusiasma-per-il-calo-della-disoccupazione-al-65-la-fed-pensa-al-calo-dellinflazione","status":"publish","type":"post","link":"https:\/\/bondvigilantes.com\/italiano\/2013\/07\/video-mentre-il-mercato-si-entusiasma-per-il-calo-della-disoccupazione-al-65-la-fed-pensa-al-calo-dellinflazione\/","title":{"rendered":"Video: mentre il mercato si entusiasma per il calo della disoccupazione al 6,5%, la Fed pensa al calo dell\u2019inflazione"},"content":{"rendered":"<p>La settimana scorsa sono stato un paio di giorni a New York, dove ho incontrato economisti e professori universitari. Il mercato dei Treasury aveva appena subito una forte ondata di vendite e i rendimenti decennali erano passati dall\u20191,63% di inizio maggio a oltre il 2,2%. A combinare il guaio \u00e8 stata la sortita di Bernanke sul ridimensionamento del QE durante la sessione di domande al termine del discorso di fronte al Joint Economic Committee del Congresso.\u00a0 Parallelamente, i tassi ipotecari USA a 30 anni sono crollati e si aggirano ora attorno al 4%, costituendo una potenziale minaccia per il recupero del settore residenziale.<\/p>\n<p>Sono tornato a casa con due convinzioni. Prima di tutto, alla luce di una ripresa economica intermittente (e con le nuove misure di inasprimento fiscale il secondo semestre dell\u2019anno non promette certo di fare faville), l\u2019ipotesi di un rallentamento del QE nei prossimi mesi appare poco plausibile.\u00a0 Per gli economisti, nell\u2019intervento al JEC Bernanke ha usato toni accomodanti non facendo il bench\u00e9 minimo accenno a un ridimensionamento nel corso dell\u2019anno. La famigerata risposta sarebbe quindi un errore di comunicazione, tanto che pochi giorni fa il giornalista Jon Hilsenrath, vicino al Governatore della Fed, ha tentato di correggere il tiro sul Wall Street Journal.\u00a0 E secondo, mentre tutti guardano ai dati sulla disoccupazione USA cercando di prevedere quando si raggiunger\u00e0 la soglia del 6,5%, occorrerebbe tenere sott\u2019occhio l\u2019altro cruccio della Fed, l\u2019inflazione.\u00a0 Dopo il rialzo osservato nel 2011\/2012 \u2013 perlopi\u00f9 per effetto del rincaro delle commodity (cotone, petrolio) \u2013 l\u2019inflazione di base, e in particolare il Core PCE Deflator tanto caro alla Fed, sono scesi all\u20191% circa.\u00a0 Anche l\u2019aumento dei salari ha evidenziato una generale debolezza.\u00a0 A fronte di un\u2019inflazione di un 1% sotto il livello target, la Fed potrebbe \u2013 come vuole la Regola di Taylor \u2013 ridurre i tassi di interesse dell\u20191,5%, altro che aumentarli o ritirare gli stimoli monetari!\u00a0 E, data l\u2019impossibilit\u00e0 di abbassare i tassi gi\u00e0 prossimi allo zero, si dovr\u00e0 ricorrere a manovre di politica monetaria non convenzionali.\u00a0 Pi\u00f9 che un ridimensionamento, quindi, \u00e8 probabile un aumento delle misure di QE.<\/p>\n<p id=\"buto_FbWnL\" class=\"video\" style=\"width: 100%; height: 345px;\">\u00a0<\/p>\n<p><script>(function(d, config) {var script = d.createElement(\"script\");\n                script.setAttribute(\"async\", true);\n                var data = JSON.stringify(config);\n                script.src = \"\/\/js.buto.tv\/video\/\" + data;\n                var s = d.getElementsByTagName(\"script\")[0];\n                s.parentNode.insertBefore(script, s)\n            })(document, {\"object_id\":\"FbWnL\", \"width\":\"425px\"})<\/script><\/p>\n","protected":false},"excerpt":{"rendered":"<p>La settimana scorsa sono stato un paio di giorni a New York, dove ho incontrato economisti e professori universitari. Il mercato dei Treasury aveva appena subito una forte ondata di vendite e i rendimenti decennali erano passati dall\u20191,63% di inizio maggio a oltre il 2,2%. A combinare il guaio \u00e8 stata la sortita di Bernanke sul ridimensionamento del QE durante la sessione di domande al termine del discorso di fronte al Joint Economic Committee del Congresso.\u00a0 Parallelamente, i tassi ipotecari USA a 30 anni sono&#8230;<\/p>\n","protected":false},"author":2,"featured_media":0,"comment_status":"open","ping_status":"closed","sticky":false,"template":"","format":"standard","meta":{"_acf_changed":false,"footnotes":""},"categories":[9,8],"tags":[100,78,226,47],"class_list":["post-1323","post","type-post","status-publish","format-standard","hentry","category-banche-centrali-e-organismi-sovranazionali","category-paesi","tag-disoccupazione","tag-inflazione-2","tag-qe","tag-usa"],"acf":[],"yoast_head":"<!-- This site is optimized with the Yoast SEO Premium plugin v25.8 (Yoast SEO v27.4) - https:\/\/yoast.com\/product\/yoast-seo-premium-wordpress\/ -->\n<title>Video: mentre il mercato si entusiasma per il calo della disoccupazione al 6,5%, la Fed pensa al calo dell\u2019inflazione - Italian<\/title>\n<meta name=\"description\" content=\"La settimana scorsa sono stato un paio di giorni a New York, dove ho incontrato economisti e professori universitari. Il mercato dei Treasury aveva appena\" \/>\n<meta name=\"robots\" content=\"index, follow, max-snippet:-1, max-image-preview:large, max-video-preview:-1\" \/>\n<link rel=\"canonical\" href=\"https:\/\/bondvigilantes.com\/italiano\/2013\/07\/video-mentre-il-mercato-si-entusiasma-per-il-calo-della-disoccupazione-al-65-la-fed-pensa-al-calo-dellinflazione\/\" \/>\n<meta name=\"twitter:label1\" content=\"Written by\" \/>\n\t<meta name=\"twitter:data1\" content=\"Jim Leaviss\" \/>\n\t<meta name=\"twitter:label2\" content=\"Est. reading time\" \/>\n\t<meta name=\"twitter:data2\" content=\"2 minuti\" \/>\n<script type=\"application\/ld+json\" class=\"yoast-schema-graph\">{\"@context\":\"https:\\\/\\\/schema.org\",\"@graph\":[{\"@type\":\"Article\",\"@id\":\"https:\\\/\\\/bondvigilantes.com\\\/italiano\\\/2013\\\/07\\\/video-mentre-il-mercato-si-entusiasma-per-il-calo-della-disoccupazione-al-65-la-fed-pensa-al-calo-dellinflazione\\\/#article\",\"isPartOf\":{\"@id\":\"https:\\\/\\\/bondvigilantes.com\\\/italiano\\\/2013\\\/07\\\/video-mentre-il-mercato-si-entusiasma-per-il-calo-della-disoccupazione-al-65-la-fed-pensa-al-calo-dellinflazione\\\/\"},\"author\":{\"name\":\"Jim Leaviss\",\"@id\":\"https:\\\/\\\/bondvigilantes.com\\\/italiano\\\/#\\\/schema\\\/person\\\/2971352be5d6751d2924d548fbdd4691\"},\"headline\":\"Video: mentre il mercato si entusiasma per il calo della disoccupazione al 6,5%, la Fed pensa al calo dell\u2019inflazione\",\"datePublished\":\"2013-07-02T08:12:20+00:00\",\"mainEntityOfPage\":{\"@id\":\"https:\\\/\\\/bondvigilantes.com\\\/italiano\\\/2013\\\/07\\\/video-mentre-il-mercato-si-entusiasma-per-il-calo-della-disoccupazione-al-65-la-fed-pensa-al-calo-dellinflazione\\\/\"},\"wordCount\":371,\"commentCount\":0,\"keywords\":[\"disoccupazione\",\"inflazione\",\"QE\",\"USA\"],\"articleSection\":[\"Banche centrali e organismi sovranazionali\",\"Paesi\"],\"inLanguage\":\"it-IT\",\"potentialAction\":[{\"@type\":\"CommentAction\",\"name\":\"Comment\",\"target\":[\"https:\\\/\\\/bondvigilantes.com\\\/italiano\\\/2013\\\/07\\\/video-mentre-il-mercato-si-entusiasma-per-il-calo-della-disoccupazione-al-65-la-fed-pensa-al-calo-dellinflazione\\\/#respond\"]}]},{\"@type\":\"WebPage\",\"@id\":\"https:\\\/\\\/bondvigilantes.com\\\/italiano\\\/2013\\\/07\\\/video-mentre-il-mercato-si-entusiasma-per-il-calo-della-disoccupazione-al-65-la-fed-pensa-al-calo-dellinflazione\\\/\",\"url\":\"https:\\\/\\\/bondvigilantes.com\\\/italiano\\\/2013\\\/07\\\/video-mentre-il-mercato-si-entusiasma-per-il-calo-della-disoccupazione-al-65-la-fed-pensa-al-calo-dellinflazione\\\/\",\"name\":\"Video: mentre il mercato si entusiasma per il calo della disoccupazione al 6,5%, la Fed pensa al calo dell\u2019inflazione - Italian\",\"isPartOf\":{\"@id\":\"https:\\\/\\\/bondvigilantes.com\\\/italiano\\\/#website\"},\"datePublished\":\"2013-07-02T08:12:20+00:00\",\"author\":{\"@id\":\"https:\\\/\\\/bondvigilantes.com\\\/italiano\\\/#\\\/schema\\\/person\\\/2971352be5d6751d2924d548fbdd4691\"},\"description\":\"La settimana scorsa sono stato un paio di giorni a New York, dove ho incontrato economisti e professori universitari. Il mercato dei Treasury aveva appena\",\"breadcrumb\":{\"@id\":\"https:\\\/\\\/bondvigilantes.com\\\/italiano\\\/2013\\\/07\\\/video-mentre-il-mercato-si-entusiasma-per-il-calo-della-disoccupazione-al-65-la-fed-pensa-al-calo-dellinflazione\\\/#breadcrumb\"},\"inLanguage\":\"it-IT\",\"potentialAction\":[{\"@type\":\"ReadAction\",\"target\":[\"https:\\\/\\\/bondvigilantes.com\\\/italiano\\\/2013\\\/07\\\/video-mentre-il-mercato-si-entusiasma-per-il-calo-della-disoccupazione-al-65-la-fed-pensa-al-calo-dellinflazione\\\/\"]}]},{\"@type\":\"BreadcrumbList\",\"@id\":\"https:\\\/\\\/bondvigilantes.com\\\/italiano\\\/2013\\\/07\\\/video-mentre-il-mercato-si-entusiasma-per-il-calo-della-disoccupazione-al-65-la-fed-pensa-al-calo-dellinflazione\\\/#breadcrumb\",\"itemListElement\":[{\"@type\":\"ListItem\",\"position\":1,\"name\":\"Home\",\"item\":\"https:\\\/\\\/bondvigilantes.com\\\/italiano\\\/\"},{\"@type\":\"ListItem\",\"position\":2,\"name\":\"Video: mentre il mercato si entusiasma per il calo della disoccupazione al 6,5%, la Fed pensa al calo dell\u2019inflazione\"}]},{\"@type\":\"WebSite\",\"@id\":\"https:\\\/\\\/bondvigilantes.com\\\/italiano\\\/#website\",\"url\":\"https:\\\/\\\/bondvigilantes.com\\\/italiano\\\/\",\"name\":\"Italian\",\"description\":\"M&amp;G\",\"potentialAction\":[{\"@type\":\"SearchAction\",\"target\":{\"@type\":\"EntryPoint\",\"urlTemplate\":\"https:\\\/\\\/bondvigilantes.com\\\/italiano\\\/?s={search_term_string}\"},\"query-input\":{\"@type\":\"PropertyValueSpecification\",\"valueRequired\":true,\"valueName\":\"search_term_string\"}}],\"inLanguage\":\"it-IT\"},{\"@type\":\"Person\",\"@id\":\"https:\\\/\\\/bondvigilantes.com\\\/italiano\\\/#\\\/schema\\\/person\\\/2971352be5d6751d2924d548fbdd4691\",\"name\":\"Jim Leaviss\",\"image\":{\"@type\":\"ImageObject\",\"inLanguage\":\"it-IT\",\"@id\":\"https:\\\/\\\/secure.gravatar.com\\\/avatar\\\/4ec9068fac6c22ac1209db7253be79a290d5e40f35e95fa88c871beb9526103c?s=96&d=mm&r=g\",\"url\":\"https:\\\/\\\/secure.gravatar.com\\\/avatar\\\/4ec9068fac6c22ac1209db7253be79a290d5e40f35e95fa88c871beb9526103c?s=96&d=mm&r=g\",\"contentUrl\":\"https:\\\/\\\/secure.gravatar.com\\\/avatar\\\/4ec9068fac6c22ac1209db7253be79a290d5e40f35e95fa88c871beb9526103c?s=96&d=mm&r=g\",\"caption\":\"Jim Leaviss\"},\"url\":\"https:\\\/\\\/bondvigilantes.com\\\/italiano\\\/author\\\/jimleaviss\\\/\"}]}<\/script>\n<!-- \/ Yoast SEO Premium plugin. -->","yoast_head_json":{"title":"Video: mentre il mercato si entusiasma per il calo della disoccupazione al 6,5%, la Fed pensa al calo dell\u2019inflazione - Italian","description":"La settimana scorsa sono stato un paio di giorni a New York, dove ho incontrato economisti e professori universitari. Il mercato dei Treasury aveva appena","robots":{"index":"index","follow":"follow","max-snippet":"max-snippet:-1","max-image-preview":"max-image-preview:large","max-video-preview":"max-video-preview:-1"},"canonical":"https:\/\/bondvigilantes.com\/italiano\/2013\/07\/video-mentre-il-mercato-si-entusiasma-per-il-calo-della-disoccupazione-al-65-la-fed-pensa-al-calo-dellinflazione\/","twitter_misc":{"Written by":"Jim Leaviss","Est. reading time":"2 minuti"},"schema":{"@context":"https:\/\/schema.org","@graph":[{"@type":"Article","@id":"https:\/\/bondvigilantes.com\/italiano\/2013\/07\/video-mentre-il-mercato-si-entusiasma-per-il-calo-della-disoccupazione-al-65-la-fed-pensa-al-calo-dellinflazione\/#article","isPartOf":{"@id":"https:\/\/bondvigilantes.com\/italiano\/2013\/07\/video-mentre-il-mercato-si-entusiasma-per-il-calo-della-disoccupazione-al-65-la-fed-pensa-al-calo-dellinflazione\/"},"author":{"name":"Jim Leaviss","@id":"https:\/\/bondvigilantes.com\/italiano\/#\/schema\/person\/2971352be5d6751d2924d548fbdd4691"},"headline":"Video: mentre il mercato si entusiasma per il calo della disoccupazione al 6,5%, la Fed pensa al calo dell\u2019inflazione","datePublished":"2013-07-02T08:12:20+00:00","mainEntityOfPage":{"@id":"https:\/\/bondvigilantes.com\/italiano\/2013\/07\/video-mentre-il-mercato-si-entusiasma-per-il-calo-della-disoccupazione-al-65-la-fed-pensa-al-calo-dellinflazione\/"},"wordCount":371,"commentCount":0,"keywords":["disoccupazione","inflazione","QE","USA"],"articleSection":["Banche centrali e organismi sovranazionali","Paesi"],"inLanguage":"it-IT","potentialAction":[{"@type":"CommentAction","name":"Comment","target":["https:\/\/bondvigilantes.com\/italiano\/2013\/07\/video-mentre-il-mercato-si-entusiasma-per-il-calo-della-disoccupazione-al-65-la-fed-pensa-al-calo-dellinflazione\/#respond"]}]},{"@type":"WebPage","@id":"https:\/\/bondvigilantes.com\/italiano\/2013\/07\/video-mentre-il-mercato-si-entusiasma-per-il-calo-della-disoccupazione-al-65-la-fed-pensa-al-calo-dellinflazione\/","url":"https:\/\/bondvigilantes.com\/italiano\/2013\/07\/video-mentre-il-mercato-si-entusiasma-per-il-calo-della-disoccupazione-al-65-la-fed-pensa-al-calo-dellinflazione\/","name":"Video: mentre il mercato si entusiasma per il calo della disoccupazione al 6,5%, la Fed pensa al calo dell\u2019inflazione - Italian","isPartOf":{"@id":"https:\/\/bondvigilantes.com\/italiano\/#website"},"datePublished":"2013-07-02T08:12:20+00:00","author":{"@id":"https:\/\/bondvigilantes.com\/italiano\/#\/schema\/person\/2971352be5d6751d2924d548fbdd4691"},"description":"La settimana scorsa sono stato un paio di giorni a New York, dove ho incontrato economisti e professori universitari. Il mercato dei Treasury aveva appena","breadcrumb":{"@id":"https:\/\/bondvigilantes.com\/italiano\/2013\/07\/video-mentre-il-mercato-si-entusiasma-per-il-calo-della-disoccupazione-al-65-la-fed-pensa-al-calo-dellinflazione\/#breadcrumb"},"inLanguage":"it-IT","potentialAction":[{"@type":"ReadAction","target":["https:\/\/bondvigilantes.com\/italiano\/2013\/07\/video-mentre-il-mercato-si-entusiasma-per-il-calo-della-disoccupazione-al-65-la-fed-pensa-al-calo-dellinflazione\/"]}]},{"@type":"BreadcrumbList","@id":"https:\/\/bondvigilantes.com\/italiano\/2013\/07\/video-mentre-il-mercato-si-entusiasma-per-il-calo-della-disoccupazione-al-65-la-fed-pensa-al-calo-dellinflazione\/#breadcrumb","itemListElement":[{"@type":"ListItem","position":1,"name":"Home","item":"https:\/\/bondvigilantes.com\/italiano\/"},{"@type":"ListItem","position":2,"name":"Video: mentre il mercato si entusiasma per il calo della disoccupazione al 6,5%, la Fed pensa al calo dell\u2019inflazione"}]},{"@type":"WebSite","@id":"https:\/\/bondvigilantes.com\/italiano\/#website","url":"https:\/\/bondvigilantes.com\/italiano\/","name":"Italian","description":"M&amp;G","potentialAction":[{"@type":"SearchAction","target":{"@type":"EntryPoint","urlTemplate":"https:\/\/bondvigilantes.com\/italiano\/?s={search_term_string}"},"query-input":{"@type":"PropertyValueSpecification","valueRequired":true,"valueName":"search_term_string"}}],"inLanguage":"it-IT"},{"@type":"Person","@id":"https:\/\/bondvigilantes.com\/italiano\/#\/schema\/person\/2971352be5d6751d2924d548fbdd4691","name":"Jim Leaviss","image":{"@type":"ImageObject","inLanguage":"it-IT","@id":"https:\/\/secure.gravatar.com\/avatar\/4ec9068fac6c22ac1209db7253be79a290d5e40f35e95fa88c871beb9526103c?s=96&d=mm&r=g","url":"https:\/\/secure.gravatar.com\/avatar\/4ec9068fac6c22ac1209db7253be79a290d5e40f35e95fa88c871beb9526103c?s=96&d=mm&r=g","contentUrl":"https:\/\/secure.gravatar.com\/avatar\/4ec9068fac6c22ac1209db7253be79a290d5e40f35e95fa88c871beb9526103c?s=96&d=mm&r=g","caption":"Jim Leaviss"},"url":"https:\/\/bondvigilantes.com\/italiano\/author\/jimleaviss\/"}]}},"_links":{"self":[{"href":"https:\/\/bondvigilantes.com\/italiano\/wp-json\/wp\/v2\/posts\/1323","targetHints":{"allow":["GET"]}}],"collection":[{"href":"https:\/\/bondvigilantes.com\/italiano\/wp-json\/wp\/v2\/posts"}],"about":[{"href":"https:\/\/bondvigilantes.com\/italiano\/wp-json\/wp\/v2\/types\/post"}],"author":[{"embeddable":true,"href":"https:\/\/bondvigilantes.com\/italiano\/wp-json\/wp\/v2\/users\/2"}],"replies":[{"embeddable":true,"href":"https:\/\/bondvigilantes.com\/italiano\/wp-json\/wp\/v2\/comments?post=1323"}],"version-history":[{"count":0,"href":"https:\/\/bondvigilantes.com\/italiano\/wp-json\/wp\/v2\/posts\/1323\/revisions"}],"wp:attachment":[{"href":"https:\/\/bondvigilantes.com\/italiano\/wp-json\/wp\/v2\/media?parent=1323"}],"wp:term":[{"taxonomy":"category","embeddable":true,"href":"https:\/\/bondvigilantes.com\/italiano\/wp-json\/wp\/v2\/categories?post=1323"},{"taxonomy":"post_tag","embeddable":true,"href":"https:\/\/bondvigilantes.com\/italiano\/wp-json\/wp\/v2\/tags?post=1323"}],"curies":[{"name":"wp","href":"https:\/\/api.w.org\/{rel}","templated":true}]}}