{"id":1351,"date":"2013-07-08T12:51:42","date_gmt":"2013-07-08T12:51:42","guid":{"rendered":"https:\/\/www.bondvigilantes.com\/italiano\/?p=1351"},"modified":"2013-07-08T12:51:43","modified_gmt":"2013-07-08T12:51:43","slug":"e-lalba-di-un-nuovo-giorno-la-bce-muove-i-primi-passi-verso-il-qe","status":"publish","type":"post","link":"https:\/\/bondvigilantes.com\/italiano\/2013\/07\/e-lalba-di-un-nuovo-giorno-la-bce-muove-i-primi-passi-verso-il-qe\/","title":{"rendered":"&#8220;\u00c8 l&#8217;alba di un nuovo giorno: la BCE muove i primi passi verso il QE&#8221;"},"content":{"rendered":"<p>Proprio quando si pensava che la Fed avesse inferto il colpo di grazia al carry trade, Mario Draghi ha ricordato ai mercati, in toni alquanto concilianti, che la situazione in Europa \u00e8 ben diversa da quella degli USA. Un sostanziale dietrofront rispetto al precedente rifiuto della BCE a fare qualsiasi tipo di previsione. \u2018Il Consiglio stima che i tassi di riferimento europei saranno pari o inferiori ai livelli attuali ancora per molto tempo\u2019. Questa voglia di fare pronostici avvicina l\u2019Istituto di Francoforte alla Bank of England e soprattutto alla Fed, che non \u00e8 nuova ad annunci di questo tipo. Ci\u00f2 rafforza la nostra convinzione che la BCE rimarr\u00e0 fedele alla sua linea accomodante e alla sua politica di allentamento.<\/p>\n<p>La volont\u00e0 di fornire al mercato indicazioni per il futuro nasce da una lunga e sofferta riflessione all\u2019interno del Consiglio. Ma perch\u00e9 cambiare approccio? Primo, la BCE potrebbe non riuscire a raggiungere l\u2019obiettivo primario di un\u2019inflazione pari o prossima al 2% nel medio termine. Secondo, Draghi \u00e8 sempre pi\u00f9 preoccupato per la persistente e generalizzata debolezza dell\u2019economia reale. Infine, il Consiglio teme che l\u2019Eurozona possa continuare a risentire di dinamiche monetarie sottotono. Sembra quasi di ascoltare la Fed degli ultimi anni.<\/p>\n<p>Al momento delle domande,Draghi si \u00e8 detto preoccupato anche per l\u2019inasprimento delle condizioni monetarie generato dall\u2019aumento dei rendimenti dei titoli di Stato (vedi grafico) dopo le dichiarazioni di un possibile ridimensionamento del QE da parte della Fed. A dire il vero, ora che \u00e8 iniziata la ripresa, l\u2019ultima cosa di cui ha bisogno Eurolandia \u00e8 un aumento dei costi di finanziamento.<\/p>\n<p><a href=\"https:\/\/bondvigilantes.com\/italiano\/wp-content\/uploads\/sites\/2\/2021\/12\/11.png\" data-rel=\"lightbox-image-0\" data-rl_title=\"\" data-rl_caption=\"\" title=\"\"><img loading=\"lazy\" decoding=\"async\" class=\"alignnone size-full wp-image-1354\" alt=\"1\" src=\"https:\/\/bondvigilantes.com\/italiano\/wp-content\/uploads\/sites\/2\/2021\/12\/11.png\" width=\"956\" height=\"717\" \/><\/a><br \/>\nComunicando che la prossima mossa della BCE potrebbe essere a sua volta un allentamento monetario, Draghi puntava a far scendere i rendimenti dei bond. I suoi commenti, tuttavia, sembrano aver avuto un effetto positivo sui mercati azionari europei, non su quelli obbligazionari, che sono rimasti scettici. Gli unici segmenti ad aver subito un calo nella giornata delle dichiarazioni sono i rendimenti a breve e medio termine.<\/p>\n<p>Oltre a rivedere al ribasso le previsioni del PIL italiano per il 2013 (da -1,5% a -1,8%), l\u2019FMI ha invitato pubblicamente la BCE a intraprendere acquisti diretti di asset. \u00c8 forse questa la strada da percorrere nel breve periodo? Per ora, a pochi mesi dalle elezioni in Germania, Draghi far\u00e0 orecchie da mercante. La BCE \u00e8 convinta che la sua prossima carta da giocare sar\u00e0 un taglio dei tassi in risposta a una maggiore debolezza dell\u2019economia. La parola d\u2019ordine \u00e8: prendere tempo.<\/p>\n<p>Se le attese di inflazione dell\u2019eurozona resteranno al di sotto del target (il mercato sconta l\u20191,36% e l\u20191,66% rispettivamente a 5 e10 anni, vedi grafico)\u00a0e se l\u2019economia rimarr\u00e0 anemica in tutta la regione, allora la BCE dovr\u00e0 valutare molto attentamente il potenziale impatto di una politica monetaria tradizionale. Il QE potrebbe essere ancora lontano, ma una tale decisione scatenerebbe l\u2019opposizione di Berlino. Tuttavia, dal momento che la BCE ci ha gi\u00e0 stupiti una volta, chi pu\u00f2 dire che il QE non arrivi prima di quanto si aspetti il mercato?<\/p>\n<p><a href=\"https:\/\/bondvigilantes.com\/italiano\/wp-content\/uploads\/sites\/2\/2021\/12\/21.png\" data-rel=\"lightbox-image-1\" data-rl_title=\"\" data-rl_caption=\"\" title=\"\"><img loading=\"lazy\" decoding=\"async\" class=\"alignnone size-full wp-image-1355\" alt=\"2\" src=\"https:\/\/bondvigilantes.com\/italiano\/wp-content\/uploads\/sites\/2\/2021\/12\/21.png\" width=\"957\" height=\"714\" \/><\/a><\/p>\n","protected":false},"excerpt":{"rendered":"<p>Proprio quando si pensava che la Fed avesse inferto il colpo di grazia al carry trade, Mario Draghi ha ricordato ai mercati, in toni alquanto concilianti, che la situazione in Europa \u00e8 ben diversa da quella degli USA. Un sostanziale dietrofront rispetto al precedente rifiuto della BCE a fare qualsiasi tipo di previsione. \u2018Il Consiglio stima che i tassi di riferimento europei saranno pari o inferiori ai livelli attuali ancora per molto tempo\u2019. Questa voglia di fare pronostici avvicina l\u2019Istituto di Francoforte alla Bank of&#8230;<\/p>\n","protected":false},"author":4,"featured_media":0,"comment_status":"open","ping_status":"closed","sticky":false,"template":"","format":"standard","meta":{"_acf_changed":false,"footnotes":""},"categories":[9],"tags":[70,31,226,223],"class_list":["post-1351","post","type-post","status-publish","format-standard","hentry","category-banche-centrali-e-organismi-sovranazionali","tag-bce","tag-eurozona","tag-qe","tag-tassi-di-interesse"],"acf":[],"yoast_head":"<!-- This site is optimized with the Yoast SEO Premium plugin v25.8 (Yoast SEO v27.4) - https:\/\/yoast.com\/product\/yoast-seo-premium-wordpress\/ -->\n<title>&quot;\u00c8 l&#039;alba di un nuovo giorno: la BCE muove i primi passi verso il QE&quot; - Italian<\/title>\n<meta name=\"description\" content=\"Proprio quando si pensava che la Fed avesse inferto il colpo di grazia al carry trade, Mario Draghi ha ricordato ai mercati, in toni alquanto concilianti,\" \/>\n<meta name=\"robots\" content=\"index, follow, max-snippet:-1, max-image-preview:large, max-video-preview:-1\" \/>\n<link rel=\"canonical\" href=\"https:\/\/bondvigilantes.com\/italiano\/2013\/07\/e-lalba-di-un-nuovo-giorno-la-bce-muove-i-primi-passi-verso-il-qe\/\" \/>\n<meta name=\"twitter:label1\" content=\"Written by\" \/>\n\t<meta name=\"twitter:data1\" content=\"Stefan Isaacs\" \/>\n\t<meta name=\"twitter:label2\" content=\"Est. reading time\" \/>\n\t<meta name=\"twitter:data2\" content=\"3 minuti\" \/>\n<script type=\"application\/ld+json\" class=\"yoast-schema-graph\">{\"@context\":\"https:\\\/\\\/schema.org\",\"@graph\":[{\"@type\":\"Article\",\"@id\":\"https:\\\/\\\/bondvigilantes.com\\\/italiano\\\/2013\\\/07\\\/e-lalba-di-un-nuovo-giorno-la-bce-muove-i-primi-passi-verso-il-qe\\\/#article\",\"isPartOf\":{\"@id\":\"https:\\\/\\\/bondvigilantes.com\\\/italiano\\\/2013\\\/07\\\/e-lalba-di-un-nuovo-giorno-la-bce-muove-i-primi-passi-verso-il-qe\\\/\"},\"author\":{\"name\":\"Stefan Isaacs\",\"@id\":\"https:\\\/\\\/bondvigilantes.com\\\/italiano\\\/#\\\/schema\\\/person\\\/e4366565557f551f390bdfae4f71bbab\"},\"headline\":\"&#8220;\u00c8 l&#8217;alba di un nuovo giorno: la BCE muove i primi passi verso il QE&#8221;\",\"datePublished\":\"2013-07-08T12:51:42+00:00\",\"dateModified\":\"2013-07-08T12:51:43+00:00\",\"mainEntityOfPage\":{\"@id\":\"https:\\\/\\\/bondvigilantes.com\\\/italiano\\\/2013\\\/07\\\/e-lalba-di-un-nuovo-giorno-la-bce-muove-i-primi-passi-verso-il-qe\\\/\"},\"wordCount\":517,\"commentCount\":0,\"image\":{\"@id\":\"https:\\\/\\\/bondvigilantes.com\\\/italiano\\\/2013\\\/07\\\/e-lalba-di-un-nuovo-giorno-la-bce-muove-i-primi-passi-verso-il-qe\\\/#primaryimage\"},\"thumbnailUrl\":\"https:\\\/\\\/bondvigilantes.com\\\/italiano\\\/wp-content\\\/uploads\\\/sites\\\/2\\\/2021\\\/12\\\/11.png\",\"keywords\":[\"BCE\",\"Eurozona;\",\"QE\",\"Tassi di interesse\"],\"articleSection\":[\"Banche centrali e organismi sovranazionali\"],\"inLanguage\":\"it-IT\",\"potentialAction\":[{\"@type\":\"CommentAction\",\"name\":\"Comment\",\"target\":[\"https:\\\/\\\/bondvigilantes.com\\\/italiano\\\/2013\\\/07\\\/e-lalba-di-un-nuovo-giorno-la-bce-muove-i-primi-passi-verso-il-qe\\\/#respond\"]}]},{\"@type\":\"WebPage\",\"@id\":\"https:\\\/\\\/bondvigilantes.com\\\/italiano\\\/2013\\\/07\\\/e-lalba-di-un-nuovo-giorno-la-bce-muove-i-primi-passi-verso-il-qe\\\/\",\"url\":\"https:\\\/\\\/bondvigilantes.com\\\/italiano\\\/2013\\\/07\\\/e-lalba-di-un-nuovo-giorno-la-bce-muove-i-primi-passi-verso-il-qe\\\/\",\"name\":\"\\\"\u00c8 l'alba di un nuovo giorno: la BCE muove i primi passi verso il QE\\\" - Italian\",\"isPartOf\":{\"@id\":\"https:\\\/\\\/bondvigilantes.com\\\/italiano\\\/#website\"},\"primaryImageOfPage\":{\"@id\":\"https:\\\/\\\/bondvigilantes.com\\\/italiano\\\/2013\\\/07\\\/e-lalba-di-un-nuovo-giorno-la-bce-muove-i-primi-passi-verso-il-qe\\\/#primaryimage\"},\"image\":{\"@id\":\"https:\\\/\\\/bondvigilantes.com\\\/italiano\\\/2013\\\/07\\\/e-lalba-di-un-nuovo-giorno-la-bce-muove-i-primi-passi-verso-il-qe\\\/#primaryimage\"},\"thumbnailUrl\":\"https:\\\/\\\/bondvigilantes.com\\\/italiano\\\/wp-content\\\/uploads\\\/sites\\\/2\\\/2021\\\/12\\\/11.png\",\"datePublished\":\"2013-07-08T12:51:42+00:00\",\"dateModified\":\"2013-07-08T12:51:43+00:00\",\"author\":{\"@id\":\"https:\\\/\\\/bondvigilantes.com\\\/italiano\\\/#\\\/schema\\\/person\\\/e4366565557f551f390bdfae4f71bbab\"},\"description\":\"Proprio quando si pensava che la Fed avesse inferto il colpo di grazia al carry trade, Mario Draghi ha ricordato ai mercati, in toni alquanto concilianti,\",\"breadcrumb\":{\"@id\":\"https:\\\/\\\/bondvigilantes.com\\\/italiano\\\/2013\\\/07\\\/e-lalba-di-un-nuovo-giorno-la-bce-muove-i-primi-passi-verso-il-qe\\\/#breadcrumb\"},\"inLanguage\":\"it-IT\",\"potentialAction\":[{\"@type\":\"ReadAction\",\"target\":[\"https:\\\/\\\/bondvigilantes.com\\\/italiano\\\/2013\\\/07\\\/e-lalba-di-un-nuovo-giorno-la-bce-muove-i-primi-passi-verso-il-qe\\\/\"]}]},{\"@type\":\"ImageObject\",\"inLanguage\":\"it-IT\",\"@id\":\"https:\\\/\\\/bondvigilantes.com\\\/italiano\\\/2013\\\/07\\\/e-lalba-di-un-nuovo-giorno-la-bce-muove-i-primi-passi-verso-il-qe\\\/#primaryimage\",\"url\":\"https:\\\/\\\/bondvigilantes.com\\\/italiano\\\/wp-content\\\/uploads\\\/sites\\\/2\\\/2021\\\/12\\\/11.png\",\"contentUrl\":\"https:\\\/\\\/bondvigilantes.com\\\/italiano\\\/wp-content\\\/uploads\\\/sites\\\/2\\\/2021\\\/12\\\/11.png\",\"width\":957,\"height\":717},{\"@type\":\"BreadcrumbList\",\"@id\":\"https:\\\/\\\/bondvigilantes.com\\\/italiano\\\/2013\\\/07\\\/e-lalba-di-un-nuovo-giorno-la-bce-muove-i-primi-passi-verso-il-qe\\\/#breadcrumb\",\"itemListElement\":[{\"@type\":\"ListItem\",\"position\":1,\"name\":\"Home\",\"item\":\"https:\\\/\\\/bondvigilantes.com\\\/italiano\\\/\"},{\"@type\":\"ListItem\",\"position\":2,\"name\":\"&#8220;\u00c8 l&#8217;alba di un nuovo giorno: la BCE muove i primi passi verso il QE&#8221;\"}]},{\"@type\":\"WebSite\",\"@id\":\"https:\\\/\\\/bondvigilantes.com\\\/italiano\\\/#website\",\"url\":\"https:\\\/\\\/bondvigilantes.com\\\/italiano\\\/\",\"name\":\"Italian\",\"description\":\"M&amp;G\",\"potentialAction\":[{\"@type\":\"SearchAction\",\"target\":{\"@type\":\"EntryPoint\",\"urlTemplate\":\"https:\\\/\\\/bondvigilantes.com\\\/italiano\\\/?s={search_term_string}\"},\"query-input\":{\"@type\":\"PropertyValueSpecification\",\"valueRequired\":true,\"valueName\":\"search_term_string\"}}],\"inLanguage\":\"it-IT\"},{\"@type\":\"Person\",\"@id\":\"https:\\\/\\\/bondvigilantes.com\\\/italiano\\\/#\\\/schema\\\/person\\\/e4366565557f551f390bdfae4f71bbab\",\"name\":\"Stefan Isaacs\",\"image\":{\"@type\":\"ImageObject\",\"inLanguage\":\"it-IT\",\"@id\":\"https:\\\/\\\/secure.gravatar.com\\\/avatar\\\/4c4ef1f05062e58e9dde1547a697911b242c82f9d279efe2c9bc1f7407b4724d?s=96&d=mm&r=g\",\"url\":\"https:\\\/\\\/secure.gravatar.com\\\/avatar\\\/4c4ef1f05062e58e9dde1547a697911b242c82f9d279efe2c9bc1f7407b4724d?s=96&d=mm&r=g\",\"contentUrl\":\"https:\\\/\\\/secure.gravatar.com\\\/avatar\\\/4c4ef1f05062e58e9dde1547a697911b242c82f9d279efe2c9bc1f7407b4724d?s=96&d=mm&r=g\",\"caption\":\"Stefan Isaacs\"},\"url\":\"https:\\\/\\\/bondvigilantes.com\\\/italiano\\\/author\\\/stefanisaacs\\\/\"}]}<\/script>\n<!-- \/ Yoast SEO Premium plugin. -->","yoast_head_json":{"title":"\"\u00c8 l'alba di un nuovo giorno: la BCE muove i primi passi verso il QE\" - Italian","description":"Proprio quando si pensava che la Fed avesse inferto il colpo di grazia al carry trade, Mario Draghi ha ricordato ai mercati, in toni alquanto concilianti,","robots":{"index":"index","follow":"follow","max-snippet":"max-snippet:-1","max-image-preview":"max-image-preview:large","max-video-preview":"max-video-preview:-1"},"canonical":"https:\/\/bondvigilantes.com\/italiano\/2013\/07\/e-lalba-di-un-nuovo-giorno-la-bce-muove-i-primi-passi-verso-il-qe\/","twitter_misc":{"Written by":"Stefan Isaacs","Est. reading time":"3 minuti"},"schema":{"@context":"https:\/\/schema.org","@graph":[{"@type":"Article","@id":"https:\/\/bondvigilantes.com\/italiano\/2013\/07\/e-lalba-di-un-nuovo-giorno-la-bce-muove-i-primi-passi-verso-il-qe\/#article","isPartOf":{"@id":"https:\/\/bondvigilantes.com\/italiano\/2013\/07\/e-lalba-di-un-nuovo-giorno-la-bce-muove-i-primi-passi-verso-il-qe\/"},"author":{"name":"Stefan Isaacs","@id":"https:\/\/bondvigilantes.com\/italiano\/#\/schema\/person\/e4366565557f551f390bdfae4f71bbab"},"headline":"&#8220;\u00c8 l&#8217;alba di un nuovo giorno: la BCE muove i primi passi verso il QE&#8221;","datePublished":"2013-07-08T12:51:42+00:00","dateModified":"2013-07-08T12:51:43+00:00","mainEntityOfPage":{"@id":"https:\/\/bondvigilantes.com\/italiano\/2013\/07\/e-lalba-di-un-nuovo-giorno-la-bce-muove-i-primi-passi-verso-il-qe\/"},"wordCount":517,"commentCount":0,"image":{"@id":"https:\/\/bondvigilantes.com\/italiano\/2013\/07\/e-lalba-di-un-nuovo-giorno-la-bce-muove-i-primi-passi-verso-il-qe\/#primaryimage"},"thumbnailUrl":"https:\/\/bondvigilantes.com\/italiano\/wp-content\/uploads\/sites\/2\/2021\/12\/11.png","keywords":["BCE","Eurozona;","QE","Tassi di interesse"],"articleSection":["Banche centrali e organismi sovranazionali"],"inLanguage":"it-IT","potentialAction":[{"@type":"CommentAction","name":"Comment","target":["https:\/\/bondvigilantes.com\/italiano\/2013\/07\/e-lalba-di-un-nuovo-giorno-la-bce-muove-i-primi-passi-verso-il-qe\/#respond"]}]},{"@type":"WebPage","@id":"https:\/\/bondvigilantes.com\/italiano\/2013\/07\/e-lalba-di-un-nuovo-giorno-la-bce-muove-i-primi-passi-verso-il-qe\/","url":"https:\/\/bondvigilantes.com\/italiano\/2013\/07\/e-lalba-di-un-nuovo-giorno-la-bce-muove-i-primi-passi-verso-il-qe\/","name":"\"\u00c8 l'alba di un nuovo giorno: la BCE muove i primi passi verso il QE\" - Italian","isPartOf":{"@id":"https:\/\/bondvigilantes.com\/italiano\/#website"},"primaryImageOfPage":{"@id":"https:\/\/bondvigilantes.com\/italiano\/2013\/07\/e-lalba-di-un-nuovo-giorno-la-bce-muove-i-primi-passi-verso-il-qe\/#primaryimage"},"image":{"@id":"https:\/\/bondvigilantes.com\/italiano\/2013\/07\/e-lalba-di-un-nuovo-giorno-la-bce-muove-i-primi-passi-verso-il-qe\/#primaryimage"},"thumbnailUrl":"https:\/\/bondvigilantes.com\/italiano\/wp-content\/uploads\/sites\/2\/2021\/12\/11.png","datePublished":"2013-07-08T12:51:42+00:00","dateModified":"2013-07-08T12:51:43+00:00","author":{"@id":"https:\/\/bondvigilantes.com\/italiano\/#\/schema\/person\/e4366565557f551f390bdfae4f71bbab"},"description":"Proprio quando si pensava che la Fed avesse inferto il colpo di grazia al carry trade, Mario Draghi ha ricordato ai mercati, in toni alquanto concilianti,","breadcrumb":{"@id":"https:\/\/bondvigilantes.com\/italiano\/2013\/07\/e-lalba-di-un-nuovo-giorno-la-bce-muove-i-primi-passi-verso-il-qe\/#breadcrumb"},"inLanguage":"it-IT","potentialAction":[{"@type":"ReadAction","target":["https:\/\/bondvigilantes.com\/italiano\/2013\/07\/e-lalba-di-un-nuovo-giorno-la-bce-muove-i-primi-passi-verso-il-qe\/"]}]},{"@type":"ImageObject","inLanguage":"it-IT","@id":"https:\/\/bondvigilantes.com\/italiano\/2013\/07\/e-lalba-di-un-nuovo-giorno-la-bce-muove-i-primi-passi-verso-il-qe\/#primaryimage","url":"https:\/\/bondvigilantes.com\/italiano\/wp-content\/uploads\/sites\/2\/2021\/12\/11.png","contentUrl":"https:\/\/bondvigilantes.com\/italiano\/wp-content\/uploads\/sites\/2\/2021\/12\/11.png","width":957,"height":717},{"@type":"BreadcrumbList","@id":"https:\/\/bondvigilantes.com\/italiano\/2013\/07\/e-lalba-di-un-nuovo-giorno-la-bce-muove-i-primi-passi-verso-il-qe\/#breadcrumb","itemListElement":[{"@type":"ListItem","position":1,"name":"Home","item":"https:\/\/bondvigilantes.com\/italiano\/"},{"@type":"ListItem","position":2,"name":"&#8220;\u00c8 l&#8217;alba di un nuovo giorno: la BCE muove i primi passi verso il QE&#8221;"}]},{"@type":"WebSite","@id":"https:\/\/bondvigilantes.com\/italiano\/#website","url":"https:\/\/bondvigilantes.com\/italiano\/","name":"Italian","description":"M&amp;G","potentialAction":[{"@type":"SearchAction","target":{"@type":"EntryPoint","urlTemplate":"https:\/\/bondvigilantes.com\/italiano\/?s={search_term_string}"},"query-input":{"@type":"PropertyValueSpecification","valueRequired":true,"valueName":"search_term_string"}}],"inLanguage":"it-IT"},{"@type":"Person","@id":"https:\/\/bondvigilantes.com\/italiano\/#\/schema\/person\/e4366565557f551f390bdfae4f71bbab","name":"Stefan Isaacs","image":{"@type":"ImageObject","inLanguage":"it-IT","@id":"https:\/\/secure.gravatar.com\/avatar\/4c4ef1f05062e58e9dde1547a697911b242c82f9d279efe2c9bc1f7407b4724d?s=96&d=mm&r=g","url":"https:\/\/secure.gravatar.com\/avatar\/4c4ef1f05062e58e9dde1547a697911b242c82f9d279efe2c9bc1f7407b4724d?s=96&d=mm&r=g","contentUrl":"https:\/\/secure.gravatar.com\/avatar\/4c4ef1f05062e58e9dde1547a697911b242c82f9d279efe2c9bc1f7407b4724d?s=96&d=mm&r=g","caption":"Stefan Isaacs"},"url":"https:\/\/bondvigilantes.com\/italiano\/author\/stefanisaacs\/"}]}},"_links":{"self":[{"href":"https:\/\/bondvigilantes.com\/italiano\/wp-json\/wp\/v2\/posts\/1351","targetHints":{"allow":["GET"]}}],"collection":[{"href":"https:\/\/bondvigilantes.com\/italiano\/wp-json\/wp\/v2\/posts"}],"about":[{"href":"https:\/\/bondvigilantes.com\/italiano\/wp-json\/wp\/v2\/types\/post"}],"author":[{"embeddable":true,"href":"https:\/\/bondvigilantes.com\/italiano\/wp-json\/wp\/v2\/users\/4"}],"replies":[{"embeddable":true,"href":"https:\/\/bondvigilantes.com\/italiano\/wp-json\/wp\/v2\/comments?post=1351"}],"version-history":[{"count":0,"href":"https:\/\/bondvigilantes.com\/italiano\/wp-json\/wp\/v2\/posts\/1351\/revisions"}],"wp:attachment":[{"href":"https:\/\/bondvigilantes.com\/italiano\/wp-json\/wp\/v2\/media?parent=1351"}],"wp:term":[{"taxonomy":"category","embeddable":true,"href":"https:\/\/bondvigilantes.com\/italiano\/wp-json\/wp\/v2\/categories?post=1351"},{"taxonomy":"post_tag","embeddable":true,"href":"https:\/\/bondvigilantes.com\/italiano\/wp-json\/wp\/v2\/tags?post=1351"}],"curies":[{"name":"wp","href":"https:\/\/api.w.org\/{rel}","templated":true}]}}