{"id":1460,"date":"2013-08-23T15:04:46","date_gmt":"2013-08-23T15:04:46","guid":{"rendered":"https:\/\/www.bondvigilantes.com\/italiano\/?p=1460"},"modified":"2025-06-10T07:41:31","modified_gmt":"2025-06-10T07:41:31","slug":"una-roadmap-per-leuropa-dopo-le-elezioni-in-germania","status":"publish","type":"post","link":"https:\/\/bondvigilantes.com\/italiano\/2013\/08\/una-roadmap-per-leuropa-dopo-le-elezioni-in-germania\/","title":{"rendered":"Una roadmap per l&#8217;Europa dopo le elezioni in Germania"},"content":{"rendered":"<p>Agosto di solito \u00e8 un mese di calma piatta sul fronte politico in Germania: ci sono le vacanze e anche i membri del Parlamento nazionale si prendono una pausa. Quest&#8217;anno, per\u00f2, i politici tedeschi non hanno tempo per rilassarsi. La sospensione estiva dell&#8217;attivit\u00e0 parlamentare coincide con l&#8217;apice della campagna elettorale in vista delle elezioni generali che si terranno il 22 settembre. A quanto pare, molti si aspettano che Settembre segner\u00e0 la fine non solo delle vacanze estive, ma anche della tregua nell&#8217;arena politica europea. La speranza \u00e8 che l&#8217;Unione Europea e, in particolare, l&#8217;Eurozona, si decidano finalmente a risolvere i problemi strutturali interni, una volta archiviato il voto in Germania. Ma non sono proprio convinto che succeder\u00e0: vi spiego perch\u00e9.<\/p>\n<h3>Pochi vantaggi potenziali da un cambio di atteggiamento<\/h3>\n<p>Angela Merkel ha espresso l&#8217;intenzione di rinnovare l&#8217;attuale coalizione con i liberali dell&#8217;FDP dopo il voto di settembre, mentre i socialdemocratici (SPD) e i Verdi lavorano per bissare la vittoria elettorale del 1998\/2002. I democristiani guidati da Angela Merkel attualmente<a href=\"http:\/\/www.wahlrecht.de\/umfragen\/index.htm\" target=\"_blank\" rel=\"noopener\"> sono in netto vantaggio nei sondaggi<\/a>, ma la conferma dell&#8217;alleanza con l&#8217;instabile FDP \u00e8 tutt&#8217;altro che scontata. D&#8217;altro canto, una coalizione fra SPD e Verdi appare probabile quanto una vittoria dell&#8217;Inghilterra sulla Germania ai rigori in una finale di calcio. Ai due partiti principali, la CDU\/CSU e l&#8217;SPD, resterebbe quindi la scelta fra elezioni anticipate immediate o una grande coalizione. Non credo che ignorerebbero la volont\u00e0 espressa con il voto dagli elettori tedeschi, tuttora molto aperti all&#8217;idea di una grande coalizione. Secondo i risultati recenti di uno dei principali sondaggi nel paese, denominato ARD-DeutschlandTrend, il 23% della popolazione preferirebbe una coalizione fra CDU\/CSU ed SPD, mentre le coalizioni preferite dai partiti riscuoterebbero il gradimento del 17% degli elettori. Inoltre, negli ultimi mesi, circa la met\u00e0 dei tedeschi ha definito una coalizione fra CDU\/CSU ed SPD come un&#8217;opzione &#8220;molto buona&#8221; o &#8220;buona&#8221;. Se i sostenitori della CDU\/CSU dovranno scegliere, laddove i voti sommati a quelli della FDP non siano sufficienti, fra una coalizione con i Verdi o con l&#8217;SPD, i sondaggi suggeriscono una forte preferenza per l&#8217;SPD. Quindi le opzioni di coalizione pi\u00f9 probabili, dopo le elezioni politiche, sembrano le seguenti: CDU\/CSU ed FDP (coalizione esistente) o CDU\/CSU ed SPD (grande coalizione).<\/p>\n<p>Salta agli occhi il fatto che, nella campagna elettorale in corso, l&#8217;Europa non \u00e8 stata un argomento di particolare rilievo. La politica europea non sembra un terreno sul quale l&#8217;SPD, principale partito di opposizione, possa conquistare voti o riuscire a distinguersi in modo marcato dalla posizione del governo in carica. La stessa cosa era successa anche durante la legislatura precedente, quando i partiti di opposizione avevano largamente tollerato la politica di Angela Merkel riguardo all&#8217;Europa. Tenendo presenti sia l&#8217;atteggiamento passato che i sondaggi attuali, non vedo motivi validi per prevedere un cambiamento sostanziale della politica europea da parte del nuovo governo tedesco. Mi aspetto una conferma dell&#8217;approccio pragmatico di misure orientate all&#8217;austerit\u00e0, ma sufficientemente accomodanti, volte a tenere insieme l&#8217;Eurozona, incluso il nuovo pacchetto di salvataggio per la Grecia cui ha accennato il ministro delle Finanze <a href=\"http:\/\/online.wsj.com\/article\/SB10001424127887323423804579024920530160120.html\" target=\"_blank\" rel=\"noopener\">Sch\u00e4uble<\/a>. Finora questo approccio politico si \u00e8 dimostrato piuttosto efficace, a livello nazionale. L&#8217;impressione \u00e8 che servirebbe un cambio sostanziale delle carte in tavola per innescare una modifica immediata dell&#8217;atteggiamento del governo. Sembra pi\u00f9 probabile che qualsiasi decisione politica riguardo all&#8217;Eurozona verr\u00e0 assunta con un orizzonte temporale di lungo periodo.<\/p>\n<h3>Per una maggiore integrazione europea potrebbe essere necessario un referendum in Germania<\/h3>\n<p>Se \u00e8 vero che per il neo-eletto governo tedesco una ridefinizione dell&#8217;atteggiamento verso l&#8217;Europa potrebbe avere un costo politico troppo alto, sono ipotizzabili difficolt\u00e0 anche per portare a termine le riforme strutturali a lungo termine, che spaziano dagli eurobond alla gestione pi\u00f9 centralizzata delle finanze nazionali a livello europeo, fino alla piena unione politica e fiscale. Il presidente della Corte costituzionale tedesca, Andreas Vo\u00dfkuhle, ha sottolineato nel 2011 che la <a href=\"http:\/\/www.faz.net\/aktuell\/wirtschaft\/europas-schuldenkrise\/im-gespraech-andreas-vosskuhle-mehr-europa-laesst-das-grundgesetz-kaum-zu-11369184.html\" target=\"_blank\" rel=\"noopener\">Costituzione della Germania<\/a> non contempla un&#8217;integrazione europea pi\u00f9 estesa, concludendo che per un ulteriore trasferimento di sovranit\u00e0 nazionale alla UE (in particolare, riguardo al bilancio nazionale) servirebbe un referendum. \u00c8 un aspetto molto importante, dato che la Germania non ha mai indetto referendum nel dopoguerra, nonostante l&#8217;adozione di una nuova costituzione, l&#8217;adesione all&#8217;Unione Europea e la riunificazione fra l&#8217;est e l&#8217;ovest del Paese. La preparazione di un referendum richiede parecchio tempo e la scelta della data \u00e8 una questione delicata. In questo caso, potrebbe volerci tempo anche per spiegare alla popolazione in che modo i cambiamenti strutturali proposti, che porterebbero all&#8217;unione politica e fiscale, inciderebbero sulla vita dei cittadini e i motivi per cui sarebbero vantaggiosi, in un&#8217;ottica di lungo periodo. Il referendum si baserebbe, molto probabilmente, sull&#8217;adozione di un nuovo Trattato europeo contenente la futura organizzazione dell&#8217;Europa a livello politico e di governance. Il processo di ratifica e adozione dell&#8217;ultimo trattato UE, noto come Trattato di Lisbona, \u00e8 durato pi\u00f9 di cinque anni, da giugno 2004 a dicembre 2009. Considerando la potenziale buona volont\u00e0 politica in questa occasione, forse le prossime elezioni generali tedesche del 2017 sarebbero il momento giusto per chiedere ai partiti politici di rendere note le rispettive posizioni in materia e dare agli elettori la possibilit\u00e0 di decidere del loro futuro in Europa (o fuori).<\/p>\n<h3>Difficilmente il governo vorr\u00e0 pagare un prezzo politico e fiscale in un clima di incertezza<\/h3>\n<p>Sembrer\u00e0 una situazione familiare ai lettori del Regno Unito, dove il partito Conservatore ha gi\u00e0 annunciato l&#8217;intenzione di indire un referendum sul futuro del Paese nell&#8217;Unione Europea nel 2017. L&#8217;impegno dei Conservatori per il 2017 nel Regno Unito, oltre alla prospettiva di un referendum inevitabile in Germania (e in altri Paesi europei), potrebbe rappresentare una scadenza ragionevole entro la quale i leader europei dovranno tirare fuori un&#8217;idea per il processo di integrazione e istituzionalizzazione futura dell&#8217;Unione, Eurozona compresa. Poi si penser\u00e0 a ratificarla in tutta Europa e, quindi, anche in Germania. Non sar\u00e0 il 2013, ma il 2017 a segnare una data storica per la politica europea, con gli elettori dei diversi Paesi chiamati a ribadire l&#8217;impegno per un&#8217;Europa maggiormente integrata (e la volont\u00e0 di condividerne i costi). Se uno scenario di questo tipo per l&#8217;Europa dovesse diventare un tema base per i governi nazionali, \u00e8 difficile immaginare un sostegno di questi governanti a misure politicamente e finanziariamente costose che vanno oltre l&#8217;atteggiamento pragmatico attuale nei confronti dell&#8217;Europa. Ci\u00f2 potrebbe essere vero non solo per i Paesi citati sopra, ossia la Germania (qualsiasi intervento che vada oltre i salvataggi di emergenza per i partner europei) e il Regno Unito (regolamentazione finanziaria e riforma bancaria nell&#8217;UE), ma anche per i governi che sono gi\u00e0 in affanno nei sondaggi. Un <a href=\"http:\/\/www.economist.com\/news\/europe\/21582541-fanned-geert-wilders-dutch-euroscepticism-rise-founding-members-apostasy?zid=307&amp;ah=5e80419d1bc9821ebe173f4f0f060a07\" target=\"_blank\" rel=\"noopener\">esempio molto recente<\/a> \u00e8 la situazione politica nei Paesi Bassi, dove il governo attuale otterrebbe un risicato 23% dei consensi, rispetto al 53% conquistato alle elezioni dell&#8217;anno scorso, mentre il partito euroscettico di destra PVV \u00e8 cresciuto di circa il 10% nel gradimento degli elettori.<br \/>\nSe dovessi tracciare una roadmap per l&#8217;Europa da qui al 2017, nella prima parte di questo viaggio politico segnalerei un alto rischio di avanzamento lento come quello del traffico cittadino, che potrebbe per\u00f2 sfociare in una <a href=\"http:\/\/www.youtube.com\/watch?v=e11h73WhqK4\" target=\"_blank\" rel=\"noopener\">autobahn<\/a> a scorrimento veloce.<\/p>\n","protected":false},"excerpt":{"rendered":"<p>Agosto di solito \u00e8 un mese di calma piatta sul fronte politico in Germania: ci sono le vacanze e anche i membri del Parlamento nazionale si prendono una pausa. Quest&#8217;anno, per\u00f2, i politici tedeschi non hanno tempo per rilassarsi. La sospensione estiva dell&#8217;attivit\u00e0 parlamentare coincide con l&#8217;apice della campagna elettorale in vista delle elezioni generali che si terranno il 22 settembre. A quanto pare, molti si aspettano che Settembre segner\u00e0 la fine non solo delle vacanze estive, ma anche della tregua nell&#8217;arena politica europea. La&#8230;<\/p>\n","protected":false},"author":64,"featured_media":0,"comment_status":"open","ping_status":"closed","sticky":false,"template":"","format":"standard","meta":{"_acf_changed":false,"footnotes":""},"categories":[20,8],"tags":[31,142],"class_list":["post-1460","post","type-post","status-publish","format-standard","hentry","category-macro-e-politica","category-paesi","tag-eurozona","tag-germania"],"acf":[],"yoast_head":"<!-- This site is optimized with the Yoast SEO Premium plugin v25.8 (Yoast SEO v27.4) - https:\/\/yoast.com\/product\/yoast-seo-premium-wordpress\/ -->\n<title>Una roadmap per l&#039;Europa dopo le elezioni in Germania - Italian<\/title>\n<meta name=\"description\" content=\"Agosto di solito \u00e8 un mese di calma piatta sul fronte politico in Germania: ci sono le vacanze e anche i membri del Parlamento nazionale si prendono una\" \/>\n<meta name=\"robots\" content=\"index, follow, max-snippet:-1, max-image-preview:large, max-video-preview:-1\" \/>\n<link rel=\"canonical\" href=\"https:\/\/bondvigilantes.com\/italiano\/2013\/08\/una-roadmap-per-leuropa-dopo-le-elezioni-in-germania\/\" \/>\n<meta name=\"twitter:label1\" content=\"Written by\" \/>\n\t<meta name=\"twitter:data1\" content=\"Markus Peters\" \/>\n\t<meta name=\"twitter:label2\" content=\"Est. reading time\" \/>\n\t<meta name=\"twitter:data2\" content=\"7 minuti\" \/>\n<script type=\"application\/ld+json\" class=\"yoast-schema-graph\">{\"@context\":\"https:\\\/\\\/schema.org\",\"@graph\":[{\"@type\":\"Article\",\"@id\":\"https:\\\/\\\/bondvigilantes.com\\\/italiano\\\/2013\\\/08\\\/una-roadmap-per-leuropa-dopo-le-elezioni-in-germania\\\/#article\",\"isPartOf\":{\"@id\":\"https:\\\/\\\/bondvigilantes.com\\\/italiano\\\/2013\\\/08\\\/una-roadmap-per-leuropa-dopo-le-elezioni-in-germania\\\/\"},\"author\":{\"name\":\"Markus Peters\",\"@id\":\"https:\\\/\\\/bondvigilantes.com\\\/italiano\\\/#\\\/schema\\\/person\\\/31621b444a6d2a5b2b5794c4bd1f77bb\"},\"headline\":\"Una roadmap per l&#8217;Europa dopo le elezioni in Germania\",\"datePublished\":\"2013-08-23T15:04:46+00:00\",\"dateModified\":\"2025-06-10T07:41:31+00:00\",\"mainEntityOfPage\":{\"@id\":\"https:\\\/\\\/bondvigilantes.com\\\/italiano\\\/2013\\\/08\\\/una-roadmap-per-leuropa-dopo-le-elezioni-in-germania\\\/\"},\"wordCount\":1162,\"commentCount\":0,\"keywords\":[\"Eurozona;\",\"Germania\"],\"articleSection\":[\"Macro e Politica\",\"Paesi\"],\"inLanguage\":\"it-IT\",\"potentialAction\":[{\"@type\":\"CommentAction\",\"name\":\"Comment\",\"target\":[\"https:\\\/\\\/bondvigilantes.com\\\/italiano\\\/2013\\\/08\\\/una-roadmap-per-leuropa-dopo-le-elezioni-in-germania\\\/#respond\"]}]},{\"@type\":\"WebPage\",\"@id\":\"https:\\\/\\\/bondvigilantes.com\\\/italiano\\\/2013\\\/08\\\/una-roadmap-per-leuropa-dopo-le-elezioni-in-germania\\\/\",\"url\":\"https:\\\/\\\/bondvigilantes.com\\\/italiano\\\/2013\\\/08\\\/una-roadmap-per-leuropa-dopo-le-elezioni-in-germania\\\/\",\"name\":\"Una roadmap per l'Europa dopo le elezioni in Germania - Italian\",\"isPartOf\":{\"@id\":\"https:\\\/\\\/bondvigilantes.com\\\/italiano\\\/#website\"},\"datePublished\":\"2013-08-23T15:04:46+00:00\",\"dateModified\":\"2025-06-10T07:41:31+00:00\",\"author\":{\"@id\":\"https:\\\/\\\/bondvigilantes.com\\\/italiano\\\/#\\\/schema\\\/person\\\/31621b444a6d2a5b2b5794c4bd1f77bb\"},\"description\":\"Agosto di solito \u00e8 un mese di calma piatta sul fronte politico in Germania: ci sono le vacanze e anche i membri del Parlamento nazionale si prendono una\",\"breadcrumb\":{\"@id\":\"https:\\\/\\\/bondvigilantes.com\\\/italiano\\\/2013\\\/08\\\/una-roadmap-per-leuropa-dopo-le-elezioni-in-germania\\\/#breadcrumb\"},\"inLanguage\":\"it-IT\",\"potentialAction\":[{\"@type\":\"ReadAction\",\"target\":[\"https:\\\/\\\/bondvigilantes.com\\\/italiano\\\/2013\\\/08\\\/una-roadmap-per-leuropa-dopo-le-elezioni-in-germania\\\/\"]}]},{\"@type\":\"BreadcrumbList\",\"@id\":\"https:\\\/\\\/bondvigilantes.com\\\/italiano\\\/2013\\\/08\\\/una-roadmap-per-leuropa-dopo-le-elezioni-in-germania\\\/#breadcrumb\",\"itemListElement\":[{\"@type\":\"ListItem\",\"position\":1,\"name\":\"Home\",\"item\":\"https:\\\/\\\/bondvigilantes.com\\\/italiano\\\/\"},{\"@type\":\"ListItem\",\"position\":2,\"name\":\"Una roadmap per l&#8217;Europa dopo le elezioni in Germania\"}]},{\"@type\":\"WebSite\",\"@id\":\"https:\\\/\\\/bondvigilantes.com\\\/italiano\\\/#website\",\"url\":\"https:\\\/\\\/bondvigilantes.com\\\/italiano\\\/\",\"name\":\"Italian\",\"description\":\"M&amp;G\",\"potentialAction\":[{\"@type\":\"SearchAction\",\"target\":{\"@type\":\"EntryPoint\",\"urlTemplate\":\"https:\\\/\\\/bondvigilantes.com\\\/italiano\\\/?s={search_term_string}\"},\"query-input\":{\"@type\":\"PropertyValueSpecification\",\"valueRequired\":true,\"valueName\":\"search_term_string\"}}],\"inLanguage\":\"it-IT\"},{\"@type\":\"Person\",\"@id\":\"https:\\\/\\\/bondvigilantes.com\\\/italiano\\\/#\\\/schema\\\/person\\\/31621b444a6d2a5b2b5794c4bd1f77bb\",\"name\":\"Markus Peters\",\"image\":{\"@type\":\"ImageObject\",\"inLanguage\":\"it-IT\",\"@id\":\"https:\\\/\\\/secure.gravatar.com\\\/avatar\\\/049bade4e583bee1277bbba7e170c047ad57250823971c011321b7e6232b3dde?s=96&d=mm&r=g\",\"url\":\"https:\\\/\\\/secure.gravatar.com\\\/avatar\\\/049bade4e583bee1277bbba7e170c047ad57250823971c011321b7e6232b3dde?s=96&d=mm&r=g\",\"contentUrl\":\"https:\\\/\\\/secure.gravatar.com\\\/avatar\\\/049bade4e583bee1277bbba7e170c047ad57250823971c011321b7e6232b3dde?s=96&d=mm&r=g\",\"caption\":\"Markus Peters\"},\"url\":\"https:\\\/\\\/bondvigilantes.com\\\/italiano\\\/author\\\/markuspeters\\\/\"}]}<\/script>\n<!-- \/ Yoast SEO Premium plugin. -->","yoast_head_json":{"title":"Una roadmap per l'Europa dopo le elezioni in Germania - Italian","description":"Agosto di solito \u00e8 un mese di calma piatta sul fronte politico in Germania: ci sono le vacanze e anche i membri del Parlamento nazionale si prendono una","robots":{"index":"index","follow":"follow","max-snippet":"max-snippet:-1","max-image-preview":"max-image-preview:large","max-video-preview":"max-video-preview:-1"},"canonical":"https:\/\/bondvigilantes.com\/italiano\/2013\/08\/una-roadmap-per-leuropa-dopo-le-elezioni-in-germania\/","twitter_misc":{"Written by":"Markus Peters","Est. reading time":"7 minuti"},"schema":{"@context":"https:\/\/schema.org","@graph":[{"@type":"Article","@id":"https:\/\/bondvigilantes.com\/italiano\/2013\/08\/una-roadmap-per-leuropa-dopo-le-elezioni-in-germania\/#article","isPartOf":{"@id":"https:\/\/bondvigilantes.com\/italiano\/2013\/08\/una-roadmap-per-leuropa-dopo-le-elezioni-in-germania\/"},"author":{"name":"Markus Peters","@id":"https:\/\/bondvigilantes.com\/italiano\/#\/schema\/person\/31621b444a6d2a5b2b5794c4bd1f77bb"},"headline":"Una roadmap per l&#8217;Europa dopo le elezioni in Germania","datePublished":"2013-08-23T15:04:46+00:00","dateModified":"2025-06-10T07:41:31+00:00","mainEntityOfPage":{"@id":"https:\/\/bondvigilantes.com\/italiano\/2013\/08\/una-roadmap-per-leuropa-dopo-le-elezioni-in-germania\/"},"wordCount":1162,"commentCount":0,"keywords":["Eurozona;","Germania"],"articleSection":["Macro e Politica","Paesi"],"inLanguage":"it-IT","potentialAction":[{"@type":"CommentAction","name":"Comment","target":["https:\/\/bondvigilantes.com\/italiano\/2013\/08\/una-roadmap-per-leuropa-dopo-le-elezioni-in-germania\/#respond"]}]},{"@type":"WebPage","@id":"https:\/\/bondvigilantes.com\/italiano\/2013\/08\/una-roadmap-per-leuropa-dopo-le-elezioni-in-germania\/","url":"https:\/\/bondvigilantes.com\/italiano\/2013\/08\/una-roadmap-per-leuropa-dopo-le-elezioni-in-germania\/","name":"Una roadmap per l'Europa dopo le elezioni in Germania - Italian","isPartOf":{"@id":"https:\/\/bondvigilantes.com\/italiano\/#website"},"datePublished":"2013-08-23T15:04:46+00:00","dateModified":"2025-06-10T07:41:31+00:00","author":{"@id":"https:\/\/bondvigilantes.com\/italiano\/#\/schema\/person\/31621b444a6d2a5b2b5794c4bd1f77bb"},"description":"Agosto di solito \u00e8 un mese di calma piatta sul fronte politico in Germania: ci sono le vacanze e anche i membri del Parlamento nazionale si prendono una","breadcrumb":{"@id":"https:\/\/bondvigilantes.com\/italiano\/2013\/08\/una-roadmap-per-leuropa-dopo-le-elezioni-in-germania\/#breadcrumb"},"inLanguage":"it-IT","potentialAction":[{"@type":"ReadAction","target":["https:\/\/bondvigilantes.com\/italiano\/2013\/08\/una-roadmap-per-leuropa-dopo-le-elezioni-in-germania\/"]}]},{"@type":"BreadcrumbList","@id":"https:\/\/bondvigilantes.com\/italiano\/2013\/08\/una-roadmap-per-leuropa-dopo-le-elezioni-in-germania\/#breadcrumb","itemListElement":[{"@type":"ListItem","position":1,"name":"Home","item":"https:\/\/bondvigilantes.com\/italiano\/"},{"@type":"ListItem","position":2,"name":"Una roadmap per l&#8217;Europa dopo le elezioni in Germania"}]},{"@type":"WebSite","@id":"https:\/\/bondvigilantes.com\/italiano\/#website","url":"https:\/\/bondvigilantes.com\/italiano\/","name":"Italian","description":"M&amp;G","potentialAction":[{"@type":"SearchAction","target":{"@type":"EntryPoint","urlTemplate":"https:\/\/bondvigilantes.com\/italiano\/?s={search_term_string}"},"query-input":{"@type":"PropertyValueSpecification","valueRequired":true,"valueName":"search_term_string"}}],"inLanguage":"it-IT"},{"@type":"Person","@id":"https:\/\/bondvigilantes.com\/italiano\/#\/schema\/person\/31621b444a6d2a5b2b5794c4bd1f77bb","name":"Markus Peters","image":{"@type":"ImageObject","inLanguage":"it-IT","@id":"https:\/\/secure.gravatar.com\/avatar\/049bade4e583bee1277bbba7e170c047ad57250823971c011321b7e6232b3dde?s=96&d=mm&r=g","url":"https:\/\/secure.gravatar.com\/avatar\/049bade4e583bee1277bbba7e170c047ad57250823971c011321b7e6232b3dde?s=96&d=mm&r=g","contentUrl":"https:\/\/secure.gravatar.com\/avatar\/049bade4e583bee1277bbba7e170c047ad57250823971c011321b7e6232b3dde?s=96&d=mm&r=g","caption":"Markus Peters"},"url":"https:\/\/bondvigilantes.com\/italiano\/author\/markuspeters\/"}]}},"_links":{"self":[{"href":"https:\/\/bondvigilantes.com\/italiano\/wp-json\/wp\/v2\/posts\/1460","targetHints":{"allow":["GET"]}}],"collection":[{"href":"https:\/\/bondvigilantes.com\/italiano\/wp-json\/wp\/v2\/posts"}],"about":[{"href":"https:\/\/bondvigilantes.com\/italiano\/wp-json\/wp\/v2\/types\/post"}],"author":[{"embeddable":true,"href":"https:\/\/bondvigilantes.com\/italiano\/wp-json\/wp\/v2\/users\/64"}],"replies":[{"embeddable":true,"href":"https:\/\/bondvigilantes.com\/italiano\/wp-json\/wp\/v2\/comments?post=1460"}],"version-history":[{"count":0,"href":"https:\/\/bondvigilantes.com\/italiano\/wp-json\/wp\/v2\/posts\/1460\/revisions"}],"wp:attachment":[{"href":"https:\/\/bondvigilantes.com\/italiano\/wp-json\/wp\/v2\/media?parent=1460"}],"wp:term":[{"taxonomy":"category","embeddable":true,"href":"https:\/\/bondvigilantes.com\/italiano\/wp-json\/wp\/v2\/categories?post=1460"},{"taxonomy":"post_tag","embeddable":true,"href":"https:\/\/bondvigilantes.com\/italiano\/wp-json\/wp\/v2\/tags?post=1460"}],"curies":[{"name":"wp","href":"https:\/\/api.w.org\/{rel}","templated":true}]}}