{"id":2241,"date":"2014-08-28T16:37:37","date_gmt":"2014-08-28T16:37:37","guid":{"rendered":"https:\/\/www.bondvigilantes.com\/italiano\/?p=2241"},"modified":"2014-08-28T16:38:12","modified_gmt":"2014-08-28T16:38:12","slug":"unepoca-eccezionale","status":"publish","type":"post","link":"https:\/\/bondvigilantes.com\/italiano\/2014\/08\/unepoca-eccezionale\/","title":{"rendered":"Un&#8217;epoca eccezionale"},"content":{"rendered":"<p>I tassi d&#8217;interesse, sia a breve che a lungo termine, sono ai minimi record in Europa. Alla base di questo fenomeno c&#8217;\u00e8 la convinzione che i livelli occupazionali e di inflazione saranno pi\u00f9 bassi pi\u00f9 a lungo. La situazione preoccupa la BCE e il discorso di Draghi a Jackson Hole fa presagire nuove misure espansive. Quelli che stiamo vivendo sono tempi eccezionali.<\/p>\n<p>La storia di come siamo arrivati a questo punto \u00e8 piuttosto semplice: un collasso bancario globale nel 2008, seguito da un&#8217;ulteriore ondata di gravi difficolt\u00e0 per il sistema bancario europeo, provocata dalla crisi del debito sovrano fra il 2011 e il 2012.<\/p>\n<p>Il grafico sotto \u00e8 un tentativo di illustrare l&#8217;andamento effettivo dei tassi d&#8217;interesse. Prendendo un indicatore rappresentativo del costo di finanziamento e sommandolo al tasso Euribor a tre mesi, si ottiene un quadro pi\u00f9 completo delle condizioni monetarie reali, che non osservando semplicemente il tasso ufficiale della BCE. Durante la crisi dell&#8217;euro la politica monetaria \u00e8 diventata restrittiva nell&#8217;area &#8220;core&#8221; e, ancora di pi\u00f9, nei Paesi periferici.<\/p>\n<p><a href=\"https:\/\/bondvigilantes.com\/italiano\/wp-content\/uploads\/sites\/2\/2021\/12\/Slide14.png\" data-rel=\"lightbox-image-0\" data-rl_title=\"\" data-rl_caption=\"\" title=\"\"><img loading=\"lazy\" decoding=\"async\" class=\"aligncenter size-full wp-image-2243\" src=\"https:\/\/bondvigilantes.com\/italiano\/wp-content\/uploads\/sites\/2\/2021\/12\/Slide14.png\" alt=\"Slide1\" width=\"960\" height=\"720\" \/><\/a><a href=\"https:\/\/bondvigilantes.com\/italiano\/wp-content\/uploads\/sites\/2\/2021\/12\/Slide24.png\" data-rel=\"lightbox-image-1\" data-rl_title=\"\" data-rl_caption=\"\" title=\"\"><img loading=\"lazy\" decoding=\"async\" class=\"aligncenter size-full wp-image-2244\" src=\"https:\/\/bondvigilantes.com\/italiano\/wp-content\/uploads\/sites\/2\/2021\/12\/Slide24.png\" alt=\"Slide2\" width=\"960\" height=\"720\" \/><\/a><\/p>\n<p>I grafici successivi mostrano la scomposizione dei dati di inflazione e occupazione, relativi ai Paesi cosiddetti &#8220;core&#8221; e a quelli periferici. Si nota che laddove viene adottata una politica monetaria pi\u00f9 restrittiva, la disoccupazione risulta pi\u00f9 alta e l&#8217;inflazione pi\u00f9 modesta. La debolezza dell&#8217;Eurozona e, in particolare, della periferia non \u00e8 affatto sorprendente, considerando il violento shock monetario subito dalla regione durante la crisi. Se ne pu\u00f2 dedurre che la politica monetaria funziona ancora.<\/p>\n<p><a href=\"https:\/\/bondvigilantes.com\/italiano\/wp-content\/uploads\/sites\/2\/2021\/12\/Slide32.png\" data-rel=\"lightbox-image-2\" data-rl_title=\"\" data-rl_caption=\"\" title=\"\"><img loading=\"lazy\" decoding=\"async\" class=\"aligncenter size-full wp-image-2245\" src=\"https:\/\/bondvigilantes.com\/italiano\/wp-content\/uploads\/sites\/2\/2021\/12\/Slide32.png\" alt=\"Slide3\" width=\"960\" height=\"720\" \/><\/a><\/p>\n<p>Successivamente, la politica monetaria reale \u00e8 stata di fatto allentata in modo aggressivo, dall&#8217;estate del 2012 fino a oggi. Questo dovrebbe dare impulso all&#8217;Eurozona, a cominciare dalla periferia. In genere si presume che gli effetti della politica monetaria si manifestino con un ritardo di 18 mesi, ma in realt\u00e0 la disoccupazione sta gi\u00e0 diminuendo. Mi aspetto un prosieguo di questa tendenza.<\/p>\n<p>Stiamo vivendo tempi eccezionali, per quanto riguarda i tassi d&#8217;interesse, ma da un punto di vista economico, la disoccupazione ha raggiunto livelli altrettanto elevati nel periodo 1994-1997 e l&#8217;inflazione \u00e8 scesa al di sotto dell&#8217;1,0% nel 1999 e nel 2009.<\/p>\n<p>Quando l&#8217;economia e i mercati prendono strade divergenti bisogna stabilire chi abbia ragione. Credo che la politica monetaria funzioni e l&#8217;enorme allentamento iniziato nel 2012 comporter\u00e0 un tasso di disoccupazione in calo ed eviter\u00e0 una deflazione conclamata. I tassi d&#8217;interesse eccezionalmente bassi in Europa sembrano incoerenti con i dati economici attuali e con i potenziali dati futuri.<\/p>\n","protected":false},"excerpt":{"rendered":"<p>I tassi d&#8217;interesse, sia a breve che a lungo termine, sono ai minimi record in Europa. Alla base di questo fenomeno c&#8217;\u00e8 la convinzione che i livelli occupazionali e di inflazione saranno pi\u00f9 bassi pi\u00f9 a lungo. La situazione preoccupa la BCE e il discorso di Draghi a Jackson Hole fa presagire nuove misure espansive. Quelli che stiamo vivendo sono tempi eccezionali. La storia di come siamo arrivati a questo punto \u00e8 piuttosto semplice: un collasso bancario globale nel 2008, seguito da un&#8217;ulteriore ondata di&#8230;<\/p>\n","protected":false},"author":3,"featured_media":0,"comment_status":"open","ping_status":"closed","sticky":false,"template":"","format":"standard","meta":{"_acf_changed":false,"footnotes":""},"categories":[12,49],"tags":[70,100],"class_list":["post-2241","post","type-post","status-publish","format-standard","hentry","category-inflazione","category-tassi-di-interesse","tag-bce","tag-disoccupazione"],"acf":[],"yoast_head":"<!-- This site is optimized with the Yoast SEO Premium plugin v25.8 (Yoast SEO v27.4) - https:\/\/yoast.com\/product\/yoast-seo-premium-wordpress\/ -->\n<title>Un&#039;epoca eccezionale - Italian<\/title>\n<meta name=\"description\" content=\"I tassi d&#039;interesse, sia a breve che a lungo termine, sono ai minimi record in Europa. Alla base di questo fenomeno c&#039;\u00e8 la convinzione che i livelli\" \/>\n<meta name=\"robots\" content=\"index, follow, max-snippet:-1, max-image-preview:large, max-video-preview:-1\" \/>\n<link rel=\"canonical\" href=\"https:\/\/bondvigilantes.com\/italiano\/2014\/08\/unepoca-eccezionale\/\" \/>\n<meta name=\"twitter:label1\" content=\"Written by\" \/>\n\t<meta name=\"twitter:data1\" content=\"Richard Woolnough\" \/>\n\t<meta name=\"twitter:label2\" content=\"Est. reading time\" \/>\n\t<meta name=\"twitter:data2\" content=\"2 minuti\" \/>\n<script type=\"application\/ld+json\" class=\"yoast-schema-graph\">{\"@context\":\"https:\\\/\\\/schema.org\",\"@graph\":[{\"@type\":\"Article\",\"@id\":\"https:\\\/\\\/bondvigilantes.com\\\/italiano\\\/2014\\\/08\\\/unepoca-eccezionale\\\/#article\",\"isPartOf\":{\"@id\":\"https:\\\/\\\/bondvigilantes.com\\\/italiano\\\/2014\\\/08\\\/unepoca-eccezionale\\\/\"},\"author\":{\"name\":\"Richard Woolnough\",\"@id\":\"https:\\\/\\\/bondvigilantes.com\\\/italiano\\\/#\\\/schema\\\/person\\\/37ed0b3c35627328e05e569614ba3086\"},\"headline\":\"Un&#8217;epoca eccezionale\",\"datePublished\":\"2014-08-28T16:37:37+00:00\",\"dateModified\":\"2014-08-28T16:38:12+00:00\",\"mainEntityOfPage\":{\"@id\":\"https:\\\/\\\/bondvigilantes.com\\\/italiano\\\/2014\\\/08\\\/unepoca-eccezionale\\\/\"},\"wordCount\":391,\"commentCount\":0,\"image\":{\"@id\":\"https:\\\/\\\/bondvigilantes.com\\\/italiano\\\/2014\\\/08\\\/unepoca-eccezionale\\\/#primaryimage\"},\"thumbnailUrl\":\"https:\\\/\\\/bondvigilantes.com\\\/italiano\\\/wp-content\\\/uploads\\\/sites\\\/2\\\/2021\\\/12\\\/Slide14.png\",\"keywords\":[\"BCE\",\"disoccupazione\"],\"articleSection\":[\"Inflazione\",\"Tassi di interesse\"],\"inLanguage\":\"it-IT\",\"potentialAction\":[{\"@type\":\"CommentAction\",\"name\":\"Comment\",\"target\":[\"https:\\\/\\\/bondvigilantes.com\\\/italiano\\\/2014\\\/08\\\/unepoca-eccezionale\\\/#respond\"]}]},{\"@type\":\"WebPage\",\"@id\":\"https:\\\/\\\/bondvigilantes.com\\\/italiano\\\/2014\\\/08\\\/unepoca-eccezionale\\\/\",\"url\":\"https:\\\/\\\/bondvigilantes.com\\\/italiano\\\/2014\\\/08\\\/unepoca-eccezionale\\\/\",\"name\":\"Un'epoca eccezionale - Italian\",\"isPartOf\":{\"@id\":\"https:\\\/\\\/bondvigilantes.com\\\/italiano\\\/#website\"},\"primaryImageOfPage\":{\"@id\":\"https:\\\/\\\/bondvigilantes.com\\\/italiano\\\/2014\\\/08\\\/unepoca-eccezionale\\\/#primaryimage\"},\"image\":{\"@id\":\"https:\\\/\\\/bondvigilantes.com\\\/italiano\\\/2014\\\/08\\\/unepoca-eccezionale\\\/#primaryimage\"},\"thumbnailUrl\":\"https:\\\/\\\/bondvigilantes.com\\\/italiano\\\/wp-content\\\/uploads\\\/sites\\\/2\\\/2021\\\/12\\\/Slide14.png\",\"datePublished\":\"2014-08-28T16:37:37+00:00\",\"dateModified\":\"2014-08-28T16:38:12+00:00\",\"author\":{\"@id\":\"https:\\\/\\\/bondvigilantes.com\\\/italiano\\\/#\\\/schema\\\/person\\\/37ed0b3c35627328e05e569614ba3086\"},\"description\":\"I tassi d'interesse, sia a breve che a lungo termine, sono ai minimi record in Europa. Alla base di questo fenomeno c'\u00e8 la convinzione che i livelli\",\"breadcrumb\":{\"@id\":\"https:\\\/\\\/bondvigilantes.com\\\/italiano\\\/2014\\\/08\\\/unepoca-eccezionale\\\/#breadcrumb\"},\"inLanguage\":\"it-IT\",\"potentialAction\":[{\"@type\":\"ReadAction\",\"target\":[\"https:\\\/\\\/bondvigilantes.com\\\/italiano\\\/2014\\\/08\\\/unepoca-eccezionale\\\/\"]}]},{\"@type\":\"ImageObject\",\"inLanguage\":\"it-IT\",\"@id\":\"https:\\\/\\\/bondvigilantes.com\\\/italiano\\\/2014\\\/08\\\/unepoca-eccezionale\\\/#primaryimage\",\"url\":\"https:\\\/\\\/bondvigilantes.com\\\/italiano\\\/wp-content\\\/uploads\\\/sites\\\/2\\\/2021\\\/12\\\/Slide14.png\",\"contentUrl\":\"https:\\\/\\\/bondvigilantes.com\\\/italiano\\\/wp-content\\\/uploads\\\/sites\\\/2\\\/2021\\\/12\\\/Slide14.png\",\"width\":960,\"height\":720},{\"@type\":\"BreadcrumbList\",\"@id\":\"https:\\\/\\\/bondvigilantes.com\\\/italiano\\\/2014\\\/08\\\/unepoca-eccezionale\\\/#breadcrumb\",\"itemListElement\":[{\"@type\":\"ListItem\",\"position\":1,\"name\":\"Home\",\"item\":\"https:\\\/\\\/bondvigilantes.com\\\/italiano\\\/\"},{\"@type\":\"ListItem\",\"position\":2,\"name\":\"Un&#8217;epoca eccezionale\"}]},{\"@type\":\"WebSite\",\"@id\":\"https:\\\/\\\/bondvigilantes.com\\\/italiano\\\/#website\",\"url\":\"https:\\\/\\\/bondvigilantes.com\\\/italiano\\\/\",\"name\":\"Italian\",\"description\":\"M&amp;G\",\"potentialAction\":[{\"@type\":\"SearchAction\",\"target\":{\"@type\":\"EntryPoint\",\"urlTemplate\":\"https:\\\/\\\/bondvigilantes.com\\\/italiano\\\/?s={search_term_string}\"},\"query-input\":{\"@type\":\"PropertyValueSpecification\",\"valueRequired\":true,\"valueName\":\"search_term_string\"}}],\"inLanguage\":\"it-IT\"},{\"@type\":\"Person\",\"@id\":\"https:\\\/\\\/bondvigilantes.com\\\/italiano\\\/#\\\/schema\\\/person\\\/37ed0b3c35627328e05e569614ba3086\",\"name\":\"Richard Woolnough\",\"image\":{\"@type\":\"ImageObject\",\"inLanguage\":\"it-IT\",\"@id\":\"https:\\\/\\\/secure.gravatar.com\\\/avatar\\\/eb97965f65c6912f41e21ba3ddbba25513acb79e16562425cc7b55769a362800?s=96&d=mm&r=g\",\"url\":\"https:\\\/\\\/secure.gravatar.com\\\/avatar\\\/eb97965f65c6912f41e21ba3ddbba25513acb79e16562425cc7b55769a362800?s=96&d=mm&r=g\",\"contentUrl\":\"https:\\\/\\\/secure.gravatar.com\\\/avatar\\\/eb97965f65c6912f41e21ba3ddbba25513acb79e16562425cc7b55769a362800?s=96&d=mm&r=g\",\"caption\":\"Richard Woolnough\"},\"url\":\"https:\\\/\\\/bondvigilantes.com\\\/italiano\\\/author\\\/richardwoolnough\\\/\"}]}<\/script>\n<!-- \/ Yoast SEO Premium plugin. -->","yoast_head_json":{"title":"Un'epoca eccezionale - Italian","description":"I tassi d'interesse, sia a breve che a lungo termine, sono ai minimi record in Europa. Alla base di questo fenomeno c'\u00e8 la convinzione che i livelli","robots":{"index":"index","follow":"follow","max-snippet":"max-snippet:-1","max-image-preview":"max-image-preview:large","max-video-preview":"max-video-preview:-1"},"canonical":"https:\/\/bondvigilantes.com\/italiano\/2014\/08\/unepoca-eccezionale\/","twitter_misc":{"Written by":"Richard Woolnough","Est. reading time":"2 minuti"},"schema":{"@context":"https:\/\/schema.org","@graph":[{"@type":"Article","@id":"https:\/\/bondvigilantes.com\/italiano\/2014\/08\/unepoca-eccezionale\/#article","isPartOf":{"@id":"https:\/\/bondvigilantes.com\/italiano\/2014\/08\/unepoca-eccezionale\/"},"author":{"name":"Richard Woolnough","@id":"https:\/\/bondvigilantes.com\/italiano\/#\/schema\/person\/37ed0b3c35627328e05e569614ba3086"},"headline":"Un&#8217;epoca eccezionale","datePublished":"2014-08-28T16:37:37+00:00","dateModified":"2014-08-28T16:38:12+00:00","mainEntityOfPage":{"@id":"https:\/\/bondvigilantes.com\/italiano\/2014\/08\/unepoca-eccezionale\/"},"wordCount":391,"commentCount":0,"image":{"@id":"https:\/\/bondvigilantes.com\/italiano\/2014\/08\/unepoca-eccezionale\/#primaryimage"},"thumbnailUrl":"https:\/\/bondvigilantes.com\/italiano\/wp-content\/uploads\/sites\/2\/2021\/12\/Slide14.png","keywords":["BCE","disoccupazione"],"articleSection":["Inflazione","Tassi di interesse"],"inLanguage":"it-IT","potentialAction":[{"@type":"CommentAction","name":"Comment","target":["https:\/\/bondvigilantes.com\/italiano\/2014\/08\/unepoca-eccezionale\/#respond"]}]},{"@type":"WebPage","@id":"https:\/\/bondvigilantes.com\/italiano\/2014\/08\/unepoca-eccezionale\/","url":"https:\/\/bondvigilantes.com\/italiano\/2014\/08\/unepoca-eccezionale\/","name":"Un'epoca eccezionale - Italian","isPartOf":{"@id":"https:\/\/bondvigilantes.com\/italiano\/#website"},"primaryImageOfPage":{"@id":"https:\/\/bondvigilantes.com\/italiano\/2014\/08\/unepoca-eccezionale\/#primaryimage"},"image":{"@id":"https:\/\/bondvigilantes.com\/italiano\/2014\/08\/unepoca-eccezionale\/#primaryimage"},"thumbnailUrl":"https:\/\/bondvigilantes.com\/italiano\/wp-content\/uploads\/sites\/2\/2021\/12\/Slide14.png","datePublished":"2014-08-28T16:37:37+00:00","dateModified":"2014-08-28T16:38:12+00:00","author":{"@id":"https:\/\/bondvigilantes.com\/italiano\/#\/schema\/person\/37ed0b3c35627328e05e569614ba3086"},"description":"I tassi d'interesse, sia a breve che a lungo termine, sono ai minimi record in Europa. Alla base di questo fenomeno c'\u00e8 la convinzione che i livelli","breadcrumb":{"@id":"https:\/\/bondvigilantes.com\/italiano\/2014\/08\/unepoca-eccezionale\/#breadcrumb"},"inLanguage":"it-IT","potentialAction":[{"@type":"ReadAction","target":["https:\/\/bondvigilantes.com\/italiano\/2014\/08\/unepoca-eccezionale\/"]}]},{"@type":"ImageObject","inLanguage":"it-IT","@id":"https:\/\/bondvigilantes.com\/italiano\/2014\/08\/unepoca-eccezionale\/#primaryimage","url":"https:\/\/bondvigilantes.com\/italiano\/wp-content\/uploads\/sites\/2\/2021\/12\/Slide14.png","contentUrl":"https:\/\/bondvigilantes.com\/italiano\/wp-content\/uploads\/sites\/2\/2021\/12\/Slide14.png","width":960,"height":720},{"@type":"BreadcrumbList","@id":"https:\/\/bondvigilantes.com\/italiano\/2014\/08\/unepoca-eccezionale\/#breadcrumb","itemListElement":[{"@type":"ListItem","position":1,"name":"Home","item":"https:\/\/bondvigilantes.com\/italiano\/"},{"@type":"ListItem","position":2,"name":"Un&#8217;epoca eccezionale"}]},{"@type":"WebSite","@id":"https:\/\/bondvigilantes.com\/italiano\/#website","url":"https:\/\/bondvigilantes.com\/italiano\/","name":"Italian","description":"M&amp;G","potentialAction":[{"@type":"SearchAction","target":{"@type":"EntryPoint","urlTemplate":"https:\/\/bondvigilantes.com\/italiano\/?s={search_term_string}"},"query-input":{"@type":"PropertyValueSpecification","valueRequired":true,"valueName":"search_term_string"}}],"inLanguage":"it-IT"},{"@type":"Person","@id":"https:\/\/bondvigilantes.com\/italiano\/#\/schema\/person\/37ed0b3c35627328e05e569614ba3086","name":"Richard Woolnough","image":{"@type":"ImageObject","inLanguage":"it-IT","@id":"https:\/\/secure.gravatar.com\/avatar\/eb97965f65c6912f41e21ba3ddbba25513acb79e16562425cc7b55769a362800?s=96&d=mm&r=g","url":"https:\/\/secure.gravatar.com\/avatar\/eb97965f65c6912f41e21ba3ddbba25513acb79e16562425cc7b55769a362800?s=96&d=mm&r=g","contentUrl":"https:\/\/secure.gravatar.com\/avatar\/eb97965f65c6912f41e21ba3ddbba25513acb79e16562425cc7b55769a362800?s=96&d=mm&r=g","caption":"Richard Woolnough"},"url":"https:\/\/bondvigilantes.com\/italiano\/author\/richardwoolnough\/"}]}},"_links":{"self":[{"href":"https:\/\/bondvigilantes.com\/italiano\/wp-json\/wp\/v2\/posts\/2241","targetHints":{"allow":["GET"]}}],"collection":[{"href":"https:\/\/bondvigilantes.com\/italiano\/wp-json\/wp\/v2\/posts"}],"about":[{"href":"https:\/\/bondvigilantes.com\/italiano\/wp-json\/wp\/v2\/types\/post"}],"author":[{"embeddable":true,"href":"https:\/\/bondvigilantes.com\/italiano\/wp-json\/wp\/v2\/users\/3"}],"replies":[{"embeddable":true,"href":"https:\/\/bondvigilantes.com\/italiano\/wp-json\/wp\/v2\/comments?post=2241"}],"version-history":[{"count":0,"href":"https:\/\/bondvigilantes.com\/italiano\/wp-json\/wp\/v2\/posts\/2241\/revisions"}],"wp:attachment":[{"href":"https:\/\/bondvigilantes.com\/italiano\/wp-json\/wp\/v2\/media?parent=2241"}],"wp:term":[{"taxonomy":"category","embeddable":true,"href":"https:\/\/bondvigilantes.com\/italiano\/wp-json\/wp\/v2\/categories?post=2241"},{"taxonomy":"post_tag","embeddable":true,"href":"https:\/\/bondvigilantes.com\/italiano\/wp-json\/wp\/v2\/tags?post=2241"}],"curies":[{"name":"wp","href":"https:\/\/api.w.org\/{rel}","templated":true}]}}