{"id":2593,"date":"2015-01-28T15:41:00","date_gmt":"2015-01-28T15:41:00","guid":{"rendered":"https:\/\/www.bondvigilantes.com\/italiano\/?p=2593"},"modified":"2015-02-12T08:00:32","modified_gmt":"2015-02-12T08:00:32","slug":"leuropa-ha-bisogno-di-un-pacchetto-di-stimolo-fiscale-tedesco-ma-non-lo-avra","status":"publish","type":"post","link":"https:\/\/bondvigilantes.com\/italiano\/2015\/01\/leuropa-ha-bisogno-di-un-pacchetto-di-stimolo-fiscale-tedesco-ma-non-lo-avra\/","title":{"rendered":"L&#8217;Europa ha bisogno di un pacchetto di stimolo fiscale tedesco ma non lo avr\u00e0"},"content":{"rendered":"<p>Il governo tedesco potrebbe teoricamente contrarre prestiti a rendimenti negativi se dovesse emettere oggi obbligazioni a breve termine. Anche i titoli creditizi a pi\u00f9 lunga scadenza offrono attualmente rendimenti ai minimi storici. Il crollo dei rendimenti potrebbe essere forse una benedizione per la Germania e per l&#8217;Europa? Si, stando a due economisti del FMI (Fondo Monetario Internazionale). In effetti, perseguendo in modo poco lungimirante l&#8217;obiettivo &#8220;zero nero&#8221; (il pareggio di bilancio), il governo tedesco potrebbe commettere un errore a questo punto del ciclo economico, se l&#8217;Eurozona continuasse ad andare avanti senza variazioni al suo assetto attuale.<\/p>\n<p>In un documento recente dal titolo &#8220;<a href=\"http:\/\/www.imf.org\/external\/pubs\/ft\/wp\/2014\/wp14227.pdf\" target=\"_blank\">Das Public capital: How Much Would Higher German Public Investment Help Germany and the Euro Area?<\/a>\u201d gli economisti del FMI Selim Elekdag e Dirk Muir difendono la tesi a favore di un&#8217;enorme spinta alla spesa infrastrutturale in Germania. A loro avviso, un aumento della spesa pubblica tedesca contribuirebbe non solo a stimolare la domanda interna sul breve termine, ma anche ad aumentare la produzione interna a pi\u00f9 lungo termine e ad avere ricadute positive su tutta l&#8217;Eurozona.<\/p>\n<p>L&#8217;investimento pubblico in Germania \u00e8 il secondo pi\u00f9 basso all&#8217;interno dell&#8217;OCSE (1,5% del PIL), mentre l&#8217;investimento pubblico netto \u00e8 negativo dal 2003. Anni di sottoinvestimento hanno condotto ad un deterioramento del patrimonio pubblico, mettendo in luce che \u00e8 giunto il momento di incrementare la spesa nell&#8217;infrastruttura pubblica. E ci sono elementi, come ponti e reti ferroviarie ormai datati, per i quali un programma di infrastruttura simile sarebbe altamente auspicabile. Dato che i tassi medi del PIL tedesco sono in declino dal 1980 e al di sotto delle tendenze pi\u00f9 recenti, l&#8217;economia tedesca potrebbe beneficiare enormemente di una spinta alla crescita economica e di ulteriori misure di stimolo. Contrariamente al consumo pubblico, che tende ad apportare una spinta di breve termine alla crescita economica se quest&#8217;ultima non \u00e8 sostenuta, un aumento dell&#8217;investimento pubblico tedesco incrementerebbe il PIL in maniera pi\u00f9 sostenibile sia nel breve che nel lungo termine in quanto i progetti di infrastruttura divengono patrimonio pubblico produttivo.<\/p>\n<p><a href=\"https:\/\/bondvigilantes.com\/wp-content\/uploads\/sites\/2\/2021\/12\/2015-01AD-blog_ITA.png\" data-rel=\"lightbox-image-0\" data-rl_title=\"\" data-rl_caption=\"\" title=\"\"><img loading=\"lazy\" decoding=\"async\" class=\"aligncenter size-full wp-image-2623\" src=\"https:\/\/bondvigilantes.com\/wp-content\/uploads\/sites\/2\/2021\/12\/2015-01AD-blog_ITA.png\" alt=\"2015-01AD blog_ITA\" width=\"960\" height=\"720\" \/><\/a><\/p>\n<p>Secondo gli economisti del FMI un incremento dell&#8217;investimento pubblico tedesco pari allo 0,5% del PIL su 4 anni (in linea con le normative finanziarie della Germania) apporterebbe un incremento sostenuto dello 0,75% del PIL reale. Inoltre, in maniera altrettanto rilevante, il programma di spesa darebbe impulso alla crescita nella zona euro, con effetti di picco sul PIL reale di Grecia, Irlanda, Portogallo e Spagna (congiuntamente) dello 0,3%. Questa ricaduta positiva nel resto dell&#8217;Eurozona avrebbe luogo tramite un paio di canali chiave. In primo luogo, gli effetti positivi per le altre nazioni dell&#8217;area euro sono apportati dalla domanda tedesca di un numero incrementato di prodotti ai suoi partner commerciali dell&#8217;Eurozona. In secondo luogo, il tasso di inflazione sarebbe pi\u00f9 elevato in Germania per via dell&#8217;aumento di domanda, conducendo ad un deprezzamento del cambio reale effettivo per il resto dell&#8217;Eurozona, rendendo tali nazioni pi\u00f9 competitive. Ci\u00f2 \u00e8 vitale in un momento in cui l&#8217;Europa farebbe il possibile per generare qualsiasi tipo di crescita.<\/p>\n<p>Il declino delle aspettative di inflazione in tutta Europa, e la stabilizzazione delle prospettive delle nazioni periferiche, hanno portato ad un crollo dei rendimenti non solo in Germania ma anche nel resto d&#8217;Europa. Se i politici europei riuscissero a prendere la situazione in mano e a sfruttare i bassi rendimenti in offerta (come il presidente della BCE Mario Draghi li ha <a href=\"http:\/\/uk.reuters.com\/article\/2021\/12\/11\/uk-ecb-policy-draghi-idUKKBN0H62A620140911\" target=\"_blank\">implorati<\/a> di fare) , concertando uno sforzo coordinato volto ad aumentare la spesa pubblica in tutta Europa, i risultati in termini di consumi economici sarebbero notevoli. Uno stimolo fiscale coordinato (definito come un incremento finanziato dai prestiti della spesa pubblica e pari all&#8217;1% del PIL su 2 anni) su tutta la zona euro potrebbe generare un aumento sostenuto dell&#8217;1,2 e dell&#8217;1,1% rispettivamente del PIL tedesco e di altri Paesi dell&#8217;area. Se tale tesi poggia su basi solide, perch\u00e9 il governo tedesco non agisce?<\/p>\n<p>La risposta risiede nel punto di vista degli elettori tedeschi. La Germania teme di dover sovvenzionare all&#8217;infinito la periferia europea (un po&#8217; come la Germania occidentale ha sovvenzionato la Germania dell&#8217;est per gli ultimi 25 anni senza intravedere la fine di questi sostegni). Per evitare che il governo tedesco debba pagare il conto dei paesi periferici indebitati, la Germania sta cercando di attuare una politica di austerit\u00e0 in tutta la zona euro. L&#8217;unico modo in cui la Germania pu\u00f2 riuscirci \u00e8 dando l&#8217;esempio, come fanno i genitori per insegnare ai bambini capricciosi a mangiare verdure. Se la Germania incrementasse la spesa pubblica e incorresse in deficit a questo punto, non avrebbe l&#8217;autorit\u00e0 (morale) di imporre misure di disciplina di bilancio ai Paesi periferici.<\/p>\n<p>Quindi a questo punto il progetto &#8220;zero nero&#8221; \u00e8 fondamentale per il governo tedesco e per il suo elettorato. Il tipo di sforzo congiunto di cui ha bisogno l&#8217;Europa, ovvero un insieme di politiche di stimolo fiscali e monetarie, sembra essere fuori portata. Senza lo sforzo concertato dei politici, \u00e8 difficile immaginare che l&#8217;Europa arrivi a generare un tenore di vita migliore per i suoi 330 milioni di abitanti sul pi\u00f9 lungo termine.<\/p>\n","protected":false},"excerpt":{"rendered":"<p>Il governo tedesco potrebbe teoricamente contrarre prestiti a rendimenti negativi se dovesse emettere oggi obbligazioni a breve termine. Anche i titoli creditizi a pi\u00f9 lunga scadenza offrono attualmente rendimenti ai minimi storici. Il crollo dei rendimenti potrebbe essere forse una benedizione per la Germania e per l&#8217;Europa? Si, stando a due economisti del FMI (Fondo Monetario Internazionale). In effetti, perseguendo in modo poco lungimirante l&#8217;obiettivo &#8220;zero nero&#8221; (il pareggio di bilancio), il governo tedesco potrebbe commettere un errore a questo punto del ciclo economico, se&#8230;<\/p>\n","protected":false},"author":191,"featured_media":2623,"comment_status":"open","ping_status":"closed","sticky":false,"template":"","format":"standard","meta":{"_acf_changed":false,"footnotes":""},"categories":[198,164,20,8],"tags":[142,67],"class_list":["post-2593","post","type-post","status-publish","format-standard","has-post-thumbnail","hentry","category-crescita-economica-2","category-eurozona-2","category-macro-e-politica","category-paesi","tag-germania","tag-politica-monetaria"],"acf":[],"yoast_head":"<!-- This site is optimized with the Yoast SEO Premium plugin v25.8 (Yoast SEO v27.4) - https:\/\/yoast.com\/product\/yoast-seo-premium-wordpress\/ -->\n<title>L&#039;Europa ha bisogno di un pacchetto di stimolo fiscale tedesco ma non lo avr\u00e0  - Italian<\/title>\n<meta name=\"description\" content=\"Il governo tedesco potrebbe teoricamente contrarre prestiti a rendimenti negativi se dovesse emettere oggi obbligazioni a breve termine. Anche i titoli\" \/>\n<meta name=\"robots\" content=\"index, follow, max-snippet:-1, max-image-preview:large, max-video-preview:-1\" \/>\n<link rel=\"canonical\" href=\"https:\/\/bondvigilantes.com\/italiano\/2015\/01\/leuropa-ha-bisogno-di-un-pacchetto-di-stimolo-fiscale-tedesco-ma-non-lo-avra\/\" \/>\n<meta name=\"twitter:label1\" content=\"Written by\" \/>\n\t<meta name=\"twitter:data1\" content=\"Anthony Doyle\" \/>\n\t<meta name=\"twitter:label2\" content=\"Est. reading time\" \/>\n\t<meta name=\"twitter:data2\" content=\"4 minuti\" \/>\n<script type=\"application\/ld+json\" class=\"yoast-schema-graph\">{\"@context\":\"https:\\\/\\\/schema.org\",\"@graph\":[{\"@type\":\"Article\",\"@id\":\"https:\\\/\\\/bondvigilantes.com\\\/italiano\\\/2015\\\/01\\\/leuropa-ha-bisogno-di-un-pacchetto-di-stimolo-fiscale-tedesco-ma-non-lo-avra\\\/#article\",\"isPartOf\":{\"@id\":\"https:\\\/\\\/bondvigilantes.com\\\/italiano\\\/2015\\\/01\\\/leuropa-ha-bisogno-di-un-pacchetto-di-stimolo-fiscale-tedesco-ma-non-lo-avra\\\/\"},\"author\":{\"name\":\"Anthony Doyle\",\"@id\":\"https:\\\/\\\/bondvigilantes.com\\\/italiano\\\/#\\\/schema\\\/person\\\/18694630210f0f0d07a4b9199358e117\"},\"headline\":\"L&#8217;Europa ha bisogno di un pacchetto di stimolo fiscale tedesco ma non lo avr\u00e0\",\"datePublished\":\"2015-01-28T15:41:00+00:00\",\"dateModified\":\"2015-02-12T08:00:32+00:00\",\"mainEntityOfPage\":{\"@id\":\"https:\\\/\\\/bondvigilantes.com\\\/italiano\\\/2015\\\/01\\\/leuropa-ha-bisogno-di-un-pacchetto-di-stimolo-fiscale-tedesco-ma-non-lo-avra\\\/\"},\"wordCount\":832,\"commentCount\":0,\"image\":{\"@id\":\"https:\\\/\\\/bondvigilantes.com\\\/italiano\\\/2015\\\/01\\\/leuropa-ha-bisogno-di-un-pacchetto-di-stimolo-fiscale-tedesco-ma-non-lo-avra\\\/#primaryimage\"},\"thumbnailUrl\":\"https:\\\/\\\/bondvigilantes.com\\\/italiano\\\/wp-content\\\/uploads\\\/sites\\\/2\\\/2021\\\/12\\\/2015-01AD-blog_ITA.png\",\"keywords\":[\"Germania\",\"Politica monetaria\"],\"articleSection\":[\"crescita economica\",\"Eurozona\",\"Macro e Politica\",\"Paesi\"],\"inLanguage\":\"it-IT\",\"potentialAction\":[{\"@type\":\"CommentAction\",\"name\":\"Comment\",\"target\":[\"https:\\\/\\\/bondvigilantes.com\\\/italiano\\\/2015\\\/01\\\/leuropa-ha-bisogno-di-un-pacchetto-di-stimolo-fiscale-tedesco-ma-non-lo-avra\\\/#respond\"]}]},{\"@type\":\"WebPage\",\"@id\":\"https:\\\/\\\/bondvigilantes.com\\\/italiano\\\/2015\\\/01\\\/leuropa-ha-bisogno-di-un-pacchetto-di-stimolo-fiscale-tedesco-ma-non-lo-avra\\\/\",\"url\":\"https:\\\/\\\/bondvigilantes.com\\\/italiano\\\/2015\\\/01\\\/leuropa-ha-bisogno-di-un-pacchetto-di-stimolo-fiscale-tedesco-ma-non-lo-avra\\\/\",\"name\":\"L'Europa ha bisogno di un pacchetto di stimolo fiscale tedesco ma non lo avr\u00e0 - Italian\",\"isPartOf\":{\"@id\":\"https:\\\/\\\/bondvigilantes.com\\\/italiano\\\/#website\"},\"primaryImageOfPage\":{\"@id\":\"https:\\\/\\\/bondvigilantes.com\\\/italiano\\\/2015\\\/01\\\/leuropa-ha-bisogno-di-un-pacchetto-di-stimolo-fiscale-tedesco-ma-non-lo-avra\\\/#primaryimage\"},\"image\":{\"@id\":\"https:\\\/\\\/bondvigilantes.com\\\/italiano\\\/2015\\\/01\\\/leuropa-ha-bisogno-di-un-pacchetto-di-stimolo-fiscale-tedesco-ma-non-lo-avra\\\/#primaryimage\"},\"thumbnailUrl\":\"https:\\\/\\\/bondvigilantes.com\\\/italiano\\\/wp-content\\\/uploads\\\/sites\\\/2\\\/2021\\\/12\\\/2015-01AD-blog_ITA.png\",\"datePublished\":\"2015-01-28T15:41:00+00:00\",\"dateModified\":\"2015-02-12T08:00:32+00:00\",\"author\":{\"@id\":\"https:\\\/\\\/bondvigilantes.com\\\/italiano\\\/#\\\/schema\\\/person\\\/18694630210f0f0d07a4b9199358e117\"},\"description\":\"Il governo tedesco potrebbe teoricamente contrarre prestiti a rendimenti negativi se dovesse emettere oggi obbligazioni a breve termine. Anche i titoli\",\"breadcrumb\":{\"@id\":\"https:\\\/\\\/bondvigilantes.com\\\/italiano\\\/2015\\\/01\\\/leuropa-ha-bisogno-di-un-pacchetto-di-stimolo-fiscale-tedesco-ma-non-lo-avra\\\/#breadcrumb\"},\"inLanguage\":\"it-IT\",\"potentialAction\":[{\"@type\":\"ReadAction\",\"target\":[\"https:\\\/\\\/bondvigilantes.com\\\/italiano\\\/2015\\\/01\\\/leuropa-ha-bisogno-di-un-pacchetto-di-stimolo-fiscale-tedesco-ma-non-lo-avra\\\/\"]}]},{\"@type\":\"ImageObject\",\"inLanguage\":\"it-IT\",\"@id\":\"https:\\\/\\\/bondvigilantes.com\\\/italiano\\\/2015\\\/01\\\/leuropa-ha-bisogno-di-un-pacchetto-di-stimolo-fiscale-tedesco-ma-non-lo-avra\\\/#primaryimage\",\"url\":\"https:\\\/\\\/bondvigilantes.com\\\/italiano\\\/wp-content\\\/uploads\\\/sites\\\/2\\\/2021\\\/12\\\/2015-01AD-blog_ITA.png\",\"contentUrl\":\"https:\\\/\\\/bondvigilantes.com\\\/italiano\\\/wp-content\\\/uploads\\\/sites\\\/2\\\/2021\\\/12\\\/2015-01AD-blog_ITA.png\",\"width\":960,\"height\":720},{\"@type\":\"BreadcrumbList\",\"@id\":\"https:\\\/\\\/bondvigilantes.com\\\/italiano\\\/2015\\\/01\\\/leuropa-ha-bisogno-di-un-pacchetto-di-stimolo-fiscale-tedesco-ma-non-lo-avra\\\/#breadcrumb\",\"itemListElement\":[{\"@type\":\"ListItem\",\"position\":1,\"name\":\"Home\",\"item\":\"https:\\\/\\\/bondvigilantes.com\\\/italiano\\\/\"},{\"@type\":\"ListItem\",\"position\":2,\"name\":\"L&#8217;Europa ha bisogno di un pacchetto di stimolo fiscale tedesco ma non lo avr\u00e0\"}]},{\"@type\":\"WebSite\",\"@id\":\"https:\\\/\\\/bondvigilantes.com\\\/italiano\\\/#website\",\"url\":\"https:\\\/\\\/bondvigilantes.com\\\/italiano\\\/\",\"name\":\"Italian\",\"description\":\"M&amp;G\",\"potentialAction\":[{\"@type\":\"SearchAction\",\"target\":{\"@type\":\"EntryPoint\",\"urlTemplate\":\"https:\\\/\\\/bondvigilantes.com\\\/italiano\\\/?s={search_term_string}\"},\"query-input\":{\"@type\":\"PropertyValueSpecification\",\"valueRequired\":true,\"valueName\":\"search_term_string\"}}],\"inLanguage\":\"it-IT\"},{\"@type\":\"Person\",\"@id\":\"https:\\\/\\\/bondvigilantes.com\\\/italiano\\\/#\\\/schema\\\/person\\\/18694630210f0f0d07a4b9199358e117\",\"name\":\"Anthony Doyle\",\"image\":{\"@type\":\"ImageObject\",\"inLanguage\":\"it-IT\",\"@id\":\"https:\\\/\\\/secure.gravatar.com\\\/avatar\\\/bd54eab4fd7c4934fb4ddfc7aa3400e74a314c847e3163ecba6d4a854eb61918?s=96&d=mm&r=g\",\"url\":\"https:\\\/\\\/secure.gravatar.com\\\/avatar\\\/bd54eab4fd7c4934fb4ddfc7aa3400e74a314c847e3163ecba6d4a854eb61918?s=96&d=mm&r=g\",\"contentUrl\":\"https:\\\/\\\/secure.gravatar.com\\\/avatar\\\/bd54eab4fd7c4934fb4ddfc7aa3400e74a314c847e3163ecba6d4a854eb61918?s=96&d=mm&r=g\",\"caption\":\"Anthony Doyle\"},\"url\":\"https:\\\/\\\/bondvigilantes.com\\\/italiano\\\/author\\\/anthonydoylenew\\\/\"}]}<\/script>\n<!-- \/ Yoast SEO Premium plugin. -->","yoast_head_json":{"title":"L'Europa ha bisogno di un pacchetto di stimolo fiscale tedesco ma non lo avr\u00e0  - Italian","description":"Il governo tedesco potrebbe teoricamente contrarre prestiti a rendimenti negativi se dovesse emettere oggi obbligazioni a breve termine. Anche i titoli","robots":{"index":"index","follow":"follow","max-snippet":"max-snippet:-1","max-image-preview":"max-image-preview:large","max-video-preview":"max-video-preview:-1"},"canonical":"https:\/\/bondvigilantes.com\/italiano\/2015\/01\/leuropa-ha-bisogno-di-un-pacchetto-di-stimolo-fiscale-tedesco-ma-non-lo-avra\/","twitter_misc":{"Written by":"Anthony Doyle","Est. reading time":"4 minuti"},"schema":{"@context":"https:\/\/schema.org","@graph":[{"@type":"Article","@id":"https:\/\/bondvigilantes.com\/italiano\/2015\/01\/leuropa-ha-bisogno-di-un-pacchetto-di-stimolo-fiscale-tedesco-ma-non-lo-avra\/#article","isPartOf":{"@id":"https:\/\/bondvigilantes.com\/italiano\/2015\/01\/leuropa-ha-bisogno-di-un-pacchetto-di-stimolo-fiscale-tedesco-ma-non-lo-avra\/"},"author":{"name":"Anthony Doyle","@id":"https:\/\/bondvigilantes.com\/italiano\/#\/schema\/person\/18694630210f0f0d07a4b9199358e117"},"headline":"L&#8217;Europa ha bisogno di un pacchetto di stimolo fiscale tedesco ma non lo avr\u00e0","datePublished":"2015-01-28T15:41:00+00:00","dateModified":"2015-02-12T08:00:32+00:00","mainEntityOfPage":{"@id":"https:\/\/bondvigilantes.com\/italiano\/2015\/01\/leuropa-ha-bisogno-di-un-pacchetto-di-stimolo-fiscale-tedesco-ma-non-lo-avra\/"},"wordCount":832,"commentCount":0,"image":{"@id":"https:\/\/bondvigilantes.com\/italiano\/2015\/01\/leuropa-ha-bisogno-di-un-pacchetto-di-stimolo-fiscale-tedesco-ma-non-lo-avra\/#primaryimage"},"thumbnailUrl":"https:\/\/bondvigilantes.com\/italiano\/wp-content\/uploads\/sites\/2\/2021\/12\/2015-01AD-blog_ITA.png","keywords":["Germania","Politica monetaria"],"articleSection":["crescita economica","Eurozona","Macro e Politica","Paesi"],"inLanguage":"it-IT","potentialAction":[{"@type":"CommentAction","name":"Comment","target":["https:\/\/bondvigilantes.com\/italiano\/2015\/01\/leuropa-ha-bisogno-di-un-pacchetto-di-stimolo-fiscale-tedesco-ma-non-lo-avra\/#respond"]}]},{"@type":"WebPage","@id":"https:\/\/bondvigilantes.com\/italiano\/2015\/01\/leuropa-ha-bisogno-di-un-pacchetto-di-stimolo-fiscale-tedesco-ma-non-lo-avra\/","url":"https:\/\/bondvigilantes.com\/italiano\/2015\/01\/leuropa-ha-bisogno-di-un-pacchetto-di-stimolo-fiscale-tedesco-ma-non-lo-avra\/","name":"L'Europa ha bisogno di un pacchetto di stimolo fiscale tedesco ma non lo avr\u00e0 - Italian","isPartOf":{"@id":"https:\/\/bondvigilantes.com\/italiano\/#website"},"primaryImageOfPage":{"@id":"https:\/\/bondvigilantes.com\/italiano\/2015\/01\/leuropa-ha-bisogno-di-un-pacchetto-di-stimolo-fiscale-tedesco-ma-non-lo-avra\/#primaryimage"},"image":{"@id":"https:\/\/bondvigilantes.com\/italiano\/2015\/01\/leuropa-ha-bisogno-di-un-pacchetto-di-stimolo-fiscale-tedesco-ma-non-lo-avra\/#primaryimage"},"thumbnailUrl":"https:\/\/bondvigilantes.com\/italiano\/wp-content\/uploads\/sites\/2\/2021\/12\/2015-01AD-blog_ITA.png","datePublished":"2015-01-28T15:41:00+00:00","dateModified":"2015-02-12T08:00:32+00:00","author":{"@id":"https:\/\/bondvigilantes.com\/italiano\/#\/schema\/person\/18694630210f0f0d07a4b9199358e117"},"description":"Il governo tedesco potrebbe teoricamente contrarre prestiti a rendimenti negativi se dovesse emettere oggi obbligazioni a breve termine. Anche i titoli","breadcrumb":{"@id":"https:\/\/bondvigilantes.com\/italiano\/2015\/01\/leuropa-ha-bisogno-di-un-pacchetto-di-stimolo-fiscale-tedesco-ma-non-lo-avra\/#breadcrumb"},"inLanguage":"it-IT","potentialAction":[{"@type":"ReadAction","target":["https:\/\/bondvigilantes.com\/italiano\/2015\/01\/leuropa-ha-bisogno-di-un-pacchetto-di-stimolo-fiscale-tedesco-ma-non-lo-avra\/"]}]},{"@type":"ImageObject","inLanguage":"it-IT","@id":"https:\/\/bondvigilantes.com\/italiano\/2015\/01\/leuropa-ha-bisogno-di-un-pacchetto-di-stimolo-fiscale-tedesco-ma-non-lo-avra\/#primaryimage","url":"https:\/\/bondvigilantes.com\/italiano\/wp-content\/uploads\/sites\/2\/2021\/12\/2015-01AD-blog_ITA.png","contentUrl":"https:\/\/bondvigilantes.com\/italiano\/wp-content\/uploads\/sites\/2\/2021\/12\/2015-01AD-blog_ITA.png","width":960,"height":720},{"@type":"BreadcrumbList","@id":"https:\/\/bondvigilantes.com\/italiano\/2015\/01\/leuropa-ha-bisogno-di-un-pacchetto-di-stimolo-fiscale-tedesco-ma-non-lo-avra\/#breadcrumb","itemListElement":[{"@type":"ListItem","position":1,"name":"Home","item":"https:\/\/bondvigilantes.com\/italiano\/"},{"@type":"ListItem","position":2,"name":"L&#8217;Europa ha bisogno di un pacchetto di stimolo fiscale tedesco ma non lo avr\u00e0"}]},{"@type":"WebSite","@id":"https:\/\/bondvigilantes.com\/italiano\/#website","url":"https:\/\/bondvigilantes.com\/italiano\/","name":"Italian","description":"M&amp;G","potentialAction":[{"@type":"SearchAction","target":{"@type":"EntryPoint","urlTemplate":"https:\/\/bondvigilantes.com\/italiano\/?s={search_term_string}"},"query-input":{"@type":"PropertyValueSpecification","valueRequired":true,"valueName":"search_term_string"}}],"inLanguage":"it-IT"},{"@type":"Person","@id":"https:\/\/bondvigilantes.com\/italiano\/#\/schema\/person\/18694630210f0f0d07a4b9199358e117","name":"Anthony Doyle","image":{"@type":"ImageObject","inLanguage":"it-IT","@id":"https:\/\/secure.gravatar.com\/avatar\/bd54eab4fd7c4934fb4ddfc7aa3400e74a314c847e3163ecba6d4a854eb61918?s=96&d=mm&r=g","url":"https:\/\/secure.gravatar.com\/avatar\/bd54eab4fd7c4934fb4ddfc7aa3400e74a314c847e3163ecba6d4a854eb61918?s=96&d=mm&r=g","contentUrl":"https:\/\/secure.gravatar.com\/avatar\/bd54eab4fd7c4934fb4ddfc7aa3400e74a314c847e3163ecba6d4a854eb61918?s=96&d=mm&r=g","caption":"Anthony Doyle"},"url":"https:\/\/bondvigilantes.com\/italiano\/author\/anthonydoylenew\/"}]}},"_links":{"self":[{"href":"https:\/\/bondvigilantes.com\/italiano\/wp-json\/wp\/v2\/posts\/2593","targetHints":{"allow":["GET"]}}],"collection":[{"href":"https:\/\/bondvigilantes.com\/italiano\/wp-json\/wp\/v2\/posts"}],"about":[{"href":"https:\/\/bondvigilantes.com\/italiano\/wp-json\/wp\/v2\/types\/post"}],"author":[{"embeddable":true,"href":"https:\/\/bondvigilantes.com\/italiano\/wp-json\/wp\/v2\/users\/191"}],"replies":[{"embeddable":true,"href":"https:\/\/bondvigilantes.com\/italiano\/wp-json\/wp\/v2\/comments?post=2593"}],"version-history":[{"count":0,"href":"https:\/\/bondvigilantes.com\/italiano\/wp-json\/wp\/v2\/posts\/2593\/revisions"}],"wp:featuredmedia":[{"embeddable":true,"href":"https:\/\/bondvigilantes.com\/italiano\/wp-json\/wp\/v2\/media\/2623"}],"wp:attachment":[{"href":"https:\/\/bondvigilantes.com\/italiano\/wp-json\/wp\/v2\/media?parent=2593"}],"wp:term":[{"taxonomy":"category","embeddable":true,"href":"https:\/\/bondvigilantes.com\/italiano\/wp-json\/wp\/v2\/categories?post=2593"},{"taxonomy":"post_tag","embeddable":true,"href":"https:\/\/bondvigilantes.com\/italiano\/wp-json\/wp\/v2\/tags?post=2593"}],"curies":[{"name":"wp","href":"https:\/\/api.w.org\/{rel}","templated":true}]}}