{"id":3124,"date":"2015-11-10T09:17:59","date_gmt":"2015-11-10T09:17:59","guid":{"rendered":"https:\/\/www.bondvigilantes.com\/italiano\/?p=3124"},"modified":"2015-11-27T12:21:30","modified_gmt":"2015-11-27T12:21:30","slug":"colombia-a-rischio-di-un-declassamento-del-credito-a-bbb","status":"publish","type":"post","link":"https:\/\/bondvigilantes.com\/italiano\/2015\/11\/colombia-a-rischio-di-un-declassamento-del-credito-a-bbb\/","title":{"rendered":"Colombia &#8211; A rischio di un declassamento del credito a BBB-"},"content":{"rendered":"<p>Nell&#8217;ambito del filone <em>L&#8217;ABC del debito latinoamericano<\/em> (gli articoli sull&#8217;Argentina e sul Brasile sono disponibili <strong><a href=\"https:\/\/bondvigilantes.com\/italiano\/2021\/12\/26\/labc-del-debito-latinoamericano-resoconto-del-viaggio-in-argentina\/\">qui<\/a><\/strong> e <strong><a href=\"https:\/\/bondvigilantes.com\/italiano\/2021\/12\/30\/brasile-in-una-trappola-distruttiva-tra-politica-ed-economia\/\">qui<\/a><\/strong>)<\/p>\n<p>Durante il mio viaggio recente in America Latina, \u00e8 stato buffo (ma non sorprendente) sentire che la gente del posto teme che la Colombia diventi il prossimo Brasile. Da parte loro, i brasiliani sono preoccupati di diventare la prossima Argentina (anche se ritengo che i problemi argentini siano molto pi\u00f9 risolvibili nel breve termine di quelli brasiliani) e gli argentini sono convinti di vivere in un posto molto diverso dal Venezuela (ancora vero, ma se quello che li aspetta sono altri quattro anni di inazione politica, faranno la stessa fine). Mi ricorda l&#8217;apice della crisi dell&#8217;Eurozona, quando i portoghesi ci dicevano che non erano la Grecia, la Spagna che non era il Portogallo e cos\u00ec via.<\/p>\n<p>Il punto di partenza della Colombia \u00e8 molto pi\u00f9 solido di quello del Brasile, in termini di livelli di debito, posizione fiscale e ambiente politico. Tuttavia, esistono alcune analogie che, se non affrontate nei prossimi anni, potrebbero mettere il Paese in una situazione difficile. Sia la Colombia che il Brasile (ma anche l&#8217;Argentina) presentano criticit\u00e0 sul fronte delle finanze pubbliche e hanno poco margine per aumentare ancora le tasse. Qualsiasi miglioramento dovr\u00e0 venire da tagli alla spesa su voci contrassegnate come politicamente sensibili, dato che le spese discrezionali e per infrastrutture sono gi\u00e0 state ridotte al minimo. Serve circa l&#8217;1-2% del PIL per compensare le mancate entrate legate al petrolio e si dovranno approvare riforme fiscali di ampio respiro entro la met\u00e0 dell&#8217;anno prossimo, prima che parta il prossimo ciclo elettorale. Anche il sistema di previdenza sociale necessita di una riforma. La rete infrastrutturale (strade, trasporti pubblici, ecc.) nella regione \u00e8 molto carente (la Colombia occupa posizioni particolarmente basse nelle classifiche al riguardo) e quasi tutti i Paesi sperano in alleanze pubblico-privato per colmare il divario.<\/p>\n<p>Anche un rimbalzo della crescita nel medio termine sar\u00e0 di aiuto, ma nel breve periodo l&#8217;espansione \u00e8 frenata da vari shock: ragioni di scambio e prezzo del petrolio in declino, pressioni inflative sul lato dell&#8217;offerta (soprattutto se <strong><a href=\"https:\/\/bondvigilantes.com\/italiano\/2021\/12\/15\/el-nino-sta-arrivando-che-effetto-fa-su-pil-prezzi-delle-commodity-e-inflazione\/\">El Ni\u00f1o<\/a><\/strong> dovesse risultare particolarmente violento), una valuta molto pi\u00f9 debole, che sta facendo da cuscinetto, e possibili aumenti delle imposte. Sul fronte positivo, il processo di pace fra il governo colombiano e le FARC potrebbe generare un incremento dello 0,3-0,5% della crescita potenziale, in un arco di medio-lungo periodo.<\/p>\n<p><a href=\"https:\/\/bondvigilantes.com\/wp-content\/uploads\/sites\/2\/2021\/12\/15.11.04-blog-CC_it1a.png\" data-rel=\"lightbox-image-0\" data-rl_title=\"\" data-rl_caption=\"\" title=\"\"><img loading=\"lazy\" decoding=\"async\" class=\"alignnone wp-image-3142 size-full\" src=\"https:\/\/bondvigilantes.com\/wp-content\/uploads\/sites\/2\/2021\/12\/15.11.04-blog-CC_it1a.png\" alt=\"Colombia - A rischio di un declassamento del credito a BBB-\" width=\"960\" height=\"720\" srcset=\"https:\/\/bondvigilantes.com\/italiano\/wp-content\/uploads\/sites\/2\/2021\/12\/15.11.04-blog-CC_it1a.png 960w, https:\/\/bondvigilantes.com\/italiano\/wp-content\/uploads\/sites\/2\/2021\/12\/15.11.04-blog-CC_it1a-300x225.png 300w\" sizes=\"auto, (max-width: 960px) 100vw, 960px\" \/><\/a><\/p>\n<p><a href=\"https:\/\/bondvigilantes.com\/wp-content\/uploads\/sites\/2\/2021\/12\/15.11.04-blog-CC_it1.png\" data-rel=\"lightbox-image-1\" data-rl_title=\"\" data-rl_caption=\"\" title=\"\"><img loading=\"lazy\" decoding=\"async\" class=\"alignnone wp-image-3141 size-full\" src=\"https:\/\/bondvigilantes.com\/wp-content\/uploads\/sites\/2\/2021\/12\/15.11.04-blog-CC_it1.png\" alt=\"Colombia - A rischio di un declassamento del credito a BBB-\" width=\"960\" height=\"720\" srcset=\"https:\/\/bondvigilantes.com\/italiano\/wp-content\/uploads\/sites\/2\/2021\/12\/15.11.04-blog-CC_it1.png 960w, https:\/\/bondvigilantes.com\/italiano\/wp-content\/uploads\/sites\/2\/2021\/12\/15.11.04-blog-CC_it1-300x225.png 300w\" sizes=\"auto, (max-width: 960px) 100vw, 960px\" \/><\/a><\/p>\n<p>Sono tornata da questo viaggio con una visione pi\u00f9 cauta sul quadro di breve termine, rispetto a quella delle autorit\u00e0 e dell&#8217;FMI (si veda il grafico sopra). Rilevo rischi al ribasso derivanti dai consumi in calo, con il potere d&#8217;acquisto in declino nei prossimi 1-2 anni. Mi preoccupa anche la natura strutturale dell&#8217;attuale disavanzo dei conti correnti colombiano che, anche dopo un massiccio deprezzamento del peso in termini reali, dovrebbe attestarsi intorno al 4% del PIL. Contrariamente al Brasile, in cui vedo una delle poche situazioni promettenti, in Colombia le esportazioni non tradizionali hanno una componente importata di rilievo e costi di trasporto elevati, quindi il deprezzamento della valuta favorir\u00e0 il rilancio dell&#8217;export in misura molto minore alle attese. Inoltre, le esportazioni verso i principali partner commerciali (Ecuador e Venezuela) continuano a diminuire. Di conseguenza, l&#8217;adeguamento dovr\u00e0 derivare in gran parte dalla riduzione delle importazioni. Dato che solo il 50% circa del disavanzo dei conti correnti \u00e8 finanziata da investimenti diretti esteri, il resto probabilmente dovr\u00e0 essere finanziato da prestiti sovrani esterni. Le autorit\u00e0 si aspettano che le imminenti concessioni per infrastrutture 4G copriranno un&#8217;ampia quota del divario di investimenti e l&#8217;altrettanto imminente privatizzazione della societ\u00e0 energetica ISAGEN sar\u00e0 monitorata da vicino, dato che i proventi contribuiranno allo sfruttamento delle suddette concessioni. Di conseguenza, ci sono rischi al ribasso anche per il futuro dei conti pubblici, il che fa presagire un ulteriore innalzamento dei livelli di debito. Mi aspetto quindi che le agenzie di rating modifichino l&#8217;outlook del Paese a negativo, con un declassamento a BBB- qualora la riforma fiscale dovesse risultare deludente e il valore delle concessioni infrastrutturali fosse inferiore al previsto.<\/p>\n","protected":false},"excerpt":{"rendered":"<p>Nell&#8217;ambito del filone L&#8217;ABC del debito latinoamericano (gli articoli sull&#8217;Argentina e sul Brasile sono disponibili qui e qui) Durante il mio viaggio recente in America Latina, \u00e8 stato buffo (ma non sorprendente) sentire che la gente del posto teme che la Colombia diventi il prossimo Brasile. Da parte loro, i brasiliani sono preoccupati di diventare la prossima Argentina (anche se ritengo che i problemi argentini siano molto pi\u00f9 risolvibili nel breve termine di quelli brasiliani) e gli argentini sono convinti di vivere in un posto&#8230;<\/p>\n","protected":false},"author":90,"featured_media":3142,"comment_status":"open","ping_status":"closed","sticky":false,"template":"","format":"standard","meta":{"_acf_changed":false,"footnotes":""},"categories":[20,64],"tags":[222,225],"class_list":["post-3124","post","type-post","status-publish","format-standard","has-post-thumbnail","hentry","category-macro-e-politica","category-mercati-emergenti","tag-macro-e-politica","tag-mercati-emergenti"],"acf":[],"yoast_head":"<!-- This site is optimized with the Yoast SEO Premium plugin v25.8 (Yoast SEO v27.4) - https:\/\/yoast.com\/product\/yoast-seo-premium-wordpress\/ -->\n<title>Colombia - A rischio di un declassamento del credito a BBB- Italian<\/title>\n<meta name=\"description\" content=\"Nell&#039;ambito del filone L&#039;ABC del debito latinoamericano (gli articoli sull&#039;Argentina e sul Brasile sono disponibili qui e qui) Durante il mio viaggio\" \/>\n<meta name=\"robots\" content=\"index, follow, max-snippet:-1, max-image-preview:large, max-video-preview:-1\" \/>\n<link rel=\"canonical\" href=\"https:\/\/bondvigilantes.com\/italiano\/2015\/11\/colombia-a-rischio-di-un-declassamento-del-credito-a-bbb\/\" \/>\n<meta name=\"twitter:label1\" content=\"Written by\" \/>\n\t<meta name=\"twitter:data1\" content=\"Claudia Calich\" \/>\n\t<meta name=\"twitter:label2\" content=\"Est. reading time\" \/>\n\t<meta name=\"twitter:data2\" content=\"3 minuti\" \/>\n<script type=\"application\/ld+json\" class=\"yoast-schema-graph\">{\"@context\":\"https:\\\/\\\/schema.org\",\"@graph\":[{\"@type\":\"Article\",\"@id\":\"https:\\\/\\\/bondvigilantes.com\\\/italiano\\\/2015\\\/11\\\/colombia-a-rischio-di-un-declassamento-del-credito-a-bbb\\\/#article\",\"isPartOf\":{\"@id\":\"https:\\\/\\\/bondvigilantes.com\\\/italiano\\\/2015\\\/11\\\/colombia-a-rischio-di-un-declassamento-del-credito-a-bbb\\\/\"},\"author\":{\"name\":\"Claudia Calich\",\"@id\":\"https:\\\/\\\/bondvigilantes.com\\\/italiano\\\/#\\\/schema\\\/person\\\/3a0912d22f4a2dc25a49a45bf4e42998\"},\"headline\":\"Colombia &#8211; A rischio di un declassamento del credito a BBB-\",\"datePublished\":\"2015-11-10T09:17:59+00:00\",\"dateModified\":\"2015-11-27T12:21:30+00:00\",\"mainEntityOfPage\":{\"@id\":\"https:\\\/\\\/bondvigilantes.com\\\/italiano\\\/2015\\\/11\\\/colombia-a-rischio-di-un-declassamento-del-credito-a-bbb\\\/\"},\"wordCount\":676,\"commentCount\":0,\"image\":{\"@id\":\"https:\\\/\\\/bondvigilantes.com\\\/italiano\\\/2015\\\/11\\\/colombia-a-rischio-di-un-declassamento-del-credito-a-bbb\\\/#primaryimage\"},\"thumbnailUrl\":\"https:\\\/\\\/bondvigilantes.com\\\/italiano\\\/wp-content\\\/uploads\\\/sites\\\/2\\\/2021\\\/12\\\/15.11.04-blog-CC_it1a.png\",\"keywords\":[\"Macro e Politica\",\"mercati emergenti\"],\"articleSection\":[\"Macro e Politica\",\"mercati emergenti\"],\"inLanguage\":\"it-IT\",\"potentialAction\":[{\"@type\":\"CommentAction\",\"name\":\"Comment\",\"target\":[\"https:\\\/\\\/bondvigilantes.com\\\/italiano\\\/2015\\\/11\\\/colombia-a-rischio-di-un-declassamento-del-credito-a-bbb\\\/#respond\"]}]},{\"@type\":\"WebPage\",\"@id\":\"https:\\\/\\\/bondvigilantes.com\\\/italiano\\\/2015\\\/11\\\/colombia-a-rischio-di-un-declassamento-del-credito-a-bbb\\\/\",\"url\":\"https:\\\/\\\/bondvigilantes.com\\\/italiano\\\/2015\\\/11\\\/colombia-a-rischio-di-un-declassamento-del-credito-a-bbb\\\/\",\"name\":\"Colombia - A rischio di un declassamento del credito a BBB- Italian\",\"isPartOf\":{\"@id\":\"https:\\\/\\\/bondvigilantes.com\\\/italiano\\\/#website\"},\"primaryImageOfPage\":{\"@id\":\"https:\\\/\\\/bondvigilantes.com\\\/italiano\\\/2015\\\/11\\\/colombia-a-rischio-di-un-declassamento-del-credito-a-bbb\\\/#primaryimage\"},\"image\":{\"@id\":\"https:\\\/\\\/bondvigilantes.com\\\/italiano\\\/2015\\\/11\\\/colombia-a-rischio-di-un-declassamento-del-credito-a-bbb\\\/#primaryimage\"},\"thumbnailUrl\":\"https:\\\/\\\/bondvigilantes.com\\\/italiano\\\/wp-content\\\/uploads\\\/sites\\\/2\\\/2021\\\/12\\\/15.11.04-blog-CC_it1a.png\",\"datePublished\":\"2015-11-10T09:17:59+00:00\",\"dateModified\":\"2015-11-27T12:21:30+00:00\",\"author\":{\"@id\":\"https:\\\/\\\/bondvigilantes.com\\\/italiano\\\/#\\\/schema\\\/person\\\/3a0912d22f4a2dc25a49a45bf4e42998\"},\"description\":\"Nell'ambito del filone L'ABC del debito latinoamericano (gli articoli sull'Argentina e sul Brasile sono disponibili qui e qui) Durante il mio viaggio\",\"breadcrumb\":{\"@id\":\"https:\\\/\\\/bondvigilantes.com\\\/italiano\\\/2015\\\/11\\\/colombia-a-rischio-di-un-declassamento-del-credito-a-bbb\\\/#breadcrumb\"},\"inLanguage\":\"it-IT\",\"potentialAction\":[{\"@type\":\"ReadAction\",\"target\":[\"https:\\\/\\\/bondvigilantes.com\\\/italiano\\\/2015\\\/11\\\/colombia-a-rischio-di-un-declassamento-del-credito-a-bbb\\\/\"]}]},{\"@type\":\"ImageObject\",\"inLanguage\":\"it-IT\",\"@id\":\"https:\\\/\\\/bondvigilantes.com\\\/italiano\\\/2015\\\/11\\\/colombia-a-rischio-di-un-declassamento-del-credito-a-bbb\\\/#primaryimage\",\"url\":\"https:\\\/\\\/bondvigilantes.com\\\/italiano\\\/wp-content\\\/uploads\\\/sites\\\/2\\\/2021\\\/12\\\/15.11.04-blog-CC_it1a.png\",\"contentUrl\":\"https:\\\/\\\/bondvigilantes.com\\\/italiano\\\/wp-content\\\/uploads\\\/sites\\\/2\\\/2021\\\/12\\\/15.11.04-blog-CC_it1a.png\",\"width\":960,\"height\":720},{\"@type\":\"BreadcrumbList\",\"@id\":\"https:\\\/\\\/bondvigilantes.com\\\/italiano\\\/2015\\\/11\\\/colombia-a-rischio-di-un-declassamento-del-credito-a-bbb\\\/#breadcrumb\",\"itemListElement\":[{\"@type\":\"ListItem\",\"position\":1,\"name\":\"Home\",\"item\":\"https:\\\/\\\/bondvigilantes.com\\\/italiano\\\/\"},{\"@type\":\"ListItem\",\"position\":2,\"name\":\"Colombia &#8211; A rischio di un declassamento del credito a BBB-\"}]},{\"@type\":\"WebSite\",\"@id\":\"https:\\\/\\\/bondvigilantes.com\\\/italiano\\\/#website\",\"url\":\"https:\\\/\\\/bondvigilantes.com\\\/italiano\\\/\",\"name\":\"Italian\",\"description\":\"M&amp;G\",\"potentialAction\":[{\"@type\":\"SearchAction\",\"target\":{\"@type\":\"EntryPoint\",\"urlTemplate\":\"https:\\\/\\\/bondvigilantes.com\\\/italiano\\\/?s={search_term_string}\"},\"query-input\":{\"@type\":\"PropertyValueSpecification\",\"valueRequired\":true,\"valueName\":\"search_term_string\"}}],\"inLanguage\":\"it-IT\"},{\"@type\":\"Person\",\"@id\":\"https:\\\/\\\/bondvigilantes.com\\\/italiano\\\/#\\\/schema\\\/person\\\/3a0912d22f4a2dc25a49a45bf4e42998\",\"name\":\"Claudia Calich\",\"image\":{\"@type\":\"ImageObject\",\"inLanguage\":\"it-IT\",\"@id\":\"https:\\\/\\\/secure.gravatar.com\\\/avatar\\\/ce94407cc4621826514ca38d4b6ecd24f285f7861f846be948814df28c5545e1?s=96&d=mm&r=g\",\"url\":\"https:\\\/\\\/secure.gravatar.com\\\/avatar\\\/ce94407cc4621826514ca38d4b6ecd24f285f7861f846be948814df28c5545e1?s=96&d=mm&r=g\",\"contentUrl\":\"https:\\\/\\\/secure.gravatar.com\\\/avatar\\\/ce94407cc4621826514ca38d4b6ecd24f285f7861f846be948814df28c5545e1?s=96&d=mm&r=g\",\"caption\":\"Claudia Calich\"},\"url\":\"https:\\\/\\\/bondvigilantes.com\\\/italiano\\\/author\\\/claudiacalich\\\/\"}]}<\/script>\n<!-- \/ Yoast SEO Premium plugin. -->","yoast_head_json":{"title":"Colombia - A rischio di un declassamento del credito a BBB- Italian","description":"Nell'ambito del filone L'ABC del debito latinoamericano (gli articoli sull'Argentina e sul Brasile sono disponibili qui e qui) Durante il mio viaggio","robots":{"index":"index","follow":"follow","max-snippet":"max-snippet:-1","max-image-preview":"max-image-preview:large","max-video-preview":"max-video-preview:-1"},"canonical":"https:\/\/bondvigilantes.com\/italiano\/2015\/11\/colombia-a-rischio-di-un-declassamento-del-credito-a-bbb\/","twitter_misc":{"Written by":"Claudia Calich","Est. reading time":"3 minuti"},"schema":{"@context":"https:\/\/schema.org","@graph":[{"@type":"Article","@id":"https:\/\/bondvigilantes.com\/italiano\/2015\/11\/colombia-a-rischio-di-un-declassamento-del-credito-a-bbb\/#article","isPartOf":{"@id":"https:\/\/bondvigilantes.com\/italiano\/2015\/11\/colombia-a-rischio-di-un-declassamento-del-credito-a-bbb\/"},"author":{"name":"Claudia Calich","@id":"https:\/\/bondvigilantes.com\/italiano\/#\/schema\/person\/3a0912d22f4a2dc25a49a45bf4e42998"},"headline":"Colombia &#8211; A rischio di un declassamento del credito a BBB-","datePublished":"2015-11-10T09:17:59+00:00","dateModified":"2015-11-27T12:21:30+00:00","mainEntityOfPage":{"@id":"https:\/\/bondvigilantes.com\/italiano\/2015\/11\/colombia-a-rischio-di-un-declassamento-del-credito-a-bbb\/"},"wordCount":676,"commentCount":0,"image":{"@id":"https:\/\/bondvigilantes.com\/italiano\/2015\/11\/colombia-a-rischio-di-un-declassamento-del-credito-a-bbb\/#primaryimage"},"thumbnailUrl":"https:\/\/bondvigilantes.com\/italiano\/wp-content\/uploads\/sites\/2\/2021\/12\/15.11.04-blog-CC_it1a.png","keywords":["Macro e Politica","mercati emergenti"],"articleSection":["Macro e Politica","mercati emergenti"],"inLanguage":"it-IT","potentialAction":[{"@type":"CommentAction","name":"Comment","target":["https:\/\/bondvigilantes.com\/italiano\/2015\/11\/colombia-a-rischio-di-un-declassamento-del-credito-a-bbb\/#respond"]}]},{"@type":"WebPage","@id":"https:\/\/bondvigilantes.com\/italiano\/2015\/11\/colombia-a-rischio-di-un-declassamento-del-credito-a-bbb\/","url":"https:\/\/bondvigilantes.com\/italiano\/2015\/11\/colombia-a-rischio-di-un-declassamento-del-credito-a-bbb\/","name":"Colombia - A rischio di un declassamento del credito a BBB- Italian","isPartOf":{"@id":"https:\/\/bondvigilantes.com\/italiano\/#website"},"primaryImageOfPage":{"@id":"https:\/\/bondvigilantes.com\/italiano\/2015\/11\/colombia-a-rischio-di-un-declassamento-del-credito-a-bbb\/#primaryimage"},"image":{"@id":"https:\/\/bondvigilantes.com\/italiano\/2015\/11\/colombia-a-rischio-di-un-declassamento-del-credito-a-bbb\/#primaryimage"},"thumbnailUrl":"https:\/\/bondvigilantes.com\/italiano\/wp-content\/uploads\/sites\/2\/2021\/12\/15.11.04-blog-CC_it1a.png","datePublished":"2015-11-10T09:17:59+00:00","dateModified":"2015-11-27T12:21:30+00:00","author":{"@id":"https:\/\/bondvigilantes.com\/italiano\/#\/schema\/person\/3a0912d22f4a2dc25a49a45bf4e42998"},"description":"Nell'ambito del filone L'ABC del debito latinoamericano (gli articoli sull'Argentina e sul Brasile sono disponibili qui e qui) Durante il mio viaggio","breadcrumb":{"@id":"https:\/\/bondvigilantes.com\/italiano\/2015\/11\/colombia-a-rischio-di-un-declassamento-del-credito-a-bbb\/#breadcrumb"},"inLanguage":"it-IT","potentialAction":[{"@type":"ReadAction","target":["https:\/\/bondvigilantes.com\/italiano\/2015\/11\/colombia-a-rischio-di-un-declassamento-del-credito-a-bbb\/"]}]},{"@type":"ImageObject","inLanguage":"it-IT","@id":"https:\/\/bondvigilantes.com\/italiano\/2015\/11\/colombia-a-rischio-di-un-declassamento-del-credito-a-bbb\/#primaryimage","url":"https:\/\/bondvigilantes.com\/italiano\/wp-content\/uploads\/sites\/2\/2021\/12\/15.11.04-blog-CC_it1a.png","contentUrl":"https:\/\/bondvigilantes.com\/italiano\/wp-content\/uploads\/sites\/2\/2021\/12\/15.11.04-blog-CC_it1a.png","width":960,"height":720},{"@type":"BreadcrumbList","@id":"https:\/\/bondvigilantes.com\/italiano\/2015\/11\/colombia-a-rischio-di-un-declassamento-del-credito-a-bbb\/#breadcrumb","itemListElement":[{"@type":"ListItem","position":1,"name":"Home","item":"https:\/\/bondvigilantes.com\/italiano\/"},{"@type":"ListItem","position":2,"name":"Colombia &#8211; A rischio di un declassamento del credito a BBB-"}]},{"@type":"WebSite","@id":"https:\/\/bondvigilantes.com\/italiano\/#website","url":"https:\/\/bondvigilantes.com\/italiano\/","name":"Italian","description":"M&amp;G","potentialAction":[{"@type":"SearchAction","target":{"@type":"EntryPoint","urlTemplate":"https:\/\/bondvigilantes.com\/italiano\/?s={search_term_string}"},"query-input":{"@type":"PropertyValueSpecification","valueRequired":true,"valueName":"search_term_string"}}],"inLanguage":"it-IT"},{"@type":"Person","@id":"https:\/\/bondvigilantes.com\/italiano\/#\/schema\/person\/3a0912d22f4a2dc25a49a45bf4e42998","name":"Claudia Calich","image":{"@type":"ImageObject","inLanguage":"it-IT","@id":"https:\/\/secure.gravatar.com\/avatar\/ce94407cc4621826514ca38d4b6ecd24f285f7861f846be948814df28c5545e1?s=96&d=mm&r=g","url":"https:\/\/secure.gravatar.com\/avatar\/ce94407cc4621826514ca38d4b6ecd24f285f7861f846be948814df28c5545e1?s=96&d=mm&r=g","contentUrl":"https:\/\/secure.gravatar.com\/avatar\/ce94407cc4621826514ca38d4b6ecd24f285f7861f846be948814df28c5545e1?s=96&d=mm&r=g","caption":"Claudia Calich"},"url":"https:\/\/bondvigilantes.com\/italiano\/author\/claudiacalich\/"}]}},"_links":{"self":[{"href":"https:\/\/bondvigilantes.com\/italiano\/wp-json\/wp\/v2\/posts\/3124","targetHints":{"allow":["GET"]}}],"collection":[{"href":"https:\/\/bondvigilantes.com\/italiano\/wp-json\/wp\/v2\/posts"}],"about":[{"href":"https:\/\/bondvigilantes.com\/italiano\/wp-json\/wp\/v2\/types\/post"}],"author":[{"embeddable":true,"href":"https:\/\/bondvigilantes.com\/italiano\/wp-json\/wp\/v2\/users\/90"}],"replies":[{"embeddable":true,"href":"https:\/\/bondvigilantes.com\/italiano\/wp-json\/wp\/v2\/comments?post=3124"}],"version-history":[{"count":0,"href":"https:\/\/bondvigilantes.com\/italiano\/wp-json\/wp\/v2\/posts\/3124\/revisions"}],"wp:featuredmedia":[{"embeddable":true,"href":"https:\/\/bondvigilantes.com\/italiano\/wp-json\/wp\/v2\/media\/3142"}],"wp:attachment":[{"href":"https:\/\/bondvigilantes.com\/italiano\/wp-json\/wp\/v2\/media?parent=3124"}],"wp:term":[{"taxonomy":"category","embeddable":true,"href":"https:\/\/bondvigilantes.com\/italiano\/wp-json\/wp\/v2\/categories?post=3124"},{"taxonomy":"post_tag","embeddable":true,"href":"https:\/\/bondvigilantes.com\/italiano\/wp-json\/wp\/v2\/tags?post=3124"}],"curies":[{"name":"wp","href":"https:\/\/api.w.org\/{rel}","templated":true}]}}